{"id":29357,"date":"2019-02-21T22:55:36","date_gmt":"2019-02-22T04:55:36","guid":{"rendered":"http:\/\/www.grieta.org.mx\/?p=29357"},"modified":"2019-11-20T12:16:52","modified_gmt":"2019-11-20T18:16:52","slug":"lukas-avendano-en-el-museo-de-arte-contemporaneo-de-oaxaca","status":"publish","type":"post","link":"https:\/\/www.grieta.org.mx\/index.php\/2019\/02\/21\/lukas-avendano-en-el-museo-de-arte-contemporaneo-de-oaxaca\/","title":{"rendered":"Lukas Avenda\u00f1o en el Museo de Arte Contempor\u00e1neo de Oaxaca"},"content":{"rendered":"<p>P\u00e1gina 3.<\/p>\n<p>Comunicados,<\/p>\n<p>\u00bfD\u00f3nde est\u00e1 Bruno? Performance<\/p>\n<p><img loading=\"lazy\" decoding=\"async\" data-attachment-id=\"29358\" data-permalink=\"https:\/\/www.grieta.org.mx\/index.php\/2019\/02\/21\/lukas-avendano-en-el-museo-de-arte-contemporaneo-de-oaxaca\/lukas-avendan%cc%83o\/\" data-orig-file=\"https:\/\/www.grieta.org.mx\/wp-content\/uploads\/2019\/02\/Lukas-Avendan?o.png\" data-orig-size=\"\" data-comments-opened=\"0\" data-image-meta=\"[]\" data-image-title=\"Lukas-Avendan?o\" data-image-description=\"\" data-image-caption=\"\" data-medium-file=\"https:\/\/www.grieta.org.mx\/wp-content\/uploads\/2019\/02\/Lukas-Avendan?o.png\" data-large-file=\"https:\/\/www.grieta.org.mx\/wp-content\/uploads\/2019\/02\/Lukas-Avendan?o.png\" src=\"http:\/\/www.grieta.org.mx\/wp-content\/uploads\/2019\/02\/Lukas-Avendan?o-300x199.png\" alt=\"\" width=\"300\" height=\"199\" class=\"aligncenter size-medium wp-image-29358\" \/><\/p>\n<p>La desaparici\u00f3n forzada que amenaza la vida en M\u00e9xico ha arrancado a m\u00e1s de 40 mil 180 personas desaparecidas y otras 36 mil 708 fallecidas sin identificar en el pa\u00eds, seg\u00fan la Secretaria de Gobernaci\u00f3n en los \u00faltimos 10 a\u00f1os. No est\u00e1n en sus hogares, en sus lugares de estudio o trabajo, en sus c\u00edrculos de afectos y amigos. \u00bfD\u00f3nde est\u00e1n? \u00bfSer\u00e1n las pr\u00e1cticas art\u00edsticas un espacio desde el cual conjurar la ausencia, poner el cuerpo y sostener el derecho a la vida?<\/p>\n<p>Bruno Alonso Avenda\u00f1o Mart\u00ednez fue desaparecido el 10 de mayo de 2018, en la localidad de Santo Domingo Tehuantepec, Oaxaca, M\u00e9xico. Lukas Avenda\u00f1o ha creado esta acci\u00f3n performativa para buscar a su hermano Bruno.<\/p>\n<p>\u201cSe aborda las posibilidades de \u201caparici\u00f3n\u201d que la pr\u00e1ctica art\u00edstica ofrece en el desolador panorama pol\u00edtico y social que vivimos. La pieza Buscando a Bruno, trata de responder \u2014o al menos enunciar\u2014 algunas preguntas fundamentales en relaci\u00f3n a la vinculaci\u00f3n entre pr\u00e1cticas art\u00edsticas y estrategias pol\u00edticas de denuncia y visibilizaci\u00f3n: \u00bfc\u00f3mo presentar los cuerpos desaparecidos?, \u00bfc\u00f3mo hacer presente, aparecer, la desaparici\u00f3n forzada?, \u00bfc\u00f3mo representar a los invisibles? Buscando a Bruno, es una pieza en dos tiempos, producida dentro y fuera del espacio tanto publico como privado.\u201d Riansares Lozano de la Pola en \u00bfWHERE IS BRUNO AVENDA\u00d1O? the artistic practice as an space of appearance, https:\/\/ornitorrincotachado.uaemex.mx\/article\/view\/11050<\/p>\n<p><a href=\"https:\/\/pagina3.mx\/2019\/02\/lukas-avendano-en-el-museo-de-arte-contemporaneo-de-oaxaca-maco\/\" rel=\"noopener noreferrer\" target=\"_blank\">https:\/\/pagina3.mx\/2019\/02\/lukas-avendano-en-el-museo-de-arte-contemporaneo-de-oaxaca-maco\/<\/a><\/p>\n","protected":false},"excerpt":{"rendered":"<p>P\u00e1gina 3. Comunicados, \u00bfD\u00f3nde est\u00e1 Bruno? Performance La desaparici\u00f3n forzada que amenaza la vida en M\u00e9xico ha arrancado a m\u00e1s de 40 mil 180 personas desaparecidas y otras 36 mil &hellip; <a href=\"https:\/\/www.grieta.org.mx\/index.php\/2019\/02\/21\/lukas-avendano-en-el-museo-de-arte-contemporaneo-de-oaxaca\/\" class=\"more-link\">Leer m\u00e1s<\/a><\/p>\n","protected":false},"author":2,"featured_media":29358,"comment_status":"closed","ping_status":"closed","sticky":false,"template":"","format":"standard","meta":{"ngg_post_thumbnail":0,"_jetpack_newsletter_access":"","_jetpack_dont_email_post_to_subs":false,"_jetpack_newsletter_tier_id":0,"_jetpack_memberships_contains_paywalled_content":false,"_jetpack_memberships_contains_paid_content":false,"footnotes":""},"categories":[80,2832,2,25,1496],"tags":[],"class_list":["post-29357","post","type-post","status-publish","format-standard","has-post-thumbnail","hentry","category-cintillo","category-desaparecidos-en-oaxaca","category-noticias-nacionales","category-oaxaca","category-represion-en-oaxaca","entry"],"jetpack_featured_media_url":"https:\/\/www.grieta.org.mx\/wp-content\/uploads\/2019\/02\/Lukas-Avendan?o.png","jetpack_sharing_enabled":true,"jetpack_shortlink":"https:\/\/wp.me\/p7ZJR4-7Dv","jetpack_likes_enabled":false,"jetpack-related-posts":[{"id":25482,"url":"https:\/\/www.grieta.org.mx\/index.php\/2018\/05\/18\/mexico-continua-busqueda-del-hermano-desaparecido-del-artista-oaxaqueno-lukas-avendano\/","url_meta":{"origin":29357,"position":0},"title":"M\u00e9xico: Contin\u00faa b\u00fasqueda del hermano desaparecido del artista oaxaque\u00f1o Lukas Avenda\u00f1o","author":"grieta","date":"18 mayo, 2018","format":false,"excerpt":"Avispa Midia. Lukas Avenda\u00f1o (1977) es del sur de Oaxaca, es perfomancero y antrop\u00f3logo. Quiz\u00e1 el m\u00e1s importante de la comunidad muxe oaxaque\u00f1a. Ha llevado su performance por M\u00e9xico, Canad\u00e1, Dinamarca, Estados Unidos, Polonia, Rep\u00fablica Checa, Colombia, Per\u00fa y Argentina. El 10 de mayo fue desaparecido su hermano Bruno Avenda\u00f1o\u2026","rel":"","context":"En &quot;CINTILLO&quot;","block_context":{"text":"CINTILLO","link":"https:\/\/www.grieta.org.mx\/index.php\/category\/cintillo\/"},"img":{"alt_text":"","src":"https:\/\/i0.wp.com\/www.grieta.org.mx\/wp-content\/uploads\/2018\/08\/c.jpg?resize=350%2C200&ssl=1","width":350,"height":200},"classes":[]},{"id":33380,"url":"https:\/\/www.grieta.org.mx\/index.php\/2019\/05\/11\/exigen-investigacion-por-bruno-avendano-oaxaca\/","url_meta":{"origin":29357,"position":1},"title":"Exigen investigaci\u00f3n por Bruno Avenda\u00f1o (Oaxaca)","author":"grieta","date":"11 mayo, 2019","format":false,"excerpt":"Noticias. Por Agencia Reforma, Un grupo de manifestantes exigen a las autoridades investigaci\u00f3n de Bruno Avenda\u00f1o. CIUDAD DE M\u00c9XICO.- Familiares y amigos del marino Bruno Avenda\u00f1o Mart\u00ednez realizaron una protesta frente a la sede de la Fiscal\u00eda General de la Rep\u00fablica (FGR) para exigir una investigaci\u00f3n que permita der con\u2026","rel":"","context":"En &quot;CINTILLO&quot;","block_context":{"text":"CINTILLO","link":"https:\/\/www.grieta.org.mx\/index.php\/category\/cintillo\/"},"img":{"alt_text":"","src":"https:\/\/i0.wp.com\/www.grieta.org.mx\/wp-content\/uploads\/2019\/05\/image_7.jpg?resize=350%2C200&ssl=1","width":350,"height":200,"srcset":"https:\/\/i0.wp.com\/www.grieta.org.mx\/wp-content\/uploads\/2019\/05\/image_7.jpg?resize=350%2C200&ssl=1 1x, https:\/\/i0.wp.com\/www.grieta.org.mx\/wp-content\/uploads\/2019\/05\/image_7.jpg?resize=525%2C300&ssl=1 1.5x, https:\/\/i0.wp.com\/www.grieta.org.mx\/wp-content\/uploads\/2019\/05\/image_7.jpg?resize=700%2C400&ssl=1 2x, https:\/\/i0.wp.com\/www.grieta.org.mx\/wp-content\/uploads\/2019\/05\/image_7.jpg?resize=1050%2C600&ssl=1 3x"},"classes":[]},{"id":55668,"url":"https:\/\/www.grieta.org.mx\/index.php\/2020\/12\/04\/despues-de-30-meses-encuentran-sin-vida-al-hermano-del-artista-oaxaqueno-lukas-avendano\/","url_meta":{"origin":29357,"position":2},"title":"Despu\u00e9s de 30 meses encuentran sin vida al hermano del artista oaxaque\u00f1o Lukas Avenda\u00f1o","author":"grieta","date":"4 diciembre, 2020","format":false,"excerpt":"Avispa Midia \/ Sare Frabes. Este jueves 3 de diciembre el artista oaxaque\u00f1o Lukas Avenda\u00f1o inform\u00f3 en sus redes sociales que su hermano Bruno Avenda\u00f1o, miembro activo de la marina de M\u00e9xico, desaparecido en el Istmo de Tehuantepec, Oaxaca, hab\u00eda sido localizado en una fosa clandestina desde el pasado 12\u2026","rel":"","context":"En &quot;CINTILLO&quot;","block_context":{"text":"CINTILLO","link":"https:\/\/www.grieta.org.mx\/index.php\/category\/cintillo\/"},"img":{"alt_text":"","src":"https:\/\/i0.wp.com\/www.grieta.org.mx\/wp-content\/uploads\/2020\/12\/Bruno-Avendano.jpg?resize=350%2C200&ssl=1","width":350,"height":200,"srcset":"https:\/\/i0.wp.com\/www.grieta.org.mx\/wp-content\/uploads\/2020\/12\/Bruno-Avendano.jpg?resize=350%2C200&ssl=1 1x, https:\/\/i0.wp.com\/www.grieta.org.mx\/wp-content\/uploads\/2020\/12\/Bruno-Avendano.jpg?resize=525%2C300&ssl=1 1.5x, https:\/\/i0.wp.com\/www.grieta.org.mx\/wp-content\/uploads\/2020\/12\/Bruno-Avendano.jpg?resize=700%2C400&ssl=1 2x"},"classes":[]},{"id":33940,"url":"https:\/\/www.grieta.org.mx\/index.php\/2019\/05\/26\/performance-denuncia-pasividad-del-gobierno-de-mexico-ante-desapariciones-de-personas-oaxaca\/","url_meta":{"origin":29357,"position":3},"title":"Performance denuncia pasividad del gobierno de M\u00e9xico ante desapariciones de personas (Oaxaca)","author":"grieta","date":"26 mayo, 2019","format":false,"excerpt":"*Lukas Avenda\u00f1o relata el caso de su hermano Bruno, desaparecido el 10 de mayo de 2018, una situaci\u00f3n que afecta a m\u00e1s de 40.000 personas en M\u00e9xico. | *\u201cQueremos encontrarlo. Vivir con esa incertidumbre ha trastocado toda nuestra vida\u201d, comparte. Performance Buscando a Bruno, performance por las desapariciones de personas.\u2026","rel":"","context":"En &quot;CINTILLO&quot;","block_context":{"text":"CINTILLO","link":"https:\/\/www.grieta.org.mx\/index.php\/category\/cintillo\/"},"img":{"alt_text":"","src":"https:\/\/i0.wp.com\/www.grieta.org.mx\/wp-content\/uploads\/2019\/05\/buscando-a-bruno.jpg?resize=350%2C200&ssl=1","width":350,"height":200,"srcset":"https:\/\/i0.wp.com\/www.grieta.org.mx\/wp-content\/uploads\/2019\/05\/buscando-a-bruno.jpg?resize=350%2C200&ssl=1 1x, https:\/\/i0.wp.com\/www.grieta.org.mx\/wp-content\/uploads\/2019\/05\/buscando-a-bruno.jpg?resize=525%2C300&ssl=1 1.5x, https:\/\/i0.wp.com\/www.grieta.org.mx\/wp-content\/uploads\/2019\/05\/buscando-a-bruno.jpg?resize=700%2C400&ssl=1 2x"},"classes":[]},{"id":55609,"url":"https:\/\/www.grieta.org.mx\/index.php\/2020\/12\/03\/encuentran-sin-vida-a-bruno-avendano-marino-desaparecido-en-tehuantepec-oaxaca\/","url_meta":{"origin":29357,"position":4},"title":"Encuentran sin vida a Bruno Avenda\u00f1o, marino desaparecido en Tehuantepec (Oaxaca)","author":"grieta","date":"3 diciembre, 2020","format":false,"excerpt":"P\u00e1gina 3 \/ Diana Manzo. Familiares y amigos le dan el \u00faltimo adi\u00f3s con una eucarist\u00eda religiosa. Tehuantepec,Oax.- Bruno Alonso Avenda\u00f1o Mart\u00ednez, marino activo originario de Tehuantepec Oaxaca, volvi\u00f3 a su casa despu\u00e9s de 30 meses desaparecido, solo para despedirse de sus familiares que viven en la finca Santa Teresa.\u2026","rel":"","context":"En &quot;CINTILLO&quot;","block_context":{"text":"CINTILLO","link":"https:\/\/www.grieta.org.mx\/index.php\/category\/cintillo\/"},"img":{"alt_text":"","src":"https:\/\/i0.wp.com\/www.grieta.org.mx\/wp-content\/uploads\/2020\/12\/1.png?resize=350%2C200&ssl=1","width":350,"height":200,"srcset":"https:\/\/i0.wp.com\/www.grieta.org.mx\/wp-content\/uploads\/2020\/12\/1.png?resize=350%2C200&ssl=1 1x, https:\/\/i0.wp.com\/www.grieta.org.mx\/wp-content\/uploads\/2020\/12\/1.png?resize=525%2C300&ssl=1 1.5x, https:\/\/i0.wp.com\/www.grieta.org.mx\/wp-content\/uploads\/2020\/12\/1.png?resize=700%2C400&ssl=1 2x"},"classes":[]},{"id":25480,"url":"https:\/\/www.grieta.org.mx\/index.php\/2018\/08\/10\/oaxaca-la-busqueda-terminara-cuando-encontremos-al-ultimo-desaparecido-lukas-avendano\/","url_meta":{"origin":29357,"position":5},"title":"Oaxaca: \u201cLa b\u00fasqueda terminar\u00e1 cuando encontremos al \u00faltimo desaparecido\u201d, Lukas Avenda\u00f1o","author":"grieta","date":"10 agosto, 2018","format":false,"excerpt":"Avispa Midia. Por Jorge Gonz\u00e1lez Hay fuerza, en el cansancio de Lukas se puede percibir fortaleza. En sus ojos hay destellos de esperanza y melancol\u00eda, esa emoci\u00f3n tan humana que al paso del tiempo oxida. Pero en su mirada hay m\u00e1s que eso, una aproximaci\u00f3n, quiz\u00e1, a esa humanidad perdida\u2026","rel":"","context":"En &quot;CINTILLO&quot;","block_context":{"text":"CINTILLO","link":"https:\/\/www.grieta.org.mx\/index.php\/category\/cintillo\/"},"img":{"alt_text":"","src":"https:\/\/i0.wp.com\/www.grieta.org.mx\/wp-content\/uploads\/2018\/03\/14524434_1106112876131411_958039263622046936_o.jpg?resize=350%2C200&ssl=1","width":350,"height":200,"srcset":"https:\/\/i0.wp.com\/www.grieta.org.mx\/wp-content\/uploads\/2018\/03\/14524434_1106112876131411_958039263622046936_o.jpg?resize=350%2C200&ssl=1 1x, https:\/\/i0.wp.com\/www.grieta.org.mx\/wp-content\/uploads\/2018\/03\/14524434_1106112876131411_958039263622046936_o.jpg?resize=525%2C300&ssl=1 1.5x, https:\/\/i0.wp.com\/www.grieta.org.mx\/wp-content\/uploads\/2018\/03\/14524434_1106112876131411_958039263622046936_o.jpg?resize=700%2C400&ssl=1 2x"},"classes":[]}],"_links":{"self":[{"href":"https:\/\/www.grieta.org.mx\/index.php\/wp-json\/wp\/v2\/posts\/29357","targetHints":{"allow":["GET"]}}],"collection":[{"href":"https:\/\/www.grieta.org.mx\/index.php\/wp-json\/wp\/v2\/posts"}],"about":[{"href":"https:\/\/www.grieta.org.mx\/index.php\/wp-json\/wp\/v2\/types\/post"}],"author":[{"embeddable":true,"href":"https:\/\/www.grieta.org.mx\/index.php\/wp-json\/wp\/v2\/users\/2"}],"replies":[{"embeddable":true,"href":"https:\/\/www.grieta.org.mx\/index.php\/wp-json\/wp\/v2\/comments?post=29357"}],"version-history":[{"count":1,"href":"https:\/\/www.grieta.org.mx\/index.php\/wp-json\/wp\/v2\/posts\/29357\/revisions"}],"predecessor-version":[{"id":41306,"href":"https:\/\/www.grieta.org.mx\/index.php\/wp-json\/wp\/v2\/posts\/29357\/revisions\/41306"}],"wp:featuredmedia":[{"embeddable":true,"href":"https:\/\/www.grieta.org.mx\/index.php\/wp-json\/wp\/v2\/media\/29358"}],"wp:attachment":[{"href":"https:\/\/www.grieta.org.mx\/index.php\/wp-json\/wp\/v2\/media?parent=29357"}],"wp:term":[{"taxonomy":"category","embeddable":true,"href":"https:\/\/www.grieta.org.mx\/index.php\/wp-json\/wp\/v2\/categories?post=29357"},{"taxonomy":"post_tag","embeddable":true,"href":"https:\/\/www.grieta.org.mx\/index.php\/wp-json\/wp\/v2\/tags?post=29357"}],"curies":[{"name":"wp","href":"https:\/\/api.w.org\/{rel}","templated":true}]}}