{"id":29307,"date":"2019-02-20T22:17:43","date_gmt":"2019-02-21T04:17:43","guid":{"rendered":"http:\/\/www.grieta.org.mx\/?p=29307"},"modified":"2019-02-20T22:32:28","modified_gmt":"2019-02-21T04:32:28","slug":"la-cndh-emite-medidas-cautelares-a-favor-de-pueblos-originarios-en-huexca","status":"publish","type":"post","link":"https:\/\/www.grieta.org.mx\/index.php\/2019\/02\/20\/la-cndh-emite-medidas-cautelares-a-favor-de-pueblos-originarios-en-huexca\/","title":{"rendered":"La CNDH emite medidas cautelares a favor de pueblos originarios en Huexca"},"content":{"rendered":"<p>Gloria Leticia D\u00edaz \/ Proceso<\/p>\n<figure id=\"attachment_29309\" aria-describedby=\"caption-attachment-29309\" style=\"width: 819px\" class=\"wp-caption aligncenter\"><img loading=\"lazy\" decoding=\"async\" data-attachment-id=\"29309\" data-permalink=\"https:\/\/www.grieta.org.mx\/index.php\/2019\/02\/20\/la-cndh-emite-medidas-cautelares-a-favor-de-pueblos-originarios-en-huexca\/26db30be3ea9452ed3-morelos5-mp-1-1078x748\/\" data-orig-file=\"https:\/\/www.grieta.org.mx\/wp-content\/uploads\/2019\/02\/26db30be3ea9452ed3-morelos5-mp-1-1078x748.jpg\" data-orig-size=\"1078,748\" data-comments-opened=\"0\" data-image-meta=\"{&quot;aperture&quot;:&quot;0&quot;,&quot;credit&quot;:&quot;&quot;,&quot;camera&quot;:&quot;&quot;,&quot;caption&quot;:&quot;&quot;,&quot;created_timestamp&quot;:&quot;0&quot;,&quot;copyright&quot;:&quot;&quot;,&quot;focal_length&quot;:&quot;0&quot;,&quot;iso&quot;:&quot;0&quot;,&quot;shutter_speed&quot;:&quot;0&quot;,&quot;title&quot;:&quot;&quot;,&quot;orientation&quot;:&quot;0&quot;}\" data-image-title=\"26db30be3ea9452ed3-morelos5-mp-1-1078&amp;#215;748\" data-image-description=\"\" data-image-caption=\"\" data-medium-file=\"https:\/\/www.grieta.org.mx\/wp-content\/uploads\/2019\/02\/26db30be3ea9452ed3-morelos5-mp-1-1078x748-300x208.jpg\" data-large-file=\"https:\/\/www.grieta.org.mx\/wp-content\/uploads\/2019\/02\/26db30be3ea9452ed3-morelos5-mp-1-1078x748-1024x711.jpg\" src=\"http:\/\/www.grieta.org.mx\/wp-content\/uploads\/2019\/02\/26db30be3ea9452ed3-morelos5-mp-1-1078x748-1024x711.jpg\" alt=\"\" width=\"819\" height=\"568\" class=\"size-large wp-image-29309\" srcset=\"https:\/\/www.grieta.org.mx\/wp-content\/uploads\/2019\/02\/26db30be3ea9452ed3-morelos5-mp-1-1078x748-1024x711.jpg 1024w, https:\/\/www.grieta.org.mx\/wp-content\/uploads\/2019\/02\/26db30be3ea9452ed3-morelos5-mp-1-1078x748-300x208.jpg 300w, https:\/\/www.grieta.org.mx\/wp-content\/uploads\/2019\/02\/26db30be3ea9452ed3-morelos5-mp-1-1078x748-768x533.jpg 768w, https:\/\/www.grieta.org.mx\/wp-content\/uploads\/2019\/02\/26db30be3ea9452ed3-morelos5-mp-1-1078x748-721x500.jpg 721w, https:\/\/www.grieta.org.mx\/wp-content\/uploads\/2019\/02\/26db30be3ea9452ed3-morelos5-mp-1-1078x748.jpg 1078w\" sizes=\"auto, (max-width: 819px) 100vw, 819px\" \/><figcaption id=\"caption-attachment-29309\" class=\"wp-caption-text\">Central Termoel\u00e9ctrica de Ciclo Combinado de la Comisi\u00f3n Federal de Electricidad en Huexca, Yecapixtla. Foto: Margarito P\u00e9rez<\/figcaption><\/figure>\n<blockquote><p>CIUDAD DE M\u00c9XICO (apro).- La Comisi\u00f3n Nacional de los Derechos Humanos (CNDH) emiti\u00f3 medidas cautelares a favor de los pueblos originarios de la zona que resultar\u00eda afectada por la termoel\u00e9ctrica de Huexca, para que el gobierno de Andr\u00e9s Manuel L\u00f3pez Obrador reconsidere la realizaci\u00f3n de una consulta sobre la operaci\u00f3n del Proyecto Integral Morelos (PIM).<\/p><\/blockquote>\n<p>Y, luego de condenar el asesinato del opositor a la termoel\u00e9ctrica, Samir Flores Soberanes, la madrugada de este mi\u00e9rcoles, exigi\u00f3 que se brinde protecci\u00f3n a los compa\u00f1eros del activista.<\/p>\n<p>El presidente de la CNDH, Luis Ra\u00fal Gonz\u00e1lez P\u00e9rez, explic\u00f3 que tras el homicidio de Flores Soberanes llam\u00f3 a las autoridades federales y del estado de Morelos para que realicen \u201cuna investigaci\u00f3n profunda, exhaustiva, profesional, t\u00e9cnica y cient\u00edfica\u201d, sin adelantar conclusiones sobre el m\u00f3vil del crimen.<\/p>\n<p>Entrevistado al concluir su participaci\u00f3n en el Seminario \u201cMigraci\u00f3n, Retorno y Derechos Sociales\u201d, el ombudsman nacional puntualiz\u00f3 que la intervenci\u00f3n del organismo a favor de los inconformes no pretende \u201centorpecer proyectos de desarrollo\u201d, sino que las medidas cautelares van en el sentido de hacer el llamado al gobierno federal para que \u201cse pondere, se reflexione si hay condiciones de tranquilidad y paz\u201d para llevar a cabo la consulta este fin de semana.<\/p>\n<p>Las medidas cautelares \u2013a\u00f1adi\u00f3\u2013 buscan que la consulta se realice con base en los par\u00e1metros nacionales e internacionales de derechos humanos, adem\u00e1s de que lo ideal ser\u00eda \u201cque se construyera el di\u00e1logo adecuado para la construcci\u00f3n de esa consulta que permitiera a todos expresar su punto de vista sobre uno de los proyectos que incide directamente en las poblaciones\u201d.<\/p>\n<p>Por otra parte, en dos comunicados el organismo dio a conocer que solicit\u00f3 medidas cautelares a los gobiernos federal y de Morelos a favor de familiares y compa\u00f1eros de Flores Soberanes, \u201cpara salvaguardar sus vidas e integridad personal, as\u00ed como para evitar hechos de similar naturaleza, y que este caso no quede en la impunidad\u201d.<\/p>\n<p>M\u00e1s tarde la CNDH dio a conocer que, como resultado de la reuni\u00f3n que sostuvieron representantes de pueblos originarios de los estados de Tlaxcala, Morelos y Puebla, el martes 19, se determin\u00f3 solicitar medidas cautelares a las secretar\u00edas de Energ\u00eda (Sener) y de Seguridad y Protecci\u00f3n Ciudadana (SSPC), as\u00ed como a la Subsecretar\u00eda de Derechos Humanos, la Comisi\u00f3n Federal de Electricidad (CFE), el Instituto Nacional de Pueblos Ind\u00edgenas (INPI) y el gobierno de Morelos, como convocantes de una consulta sobre la operaci\u00f3n de la termoel\u00e9ctrica \u201cProyecto Integral Morelos\u201d, anunciada para los d\u00edas 23 y 24 de febrero.<\/p>\n<p>Agreg\u00f3 que seg\u00fan el testimonio de los pobladores de la zona que ser\u00eda impactada por la termoel\u00e9ctrica, hasta el momento no se ha proporcionado a todas las comunidades \u201cinformaci\u00f3n suficiente y oportuna sobre el impacto que ese proyecto pudiera representar para la salud, el medio ambiente y las condiciones de vida de esas comunidades\u201d.<\/p>\n<p>La CNDH pidi\u00f3 a las dependencias federales y locales que \u201cestablezcan mesas de di\u00e1logo y negociaci\u00f3n donde se pondere y reflexione sobre las condiciones para la realizaci\u00f3n de la consulta a los integrantes de los pueblos originarios y comunidades ind\u00edgenas que residen en los municipios en que podr\u00eda operar la planta termoel\u00e9ctrica\u201d, as\u00ed como para que se \u201crealicen los procedimientos para que la consulta sea previa, libre, informada, culturalmente adecuada y de buena fe, y cuente con los est\u00e1ndares nacionales e internacionales en la materia\u201d.<\/p>\n<p>De igual manera, destac\u00f3 que en la reuni\u00f3n de ayer los pobladores denunciaron que \u201cante la falta de informaci\u00f3n integral sobre la operatividad y viabilidad del proyecto, se ha configurado un clima de hostilidad en las comunidades por la existencia de grupos antag\u00f3nicos o provocadores y, sobre todo, ante los riesgos inminentes que dicha consulta traer\u00eda, y que se pretende avalar la implementaci\u00f3n del proyecto sobre un \u00e1rea de origen volc\u00e1nico y de alta sismicidad\u201d.<\/p>\n<p>Tras se\u00f1alar que los solicitantes de las medidas cautelares insistieron en que no se ha dado suficiente informaci\u00f3n sobre los \u201criesgos a su integridad, salud, medio ambiente y condiciones de vida\u201d, la CNDH consider\u00f3 que en la zona donde se pretende operar la planta termoel\u00e9ctrica \u201cexisten elementos suficientes de gravedad, urgencia y da\u00f1o irreparable, por lo que se deber\u00e1 salvaguardar la protecci\u00f3n de los derechos a la vida, seguridad e integridad personal, mediante la implementaci\u00f3n de medidas cautelares en favor de los miembros de las comunidades ind\u00edgenas y pueblos originarios donde impactar\u00e1 la construcci\u00f3n de dicha termoel\u00e9ctrica\u201d.<\/p>\n<p>Finalmente, el organismo puntualiz\u00f3 que la solicitud de las medidas cautelares \u201ctiene como finalidad coadyuvar de manera preventiva con las autoridades en la soluci\u00f3n de una situaci\u00f3n de conflicto\u201d, lo que no significa \u201cprejuzgamiento alguno sobre los hechos, sino la posibilidad de brindar elementos que generen acciones que impidan la vulneraci\u00f3n de la integridad de las personas, as\u00ed como de sus derechos colectivos\u201d.<\/p>\n<p><a href=\"https:\/\/www.proceso.com.mx\/572544\/la-cndh-emite-medidas-cautelares-a-favor-de-pueblos-originarios-en-huexca\">https:\/\/www.proceso.com.mx\/572544\/la-cndh-emite-medidas-cautelares-a-favor-de-pueblos-originarios-en-huexca<\/a><\/p>\n","protected":false},"excerpt":{"rendered":"<p>Gloria Leticia D\u00edaz \/ Proceso CIUDAD DE M\u00c9XICO (apro).- La Comisi\u00f3n Nacional de los Derechos Humanos (CNDH) emiti\u00f3 medidas cautelares a favor de los pueblos originarios de la zona que &hellip; <a href=\"https:\/\/www.grieta.org.mx\/index.php\/2019\/02\/20\/la-cndh-emite-medidas-cautelares-a-favor-de-pueblos-originarios-en-huexca\/\" class=\"more-link\">Leer m\u00e1s<\/a><\/p>\n","protected":false},"author":2,"featured_media":29309,"comment_status":"closed","ping_status":"closed","sticky":false,"template":"","format":"standard","meta":{"ngg_post_thumbnail":0,"_jetpack_newsletter_access":"","_jetpack_dont_email_post_to_subs":false,"_jetpack_newsletter_tier_id":0,"_jetpack_memberships_contains_paywalled_content":false,"_jetpack_memberships_contains_paid_content":false,"footnotes":""},"categories":[54,55,80,970,1,954,3,922,22,938,942,2027,2,44,1171],"tags":[174,2139,510,2086],"class_list":["post-29307","post","type-post","status-publish","format-standard","has-post-thumbnail","hentry","category-10-huexca","category-11-amilcingo","category-cintillo","category-esp-morelos","category-espejos-de-la-resistencia","category-espejos-estados","category-megaproyectos","category-megaproyectos-estados","category-morelos","category-mp-morelos","category-mp-puebla","category-mp-tlaxcala","category-noticias-nacionales","category-proyecto-integral-morelos","category-rechazo-al-proyecto-integral-morelos-pim-en-morelos","tag-derechos-humanos","tag-medidas-cautelares","tag-proyecto-integral-morelos","tag-rechazo-al-proyecto-integral-morelos","entry"],"jetpack_featured_media_url":"https:\/\/www.grieta.org.mx\/wp-content\/uploads\/2019\/02\/26db30be3ea9452ed3-morelos5-mp-1-1078x748.jpg","jetpack_sharing_enabled":true,"jetpack_shortlink":"https:\/\/wp.me\/p7ZJR4-7CH","jetpack_likes_enabled":false,"jetpack-related-posts":[{"id":55442,"url":"https:\/\/www.grieta.org.mx\/index.php\/2020\/11\/25\/pueblos-planean-tomar-carreteras-para-frenar-termoelectrica-de-huexca-morelos-puebla-tlaxcala\/","url_meta":{"origin":29307,"position":0},"title":"Pueblos planean tomar carreteras para frenar termoel\u00e9ctrica de Huexca (Morelos, Puebla, Tlaxcala)","author":"Admin","date":"25 noviembre, 2020","format":false,"excerpt":"Texto y Fotos: Estrella Pedroza \/ La Silla Rota CIUDAD AYALA.- Desde la cuna del agrarismo, los pueblos de Morelos emprendieron acciones de protesta por la irrupci\u00f3n de la Guardia Nacional al plant\u00f3n San Pedro Apatlaco, situado a las orillas del R\u00edo Cuautla en Ciudad Ayala, que se instal\u00f3 desde\u2026","rel":"","context":"En &quot;10. Huexca&quot;","block_context":{"text":"10. Huexca","link":"https:\/\/www.grieta.org.mx\/index.php\/category\/espejos-de-la-resistencia\/10-huexca\/"},"img":{"alt_text":"","src":"https:\/\/i0.wp.com\/www.grieta.org.mx\/wp-content\/uploads\/2020\/11\/Captura-de-Pantalla-2020-11-25-a-las-14.17.48.png?resize=350%2C200&ssl=1","width":350,"height":200,"srcset":"https:\/\/i0.wp.com\/www.grieta.org.mx\/wp-content\/uploads\/2020\/11\/Captura-de-Pantalla-2020-11-25-a-las-14.17.48.png?resize=350%2C200&ssl=1 1x, https:\/\/i0.wp.com\/www.grieta.org.mx\/wp-content\/uploads\/2020\/11\/Captura-de-Pantalla-2020-11-25-a-las-14.17.48.png?resize=525%2C300&ssl=1 1.5x, https:\/\/i0.wp.com\/www.grieta.org.mx\/wp-content\/uploads\/2020\/11\/Captura-de-Pantalla-2020-11-25-a-las-14.17.48.png?resize=700%2C400&ssl=1 2x, https:\/\/i0.wp.com\/www.grieta.org.mx\/wp-content\/uploads\/2020\/11\/Captura-de-Pantalla-2020-11-25-a-las-14.17.48.png?resize=1050%2C600&ssl=1 3x, https:\/\/i0.wp.com\/www.grieta.org.mx\/wp-content\/uploads\/2020\/11\/Captura-de-Pantalla-2020-11-25-a-las-14.17.48.png?resize=1400%2C800&ssl=1 4x"},"classes":[]},{"id":40938,"url":"https:\/\/www.grieta.org.mx\/index.php\/2019\/11\/04\/ataques-a-comunidades-por-termoelectrica-de-huexca-llegan-a-la-ue-morelos\/","url_meta":{"origin":29307,"position":1},"title":"Ataques a comunidades por Termoel\u00e9ctrica de Huexca llegan a la UE (Morelos)","author":"grieta","date":"4 noviembre, 2019","format":false,"excerpt":"H\u00e9ctor Ra\u00fal Gonz\u00e1lez \/ Bajo Palabra El eurodiputado, Miguel Urban Crespo, dice en video tener conocimiento del caso y declara sus intenciones de llevarlo al Parlamento Europeo. Cuernavaca, Morelos.- Las violaciones a los Derechos Humanos cometidos por la imposici\u00f3n del Proyecto Integral Morelos (PIM), del cual forma parte la Central\u2026","rel":"","context":"En &quot;10. Huexca&quot;","block_context":{"text":"10. Huexca","link":"https:\/\/www.grieta.org.mx\/index.php\/category\/espejos-de-la-resistencia\/10-huexca\/"},"img":{"alt_text":"","src":"https:\/\/i0.wp.com\/www.grieta.org.mx\/wp-content\/uploads\/2019\/11\/Screenshot_2019-11-05-Ataques-a-comunidades-por-Termoel%C3%A9ctrica-de-Huexca-llegan-a-la-UE.png?resize=350%2C200&ssl=1","width":350,"height":200,"srcset":"https:\/\/i0.wp.com\/www.grieta.org.mx\/wp-content\/uploads\/2019\/11\/Screenshot_2019-11-05-Ataques-a-comunidades-por-Termoel%C3%A9ctrica-de-Huexca-llegan-a-la-UE.png?resize=350%2C200&ssl=1 1x, https:\/\/i0.wp.com\/www.grieta.org.mx\/wp-content\/uploads\/2019\/11\/Screenshot_2019-11-05-Ataques-a-comunidades-por-Termoel%C3%A9ctrica-de-Huexca-llegan-a-la-UE.png?resize=525%2C300&ssl=1 1.5x, https:\/\/i0.wp.com\/www.grieta.org.mx\/wp-content\/uploads\/2019\/11\/Screenshot_2019-11-05-Ataques-a-comunidades-por-Termoel%C3%A9ctrica-de-Huexca-llegan-a-la-UE.png?resize=700%2C400&ssl=1 2x, https:\/\/i0.wp.com\/www.grieta.org.mx\/wp-content\/uploads\/2019\/11\/Screenshot_2019-11-05-Ataques-a-comunidades-por-Termoel%C3%A9ctrica-de-Huexca-llegan-a-la-UE.png?resize=1050%2C600&ssl=1 3x"},"classes":[]},{"id":29268,"url":"https:\/\/www.grieta.org.mx\/index.php\/2019\/02\/20\/asesinan-a-lider-de-opositores-a-la-termoelectrica-en-morelos\/","url_meta":{"origin":29307,"position":2},"title":"Asesinan a l\u00edder de opositores a la termoel\u00e9ctrica en Morelos","author":"grieta","date":"20 febrero, 2019","format":false,"excerpt":"Redacci\u00f3n \/ Quadratin Morelos TEMOAC, Mor., 20 de Febrero del 2019.- Fue confirmada la muerte de Samir Flores Soberanes tras un ataque armado la madrugada de este mi\u00e9rcoles en su domicilio en Amilcingo por un comando armado, seg\u00fan los primeros reportes. Se trata de qui\u00e9n encabez\u00f3 desde el inicio de\u2026","rel":"","context":"En &quot;10. Huexca&quot;","block_context":{"text":"10. Huexca","link":"https:\/\/www.grieta.org.mx\/index.php\/category\/espejos-de-la-resistencia\/10-huexca\/"},"img":{"alt_text":"","src":"https:\/\/i0.wp.com\/www.grieta.org.mx\/wp-content\/uploads\/2019\/02\/IMG_20190220_075909-1160x700.jpg?resize=350%2C200&ssl=1","width":350,"height":200,"srcset":"https:\/\/i0.wp.com\/www.grieta.org.mx\/wp-content\/uploads\/2019\/02\/IMG_20190220_075909-1160x700.jpg?resize=350%2C200&ssl=1 1x, https:\/\/i0.wp.com\/www.grieta.org.mx\/wp-content\/uploads\/2019\/02\/IMG_20190220_075909-1160x700.jpg?resize=525%2C300&ssl=1 1.5x, https:\/\/i0.wp.com\/www.grieta.org.mx\/wp-content\/uploads\/2019\/02\/IMG_20190220_075909-1160x700.jpg?resize=700%2C400&ssl=1 2x, https:\/\/i0.wp.com\/www.grieta.org.mx\/wp-content\/uploads\/2019\/02\/IMG_20190220_075909-1160x700.jpg?resize=1050%2C600&ssl=1 3x"},"classes":[]},{"id":56863,"url":"https:\/\/www.grieta.org.mx\/index.php\/2021\/02\/01\/pobladores-y-ejidatarios-de-yecapixtla-acusan-traicion-total-de-amlo-por-continuar-obras-de-termoelectrica-de-huexca-video\/","url_meta":{"origin":29307,"position":3},"title":"Pobladores y ejidatarios de Yecapixtla acusan \u201ctraici\u00f3n total\u201d de AMLO por continuar obras de termoel\u00e9ctrica de Huexca (Video)","author":"grieta","date":"1 febrero, 2021","format":false,"excerpt":"Cecilia Reynoso \/ Latinus Ejidatarios y habitantes de la comunidad ind\u00edgena de Yecapixtla, Morelos, acusan que el presidente L\u00f3pez Obrador y su gobierno cometen una \u201ctraici\u00f3n total\u201d al continuar las obras de la termoel\u00e9ctrica de Huexca, construida por la Comisi\u00f3n Federal de Electricidad (CFE) de 2012 a 2017. La termoel\u00e9ctrica\u2026","rel":"","context":"En &quot;10. Huexca&quot;","block_context":{"text":"10. Huexca","link":"https:\/\/www.grieta.org.mx\/index.php\/category\/espejos-de-la-resistencia\/10-huexca\/"},"img":{"alt_text":"","src":"https:\/\/i0.wp.com\/www.grieta.org.mx\/wp-content\/uploads\/2021\/02\/Screenshot_2021-02-09-Pobladores-y-ejidatarios-de-Yecapixtla-acusan-traicion-total-de-AMLO-por-continuar-obras-de-termoel....png?resize=350%2C200&ssl=1","width":350,"height":200,"srcset":"https:\/\/i0.wp.com\/www.grieta.org.mx\/wp-content\/uploads\/2021\/02\/Screenshot_2021-02-09-Pobladores-y-ejidatarios-de-Yecapixtla-acusan-traicion-total-de-AMLO-por-continuar-obras-de-termoel....png?resize=350%2C200&ssl=1 1x, https:\/\/i0.wp.com\/www.grieta.org.mx\/wp-content\/uploads\/2021\/02\/Screenshot_2021-02-09-Pobladores-y-ejidatarios-de-Yecapixtla-acusan-traicion-total-de-AMLO-por-continuar-obras-de-termoel....png?resize=525%2C300&ssl=1 1.5x, https:\/\/i0.wp.com\/www.grieta.org.mx\/wp-content\/uploads\/2021\/02\/Screenshot_2021-02-09-Pobladores-y-ejidatarios-de-Yecapixtla-acusan-traicion-total-de-AMLO-por-continuar-obras-de-termoel....png?resize=700%2C400&ssl=1 2x"},"classes":[]},{"id":29755,"url":"https:\/\/www.grieta.org.mx\/index.php\/2019\/02\/25\/la-lucha-no-termina-aqui-activistas-sobre-termoelectrica-en-morelos\/","url_meta":{"origin":29307,"position":4},"title":"La lucha no termina aqu\u00ed: activistas sobre termoel\u00e9ctrica en Morelos","author":"grieta","date":"25 febrero, 2019","format":false,"excerpt":"Felipe Rodea, Ver\u00f3nica Bacaz \/ El Financiero Tras conocer el resultado de la consulta favorable a la construcci\u00f3n de la termoel\u00e9ctrica en Morelos, el Frente de Pueblos en Defensa de la Tierra y Agua Morelos, Puebla, Tlaxcala, advirti\u00f3 que la batalla por cancelar el proyecto apenas comienza. \"La lucha no\u2026","rel":"","context":"En &quot;10. Huexca&quot;","block_context":{"text":"10. Huexca","link":"https:\/\/www.grieta.org.mx\/index.php\/category\/espejos-de-la-resistencia\/10-huexca\/"},"img":{"alt_text":"","src":"https:\/\/i0.wp.com\/www.grieta.org.mx\/wp-content\/uploads\/2019\/02\/752d2c9ecf1550851348_standard_desktop_medium_retina.jpeg?resize=350%2C200&ssl=1","width":350,"height":200,"srcset":"https:\/\/i0.wp.com\/www.grieta.org.mx\/wp-content\/uploads\/2019\/02\/752d2c9ecf1550851348_standard_desktop_medium_retina.jpeg?resize=350%2C200&ssl=1 1x, https:\/\/i0.wp.com\/www.grieta.org.mx\/wp-content\/uploads\/2019\/02\/752d2c9ecf1550851348_standard_desktop_medium_retina.jpeg?resize=525%2C300&ssl=1 1.5x, https:\/\/i0.wp.com\/www.grieta.org.mx\/wp-content\/uploads\/2019\/02\/752d2c9ecf1550851348_standard_desktop_medium_retina.jpeg?resize=700%2C400&ssl=1 2x, https:\/\/i0.wp.com\/www.grieta.org.mx\/wp-content\/uploads\/2019\/02\/752d2c9ecf1550851348_standard_desktop_medium_retina.jpeg?resize=1050%2C600&ssl=1 3x"},"classes":[]},{"id":39420,"url":"https:\/\/www.grieta.org.mx\/index.php\/2019\/08\/09\/activistas-reiteran-rechazo-a-la-termoelectrica-de-huexca-morelos\/","url_meta":{"origin":29307,"position":5},"title":"Activistas reiteran rechazo a la termoel\u00e9ctrica de Huexca (Morelos)","author":"grieta","date":"9 agosto, 2019","format":false,"excerpt":"Guadalupe \u00c1lvarez Rojas \/ La Uni\u00f3n de Morelos Durante evento por el 140 aniversario luctuoso de Zapata, en Ayala, solicitaron la intervenci\u00f3n de AMLO para echar abajo el proyecto. Ayala.- En el marco del CXL aniversario del natalicio del General Emiliano Zapata Salazar, integrantes de la Asamblea Permanente de los\u2026","rel":"","context":"En &quot;10. Huexca&quot;","block_context":{"text":"10. Huexca","link":"https:\/\/www.grieta.org.mx\/index.php\/category\/espejos-de-la-resistencia\/10-huexca\/"},"img":{"alt_text":"","src":"https:\/\/i0.wp.com\/www.grieta.org.mx\/wp-content\/uploads\/2019\/09\/2e321c5dc6cc6b910a4223f216f1c29c_L.jpg?resize=350%2C200&ssl=1","width":350,"height":200,"srcset":"https:\/\/i0.wp.com\/www.grieta.org.mx\/wp-content\/uploads\/2019\/09\/2e321c5dc6cc6b910a4223f216f1c29c_L.jpg?resize=350%2C200&ssl=1 1x, https:\/\/i0.wp.com\/www.grieta.org.mx\/wp-content\/uploads\/2019\/09\/2e321c5dc6cc6b910a4223f216f1c29c_L.jpg?resize=525%2C300&ssl=1 1.5x, https:\/\/i0.wp.com\/www.grieta.org.mx\/wp-content\/uploads\/2019\/09\/2e321c5dc6cc6b910a4223f216f1c29c_L.jpg?resize=700%2C400&ssl=1 2x, https:\/\/i0.wp.com\/www.grieta.org.mx\/wp-content\/uploads\/2019\/09\/2e321c5dc6cc6b910a4223f216f1c29c_L.jpg?resize=1050%2C600&ssl=1 3x"},"classes":[]}],"_links":{"self":[{"href":"https:\/\/www.grieta.org.mx\/index.php\/wp-json\/wp\/v2\/posts\/29307","targetHints":{"allow":["GET"]}}],"collection":[{"href":"https:\/\/www.grieta.org.mx\/index.php\/wp-json\/wp\/v2\/posts"}],"about":[{"href":"https:\/\/www.grieta.org.mx\/index.php\/wp-json\/wp\/v2\/types\/post"}],"author":[{"embeddable":true,"href":"https:\/\/www.grieta.org.mx\/index.php\/wp-json\/wp\/v2\/users\/2"}],"replies":[{"embeddable":true,"href":"https:\/\/www.grieta.org.mx\/index.php\/wp-json\/wp\/v2\/comments?post=29307"}],"version-history":[{"count":1,"href":"https:\/\/www.grieta.org.mx\/index.php\/wp-json\/wp\/v2\/posts\/29307\/revisions"}],"predecessor-version":[{"id":29322,"href":"https:\/\/www.grieta.org.mx\/index.php\/wp-json\/wp\/v2\/posts\/29307\/revisions\/29322"}],"wp:featuredmedia":[{"embeddable":true,"href":"https:\/\/www.grieta.org.mx\/index.php\/wp-json\/wp\/v2\/media\/29309"}],"wp:attachment":[{"href":"https:\/\/www.grieta.org.mx\/index.php\/wp-json\/wp\/v2\/media?parent=29307"}],"wp:term":[{"taxonomy":"category","embeddable":true,"href":"https:\/\/www.grieta.org.mx\/index.php\/wp-json\/wp\/v2\/categories?post=29307"},{"taxonomy":"post_tag","embeddable":true,"href":"https:\/\/www.grieta.org.mx\/index.php\/wp-json\/wp\/v2\/tags?post=29307"}],"curies":[{"name":"wp","href":"https:\/\/api.w.org\/{rel}","templated":true}]}}