{"id":29290,"date":"2019-02-04T17:00:44","date_gmt":"2019-02-04T23:00:44","guid":{"rendered":"http:\/\/www.grieta.org.mx\/?p=29290"},"modified":"2019-02-20T17:11:27","modified_gmt":"2019-02-20T23:11:27","slug":"el-regreso-del-infierno-los-desaparecidos-que-estan-vivos","status":"publish","type":"post","link":"https:\/\/www.grieta.org.mx\/index.php\/2019\/02\/04\/el-regreso-del-infierno-los-desaparecidos-que-estan-vivos\/","title":{"rendered":"El regreso del infierno; los desaparecidos que est\u00e1n vivos"},"content":{"rendered":"<p>ALEJANDRA GUILL\u00c9N Y DIEGO PETERSEN\/5\u00b0 Elemento <\/p>\n<blockquote><p>El c\u00e1rtel les ofreci\u00f3 un trabajo con enga\u00f1os, pero los esclaviz\u00f3 y los retiene a la fuerza; hoy forman parte de los ej\u00e9rcitos del crimen organizado: cuidan sembrad\u00edos de drogas o entrenan como sicarios. Est\u00e1n vivos, pero est\u00e1n desaparecidos. Luis es uno de los sobrevivientes y relata sus d\u00edas en el infierno.<\/p><\/blockquote>\n<p>\u2013Cuando me escap\u00e9 me fui muy lejos porque sab\u00eda que donde me vieran me iban a matar. Pens\u00e9 que si iba directamente al gobierno ellos me iban a entregar al c\u00e1rtel, y despu\u00e9s de un tiempo sali\u00f3 a la luz en las noticias que alguien estuvo en la misma situaci\u00f3n que yo y se anim\u00f3 a hablar y pues yo dije que mi objetivo al escapar de all\u00e1 arriba era tratar de brindarle paz y tranquilidad a aquellas personas que perdieron la pista de sus seres queridos. Muchos de ellos son las personas que yo vi calcinar y que nadie de sus familiares se dio cuenta c\u00f3mo murieron y c\u00f3mo desaparecieron a menos que yo hable, entonces voy a arriesgarme a platicar mi historia y llevar un poco de paz a sus familias y que no sigan esperanzados a que van a encontrarlos. Fue que me comuniqu\u00e9 con la Fiscal\u00eda de Jalisco y les coment\u00e9 que yo tambi\u00e9n fui privado de mi libertad en la sierra de Navajas por el C\u00e1rtel Jalisco Nueva Generaci\u00f3n (CJNG) y que pod\u00eda identificar a 17 desaparecidos que vi con mis propios ojos morir en las manos de nuestros captores.<\/p>\n<p>Luis (los nombres son falsos por cuestiones de seguridad) es sobreviviente de campamentos donde el c\u00e1rtel obligaba a j\u00f3venes a entrenarse como sicarios. A principios de 2017, \u00e9l trabajaba en un centro de rehabilitaci\u00f3n. No le ajustaba el salario y quer\u00eda alejarse del ambiente de las adicciones. Busc\u00f3 un nuevo trabajo utilizando las redes sociales. En abril de ese a\u00f1o se uni\u00f3 a la p\u00e1gina de Facebook Bolsa de Trabajo GDL y Trabajos Guadalajara. Por inbox lo conectaron para una oferta laboral: 4 mil pesos a la semana como guardia de seguridad. Contact\u00f3 a la mujer que le envi\u00f3 el mensaje y ella le pidi\u00f3 que se comunicara con Mario, el supervisor en turno de la empresa. Una semana despu\u00e9s lo agregaron a un grupo de Whatsapp junto con otras 15 personas interesadas en el trabajo. Les pidieron acudir a un entrenamiento al municipio de Tala y les dar\u00edan los 4 mil pesos por adelantado.<\/p>\n<p>Luis iba ilusionado. Jam\u00e1s pens\u00f3 que al llegar a su primer d\u00eda de trabajo, los meter\u00edan en casas de seguridad y luego los trepar\u00edan a campamentos de la Sierra de Ahuisculco, pero no para matarlos, sino para entrenarlos y obligarlos a trabajar para el C\u00e1rtel Jalisco Nueva Generaci\u00f3n. Las familias de algunos de ellos los reportaron como desaparecidos, sin saber que estaban vivos en manos del crimen organizado.<\/p>\n<p>La Fiscal\u00eda de Jalisco realiz\u00f3 operativos en julio de 2017 y encontr\u00f3 campamentos de entrenamiento. En uno de ellos detuvieron a 15 hombres, tres de los cuales ten\u00edan reporte de desaparici\u00f3n y pudieron comprobar que estaban retenidos contra su libertad. Ellos tres fueron liberados y su testimonio qued\u00f3 asentado en la  carpeta de investigaci\u00f3n 1611\/2017, al igual que el de Luis.<\/p>\n<p>Gracias a su relato y a testimonios an\u00f3nimos sabemos ahora que a la sierra de Ahuisculco se llevaron a decenas de hombres de los valles de la regi\u00f3n de Tequila, del \u00c1rea Metropolitana de Guadalajara, de otros estados e incluso migrantes centroamericanos, y que la esclavitud y el trabajo forzado ha sido un modus operandi del C\u00e1rtel Jalisco Nueva Generaci\u00f3n para asegurar el funcionamiento de sus negocios.<\/p>\n<p>Entre los reclutados de los que se tiene registro hab\u00eda  jornaleros, desempleados, lavacarros, alba\u00f1iles, cargadores del Mercado de Abastos, deportados, ex polic\u00edas, ex militares, j\u00f3venes reci\u00e9n salidos de centros de rehabilitaci\u00f3n de adicciones. Incluso uno de los sobrevivientes narra en su declaraci\u00f3n ministerial que iba caminando por la noche en el centro de Guadalajara, sinti\u00f3 un golpe en la cabeza, perdi\u00f3 la conciencia y cuando despert\u00f3 estaba en una casa de seguridad.<\/p>\n<p>Cuando la Fiscal\u00eda realiz\u00f3 el operativo, Luis ya no estaba ah\u00ed. Hab\u00eda escapado, pero tiempo despu\u00e9s decidi\u00f3 declarar a pesar del riesgo que puede suponer hacerlo.<\/p>\n<p>\u2013Al contactarme para el trabajo pregunt\u00e9 si todo era legal. \u201cMira, si fuera ilegal no te mand\u00e1bamos a entrenamiento para que puedas portar un arma. No te apures, todo ser\u00e1 legal\u201d. Le dije \u201cOiga, pero \u00bftodo va a estar bien? Tengo a mi mam\u00e1 enferma y necesito comunicaci\u00f3n con ella\u201d. Ah\u00ed fue cuando me dijo Mario que le ca\u00ed a toda madre, que iba a llegar recomendado por \u00e9l. Agarr\u00e9 taxi al Perif\u00e9rico. A los 10 minutos lleg\u00f3 un carro. Me preguntaron si me llamaba Luis. Les dije que s\u00ed. Me sub\u00ed y fuimos por otro muchacho, nos metimos a un lugar muy enredoso. Sali\u00f3 un g\u00fcero con barba, pelo poco chinito, gordito, de ojos verdes, ahora s\u00e9 que se llama Ignacio. Dos mujeres salieron a despedirlo, no se quitaron de la entrada hasta que nos fuimos. Vi nervioso al chofer, fumaba un cigarro tras otro. Le hice pl\u00e1tica y me dijo que ten\u00eda apenas una semana trabajando, pero que no le hab\u00edan pagado viajes anteriores. Era el primero de mayo. Nos dejaron en la carretera y ah\u00ed lleg\u00f3 una pick up con otros tres muchachos que ven\u00edan del Estado de M\u00e9xico. Uno ten\u00eda ojo postizo, otro era delgado con pierna postiza y el tercero era gordito con un mech\u00f3n de pelo que le sal\u00eda de la frente. El chofer era un gordo sucio que nos orden\u00f3 subirnos a la caja. En el camino supimos que los cinco hab\u00edamos estado en el Whatsapp un d\u00eda anterior y hab\u00edamos sido contactados por medio de bolsas de trabajo a las que nos inscribimos en Facebook para el trabajo de escolta o guardia de seguridad por 4 mil a la semana. Era muy atractivo para mis necesidades.<\/p>\n<p>Nos cambiaron a otro carro. Dimos vuelta rumbo a Tala, nos metimos en una brecha y llegamos a una finca abandonada, con alambres de p\u00faas, palos de madera, hab\u00eda un hombre con cuerno de chivo que nos dec\u00eda que sigui\u00e9ramos hacia adentro. Observ\u00e9 que no hab\u00eda muebles, s\u00f3lo personas en el piso, 38 amontonadas en el suelo. Fue cuando me di cuenta que me hab\u00eda metido en un problema porque no era normal eso. Al entrar al cuarto nos ordenaron guardar silencio y sentarnos, dici\u00e9ndonos que no pod\u00edamos ni ir al ba\u00f1o a menos que pidi\u00e9ramos permiso. \u00c9ramos puras personas humildes y pobres, hab\u00eda gente que ten\u00edan cara de malandrines y otros que ten\u00edan cara de que no ten\u00edan nada que perder en la vida. Me di cuenta que hab\u00eda cruzado la l\u00ednea de no regresar y que quiz\u00e1 pasar\u00eda algo malo, de hecho se percib\u00eda un olor extra\u00f1o, se ve\u00eda la mirada de tristeza y miseria en las personas.<\/p>\n<p><img loading=\"lazy\" decoding=\"async\" data-attachment-id=\"29291\" data-permalink=\"https:\/\/www.grieta.org.mx\/index.php\/2019\/02\/04\/el-regreso-del-infierno-los-desaparecidos-que-estan-vivos\/pruebas-anuncios-01\/\" data-orig-file=\"https:\/\/www.grieta.org.mx\/wp-content\/uploads\/2019\/02\/pruebas-anuncios-01.png\" data-orig-size=\"1373,719\" data-comments-opened=\"0\" data-image-meta=\"{&quot;aperture&quot;:&quot;0&quot;,&quot;credit&quot;:&quot;&quot;,&quot;camera&quot;:&quot;&quot;,&quot;caption&quot;:&quot;&quot;,&quot;created_timestamp&quot;:&quot;0&quot;,&quot;copyright&quot;:&quot;&quot;,&quot;focal_length&quot;:&quot;0&quot;,&quot;iso&quot;:&quot;0&quot;,&quot;shutter_speed&quot;:&quot;0&quot;,&quot;title&quot;:&quot;&quot;,&quot;orientation&quot;:&quot;0&quot;}\" data-image-title=\"pruebas-anuncios-01\" data-image-description=\"\" data-image-caption=\"\" data-medium-file=\"https:\/\/www.grieta.org.mx\/wp-content\/uploads\/2019\/02\/pruebas-anuncios-01-300x157.png\" data-large-file=\"https:\/\/www.grieta.org.mx\/wp-content\/uploads\/2019\/02\/pruebas-anuncios-01-1024x536.png\" src=\"http:\/\/www.grieta.org.mx\/wp-content\/uploads\/2019\/02\/pruebas-anuncios-01-1024x536.png\" alt=\"\" width=\"824\" height=\"536\" class=\"aligncenter size-large wp-image-29291\" \/><\/p>\n<p>Una sierra bien conectada<br \/>\nTala, Ahuisculco, Las Navajas, Cuisillos, son poblados que est\u00e1n a menos de una hora de Guadalajara, justo detr\u00e1s del bosque de La Primavera. Se llega por la carretera libre a Puerto Vallarta. Pasando el bosque hay que girar a la izquierda para entrar al valle del r\u00edo Ameca, donde hay tierras f\u00e9rtiles llenas de ca\u00f1averales y viejas haciendas. Despu\u00e9s de Tala, la siguiente delegaci\u00f3n es Ahuisculco, una antigua comunidad ind\u00edgena que a\u00fan resguarda el bosque y protege sus ojos de agua. El pueblo est\u00e1 en la falda de la sierra del mismo nombre, una formaci\u00f3n volc\u00e1nica que es en realidad la continuaci\u00f3n del bosque La Primavera. Del otro lado de los cerros est\u00e1 el pueblo Las Navajas, donde -dicen los de Ahuisculco- \u201cs\u00ed penetr\u00f3 el crimen; la gente acept\u00f3 cosas que termin\u00f3 comprometi\u00e9ndolas\u201d.<\/p>\n<p>El pueblo Las Navajas se llama as\u00ed por la gran cantidad de obsidiana que hay en sus suelos y que hace siglos comercializaba como navajas con las comunidades ind\u00edgenas de la regi\u00f3n. Cruzando el pueblo hay una brecha que se interna en el cerro. En este camino est\u00e1 una de las casas de seguridad que mencionan los sobrevivientes y que fue asegurada por la Fiscal\u00eda de Jalisco. M\u00e1s arriba est\u00e1 el lugar conocido como La Reserva, el rancho que los pobladores de la sierra dicen que pertenece a un tal don Pedro, nombre con el que conoc\u00edan ah\u00ed a Rafael Caro Quintero. Cuentan que  don Pedro lleg\u00f3 a finales de los a\u00f1os setenta, sembr\u00f3 mariguana, engord\u00f3 ganado, control\u00f3 la regi\u00f3n. A\u00fan despu\u00e9s de los operativos de la Fiscal\u00eda de Jalisco, en julio de 2017, el camino segu\u00eda custodiado por camionetonas y jovencitos en moto: halcones. \u00c9sta es la brecha que todos los sobrevivientes mencionan en sus testimonios como la ruta para subir al monte.<\/p>\n<p>Esta sierra, sin nombre en los mapas, es estrat\u00e9gica por su conectividad. Por un lado tiene caminos que llevan a la carretera a Colima y Manzanillo, y por el otro a la Sierra Madre Occidental que conduce hacia la costa del Pac\u00edfico y Puerto Vallarta. Por el puerto de Manzanillo entran precursores qu\u00edmicos para drogas sint\u00e9ticas que se trasladan por la carretera a Colima y antes de llegar a Guadalajara toman el Circuito Sur o el Macrolibramiento, que los deja a unos metros de Las Navajas, por donde se internan a la sierra que sirve de escondite de campamentos, fosas y narcolaboratorios. Por Cuisillos pueden salir a la carretera que los lleva al norte del pa\u00eds o a Mascota y Puerto Vallarta.<\/p>\n<p>El 29 de julio de 2017 la Fiscal\u00eda de Jalisco inform\u00f3 que entre el 6 y el 13 de junio recibieron seis denuncias por desaparici\u00f3n de personas. Todos ellos avisaron  en sus casas que se trasladaban al municipio de Tala porque hab\u00edan obtenido trabajo como encuestadores, escoltas o polic\u00edas municipales. <\/p>\n<p><img loading=\"lazy\" decoding=\"async\" data-attachment-id=\"29292\" data-permalink=\"https:\/\/www.grieta.org.mx\/index.php\/2019\/02\/04\/el-regreso-del-infierno-los-desaparecidos-que-estan-vivos\/mapa\/\" data-orig-file=\"https:\/\/www.grieta.org.mx\/wp-content\/uploads\/2019\/02\/mapa.jpg\" data-orig-size=\"1300,900\" data-comments-opened=\"0\" data-image-meta=\"{&quot;aperture&quot;:&quot;0&quot;,&quot;credit&quot;:&quot;&quot;,&quot;camera&quot;:&quot;&quot;,&quot;caption&quot;:&quot;&quot;,&quot;created_timestamp&quot;:&quot;0&quot;,&quot;copyright&quot;:&quot;&quot;,&quot;focal_length&quot;:&quot;0&quot;,&quot;iso&quot;:&quot;0&quot;,&quot;shutter_speed&quot;:&quot;0&quot;,&quot;title&quot;:&quot;&quot;,&quot;orientation&quot;:&quot;0&quot;}\" data-image-title=\"mapa\" data-image-description=\"\" data-image-caption=\"\" data-medium-file=\"https:\/\/www.grieta.org.mx\/wp-content\/uploads\/2019\/02\/mapa-300x208.jpg\" data-large-file=\"https:\/\/www.grieta.org.mx\/wp-content\/uploads\/2019\/02\/mapa-1024x709.jpg\" src=\"http:\/\/www.grieta.org.mx\/wp-content\/uploads\/2019\/02\/mapa-1024x709.jpg\" alt=\"\" width=\"824\" height=\"709\" class=\"aligncenter size-large wp-image-29292\" \/><\/p>\n<p>Testimonio de las madres<br \/>\nLaura denunci\u00f3 la desaparici\u00f3n de su hijo Ignacio el 22 de julio de 2017. Le preguntaron si not\u00f3 algo extra\u00f1o los \u00faltimos d\u00edas que lo vio.<\/p>\n<p>\u201cEstaba desesperado porque no ten\u00eda trabajo\u201d, declar\u00f3 Laura. Ten\u00eda 22 a\u00f1os, pesaba m\u00e1s de 100 kilos, cabello casta\u00f1o claro, ojos verdes, tatuaje en antebrazo. La prepa trunca. Le platic\u00f3 a su madre que hab\u00eda encontrado un trabajo como guardia de seguridad privada donde le pagar\u00edan 4 mil pesos semanales. Se ir\u00eda a Tala por dos semanas para el entrenamiento. El 1 de mayo de 2017 pasaron por \u00e9l a su casa en una colonia popular al sur de Zapopan.<\/p>\n<p>Ignacio sali\u00f3 con una mochila de lona negra con gris y una cinta cruzada donde guard\u00f3 tres cambios de ropa: b\u00f3xers, calcetines, un cepillo de madera, sandalias de pl\u00e1stico, tenis blancos para hacer deporte. Celular no ten\u00eda y tampoco los dejaban llevarlo. Su madre y su hermana salieron a despedirlo. Se subi\u00f3 a un carro caf\u00e9 claro en el que iban otros dos hombres: el chofer y otro muchacho que acababan de recoger; era Luis. No volvieron a tener contacto con \u00e9l. Dos meses despu\u00e9s, la hermana vio en las noticias que hab\u00edan encontrado a gente esclavizada en Tala. Fue entonces que reportaron la desaparici\u00f3n de Ignacio.<\/p>\n<p>A Ernesto tambi\u00e9n lo reportaron como desaparecido. Robusto, 1.78 de altura, 96 kilos, cara redonda, ojos caf\u00e9 claro, sin tatuajes, cicatrices de mordidas en el pecho y brazo izquierdo, llevaba pantal\u00f3n negro de mezclilla, camisa tipo polo color azul claro. A sus 26 a\u00f1os le urg\u00eda encontrar trabajo. A principios de 2017 tuvo un hijo y no ten\u00eda ingreso fijo. Estaba desesperado cuando encontr\u00f3 una oferta en internet. El 30 de abril lo contactaron. Al d\u00eda siguiente sali\u00f3 temprano, poco antes de las siete de la ma\u00f1ana; lo iban a recoger en Perif\u00e9rico y Mariano Otero para irse a una capacitaci\u00f3n a Tala. Le dijo a su mam\u00e1 y a su esposa que se comunicar\u00eda en unos d\u00edas. Karla, su esposa, le marc\u00f3 a las diez de la ma\u00f1ana para saber c\u00f3mo iba todo. Le dijo que a\u00fan no llegaban, pero que en cuanto pudiera le mandar\u00eda el tel\u00e9fono del lugar donde ser\u00eda la capacitaci\u00f3n. No lo mand\u00f3. Le hab\u00edan prometido que cada semana podr\u00eda regresar a ver a la familia. Nunca volvi\u00f3. Rosa, su madre, lo report\u00f3 el 8 de mayo de 2017.<\/p>\n<p>Templarse es hacer las cosas con inteligencia<br \/>\nEl tiempo que Luis estuvo atrapado en la primera casa de seguridad, en mayo de 2017, comenz\u00f3 a observar a quienes los vigilaban; descubri\u00f3 que algunos hab\u00edan sido capturados como \u00e9l, pero ya hab\u00edan podido salir de vacaciones.<\/p>\n<p>\u2013Lo s\u00e9 porque arriba vi qui\u00e9n ten\u00eda mando, que ya hab\u00edan salido y regresado, que hab\u00eda jerarqu\u00edas. No importaba que te tomaran confianza, la prueba de fuego para ser de ellos era regresar a trabajar con ellos.<\/p>\n<p>De esa casa comenzaron a sacarnos por montones para llenar trocas. De la carretera por Cuisillos nos llevaron a Navajas, a otra finca grande, con port\u00f3n de fierro como de ganado, un metro de alto, no terminada. Hab\u00eda un se\u00f1or con sombrero como de campesino que nos grit\u00f3: \u201c\u00a1A ver hijos de su\u2026 en l\u00ednea\u2026 \u00e1monos, en caliente! \u00bfAlguien sabe por qu\u00e9 chingados est\u00e1 aqu\u00ed?\u201d Yo no pod\u00eda decir nada, me pod\u00edan matar. Agarr\u00f3 el cuerno y dispar\u00f3 hacia arriba de todos nosotros: \u201c\u00a1A todos les voy a dar vacaciones a la verga, si regresan aqu\u00ed va a haber chamba y si no, a chingar a su madre! \u00bfQui\u00e9n se quiere ir ahorita?\u201d Nadie dijo nada.<\/p>\n<p>Uno me tra\u00eda en jaque, me gritaba \u201c\u00a1\u00e1ndale moreno, t\u00e9mplate!\u201d Templarse significa agilizarse, actuar, hacer las cosas con inteligencia. Avanzamos hasta la cima, llegamos al campamento que me dio aspecto como de los campos forestales en Estados Unidos, siendo una propiedad privada que una se\u00f1ora le rentaba al del sombrero.<\/p>\n<p><a href=\"https:\/\/youtu.be\/FF1MnLM5Rwg\">https:\/\/youtu.be\/FF1MnLM5Rwg<\/a><\/p>\n<p>Destacar y sobrevivir<br \/>\nLos maltratos y amenazas comenzaban en las casas de seguridad. Adem\u00e1s de Luis, hubo otros tres sobrevivientes rescatados por la Fiscal\u00eda. En sus declaraciones ministeriales relataron c\u00f3mo fueron en busca de trabajo y los enganchadores los llevaron a casas de seguridad. En una de estas casas hab\u00eda como 50 hombres acostados en el suelo, golpeados, amenazados con que si escapaban los mataban.<\/p>\n<p>\u2013Todo el d\u00eda hac\u00edamos ejercicio y dec\u00edan que quienes obedec\u00edan sal\u00edan de vacaciones o descanso. Est\u00e1bamos clasificados por nuevos, seminuevos y viejos. A los nuevos nos golpeaban todo el tiempo, siempre hab\u00eda hombres armados vigilando. A la semana me regresaron en camioneta a m\u00ed y a cuatro compa\u00f1eros; otros armados me dejaron en una casa de seguridad donde pude ba\u00f1arme, ah\u00ed ya nos hab\u00edamos dado cuenta que era otro rollo, escuch\u00e9 voces que dec\u00edan que trabajar\u00edamos para el c\u00e1rtel de ellos. Fue cuando me dio miedo. Los que cuidaban usaban drogas y yo nunca he usado: trabajo, tengo familia, hijos. El 23 me regresaron al monte, a un nuevo campamento, nos pusieron a construirlo con palos, nylon, ramas, a acarrear agua, comida, me golpearon todo el cuerpo, me dec\u00edan \u201cvales verga, \u00f3rale pendejos, perros\u201d. No pod\u00edamos dormir hasta las 12 de la noche, quien lo hac\u00eda lo pon\u00edan para darle con gotcha o lo mataban. Los que cuidaban le tiraron balazos a dos porque se fueron al Oxxo sin permiso. A los dem\u00e1s les ped\u00edan que bajaran los cuerpos a una barranca donde pasa un arroyo, a m\u00ed me pusieron a cortar le\u00f1a, ramas, ah\u00ed los quemaron\u2026 Ya entre pl\u00e1ticas supe que a todos los llevaron con enga\u00f1os, \u00e9ramos 20 igual que yo.<\/p>\n<p>\u2013Nos dejaron en un campamento a una hora del poblado Cuisillos (\u2026) donde nos hicieron dormir a la intemperie, as\u00ed como nos sometieron dici\u00e9ndonos que ten\u00edamos que pedir permiso hasta para ir a orinar y si no, nos golpeaban (\u2026) por lo que recuerdo un d\u00eda \u00edbamos cargando las cosas, nos desviamos a un arroyo y El Momia le dijo al Checo, que ten\u00eda tatuajes de las fechas de nacimiento de su hija y en el cuello el nombre de sus hijos, \u201ch\u00edncate esto es para que no desobedezcas mis \u00f3rdenes\u201d. Dispar\u00f3 y cay\u00f3 muerto. Luego dispar\u00f3 a otro (\u2026)  Los bajaron al arroyo, les quitaron la ropa y siguieron instrucciones. Los pusieron en cama de le\u00f1a con hojarasca y madera, prendieron fuego, nos esperamos hasta que se quemaran completamente.<\/p>\n<p>\u2013Caminamos 30 minutos, llegamos a un campamento construido con palos de \u00e1rbol y pl\u00e1stico negro, forrado con ramas de \u00e1rbol y basura. Observ\u00e9 que  afuera estaban tres con armas. Nos metimos y adentro estaban m\u00e1s personas acostadas siendo unos 20, por lo que nos metimos al campamento, como pudimos nos acostamos y nos dormimos, pero en cuanto amaneci\u00f3 nos levantaron a todos y nos formaron y nos comenzaron a decir que \u00edbamos a entrenar para trabajar como sicarios del C\u00e1rtel Jalisco Nueva Generaci\u00f3n, y que si nos resist\u00edamos nos iban a matar. Nos pusieron a entrenar oblig\u00e1ndonos a hacer ejercicio y ten\u00edan armas de gotcha para entrenar con nosotros; se ensa\u00f1aban dispar\u00e1ndonos ese tipo de balas.<\/p>\n<p>El 24 de julio de 2017, recuerdo que era lunes, nos levantaron y nos hicieron cargar pl\u00e1sticos y v\u00edveres (\u2026) El encargado recibi\u00f3 una llamada que se pusieran vergas porque ven\u00edan camionetas blancas y negras a peinar el cerro. Tres comenzaron a disparar, yo lo \u00fanico que pude hacer fue correr hacia la parte baja del cerro para cubrirme de los balazos. Polic\u00edas nos rodearon, gritaron \u201cpecho tierra, manos arriba\u201d, y fue el momento que nos detuvieron a todos.<\/p>\n<p>Los tres j\u00f3venes que hablan incluyen en su relato el operativo de la Fiscal\u00eda de Jalisco a trav\u00e9s del cual pudieron liberarse. D\u00edas despu\u00e9s, el 29 de julio de 2017, el ex fiscal de Jalisco, Eduardo Almaguer, inform\u00f3 que hab\u00edan rescatado a un joven y gracias a ello lograron localizar los campamentos. La Fiscal\u00eda calcul\u00f3 que entre 50 y 60 personas resguardaban a 40 reclutados. De estos \u00faltimos no se supo su destino.<\/p>\n<p>No fue el \u00fanico campamento de adiestramiento y exterminio encontrado en Jalisco. En 2016 fue detectada otra c\u00e9lula del mismo c\u00e1rtel que operaba en Tlaquepaque y en Puerto Vallarta la cual distribu\u00eda volantes ofreciendo trabajo para una empresa de seguridad inexistente, Segmex. A los reclutados los obligaban a vender drogas o convertirse en sicarios.<\/p>\n<p>En octubre de 2017, la Fiscal\u00eda rescat\u00f3 a otras cuatro personas enganchadas con enga\u00f1os en el municipio de Puerto Vallarta. Los emplearon como gerentes de ventas o escoltas; el CJNG se los llev\u00f3 para adiestrarlos en la sierra de Talpa (a 150 kil\u00f3metros de Tala, yendo hacia el Poniente) y los desapareci\u00f3. En ese momento, el entonces fiscal Almaguer dijo que era la misma c\u00e9lula delictiva que operaba en Tala, con integrantes de Veracruz, Michoac\u00e1n, Estado de M\u00e9xico y Jalisco.<\/p>\n<p>Se llevan a los que tienen pantalones<br \/>\nLa desaparici\u00f3n de j\u00f3venes en Tala comenz\u00f3 mucho antes de que la Fiscal\u00eda descubriera estos campamentos. Hay registro de personas desaparecidas desde 2012. Uno ellos es Javier Cisneros Torres. Su familia ha tenido el valor de ser la \u00fanica que hizo p\u00fablica su b\u00fasqueda. Javier viv\u00eda con su mam\u00e1, en la cabecera municipal de Tala.  Su hermana, Alma, recuerda el d\u00eda de su captura: <\/p>\n<p>\u2013En ese entonces mi hermano viv\u00eda con mi mam\u00e1, mi pap\u00e1 ya hab\u00eda muerto. Mi hermano ya estaba acostado viendo la tele. Sali\u00f3 porque fueron a buscarlo sus vecinos. Se meti\u00f3 a su casa y de ah\u00ed se lo llevaron. Logramos ver su su\u00e9ter, sus lentes, sus llaves, la sangre que corr\u00eda desde la entrada. A mi hermano le gustaba defender a las personas, a todos los del barrio, no era persona mala, lo sabemos por el tipo de vida que llevaba, somos una familia humilde. \u00c9l trabajaba en el ingenio de Tala, dur\u00f3 tiempo que no ten\u00eda trabajo, porque los trabajos en Tala son temporales. Se fue a pintar \u00e1rboles de blanco. Dec\u00edan que se lo llevaron los Talibanes, un grupo delictivo del CJNG que est\u00e1 en Navajas.<\/p>\n<p>Nosotros sabemos de al menos 60 familias con desaparecidos en Tala. Mi hermana y yo hemos escrito nombre por nombre. Tengo un amigo de la secundaria que un d\u00eda me contact\u00f3, me dijo \u201ca mi hermano se lo llevaron, no sabemos qu\u00e9 fue lo que sucedi\u00f3, mi hermano consum\u00eda mariguana\u201d. Le dije \u201cok, consuma o no consuma no tienen por qu\u00e9 hacerlo (llev\u00e1rselo), \u00e9l est\u00e1 desaparecido y lo tenemos que encontrar. Si nosotros no los buscamos nadie los va a encontrar\u201d. Le ped\u00ed una foto de su hermano por si encuentran su cuerpo en una fosa com\u00fan, porque as\u00ed nunca sabr\u00e1s si est\u00e1 vivo o muerto. Aqu\u00ed hay muchos desaparecidos y nadie dice nada.<\/p>\n<p>Se llevan a los j\u00f3venes que tienen suficientes pantalones para hacer las cosas, porque no a cualquiera se llevan (\u2026) s\u00f3lo a los que veo que se animar\u00edan a hacer cosas feas, que si les dicen \u201cte matamos o trabaja para nosotros\u201d, yo creo que responden \u201ctrabajo\u201d. Le voy a ser sincera, mi hermano no creo que diga \u201cm\u00e1tenme\u201d, creo que cada quien quiere vivir, pero es lo que le digo a mi mam\u00e1, me doler\u00eda saber que \u00e9l est\u00e1 haciendo ese tipo de cosas. Me da miedo que est\u00e9 trabajando para ellos. <\/p>\n<p>En la regi\u00f3n es un secreto a voces lo que ocurre. El CJNG controla Tala y los alrededores, por eso quienes hablan tienen que hacerlo bajo el anonimato. Como Eleazar, que prefiere no hablar en p\u00fablico y hacerlo en su casa para contar c\u00f3mo se llevaron a muchos de los j\u00f3venes de su pueblo: <\/p>\n<p> \u2013En 2013 comenzamos a saber de j\u00f3venes desaparecidos en la regi\u00f3n. Eran hijos de campesinos, fuertes, bragados, gente que sabe del campo y por lo tanto sabe usar armas. Eran los bravucones y presumidos, a los que les gustaba (la m\u00fasica de) El Komander, los peleoneros, que iban a fiestas o consum\u00edan drogas. Supimos de muchos casos que se iban a una fiesta y ya no volv\u00edamos a saber de ellos. Al parecer algunos est\u00e1n vivos, le llaman a sus familias, pero no pueden buscarlos ni decir nada porque est\u00e1n obligados a trabajar para ellos. No eran muchachos que quisieran meterse al narco, no, aunque les gustara la m\u00fasica esa o toda la narcocultura que ha permeado mucho, porque en Tala hay mucho trabajo por los ingenios azucareros, por eso se los ten\u00edan que llevar obligados. Creo que se los pudieron llevar a plant\u00edos de mariguana y amapola en la misma regi\u00f3n o a otros lugares del pa\u00eds, porque la c\u00e9lula que est\u00e1 aqu\u00ed es fuerte, no creas que no. De aqu\u00ed abastecen a muchachos para otras regiones. Yo pienso que se acabaron a todos los j\u00f3venes con cierto perfil y por eso ahora est\u00e1n poniendo anuncios de trabajo para enga\u00f1ar a j\u00f3venes de otros lugares.<\/p>\n<p><img loading=\"lazy\" decoding=\"async\" data-attachment-id=\"29293\" data-permalink=\"https:\/\/www.grieta.org.mx\/index.php\/2019\/02\/04\/el-regreso-del-infierno-los-desaparecidos-que-estan-vivos\/07-misa-tala-2\/\" data-orig-file=\"https:\/\/www.grieta.org.mx\/wp-content\/uploads\/2019\/02\/07-Misa-Tala-2.jpg\" data-orig-size=\"2048,1536\" data-comments-opened=\"0\" data-image-meta=\"{&quot;aperture&quot;:&quot;0&quot;,&quot;credit&quot;:&quot;&quot;,&quot;camera&quot;:&quot;&quot;,&quot;caption&quot;:&quot;&quot;,&quot;created_timestamp&quot;:&quot;0&quot;,&quot;copyright&quot;:&quot;&quot;,&quot;focal_length&quot;:&quot;0&quot;,&quot;iso&quot;:&quot;0&quot;,&quot;shutter_speed&quot;:&quot;0&quot;,&quot;title&quot;:&quot;&quot;,&quot;orientation&quot;:&quot;0&quot;}\" data-image-title=\"07-Misa-Tala-2\" data-image-description=\"\" data-image-caption=\"\" data-medium-file=\"https:\/\/www.grieta.org.mx\/wp-content\/uploads\/2019\/02\/07-Misa-Tala-2-300x225.jpg\" data-large-file=\"https:\/\/www.grieta.org.mx\/wp-content\/uploads\/2019\/02\/07-Misa-Tala-2-1024x768.jpg\" src=\"http:\/\/www.grieta.org.mx\/wp-content\/uploads\/2019\/02\/07-Misa-Tala-2-1024x768.jpg\" alt=\"\" width=\"824\" height=\"768\" class=\"aligncenter size-large wp-image-29293\" \/><\/p>\n<p>El 31 de agosto de 2014 se realiz\u00f3 en Tala una misa por los desaparecidos. Las familias llevaron la foto y el nombre de su ser querido; todos fueron nombrados. Lleg\u00f3 mucha gente, en un solo pizarr\u00f3n pegaron 35 fotos, en su mayor\u00eda hombres. A ra\u00edz de la misa, el sacerdote recibi\u00f3 amenazas y tuvo que irse de Tala.<\/p>\n<p>A\u00fan cuando muchas familias prefieren no denunciar, en este municipio hay 56 reportes de desaparici\u00f3n seg\u00fan el Registro Nacional de Datos de Personas Extraviadas o Desaparecidas. Entre 2006 y 2012 hubo dos denuncias. En 2013 fueron 14 y en 2014, 17. Para los pobladores, algo pas\u00f3 en esos a\u00f1os: el C\u00e1rtel Jalisco Nueva Generaci\u00f3n tom\u00f3 fuerza y control\u00f3 esta regi\u00f3n. Necesitaba mano de obra.<\/p>\n<p>Con la detenci\u00f3n de los hermanos Valencia y de Ignacio Coronel, el C\u00e1rtel del Milenio (que traficaba drogas en alianza con el C\u00e1rtel de Sinaloa) se dividi\u00f3 en dos c\u00e9lulas. Una de ellas se convirti\u00f3 posteriormente en el C\u00e1rtel Jalisco Nueva Generaci\u00f3n, que el Departamento del Tesoro de Estados Unidos calific\u00f3 en octubre de 2018 como la organizaci\u00f3n de tr\u00e1fico de drogas m\u00e1s poderosa en M\u00e9xico y una de las cinco m\u00e1s peligrosas en el mundo. Ese grupo tiene presencia en al menos la mitad del territorio nacional y trafica coca\u00edna y metanfetaminas en Am\u00e9rica, Asia y Europa.<\/p>\n<p>Les rompen el alma<br \/>\nLa desaparici\u00f3n de j\u00f3venes para luego forzarlos a trabajar para el c\u00e1rtel no es improvisada. Un habitante de Tala que conoce a fondo la din\u00e1mica dice que maltratarlos, torturarlos, y posteriormente obligarlos a matar e incinerar a sus compa\u00f1eros es una estrategia para romperles el alma, su armon\u00eda interior, para que puedan convertirse en uno m\u00e1s del c\u00e1rtel. Que de v\u00edctima pasen a victimarios.         <\/p>\n<p>En su relato, Luis describe que para sobrevivir hay que ganarse la confianza de los captores. Al final, el c\u00e1rtel decide matar a los que no se pliegan o no son \u00fatiles para sus prop\u00f3sitos.  <\/p>\n<p>\u2013Vi la oportunidad de acercarme al encargado, estaba decidido a no ser maltratado ni morirme all\u00e1 arriba si es que iba a pasar algo. Estaba dispuesto a sobrevivir. Comenc\u00e9 a hacerles pl\u00e1tica y a destacarme, a ganarme su confianza. Hab\u00eda pistoleros por todos lados. Cualquier persona tratando de sobrevivir va a destacarse para no ser agredida. Comenc\u00e9 a tener temor y a dudar de la forma en que empec\u00e9 a tratar de sobrevivir en el infierno. Pens\u00e9 que me hab\u00eda metido m\u00e1s a fondo con esas personas por no correr el riesgo de que me mataran, pero al mismo tiempo me avent\u00e9 una soga al cuello porque me ve\u00edan con confianza y me ver\u00edan como traidor si no regresaba.<\/p>\n<p>Ese tiempo me pas\u00f3 lo peor en toda mi vida: como a las dos, entr\u00f3 la voz de El Sapo (el jefe de la plaza). \u201cAdelante hijos de su chingada madre, \u00bfquien quiere irse? Les voy a dar tres mil y a su casa, y a chingar a su madre\u201d. En eso (unos) empiezan a levantar la mano, advirti\u00e9ndoles que si estaban seguros. Eran tres del estado de M\u00e9xico, el gordito que lleg\u00f3 conmigo y que ahora s\u00e9 que su nombre es Ignacio, los dos guachos de Durango, un chavo de 17 a\u00f1os de Guadalajara, un ex polic\u00eda de Zapopan, otros que no conozco su nombre y El Catracho que ya hab\u00eda regresado de vacaciones. De hecho El Mojo le pregunt\u00f3 si estaba seguro de levantar la mano y \u00e9l dijo que s\u00ed, que quer\u00eda ir a ver a su hijo a Honduras. El Sapo dijo \u201cya est\u00e1, vas a llegar m\u00e1s r\u00e1pido\u201d. <\/p>\n<p>Yo reconozco a todos, fueron 14 en total, los sentaron en una choza frente a los dormitorios y les dijeron que no se movieran. A los dem\u00e1s nos sentaron en otra choza. Lleg\u00f3 una Cheyenne gris con placas de Estados Unidos y dos sujetos con pistolas tipo escuadra. Uno era El Gre\u00f1as (muchacho de 20 \u00f3 21, cara de ni\u00f1o, mano derecha de El Sapo) que les grit\u00f3 a los que se quer\u00edan ir: \u201cA ver cabrones, p\u00f3nganse a pelear todos contra todos\u201d, y comenzaron a hacerlo, el que cayera iba a morir. Al primero que cay\u00f3 le dec\u00edan La Jaina (chaparrito, 1.70, nariz grande, cara grande, g\u00fcero, pelo por todos lados, indigente de Guadalajara) cay\u00f3 noqueado de rodillas. Le dieron de balazos. Luego El Guachito, alto, nariz\u00f3n; cuando vio que le iban a tirar, grit\u00f3 \u201c\u00a1nooo!\u201d levantando las manos en se\u00f1al de defensa. Le dieron dos balazos. Despu\u00e9s Nopal, To\u00f1o, Chucho y El 18 abrieron fuego contra todos, entre ellos un ex polic\u00eda. <\/p>\n<p>Al \u00faltimo qued\u00f3 un ni\u00f1o de 17 a\u00f1os con las manos metidas entre las piernas, cabeza agachada, meci\u00e9ndose. Se acercaron a verlo porque qued\u00f3 vivo. Le dijo El Pitayo: \u201cEstos putos te dijeron que dijeras que te quer\u00edas ir\u201d. Sacado de onda, respondi\u00f3 \u201caj\u00e1\u201d, y el muchacho pidi\u00f3 llorando \u201ces que quiero ver a mi hermanita y mi mam\u00e1\u201d. Le dieron un balazo. Entre los muertos estaban Ignacio, que lleg\u00f3 conmigo el primer d\u00eda, y Ernesto. Al taquero tambi\u00e9n le dieron un balazo por la espalda, siendo entonces ya 15 muertos. A los que por miedo no manifestamos querer irnos nos hicieron llevar los cuerpos. Duramos hora y media porque hab\u00eda unos muy pesados, ten\u00edamos que arrastrarlos para echarlos a los elotes. <\/p>\n<p>Echarlos a \u201clos elotes\u201d es incinerarlos: en una zona boscosa aprovechaban las zanjas que hacen en la tierra las corrientes de agua que bajan entre pinos y encinos durante el temporal de lluvia. Ah\u00ed, sobre la tierra rojiza, echaban le\u00f1a, luego los cuerpos, apilados y partidos, para prenderles fuego con gasolina, hasta que s\u00f3lo quedaban huesos quemados y objetos de metal como hebillas y botones de pantal\u00f3n. Testigos que aseguran que han visto otras fosas como estas, pero no han podido denunciar su ubicaci\u00f3n, relatan que en \u00e9stas han percibido olor a qu\u00edmicos que podr\u00edan usarse para acelerar la combusti\u00f3n de los cuerpos. <\/p>\n<p><img loading=\"lazy\" decoding=\"async\" data-attachment-id=\"29294\" data-permalink=\"https:\/\/www.grieta.org.mx\/index.php\/2019\/02\/04\/el-regreso-del-infierno-los-desaparecidos-que-estan-vivos\/06-fosa-2-tala\/\" data-orig-file=\"https:\/\/www.grieta.org.mx\/wp-content\/uploads\/2019\/02\/06-Fosa-2-Tala.jpg\" data-orig-size=\"1040,585\" data-comments-opened=\"0\" data-image-meta=\"{&quot;aperture&quot;:&quot;0&quot;,&quot;credit&quot;:&quot;&quot;,&quot;camera&quot;:&quot;&quot;,&quot;caption&quot;:&quot;&quot;,&quot;created_timestamp&quot;:&quot;0&quot;,&quot;copyright&quot;:&quot;&quot;,&quot;focal_length&quot;:&quot;0&quot;,&quot;iso&quot;:&quot;0&quot;,&quot;shutter_speed&quot;:&quot;0&quot;,&quot;title&quot;:&quot;&quot;,&quot;orientation&quot;:&quot;0&quot;}\" data-image-title=\"06-Fosa-2-Tala\" data-image-description=\"\" data-image-caption=\"\" data-medium-file=\"https:\/\/www.grieta.org.mx\/wp-content\/uploads\/2019\/02\/06-Fosa-2-Tala-300x169.jpg\" data-large-file=\"https:\/\/www.grieta.org.mx\/wp-content\/uploads\/2019\/02\/06-Fosa-2-Tala-1024x576.jpg\" src=\"http:\/\/www.grieta.org.mx\/wp-content\/uploads\/2019\/02\/06-Fosa-2-Tala-1024x576.jpg\" alt=\"\" width=\"824\" height=\"576\" class=\"aligncenter size-large wp-image-29294\" \/><\/p>\n<p>La hu\u00edda<br \/>\nDe acuerdo con el relato que Luis dio a la Fiscal\u00eda de Jalisco, El Sapo llam\u00f3 por radio d\u00edas despu\u00e9s y dijo: \u201cAhora s\u00ed, hijos de su puta madre, \u00bfqui\u00e9n se va a ir de vacaciones?\u201d. Luis pens\u00f3 \u201cfinalmente lleg\u00f3 el momento que esperaba, se me ha hecho una eternidad degradarme y estar con esta gente. Voy a ser libre\u201d. El Cholo orden\u00f3 que hicieran dos filas y les dio dos mil pesos a cada uno. Cay\u00f3 la noche y los bajaron del cerro en grupos de 15.<\/p>\n<p>\u2013Nos iban a dejar en Tala pero estaba muy caliente la cosa, hab\u00eda mucho polic\u00eda. Caminamos a una gasolinera donde estaba el Ej\u00e9rcito. Por destacarme muchos no se me quer\u00edan despegar. El Ej\u00e9rcito ni nos par\u00f3 ni pregunt\u00f3 nada. Por ah\u00ed hay un hotel. Entr\u00e9 y me registr\u00e9. Llegu\u00e9 a ba\u00f1arme para poder darle confianza a un taxista y escaparme. Cuando llegu\u00e9  al hotel todos los cuartos se llenaron, pagamos con el dinero que nos dieron, me ba\u00f1\u00e9, limpi\u00e9 mi ropa con un trapo mojado, todos me tocaban (la puerta) aferrados a tomar una cerveza en el bar. Yo ten\u00eda planeado irme cuando se durmieran, pero empezaron a consumir cristal que les vendi\u00f3 la encargada (&#8230;) Mientras estaban de fiesta, agarr\u00e9 mi maleta, me sal\u00ed, tom\u00e9 un taxi, contact\u00e9 a un familiar que vive en otro pa\u00eds y le cont\u00e9 todo lo que pas\u00e9, que no pod\u00eda regresar, que donde me vieran me iban a matar, me ten\u00edan que ayudar para escapar.<\/p>\n<p>Despu\u00e9s sali\u00f3 en las noticias que alguien que estuvo como yo se anim\u00f3 a hablar y (me) dije, mi objetivo al salir de all\u00e1 arriba era tratar de brindar paz y tranquilidad a aquellas personas que no han encontrado a sus seres queridos, son a los que yo vi calcinar y nadie de sus familiares se dieron cuenta c\u00f3mo murieron y c\u00f3mo desaparecieron. Entonces voy a arriesgarme a contar mi historia.<\/p>\n<p>Los que regresaron de ese infierno recibieron medidas de protecci\u00f3n por declarar contra integrantes del c\u00e1rtel m\u00e1s poderoso de M\u00e9xico. Aun as\u00ed, tuvieron que huir; cambiaron de identidad y no se supo m\u00e1s de ellos. El gobierno de Jalisco nunca inform\u00f3 qui\u00e9nes hab\u00edan sido las personas incineradas cuyos restos fueron localizados en los campamentos. Tampoco realiz\u00f3 m\u00e1s operativos de b\u00fasqueda de m\u00e1s fosas clandestinas por la zona o intent\u00f3 liberar a m\u00e1s j\u00f3venes en estos campamentos de reclutamiento forzado.<\/p>\n<p>Hoy los c\u00e1rteles siguen haciendo levas y controlando el territorio. Tanto en el sur de Jalisco como en los l\u00edmites con Michoac\u00e1n hay familias de personas desaparecidas que han relatado an\u00f3nimamente que tienen indicios de que a sus parientes se los llevaron a trabajos forzados en laboratorios de droga o sembrad\u00edos de amapola. Los pobladores de la zona de Tala saben que el infierno al que han sido condenados familiares y conocidos no est\u00e1 abajo, sino all\u00e1 arriba, en la punta de los cerros; lo saben en silencio.<\/p>\n<p>De 2006 a la fecha el gobierno mexicano ha recibido denuncias por la desaparici\u00f3n de m\u00e1s de 40 mil personas.<\/p>\n<p>Este reportaje es un proyecto de Ad\u00f3ndevanlosdesaparecidos y Quinto Elemento Lab. Una versi\u00f3n inicial se public\u00f3 como podcast en As\u00ed Como Suena con el t\u00edtulo \u201cLos desaparecidos de Jalisco\u201d. Puede escucharlo en:http:\/\/asicomosuena.mx\/?#\/shows\/1\/play\/361<\/p>\n<p><a href=\"https:\/\/quintoelab.org\/project\/regresodelinfierno?fbclid=IwAR0t9FduB5RyjDIow4GPkzQe_5XvPx_x_tlW2U409vUr8dCeUMd2KKUH4Fk\">https:\/\/quintoelab.org\/project\/regresodelinfierno?fbclid=IwAR0t9FduB5RyjDIow4GPkzQe_5XvPx_x_tlW2U409vUr8dCeUMd2KKUH4Fk<\/a><\/p>\n","protected":false},"excerpt":{"rendered":"<p>ALEJANDRA GUILL\u00c9N Y DIEGO PETERSEN\/5\u00b0 Elemento El c\u00e1rtel les ofreci\u00f3 un trabajo con enga\u00f1os, pero los esclaviz\u00f3 y los retiene a la fuerza; hoy forman parte de los ej\u00e9rcitos del &hellip; <a href=\"https:\/\/www.grieta.org.mx\/index.php\/2019\/02\/04\/el-regreso-del-infierno-los-desaparecidos-que-estan-vivos\/\" class=\"more-link\">Leer m\u00e1s<\/a><\/p>\n","protected":false},"author":2,"featured_media":29293,"comment_status":"closed","ping_status":"closed","sticky":false,"template":"","format":"standard","meta":{"ngg_post_thumbnail":0,"_jetpack_newsletter_access":"","_jetpack_dont_email_post_to_subs":false,"_jetpack_newsletter_tier_id":0,"_jetpack_memberships_contains_paywalled_content":false,"_jetpack_memberships_contains_paid_content":false,"footnotes":""},"categories":[80,87,1032,1201,20,21,2,83],"tags":[1828,121],"class_list":["post-29290","post","type-post","status-publish","format-standard","has-post-thumbnail","hentry","category-cintillo","category-desaparecidos","category-desaparecidos-en-jalisco","category-desaparecidos-en-michoacan","category-jalisco","category-michoacan","category-noticias-nacionales","category-temas-nacionales","tag-busqueda-de-desaparecidos","tag-desaparecidos","entry"],"jetpack_featured_media_url":"https:\/\/www.grieta.org.mx\/wp-content\/uploads\/2019\/02\/07-Misa-Tala-2.jpg","jetpack_sharing_enabled":true,"jetpack_shortlink":"https:\/\/wp.me\/p7ZJR4-7Cq","jetpack_likes_enabled":false,"jetpack-related-posts":[{"id":63976,"url":"https:\/\/www.grieta.org.mx\/index.php\/2022\/04\/12\/sin-descanso-y-en-semana-santa-madres-de-desaparecidos-continuan-sus-busquedas-jalisco\/","url_meta":{"origin":29290,"position":0},"title":"Sin descanso y en Semana Santa, madres de desaparecidos contin\u00faan sus b\u00fasquedas (Jalisco)","author":"grieta","date":"12 abril, 2022","format":false,"excerpt":"Fotograf\u00eda: UdeG\/Archivo Iv\u00e1n De Le\u00f3n Mel\u00e9ndrez \/ UDGTV Guadalajara, Jalisco. Ellas no tienen vacaciones. Son las madres y familiares de desaparecidos, quienes como cada martes, a\u00fan en Semana Santa, se apostaron\u00a0en las afueras de las instalaciones del Servicio M\u00e9dico Forense\u00a0(Semefo)\u00a0en busca de respuestas.\u00a0Es Guadalupe Aguilar, fundadora del Colectivo Familiares Unidos\u2026","rel":"","context":"En &quot;CINTILLO&quot;","block_context":{"text":"CINTILLO","link":"https:\/\/www.grieta.org.mx\/index.php\/category\/cintillo\/"},"img":{"alt_text":"","src":"https:\/\/i0.wp.com\/www.grieta.org.mx\/wp-content\/uploads\/2022\/04\/Estudiantes-desaparecidos-Jalisco-UdeG-630x420-1.jpg?resize=350%2C200&ssl=1","width":350,"height":200,"srcset":"https:\/\/i0.wp.com\/www.grieta.org.mx\/wp-content\/uploads\/2022\/04\/Estudiantes-desaparecidos-Jalisco-UdeG-630x420-1.jpg?resize=350%2C200&ssl=1 1x, https:\/\/i0.wp.com\/www.grieta.org.mx\/wp-content\/uploads\/2022\/04\/Estudiantes-desaparecidos-Jalisco-UdeG-630x420-1.jpg?resize=525%2C300&ssl=1 1.5x"},"classes":[]},{"id":32605,"url":"https:\/\/www.grieta.org.mx\/index.php\/2019\/04\/26\/anuncian-nueva-caravana-de-busqueda-de-desaparecidos-en-michoacan\/","url_meta":{"origin":29290,"position":1},"title":"Anuncian nueva caravana de b\u00fasqueda de desaparecidos en Michoac\u00e1n","author":"grieta","date":"26 abril, 2019","format":false,"excerpt":"V\u00edctimas de desaparici\u00f3n forzada en Michoac\u00e1n piden justicia al gobierno federal MVS Noticias, Nora Bucio ?26\/Abr\/19 13:45 Familiares Caminando por la Justicia, anunciaron que realizar\u00e1n la V Caravana \u201cBuscando, encontraremos\u201d, la cual se realizar\u00e1 en Michoac\u00e1n, la cual pretende encontrar vivos y post mortem a personas denunciadas como desaparecidas. Evangelina\u2026","rel":"","context":"En &quot;CINTILLO&quot;","block_context":{"text":"CINTILLO","link":"https:\/\/www.grieta.org.mx\/index.php\/category\/cintillo\/"},"img":{"alt_text":"","src":"https:\/\/i0.wp.com\/www.grieta.org.mx\/wp-content\/uploads\/2019\/04\/dc3ffd0d-d5git5zx4aipsz1-1024x768.jpg?resize=350%2C200&ssl=1","width":350,"height":200,"srcset":"https:\/\/i0.wp.com\/www.grieta.org.mx\/wp-content\/uploads\/2019\/04\/dc3ffd0d-d5git5zx4aipsz1-1024x768.jpg?resize=350%2C200&ssl=1 1x, https:\/\/i0.wp.com\/www.grieta.org.mx\/wp-content\/uploads\/2019\/04\/dc3ffd0d-d5git5zx4aipsz1-1024x768.jpg?resize=525%2C300&ssl=1 1.5x, https:\/\/i0.wp.com\/www.grieta.org.mx\/wp-content\/uploads\/2019\/04\/dc3ffd0d-d5git5zx4aipsz1-1024x768.jpg?resize=700%2C400&ssl=1 2x"},"classes":[]},{"id":45603,"url":"https:\/\/www.grieta.org.mx\/index.php\/2020\/03\/04\/realizaran-jornada-de-busqueda-de-desaparecidos-en-10-municipios-de-jalisco\/","url_meta":{"origin":29290,"position":2},"title":"Realizar\u00e1n jornada de b\u00fasqueda de desaparecidos en 10 municipios de Jalisco","author":"grieta","date":"4 marzo, 2020","format":false,"excerpt":"Foto: B\u00fasqueda Nacional en Vida Redacci\u00f3n\/ Zona Docs Luego de que en el mes de diciembre de 2019 el colectivo de\u00a0B\u00fasqueda Nacional en Vida por Nuestros Desaparecidos\u00a0tuviera\u00a0que suspender sus acciones debido a que el Gobierno Federal\u00a0les negara el acompa\u00f1amiento de elementos de la Guardia Nacional para su resguardo durante las\u2026","rel":"","context":"En &quot;CINTILLO&quot;","block_context":{"text":"CINTILLO","link":"https:\/\/www.grieta.org.mx\/index.php\/category\/cintillo\/"},"img":{"alt_text":"","src":"https:\/\/i0.wp.com\/www.grieta.org.mx\/wp-content\/uploads\/2020\/03\/photo5116316071681435738-960x640.jpg?resize=350%2C200&ssl=1","width":350,"height":200,"srcset":"https:\/\/i0.wp.com\/www.grieta.org.mx\/wp-content\/uploads\/2020\/03\/photo5116316071681435738-960x640.jpg?resize=350%2C200&ssl=1 1x, https:\/\/i0.wp.com\/www.grieta.org.mx\/wp-content\/uploads\/2020\/03\/photo5116316071681435738-960x640.jpg?resize=525%2C300&ssl=1 1.5x, https:\/\/i0.wp.com\/www.grieta.org.mx\/wp-content\/uploads\/2020\/03\/photo5116316071681435738-960x640.jpg?resize=700%2C400&ssl=1 2x"},"classes":[]},{"id":61774,"url":"https:\/\/www.grieta.org.mx\/index.php\/2021\/09\/14\/realizara-colectivo-tecomense-colima-busqueda-de-desaparecidos-en-michoacan\/","url_meta":{"origin":29290,"position":3},"title":"Realizar\u00e1 colectivo tecomense (Colima) b\u00fasqueda de desaparecidos en Michoac\u00e1n","author":"grieta","date":"14 septiembre, 2021","format":false,"excerpt":"Imagen: Colectivo Solidarios de B\u00fasqueda de Personas Desaparecidas Yensuni L\u00f3pez Aldape \/ El Comentario Candelaria Huerta Pizano, representante en el estado del colectivo\u00a0Solidarios de B\u00fasqueda de Persona Desaparecidas, se\u00f1al\u00f3 que a poco menos de 2 meses de cumplir un a\u00f1o de creado, el n\u00famero de v\u00edctimas desaparecidas que est\u00e1n buscando\u2026","rel":"","context":"En &quot;CINTILLO&quot;","block_context":{"text":"CINTILLO","link":"https:\/\/www.grieta.org.mx\/index.php\/category\/cintillo\/"},"img":{"alt_text":"","src":"https:\/\/i0.wp.com\/www.grieta.org.mx\/wp-content\/uploads\/2021\/09\/9a168857263cfe222d4e3e69f34ea7b9.jpeg?resize=350%2C200&ssl=1","width":350,"height":200,"srcset":"https:\/\/i0.wp.com\/www.grieta.org.mx\/wp-content\/uploads\/2021\/09\/9a168857263cfe222d4e3e69f34ea7b9.jpeg?resize=350%2C200&ssl=1 1x, https:\/\/i0.wp.com\/www.grieta.org.mx\/wp-content\/uploads\/2021\/09\/9a168857263cfe222d4e3e69f34ea7b9.jpeg?resize=525%2C300&ssl=1 1.5x, https:\/\/i0.wp.com\/www.grieta.org.mx\/wp-content\/uploads\/2021\/09\/9a168857263cfe222d4e3e69f34ea7b9.jpeg?resize=700%2C400&ssl=1 2x"},"classes":[]},{"id":66320,"url":"https:\/\/www.grieta.org.mx\/index.php\/2023\/02\/17\/colectivos-de-busqueda-localizan-fosas-clandestinas-suman-cinco-en-lo-que-va-del-ano-jalisco\/","url_meta":{"origin":29290,"position":4},"title":"Colectivos de b\u00fasqueda localizan fosas clandestinas, suman cinco en lo que va del a\u00f1o (Jalisco)","author":"grieta","date":"17 febrero, 2023","format":false,"excerpt":"Imagen: Especial Lauro Rodr\u00edguez \/ El Diario NTR La fosa localizada en la colonia El Centinela por el colectivo Luz de Esperanza Desaparecidos Jalisco ser\u00eda la quinta en lo que va del a\u00f1o. Las otras cuatros est\u00e1n ubicadas en el municipio de Tlajomulco de Z\u00fa\u00f1iga. Las dos primeras en San\u2026","rel":"","context":"En &quot;CINTILLO&quot;","block_context":{"text":"CINTILLO","link":"https:\/\/www.grieta.org.mx\/index.php\/category\/cintillo\/"},"img":{"alt_text":"","src":"https:\/\/i0.wp.com\/www.grieta.org.mx\/wp-content\/uploads\/2023\/02\/2023-02-17_08-02-03___6146.jpg?resize=350%2C200&ssl=1","width":350,"height":200,"srcset":"https:\/\/i0.wp.com\/www.grieta.org.mx\/wp-content\/uploads\/2023\/02\/2023-02-17_08-02-03___6146.jpg?resize=350%2C200&ssl=1 1x, https:\/\/i0.wp.com\/www.grieta.org.mx\/wp-content\/uploads\/2023\/02\/2023-02-17_08-02-03___6146.jpg?resize=525%2C300&ssl=1 1.5x, https:\/\/i0.wp.com\/www.grieta.org.mx\/wp-content\/uploads\/2023\/02\/2023-02-17_08-02-03___6146.jpg?resize=700%2C400&ssl=1 2x"},"classes":[]},{"id":67620,"url":"https:\/\/www.grieta.org.mx\/index.php\/2023\/02\/18\/marchan-por-los-desaparecidos-en-pueblos-del-rincon-piden-coordinacion-con-jalisco-guanajuato\/","url_meta":{"origin":29290,"position":5},"title":"Marchan por los desaparecidos en Pueblos del Rinc\u00f3n; piden coordinaci\u00f3n con Jalisco (Guanajuato)","author":"grieta","date":"18 febrero, 2023","format":false,"excerpt":"por Jessica de la Cruz febrero 18, 2023 Zona Franca San Francisco del Rinc\u00f3n, Gto.- En los pueblos del Rinc\u00f3n tambi\u00e9n desaparecen personas, y este febrero se cumple un a\u00f1o que las hermanas Alejandra y Cristina Melendres Jim\u00e9nez (26 febrero), as\u00ed como Gustavo \u00c1ngel Estrada Hern\u00e1ndez (18 febrero) no han\u2026","rel":"","context":"En &quot;CINTILLO&quot;","block_context":{"text":"CINTILLO","link":"https:\/\/www.grieta.org.mx\/index.php\/category\/cintillo\/"},"img":{"alt_text":"","src":"https:\/\/i0.wp.com\/www.grieta.org.mx\/wp-content\/uploads\/2023\/09\/2023-02-18-14.07.25.jpg?resize=350%2C200&ssl=1","width":350,"height":200,"srcset":"https:\/\/i0.wp.com\/www.grieta.org.mx\/wp-content\/uploads\/2023\/09\/2023-02-18-14.07.25.jpg?resize=350%2C200&ssl=1 1x, https:\/\/i0.wp.com\/www.grieta.org.mx\/wp-content\/uploads\/2023\/09\/2023-02-18-14.07.25.jpg?resize=525%2C300&ssl=1 1.5x, https:\/\/i0.wp.com\/www.grieta.org.mx\/wp-content\/uploads\/2023\/09\/2023-02-18-14.07.25.jpg?resize=700%2C400&ssl=1 2x, https:\/\/i0.wp.com\/www.grieta.org.mx\/wp-content\/uploads\/2023\/09\/2023-02-18-14.07.25.jpg?resize=1050%2C600&ssl=1 3x"},"classes":[]}],"_links":{"self":[{"href":"https:\/\/www.grieta.org.mx\/index.php\/wp-json\/wp\/v2\/posts\/29290","targetHints":{"allow":["GET"]}}],"collection":[{"href":"https:\/\/www.grieta.org.mx\/index.php\/wp-json\/wp\/v2\/posts"}],"about":[{"href":"https:\/\/www.grieta.org.mx\/index.php\/wp-json\/wp\/v2\/types\/post"}],"author":[{"embeddable":true,"href":"https:\/\/www.grieta.org.mx\/index.php\/wp-json\/wp\/v2\/users\/2"}],"replies":[{"embeddable":true,"href":"https:\/\/www.grieta.org.mx\/index.php\/wp-json\/wp\/v2\/comments?post=29290"}],"version-history":[{"count":1,"href":"https:\/\/www.grieta.org.mx\/index.php\/wp-json\/wp\/v2\/posts\/29290\/revisions"}],"predecessor-version":[{"id":29295,"href":"https:\/\/www.grieta.org.mx\/index.php\/wp-json\/wp\/v2\/posts\/29290\/revisions\/29295"}],"wp:featuredmedia":[{"embeddable":true,"href":"https:\/\/www.grieta.org.mx\/index.php\/wp-json\/wp\/v2\/media\/29293"}],"wp:attachment":[{"href":"https:\/\/www.grieta.org.mx\/index.php\/wp-json\/wp\/v2\/media?parent=29290"}],"wp:term":[{"taxonomy":"category","embeddable":true,"href":"https:\/\/www.grieta.org.mx\/index.php\/wp-json\/wp\/v2\/categories?post=29290"},{"taxonomy":"post_tag","embeddable":true,"href":"https:\/\/www.grieta.org.mx\/index.php\/wp-json\/wp\/v2\/tags?post=29290"}],"curies":[{"name":"wp","href":"https:\/\/api.w.org\/{rel}","templated":true}]}}