{"id":29154,"date":"2019-02-13T17:04:42","date_gmt":"2019-02-13T23:04:42","guid":{"rendered":"http:\/\/www.grieta.org.mx\/?p=29154"},"modified":"2019-02-18T17:16:56","modified_gmt":"2019-02-18T23:16:56","slug":"van-por-amparo-502-estancias-infantiles-en-puebla-contra-gobierno-federal","status":"publish","type":"post","link":"https:\/\/www.grieta.org.mx\/index.php\/2019\/02\/13\/van-por-amparo-502-estancias-infantiles-en-puebla-contra-gobierno-federal\/","title":{"rendered":"Van por amparo 502 estancias infantiles en Puebla contra gobierno federal"},"content":{"rendered":"<p><img loading=\"lazy\" decoding=\"async\" data-attachment-id=\"29155\" data-permalink=\"https:\/\/www.grieta.org.mx\/index.php\/2019\/02\/13\/van-por-amparo-502-estancias-infantiles-en-puebla-contra-gobierno-federal\/whatsapp-image-2019-02-12-at-12-46-22-860x645\/\" data-orig-file=\"https:\/\/www.grieta.org.mx\/wp-content\/uploads\/2019\/02\/WhatsApp-Image-2019-02-12-at-12.46.22-860x645.jpg\" data-orig-size=\"860,645\" data-comments-opened=\"0\" data-image-meta=\"{&quot;aperture&quot;:&quot;0&quot;,&quot;credit&quot;:&quot;&quot;,&quot;camera&quot;:&quot;&quot;,&quot;caption&quot;:&quot;&quot;,&quot;created_timestamp&quot;:&quot;0&quot;,&quot;copyright&quot;:&quot;&quot;,&quot;focal_length&quot;:&quot;0&quot;,&quot;iso&quot;:&quot;0&quot;,&quot;shutter_speed&quot;:&quot;0&quot;,&quot;title&quot;:&quot;&quot;,&quot;orientation&quot;:&quot;0&quot;}\" data-image-title=\"WhatsApp-Image-2019-02-12-at-12.46.22-860&amp;#215;645\" data-image-description=\"\" data-image-caption=\"\" data-medium-file=\"https:\/\/www.grieta.org.mx\/wp-content\/uploads\/2019\/02\/WhatsApp-Image-2019-02-12-at-12.46.22-860x645-300x225.jpg\" data-large-file=\"https:\/\/www.grieta.org.mx\/wp-content\/uploads\/2019\/02\/WhatsApp-Image-2019-02-12-at-12.46.22-860x645.jpg\" src=\"http:\/\/www.grieta.org.mx\/wp-content\/uploads\/2019\/02\/WhatsApp-Image-2019-02-12-at-12.46.22-860x645.jpg\" alt=\"\" width=\"702\" height=\"468\" class=\"aligncenter size-full wp-image-29155\" \/><\/p>\n<p>POR YADIRA LLAVEN ANZURES \/ e- consulta<\/p>\n<p>Representantes de 502 estancias infantiles en el estado de Puebla anunciaron este martes que interpondr\u00e1n un amparo contra el intento de desaparici\u00f3n de este programa social que depende de la Secretar\u00eda de Bienestar, como parte del recorte presupuestal anunciado por el gobierno de Andr\u00e9s Manuel L\u00f3pez Obrador.<br \/>\nAsimismo, demandaron di\u00e1logo directo con el delegado de Gobernaci\u00f3n, Rodrigo Abdal\u00e1, debido a que desde el mes de enero no reciben el subsidio federal que afecta a 15 mil ni\u00f1os en la entidad.<br \/>\nEn rueda de prensa, arguyeron que en Puebla no est\u00e1n dispuestas a permitir el cierre de las estancias porque en otros estados hallaron inmuebles \u201cfantasmas\u201d o donde inflaban el padr\u00f3n de menores beneficiados.<\/p>\n<p>\u201cNos duele lo que est\u00e1 pasando porque muchos ni\u00f1os se van a quedar en casa o en la calle, trabajando con sus madres, est\u00e1n tocando la parte m\u00e1s vulnerable del pa\u00eds. Hay peque\u00f1os que ni siquiera padres tienen, que dependen de las abuelas que ahora trabajan, y a veces llegan a caer hasta con los t\u00edos aunque hayan denuncias de abusos y violaci\u00f3n\u201d, reclamaron.<br \/>\nEn ese sentido, hicieron un llamado al gobierno de Andr\u00e9s Manuel L\u00f3pez Obrador para que no deje en el desamparo ni pongan en riesgo a miles de ni\u00f1os en Puebla y el pa\u00eds.<br \/>\nLas declarantes advirtieron a gracias a la labor de las estancias infantiles lograron detectar en algunos menores desde abusos sexuales hasta lesiones por golpes.<br \/>\nPor esta raz\u00f3n, dijeron que en esta importante etapa de la primera infancia, donde se desarrollan habilidades pero tambi\u00e9n se detectan alteraciones en su desarrollo y discapacidad.<br \/>\nUna de las directoras explic\u00f3 que el costo total del servicio otorgado por estancia infantil oscila en los mil 550 pesos mensuales por ni\u00f1o, de los cuales 950 pesos subsidia el gobierno federal y los 600 pesos restantes es pagado por los padres de familia.<br \/>\nExplic\u00f3 que si la cifra de los mil 500 pesos se dividen en 30 d\u00edas da un costo aproximado por ni\u00f1o de 51 pesos diarios.<br \/>\nCon este recurso, precis\u00f3, se cubre un desayuno con valor de 15 pesos, una comida, con el mismo costo, y una colaci\u00f3n balanceada y regulada por el DIF Nacional. Mientras que las asistentes educativas perciben un salario de 15 pesos diarios por ni\u00f1o, que en total suman 45 pesos.<br \/>\nRevel\u00f3 que a los 51 pesos que paga cada ni\u00f1o se le reducen los 45 pesos, solamente le quedan 6 pesos a las estancias para pagar luz, gas, impuestos y otros servicios.<br \/>\n\u201cNo nos estamos enriqueciendo, estamos cumpliendo con un trabajo, hoy que se ha reducido el apoyo del gobierno federal, qu\u00e9 es lo que vamos a sacrificar en el ni\u00f1o, la alimentaci\u00f3n, la atenci\u00f3n\u201d.<br \/>\nOtra se\u00f1al\u00f3 que las estancias infantiles \u201cno son de izquierda ni de derecha, tan solo somos el medio por el cual nuestros ni\u00f1os y ni\u00f1as pueden tener acceso a un lugar seguro, higi\u00e9nico y de calidad, con calidez humana\u201d.<br \/>\nRemat\u00f3 que nunca han hecho proselitismo \u201cporque la ni\u00f1ez no tiene colores, la ni\u00f1ez es de colores\u201d.<br \/>\nLas directoras argumentaron que con este recorte presupuestal se violenta los derechos de los ni\u00f1os a una convivencia sana.<br \/>\nAl final, la abogada Patricia Barroeta inform\u00f3 que las instancias infantiles en Puebla han cumplido con la normatividad y tienen un inter\u00e9s leg\u00edtimo que han adquirido a trav\u00e9s de los ni\u00f1os.<br \/>\n\u201cLo que procede conforme a derecho es un amparo en otras instancias, aunque en las nuevas tendencias se busca la mediaci\u00f3n y aqu\u00ed se trata de resolver un problema y no hacerlo m\u00e1s grande, se busca el beneficio de los menores conforme a la normatividad jur\u00eddica\u201d, concluy\u00f3.<\/p>\n<p><a href=\"http:\/\/www.m.e-consulta.com\/medios-externos\/2019-02-13\/van-por-amparo-502-estancias-infantiles-en-puebla-contra-gobierno-federal\">http:\/\/www.m.e-consulta.com\/medios-externos\/2019-02-13\/van-por-amparo-502-estancias-infantiles-en-puebla-contra-gobierno-federal<\/a><\/p>\n","protected":false},"excerpt":{"rendered":"<p>POR YADIRA LLAVEN ANZURES \/ e- consulta Representantes de 502 estancias infantiles en el estado de Puebla anunciaron este martes que interpondr\u00e1n un amparo contra el intento de desaparici\u00f3n de &hellip; <a href=\"https:\/\/www.grieta.org.mx\/index.php\/2019\/02\/13\/van-por-amparo-502-estancias-infantiles-en-puebla-contra-gobierno-federal\/\" class=\"more-link\">Leer m\u00e1s<\/a><\/p>\n","protected":false},"author":2,"featured_media":29155,"comment_status":"closed","ping_status":"closed","sticky":false,"template":"","format":"standard","meta":{"ngg_post_thumbnail":0,"_jetpack_newsletter_access":"","_jetpack_dont_email_post_to_subs":false,"_jetpack_newsletter_tier_id":0,"_jetpack_memberships_contains_paywalled_content":false,"_jetpack_memberships_contains_paid_content":false,"footnotes":""},"categories":[80,916,910,2123,2,26,83],"tags":[1290],"class_list":["post-29154","post","type-post","status-publish","format-standard","has-post-thumbnail","hentry","category-cintillo","category-privatizacion-del-la-educacion-publica","category-explotacion-y-precariedad-laboral","category-explotacion-y-precariedad-laboral-en-puebla","category-noticias-nacionales","category-puebla","category-temas-nacionales","tag-precariedad-laboral","entry"],"jetpack_featured_media_url":"https:\/\/www.grieta.org.mx\/wp-content\/uploads\/2019\/02\/WhatsApp-Image-2019-02-12-at-12.46.22-860x645.jpg","jetpack_sharing_enabled":true,"jetpack_shortlink":"https:\/\/wp.me\/p7ZJR4-7Ae","jetpack_likes_enabled":false,"jetpack-related-posts":[{"id":71973,"url":"https:\/\/www.grieta.org.mx\/index.php\/2025\/07\/09\/paro-laboral-en-alpura-por-presuntos-abusos-trabajadores-denuncian-violaciones-a-derechos\/","url_meta":{"origin":29154,"position":0},"title":"Paro laboral en Alpura por presuntos abusos; trabajadores denuncian violaciones a derechos","author":"grieta","date":"9 julio, 2025","format":false,"excerpt":"Redacci\u00f3n Fortuna y poder En Puebla iniciar\u00edan huelga el 4 de agosto de no llegar a acuerdos con la empresa Trabajadores de la empresa\u00a0Alpura\u00a0llevaron a cabo un\u00a0paro de labores\u00a0en varias de las plantas productoras de la compa\u00f1\u00eda. En Cuautitl\u00e1n Izcalli y Los Reyes La Paz (Estado de M\u00e9xico), as\u00ed como\u2026","rel":"","context":"En &quot;CINTILLO&quot;","block_context":{"text":"CINTILLO","link":"https:\/\/www.grieta.org.mx\/index.php\/category\/cintillo\/"},"img":{"alt_text":"","src":"https:\/\/i0.wp.com\/www.grieta.org.mx\/wp-content\/uploads\/2025\/07\/Captura-de-pantalla-2025-07-09-000854.png?resize=350%2C200&ssl=1","width":350,"height":200,"srcset":"https:\/\/i0.wp.com\/www.grieta.org.mx\/wp-content\/uploads\/2025\/07\/Captura-de-pantalla-2025-07-09-000854.png?resize=350%2C200&ssl=1 1x, https:\/\/i0.wp.com\/www.grieta.org.mx\/wp-content\/uploads\/2025\/07\/Captura-de-pantalla-2025-07-09-000854.png?resize=525%2C300&ssl=1 1.5x, https:\/\/i0.wp.com\/www.grieta.org.mx\/wp-content\/uploads\/2025\/07\/Captura-de-pantalla-2025-07-09-000854.png?resize=700%2C400&ssl=1 2x"},"classes":[]},{"id":58034,"url":"https:\/\/www.grieta.org.mx\/index.php\/2021\/03\/26\/se-manifiestan-trabajadores-de-centros-infantiles-por-falta-de-pago-frente-a-palacio-de-gobierno-nayarit\/","url_meta":{"origin":29154,"position":1},"title":"Se manifiestan trabajadores de centros infantiles por falta de pago frente a Palacio de Gobierno (Nayarit)","author":"grieta","date":"26 marzo, 2021","format":false,"excerpt":"Foto: El Sol de Nayarit Redacci\u00f3n \/ El Sol de Nayarit Se manifestaron esta ma\u00f1ana trabajadores de estancias infantiles en la Plaza Bicentenario frente a Palacio de Gobierno, en la capital nayarita, para exigir el pago a maestros, maestras y administrativos. Jaime Cervantes Rivera, director General del Sistema Educativo Paulo\u2026","rel":"","context":"En &quot;CINTILLO&quot;","block_context":{"text":"CINTILLO","link":"https:\/\/www.grieta.org.mx\/index.php\/category\/cintillo\/"},"img":{"alt_text":"","src":"https:\/\/i0.wp.com\/www.grieta.org.mx\/wp-content\/uploads\/2021\/03\/temp_nota_01_76375_17_20210326193014_117whatsapp_image_2021-03-26_at_11.57.05_am.jpeg?resize=350%2C200&ssl=1","width":350,"height":200,"srcset":"https:\/\/i0.wp.com\/www.grieta.org.mx\/wp-content\/uploads\/2021\/03\/temp_nota_01_76375_17_20210326193014_117whatsapp_image_2021-03-26_at_11.57.05_am.jpeg?resize=350%2C200&ssl=1 1x, https:\/\/i0.wp.com\/www.grieta.org.mx\/wp-content\/uploads\/2021\/03\/temp_nota_01_76375_17_20210326193014_117whatsapp_image_2021-03-26_at_11.57.05_am.jpeg?resize=525%2C300&ssl=1 1.5x"},"classes":[]},{"id":33506,"url":"https:\/\/www.grieta.org.mx\/index.php\/2019\/05\/13\/estancias-infantiles-lenta-agonia-san-luis-potosi\/","url_meta":{"origin":29154,"position":2},"title":"Estancias Infantiles, lenta agon\u00eda (San Luis Potos\u00ed)","author":"grieta","date":"13 mayo, 2019","format":false,"excerpt":"Lilia Quevedo \/ Plano Informativo Establecimientos que recib\u00edan becas de SEDESOL, resienten una deserci\u00f3n de hasta 50% San Luis Potos\u00ed no corri\u00f3 con la misma suerte que otros estados, luego de que el 22 de marzo se interpusieran amparos por parte de 102 estancias infantiles. Jueces de otros estados ordenaron\u2026","rel":"","context":"En &quot;CINTILLO&quot;","block_context":{"text":"CINTILLO","link":"https:\/\/www.grieta.org.mx\/index.php\/category\/cintillo\/"},"img":{"alt_text":"","src":"https:\/\/i0.wp.com\/www.grieta.org.mx\/wp-content\/uploads\/2019\/05\/Estancias-Infantiles-lenta-agon%C3%ADa-slp-may.jpg?resize=350%2C200&ssl=1","width":350,"height":200,"srcset":"https:\/\/i0.wp.com\/www.grieta.org.mx\/wp-content\/uploads\/2019\/05\/Estancias-Infantiles-lenta-agon%C3%ADa-slp-may.jpg?resize=350%2C200&ssl=1 1x, https:\/\/i0.wp.com\/www.grieta.org.mx\/wp-content\/uploads\/2019\/05\/Estancias-Infantiles-lenta-agon%C3%ADa-slp-may.jpg?resize=525%2C300&ssl=1 1.5x, https:\/\/i0.wp.com\/www.grieta.org.mx\/wp-content\/uploads\/2019\/05\/Estancias-Infantiles-lenta-agon%C3%ADa-slp-may.jpg?resize=700%2C400&ssl=1 2x"},"classes":[]},{"id":36050,"url":"https:\/\/www.grieta.org.mx\/index.php\/2019\/07\/03\/paran-labores-en-servicios-publicos-denuncian-acoso-laboral-del-gobierno-de-claudia-rivera-vivanco\/","url_meta":{"origin":29154,"position":3},"title":"Paran labores en servicios p\u00fablicos: denuncian acoso laboral del gobierno de Claudia Rivera Vivanco (Puebla)","author":"Admin","date":"3 julio, 2019","format":false,"excerpt":"Yadira Llaven Anzures \/ LA JORNADA DE ORIENTE Personal sindicalizado del \u00e1rea de servicios p\u00fablicos del ayuntamiento de Puebla efectu\u00f3 este martes un paro de labores en demanda de mejores condiciones de trabajo, y para denunciar acoso laboral por parte del gobierno de Claudia Rivera Vivanco. Los inconformes del Departamento\u2026","rel":"","context":"En &quot;CINTILLO&quot;","block_context":{"text":"CINTILLO","link":"https:\/\/www.grieta.org.mx\/index.php\/category\/cintillo\/"},"img":{"alt_text":"","src":"https:\/\/i0.wp.com\/www.grieta.org.mx\/wp-content\/uploads\/2019\/07\/6098-extra-03a.jpg?resize=350%2C200&ssl=1","width":350,"height":200,"srcset":"https:\/\/i0.wp.com\/www.grieta.org.mx\/wp-content\/uploads\/2019\/07\/6098-extra-03a.jpg?resize=350%2C200&ssl=1 1x, https:\/\/i0.wp.com\/www.grieta.org.mx\/wp-content\/uploads\/2019\/07\/6098-extra-03a.jpg?resize=525%2C300&ssl=1 1.5x, https:\/\/i0.wp.com\/www.grieta.org.mx\/wp-content\/uploads\/2019\/07\/6098-extra-03a.jpg?resize=700%2C400&ssl=1 2x, https:\/\/i0.wp.com\/www.grieta.org.mx\/wp-content\/uploads\/2019\/07\/6098-extra-03a.jpg?resize=1050%2C600&ssl=1 3x"},"classes":[]},{"id":28967,"url":"https:\/\/www.grieta.org.mx\/index.php\/2019\/02\/14\/protestan-maestras-afuera-de-congreso-por-cancelacion-de-apoyos-a-estancias-infantiles-nuevo-leon\/","url_meta":{"origin":29154,"position":4},"title":"Protestan maestras afuera de Congreso por cancelaci\u00f3n de apoyos a estancias infantiles (Nuevo Le\u00f3n)","author":"grieta","date":"14 febrero, 2019","format":false,"excerpt":"Guadalupe S\u00e1nchez \/ Multimedios Las trabajadores de estancias infantiles aseguraron que han sido calumniadas e hicieron un llamado para continuar con el servicio en las 211 estancias infantiles de la entidad. MONTERREY.- Un grupo de maestras y madres de familia de diferentes estancias infantiles protestaron en forma pac\u00edfica afuera del\u2026","rel":"","context":"En &quot;CINTILLO&quot;","block_context":{"text":"CINTILLO","link":"https:\/\/www.grieta.org.mx\/index.php\/category\/cintillo\/"},"img":{"alt_text":"","src":"https:\/\/i0.wp.com\/www.grieta.org.mx\/wp-content\/uploads\/2019\/02\/Protestan-maestras-afuera-de-Congreso-por-cancelaci%C3%B3n-de-apoyos-a-estancias-infantiles-nl-feb.jpeg?resize=350%2C200&ssl=1","width":350,"height":200,"srcset":"https:\/\/i0.wp.com\/www.grieta.org.mx\/wp-content\/uploads\/2019\/02\/Protestan-maestras-afuera-de-Congreso-por-cancelaci%C3%B3n-de-apoyos-a-estancias-infantiles-nl-feb.jpeg?resize=350%2C200&ssl=1 1x, https:\/\/i0.wp.com\/www.grieta.org.mx\/wp-content\/uploads\/2019\/02\/Protestan-maestras-afuera-de-Congreso-por-cancelaci%C3%B3n-de-apoyos-a-estancias-infantiles-nl-feb.jpeg?resize=525%2C300&ssl=1 1.5x, https:\/\/i0.wp.com\/www.grieta.org.mx\/wp-content\/uploads\/2019\/02\/Protestan-maestras-afuera-de-Congreso-por-cancelaci%C3%B3n-de-apoyos-a-estancias-infantiles-nl-feb.jpeg?resize=700%2C400&ssl=1 2x"},"classes":[]},{"id":48366,"url":"https:\/\/www.grieta.org.mx\/index.php\/2020\/04\/05\/despide-fabrica-a-todos-sus-trabajadores-en-plena-emergencia-sanitaria-por-coronavirus-puebla\/","url_meta":{"origin":29154,"position":5},"title":"Despide f\u00e1brica a todos sus trabajadores en plena emergencia sanitaria por coronavirus (Puebla)","author":"Admin","date":"5 abril, 2020","format":false,"excerpt":"Trabajadores con m\u00e1s de 10 a\u00f1os de antig\u00fcedad aseguran que s\u00f3lo los quieren liquidar con 10 mil pesos Alba Espejel \/ El Sol de Puebla La ma\u00f1ana de este 4 de abril la empresa Lorpen M\u00e9xico despidi\u00f3 injustificadamente a sus 32 trabajadores, argumentando bajas ventas a ra\u00edz del coronavirus. La\u2026","rel":"","context":"En &quot;CINTILLO&quot;","block_context":{"text":"CINTILLO","link":"https:\/\/www.grieta.org.mx\/index.php\/category\/cintillo\/"},"img":{"alt_text":"","src":"https:\/\/i0.wp.com\/www.grieta.org.mx\/wp-content\/uploads\/2020\/04\/Lorpen_CMYK.jpg?resize=350%2C200&ssl=1","width":350,"height":200,"srcset":"https:\/\/i0.wp.com\/www.grieta.org.mx\/wp-content\/uploads\/2020\/04\/Lorpen_CMYK.jpg?resize=350%2C200&ssl=1 1x, https:\/\/i0.wp.com\/www.grieta.org.mx\/wp-content\/uploads\/2020\/04\/Lorpen_CMYK.jpg?resize=525%2C300&ssl=1 1.5x, https:\/\/i0.wp.com\/www.grieta.org.mx\/wp-content\/uploads\/2020\/04\/Lorpen_CMYK.jpg?resize=700%2C400&ssl=1 2x"},"classes":[]}],"_links":{"self":[{"href":"https:\/\/www.grieta.org.mx\/index.php\/wp-json\/wp\/v2\/posts\/29154","targetHints":{"allow":["GET"]}}],"collection":[{"href":"https:\/\/www.grieta.org.mx\/index.php\/wp-json\/wp\/v2\/posts"}],"about":[{"href":"https:\/\/www.grieta.org.mx\/index.php\/wp-json\/wp\/v2\/types\/post"}],"author":[{"embeddable":true,"href":"https:\/\/www.grieta.org.mx\/index.php\/wp-json\/wp\/v2\/users\/2"}],"replies":[{"embeddable":true,"href":"https:\/\/www.grieta.org.mx\/index.php\/wp-json\/wp\/v2\/comments?post=29154"}],"version-history":[{"count":1,"href":"https:\/\/www.grieta.org.mx\/index.php\/wp-json\/wp\/v2\/posts\/29154\/revisions"}],"predecessor-version":[{"id":29156,"href":"https:\/\/www.grieta.org.mx\/index.php\/wp-json\/wp\/v2\/posts\/29154\/revisions\/29156"}],"wp:featuredmedia":[{"embeddable":true,"href":"https:\/\/www.grieta.org.mx\/index.php\/wp-json\/wp\/v2\/media\/29155"}],"wp:attachment":[{"href":"https:\/\/www.grieta.org.mx\/index.php\/wp-json\/wp\/v2\/media?parent=29154"}],"wp:term":[{"taxonomy":"category","embeddable":true,"href":"https:\/\/www.grieta.org.mx\/index.php\/wp-json\/wp\/v2\/categories?post=29154"},{"taxonomy":"post_tag","embeddable":true,"href":"https:\/\/www.grieta.org.mx\/index.php\/wp-json\/wp\/v2\/tags?post=29154"}],"curies":[{"name":"wp","href":"https:\/\/api.w.org\/{rel}","templated":true}]}}