{"id":29151,"date":"2019-02-11T16:59:14","date_gmt":"2019-02-11T22:59:14","guid":{"rendered":"http:\/\/www.grieta.org.mx\/?p=29151"},"modified":"2019-02-18T17:03:37","modified_gmt":"2019-02-18T23:03:37","slug":"protestan-en-hospitales-de-puebla-por-falta-de-pagos-e-insumos","status":"publish","type":"post","link":"https:\/\/www.grieta.org.mx\/index.php\/2019\/02\/11\/protestan-en-hospitales-de-puebla-por-falta-de-pagos-e-insumos\/","title":{"rendered":"Protestan en hospitales de Puebla por falta de pagos e insumos"},"content":{"rendered":"<p><img loading=\"lazy\" decoding=\"async\" data-attachment-id=\"29152\" data-permalink=\"https:\/\/www.grieta.org.mx\/index.php\/2019\/02\/11\/protestan-en-hospitales-de-puebla-por-falta-de-pagos-e-insumos\/cuatrillizas_0\/\" data-orig-file=\"https:\/\/www.grieta.org.mx\/wp-content\/uploads\/2019\/02\/cuatrillizas_0.jpg\" data-orig-size=\"640,426\" data-comments-opened=\"0\" data-image-meta=\"{&quot;aperture&quot;:&quot;0&quot;,&quot;credit&quot;:&quot;&quot;,&quot;camera&quot;:&quot;&quot;,&quot;caption&quot;:&quot;&quot;,&quot;created_timestamp&quot;:&quot;1525369830&quot;,&quot;copyright&quot;:&quot;&quot;,&quot;focal_length&quot;:&quot;0&quot;,&quot;iso&quot;:&quot;0&quot;,&quot;shutter_speed&quot;:&quot;0&quot;,&quot;title&quot;:&quot;&quot;,&quot;orientation&quot;:&quot;0&quot;}\" data-image-title=\"cuatrillizas_0\" data-image-description=\"\" data-image-caption=\"\" data-medium-file=\"https:\/\/www.grieta.org.mx\/wp-content\/uploads\/2019\/02\/cuatrillizas_0-300x200.jpg\" data-large-file=\"https:\/\/www.grieta.org.mx\/wp-content\/uploads\/2019\/02\/cuatrillizas_0.jpg\" src=\"http:\/\/www.grieta.org.mx\/wp-content\/uploads\/2019\/02\/cuatrillizas_0.jpg\" alt=\"\" width=\"640\" height=\"426\" class=\"aligncenter size-full wp-image-29152\" srcset=\"https:\/\/www.grieta.org.mx\/wp-content\/uploads\/2019\/02\/cuatrillizas_0.jpg 640w, https:\/\/www.grieta.org.mx\/wp-content\/uploads\/2019\/02\/cuatrillizas_0-300x200.jpg 300w\" sizes=\"auto, (max-width: 640px) 100vw, 640px\" \/><\/p>\n<p>Laura Ruiz \/ e- consulta<\/p>\n<p>Hospitales del sector p\u00fablico de  la capital y el interior del estado registraron esta ma\u00f1ana manifestaciones de trabajadores afiliados a la Secci\u00f3n 25 del Sindicato Nacional de Trabajadores de la Salud (SNTSA).<\/p>\n<p>De acuerdo con los inconformes les adeudan el pago de un bono sexenal, los nosocomios operan sin las condiciones necesarias y los reclamos por las deficiencias les han costado sanciones laborales.<\/p>\n<p>Un ejemplo de ello, detall\u00f3 la dirigente Patricia Parra Maldonado, fue el de un grupo de enfermeras del Hospital de la Mujer, a quienes, tras manifestar sus inconformidades las cambiaron de \u00e1rea a pesar de estar calificadas como enfermeras quir\u00fargicas. <\/p>\n<p>En este mismo nosocomio el personal detall\u00f3 en un comunicado que tambi\u00e9n son necesarias acciones para combatir la fauna nociva e incrementar la plantilla laboral tanto en el personal de limpieza, como en el de enfermer\u00eda y recursos humanos que trabaja por la noche.<\/p>\n<p>Las deficiencias, agreg\u00f3 la dirigente, se registran en todo el estado y aunque manifestaron sus quejas ante autoridades desde el a\u00f1o pasado no han recibido respuesta y ahora esperan di\u00e1logo con el gobernador Guillermo Pacheco Pulido.<\/p>\n<p>A estas situaciones, agrego se suman otras que ya hab\u00edan denunciado en agosto y que se relacionan con las condiciones de inseguridad bajo las cuales trabajan en municipios con presencia del crimen organizado.<\/p>\n<p>Adem\u00e1s del Hospital de la Mujer se registraron protestas en el Hospital General del Norte en la capital poblana, as\u00ed como los de Ciudad Serd\u00e1n y Acatl\u00e1n de Osorio.<\/p>\n<p>Tras las manifestaciones la Secretar\u00eda de Salud del estado emiti\u00f3 un comunicado en el que inform\u00f3 que los servicios est\u00e1n garantizados y que ya  se establecen acercamientos con representantes sindicales.<\/p>\n<p><a href=\"http:\/\/www.m.e-consulta.com\/nota\/2019-02-11\/salud\/protestan-en-hospitales-de-puebla-por-falta-de-pagos-e-insumos\">http:\/\/www.m.e-consulta.com\/nota\/2019-02-11\/salud\/protestan-en-hospitales-de-puebla-por-falta-de-pagos-e-insumos<\/a><\/p>\n","protected":false},"excerpt":{"rendered":"<p>Laura Ruiz \/ e- consulta Hospitales del sector p\u00fablico de la capital y el interior del estado registraron esta ma\u00f1ana manifestaciones de trabajadores afiliados a la Secci\u00f3n 25 del Sindicato &hellip; <a href=\"https:\/\/www.grieta.org.mx\/index.php\/2019\/02\/11\/protestan-en-hospitales-de-puebla-por-falta-de-pagos-e-insumos\/\" class=\"more-link\">Leer m\u00e1s<\/a><\/p>\n","protected":false},"author":2,"featured_media":29152,"comment_status":"closed","ping_status":"closed","sticky":false,"template":"","format":"standard","meta":{"ngg_post_thumbnail":0,"_jetpack_newsletter_access":"","_jetpack_dont_email_post_to_subs":false,"_jetpack_newsletter_tier_id":0,"_jetpack_memberships_contains_paywalled_content":false,"_jetpack_memberships_contains_paid_content":false,"footnotes":""},"categories":[80,1247,910,2,26],"tags":[1459,893],"class_list":["post-29151","post","type-post","status-publish","format-standard","has-post-thumbnail","hentry","category-cintillo","category-movilizaciones-contra-reforma-al-sector-y-privatizacion-de-la-salud-en-puebla","category-explotacion-y-precariedad-laboral","category-noticias-nacionales","category-puebla","tag-crisis-sector-salud","tag-privatizacion-de-la-salud","entry"],"jetpack_featured_media_url":"https:\/\/www.grieta.org.mx\/wp-content\/uploads\/2019\/02\/cuatrillizas_0.jpg","jetpack_sharing_enabled":true,"jetpack_shortlink":"https:\/\/wp.me\/p7ZJR4-7Ab","jetpack_likes_enabled":false,"jetpack-related-posts":[{"id":47434,"url":"https:\/\/www.grieta.org.mx\/index.php\/2020\/03\/23\/trabajadores-del-sector-salud-protestan-en-puebla-y-veracruz\/","url_meta":{"origin":29151,"position":0},"title":"Trabajadores del sector salud protestan en Puebla y Veracruz","author":"Admin","date":"23 marzo, 2020","format":false,"excerpt":"Edgar \u00c1vila \/ El Universal En dos estados trabajadores del sector salud se manifiestan en el marco de la epidemia de coronavirus o Covid-19.Protestan en Puebla Trabajadores del sector salud de Puebla se manifestaron en distintos hospitales y cl\u00ednicas para exigir medidas adecuadas para enfrentar la pandemia del coronavirus. En\u2026","rel":"","context":"En &quot;CINTILLO&quot;","block_context":{"text":"CINTILLO","link":"https:\/\/www.grieta.org.mx\/index.php\/category\/cintillo\/"},"img":{"alt_text":"","src":"https:\/\/i0.wp.com\/www.grieta.org.mx\/wp-content\/uploads\/2020\/04\/Captura-de-pantalla-2020-04-08-a-las-10.55.53-a.m..png?resize=350%2C200&ssl=1","width":350,"height":200,"srcset":"https:\/\/i0.wp.com\/www.grieta.org.mx\/wp-content\/uploads\/2020\/04\/Captura-de-pantalla-2020-04-08-a-las-10.55.53-a.m..png?resize=350%2C200&ssl=1 1x, https:\/\/i0.wp.com\/www.grieta.org.mx\/wp-content\/uploads\/2020\/04\/Captura-de-pantalla-2020-04-08-a-las-10.55.53-a.m..png?resize=525%2C300&ssl=1 1.5x"},"classes":[]},{"id":56824,"url":"https:\/\/www.grieta.org.mx\/index.php\/2021\/01\/29\/soy-trabajador-del-imss-puebla-y-no-me-han-vacunado\/","url_meta":{"origin":29151,"position":1},"title":"&#8220;Soy trabajador del IMSS-Puebla y no me han vacunado&#8221;","author":"Admin","date":"29 enero, 2021","format":false,"excerpt":"Gabriela Hern\u00e1ndez \/ Proceso PUEBLA, Pue. (apro).- Trabajadores del Hospital de Traumatolog\u00eda y Ortopedia de esta capital, as\u00ed como de las cl\u00ednicas 9 y 30 de Tehuac\u00e1n, pertenecientes al Instituto Mexicano del Seguro Social (IMSS), realizaron hoy una manifestaci\u00f3n virtual porque no fueron incluidos en la primera fase de vacunaci\u00f3n\u2026","rel":"","context":"En &quot;CINTILLO&quot;","block_context":{"text":"CINTILLO","link":"https:\/\/www.grieta.org.mx\/index.php\/category\/cintillo\/"},"img":{"alt_text":"","src":"https:\/\/i0.wp.com\/www.grieta.org.mx\/wp-content\/uploads\/2021\/02\/f800x450-129272_180718_5050.jpg?resize=350%2C200&ssl=1","width":350,"height":200,"srcset":"https:\/\/i0.wp.com\/www.grieta.org.mx\/wp-content\/uploads\/2021\/02\/f800x450-129272_180718_5050.jpg?resize=350%2C200&ssl=1 1x, https:\/\/i0.wp.com\/www.grieta.org.mx\/wp-content\/uploads\/2021\/02\/f800x450-129272_180718_5050.jpg?resize=525%2C300&ssl=1 1.5x, https:\/\/i0.wp.com\/www.grieta.org.mx\/wp-content\/uploads\/2021\/02\/f800x450-129272_180718_5050.jpg?resize=700%2C400&ssl=1 2x"},"classes":[]},{"id":50077,"url":"https:\/\/www.grieta.org.mx\/index.php\/2020\/05\/19\/trabajadores-de-la-salud-uno-de-cada-cinco-contagiados-por-covid-19-en-puebla\/","url_meta":{"origin":29151,"position":2},"title":"Trabajadores de la salud, uno de cada cinco contagiados por covid-19 en Puebla","author":"Admin","date":"19 mayo, 2020","format":false,"excerpt":"Gabriela Hern\u00e1ndez \/ Proceso PUEBLA, Pue. (apro).- Uno de cada cinco contagios registrados en Puebla por covid-19 es de trabajadores del sector salud, report\u00f3 Fernando Huerta Romano, subsecretario de Vigilancia Epidemiol\u00f3gica. El funcionario indic\u00f3 que 18% del total de los mil 474 casos positivos registrados al 18 de mayo en\u2026","rel":"","context":"En &quot;CINTILLO&quot;","block_context":{"text":"CINTILLO","link":"https:\/\/www.grieta.org.mx\/index.php\/category\/cintillo\/"},"img":{"alt_text":"","src":"https:\/\/i0.wp.com\/www.grieta.org.mx\/wp-content\/uploads\/2020\/05\/puebla-870x522.jpg?resize=350%2C200&ssl=1","width":350,"height":200,"srcset":"https:\/\/i0.wp.com\/www.grieta.org.mx\/wp-content\/uploads\/2020\/05\/puebla-870x522.jpg?resize=350%2C200&ssl=1 1x, https:\/\/i0.wp.com\/www.grieta.org.mx\/wp-content\/uploads\/2020\/05\/puebla-870x522.jpg?resize=525%2C300&ssl=1 1.5x, https:\/\/i0.wp.com\/www.grieta.org.mx\/wp-content\/uploads\/2020\/05\/puebla-870x522.jpg?resize=700%2C400&ssl=1 2x"},"classes":[]},{"id":33086,"url":"https:\/\/www.grieta.org.mx\/index.php\/2019\/05\/01\/trabajadores-marchan-en-demandas-de-mejoras-de-hospitales-del-imss-nayarit\/","url_meta":{"origin":29151,"position":3},"title":"Trabajadores marchan en demandas de mejoras de hospitales del IMSS (Jalisco)","author":"grieta","date":"1 mayo, 2019","format":false,"excerpt":"Oseas Lorenzo Bravo \/ Noticias DLB.COM En el marco de la celebraci\u00f3n del d\u00eda del trabajo, m\u00e1s de 350 trabajadores del IMSS, marcharon desde el crucero de El Pitillal hasta la cl\u00ednica 42, en demanda de insumos e infraestructura hospitalaria que permita brindar un servicio de calidad. Norma Isela L\u00f3pez\u2026","rel":"","context":"En &quot;CINTILLO&quot;","block_context":{"text":"CINTILLO","link":"https:\/\/www.grieta.org.mx\/index.php\/category\/cintillo\/"},"img":{"alt_text":"","src":"https:\/\/i0.wp.com\/www.grieta.org.mx\/wp-content\/uploads\/2019\/05\/imss-seguri.jpg?resize=350%2C200&ssl=1","width":350,"height":200},"classes":[]},{"id":39575,"url":"https:\/\/www.grieta.org.mx\/index.php\/2019\/09\/07\/inician-trabajadores-huelga-de-brazos-caidos-en-hospitales-de-tamaulipas\/","url_meta":{"origin":29151,"position":4},"title":"Inician trabajadores huelga de \u2018brazos ca\u00eddos\u2019 en hospitales de Tamaulipas","author":"grieta","date":"7 septiembre, 2019","format":false,"excerpt":"Redacci\u00f3n \/ La Funci\u00f3n mx Trabajadores sindicalizados de Sector Salud iniciaron este s\u00e1bado una huelga de \u2018brazos ca\u00eddos\u2019 en los hospitales de Tamaulipas para protestar por la falta de contrataci\u00f3n de enfermeras, lo que dicen que trae como consecuencia la sobrecarga en el trabajo pues la norma marca que a\u2026","rel":"","context":"En &quot;CINTILLO&quot;","block_context":{"text":"CINTILLO","link":"https:\/\/www.grieta.org.mx\/index.php\/category\/cintillo\/"},"img":{"alt_text":"","src":"https:\/\/i0.wp.com\/www.grieta.org.mx\/wp-content\/uploads\/2019\/09\/miembros-del-sindicato-de-trabajadores-del-sector-salud-1024x768.jpg?resize=350%2C200&ssl=1","width":350,"height":200,"srcset":"https:\/\/i0.wp.com\/www.grieta.org.mx\/wp-content\/uploads\/2019\/09\/miembros-del-sindicato-de-trabajadores-del-sector-salud-1024x768.jpg?resize=350%2C200&ssl=1 1x, https:\/\/i0.wp.com\/www.grieta.org.mx\/wp-content\/uploads\/2019\/09\/miembros-del-sindicato-de-trabajadores-del-sector-salud-1024x768.jpg?resize=525%2C300&ssl=1 1.5x, https:\/\/i0.wp.com\/www.grieta.org.mx\/wp-content\/uploads\/2019\/09\/miembros-del-sindicato-de-trabajadores-del-sector-salud-1024x768.jpg?resize=700%2C400&ssl=1 2x"},"classes":[]},{"id":43178,"url":"https:\/\/www.grieta.org.mx\/index.php\/2020\/01\/14\/trabajadores-del-opd-servicios-de-salud-jalisco-realizaron-paros-ante-falta-de-pagos-jalisco\/","url_meta":{"origin":29151,"position":5},"title":"Trabajadores del OPD, Servicios de Salud Jalisco realizaron paros ante falta de pagos (Jalisco)","author":"grieta","date":"14 enero, 2020","format":false,"excerpt":"Fotograf\u00eda: Isalura L\u00f3pez Villalobos Los trabajadores realizaron paros escalonados en oficinas centrales, hospitales, institutos y centros de salud este lunes ante la segunda dispersi\u00f3n de aguinaldo 2019 Isaura L\u00f3pez Villaobos \/ UDGTV Guadalajara, Jalisco.\u00a0Sin afectar el \u00e1rea de urgencias, trabajadores del Organismo P\u00fablico Descentralizado, Servicios de Salud Jalisco\u00a0realizaron paros escalonados\u2026","rel":"","context":"En &quot;CINTILLO&quot;","block_context":{"text":"CINTILLO","link":"https:\/\/www.grieta.org.mx\/index.php\/category\/cintillo\/"},"img":{"alt_text":"","src":"https:\/\/i0.wp.com\/www.grieta.org.mx\/wp-content\/uploads\/2020\/01\/Manifestaci%C3%B3n-OPD-Salud-Isaura-L%C3%B3pez-Villalobos-696x392.jpg?resize=350%2C200&ssl=1","width":350,"height":200,"srcset":"https:\/\/i0.wp.com\/www.grieta.org.mx\/wp-content\/uploads\/2020\/01\/Manifestaci%C3%B3n-OPD-Salud-Isaura-L%C3%B3pez-Villalobos-696x392.jpg?resize=350%2C200&ssl=1 1x, https:\/\/i0.wp.com\/www.grieta.org.mx\/wp-content\/uploads\/2020\/01\/Manifestaci%C3%B3n-OPD-Salud-Isaura-L%C3%B3pez-Villalobos-696x392.jpg?resize=525%2C300&ssl=1 1.5x"},"classes":[]}],"_links":{"self":[{"href":"https:\/\/www.grieta.org.mx\/index.php\/wp-json\/wp\/v2\/posts\/29151","targetHints":{"allow":["GET"]}}],"collection":[{"href":"https:\/\/www.grieta.org.mx\/index.php\/wp-json\/wp\/v2\/posts"}],"about":[{"href":"https:\/\/www.grieta.org.mx\/index.php\/wp-json\/wp\/v2\/types\/post"}],"author":[{"embeddable":true,"href":"https:\/\/www.grieta.org.mx\/index.php\/wp-json\/wp\/v2\/users\/2"}],"replies":[{"embeddable":true,"href":"https:\/\/www.grieta.org.mx\/index.php\/wp-json\/wp\/v2\/comments?post=29151"}],"version-history":[{"count":1,"href":"https:\/\/www.grieta.org.mx\/index.php\/wp-json\/wp\/v2\/posts\/29151\/revisions"}],"predecessor-version":[{"id":29153,"href":"https:\/\/www.grieta.org.mx\/index.php\/wp-json\/wp\/v2\/posts\/29151\/revisions\/29153"}],"wp:featuredmedia":[{"embeddable":true,"href":"https:\/\/www.grieta.org.mx\/index.php\/wp-json\/wp\/v2\/media\/29152"}],"wp:attachment":[{"href":"https:\/\/www.grieta.org.mx\/index.php\/wp-json\/wp\/v2\/media?parent=29151"}],"wp:term":[{"taxonomy":"category","embeddable":true,"href":"https:\/\/www.grieta.org.mx\/index.php\/wp-json\/wp\/v2\/categories?post=29151"},{"taxonomy":"post_tag","embeddable":true,"href":"https:\/\/www.grieta.org.mx\/index.php\/wp-json\/wp\/v2\/tags?post=29151"}],"curies":[{"name":"wp","href":"https:\/\/api.w.org\/{rel}","templated":true}]}}