{"id":29148,"date":"2019-02-11T16:47:10","date_gmt":"2019-02-11T22:47:10","guid":{"rendered":"http:\/\/www.grieta.org.mx\/?p=29148"},"modified":"2019-02-18T16:54:59","modified_gmt":"2019-02-18T22:54:59","slug":"encontrar-a-familiares-desaparecidos-las-une-guerrero","status":"publish","type":"post","link":"https:\/\/www.grieta.org.mx\/index.php\/2019\/02\/11\/encontrar-a-familiares-desaparecidos-las-une-guerrero\/","title":{"rendered":"Encontrar a familiares desaparecidos las une (Guerrero)"},"content":{"rendered":"<p><img loading=\"lazy\" decoding=\"async\" data-attachment-id=\"29149\" data-permalink=\"https:\/\/www.grieta.org.mx\/index.php\/2019\/02\/11\/encontrar-a-familiares-desaparecidos-las-une-guerrero\/direct-43\/\" data-orig-file=\"https:\/\/www.grieta.org.mx\/wp-content\/uploads\/2019\/02\/direct-5.jpg\" data-orig-size=\"651,400\" data-comments-opened=\"0\" data-image-meta=\"{&quot;aperture&quot;:&quot;0&quot;,&quot;credit&quot;:&quot;&quot;,&quot;camera&quot;:&quot;&quot;,&quot;caption&quot;:&quot;&quot;,&quot;created_timestamp&quot;:&quot;0&quot;,&quot;copyright&quot;:&quot;&quot;,&quot;focal_length&quot;:&quot;0&quot;,&quot;iso&quot;:&quot;0&quot;,&quot;shutter_speed&quot;:&quot;0&quot;,&quot;title&quot;:&quot;&quot;,&quot;orientation&quot;:&quot;0&quot;}\" data-image-title=\"direct\" data-image-description=\"\" data-image-caption=\"\" data-medium-file=\"https:\/\/www.grieta.org.mx\/wp-content\/uploads\/2019\/02\/direct-5-300x184.jpg\" data-large-file=\"https:\/\/www.grieta.org.mx\/wp-content\/uploads\/2019\/02\/direct-5.jpg\" src=\"http:\/\/www.grieta.org.mx\/wp-content\/uploads\/2019\/02\/direct-5.jpg\" alt=\"\" width=\"651\" height=\"400\" class=\"aligncenter size-full wp-image-29149\" srcset=\"https:\/\/www.grieta.org.mx\/wp-content\/uploads\/2019\/02\/direct-5.jpg 651w, https:\/\/www.grieta.org.mx\/wp-content\/uploads\/2019\/02\/direct-5-300x184.jpg 300w\" sizes=\"auto, (max-width: 651px) 100vw, 651px\" \/><\/p>\n<p>Laura Jim\u00e9nez \/ El Universal<\/p>\n<p>Cuando escuch\u00f3 hablar de fosas clandestinas, Alexa Nogueda crey\u00f3 que al ver una sentir\u00eda miedo, \u201cpero fue lo contrario, llam\u00f3 mucho mi atenci\u00f3n\u201d, cuenta la joven de 16 a\u00f1os. \u201cCuando vi el cad\u00e1ver en la fosa me dije: \u2018\u00bfCu\u00e1ntos habr\u00e1?, \u00bfcu\u00e1ntos habr\u00e1 tirados as\u00ed?, \u00bfcu\u00e1ntos de los desaparecidos? Es incre\u00edble que en los lugares que uno menos piensa, ah\u00ed est\u00e1n\u201d, dice.<\/p>\n<p>Alexa se uni\u00f3 a la Cuarta Brigada Nacional de B\u00fasqueda de Personas Desaparecidas por su abuela Tita Radilla Mart\u00ednez, hija de Rosendo Radilla Pacheco, quien desapareci\u00f3 en Atoyac de \u00c1lvarez, Guerrero: \u201cLo que me comenta mi abuelita es que [su pap\u00e1] desapareci\u00f3 el 25 de agosto de 1974, m\u00e1s bien lo desapareci\u00f3 el Ej\u00e9rcito. Estaba lo de las guerrillas, la guerra sucia. Fue algo injusto\u201d.<\/p>\n<p>Tita Radilla ha dedicado m\u00e1s de 40 a\u00f1os a la b\u00fasqueda de su padre. Sus hijos no participaron en las brigadas anteriores, pero ahora es acompa\u00f1ada por su nieta: \u201cLa familia casi no est\u00e1 involucrada en esto, as\u00ed que no nos enteramos de sus actividades. Est\u00e1 vez me coment\u00f3 que iba a venir aqu\u00ed y que quer\u00eda que la acompa\u00f1ara y a m\u00ed siempre me ha gustado aventurarme y aprender cosas\u201d, afirma Alexa.<\/p>\n<p>Al principio no entend\u00eda el trabajo de su abuela: \u201cTodo lo que ha luchado, no la entend\u00eda, no sab\u00eda lo que hac\u00eda, hoy que me doy cuenta y me quiero dar de golpes. Estaba siendo muy ego\u00edsta\u201d, dice en Tetelilla, en la regi\u00f3n norte de Guerrero.<\/p>\n<p>La joven originaria de Atoyac comenta que admira el esfuerzo de Mario Vergara, uno de los l\u00edderes de la brigada: \u201cEs mi mayor ejemplo, independientemente de qui\u00e9n sea mi abuelita. Es humilde y busca no solamente a su hermano, sino a todos. Lo admiro por su perseverancia\u201d.<\/p>\n<p>Tom\u00e1s Vergara Hern\u00e1ndez es el hermano de Mario. Tomy fue secuestrado por desconocidos en julio de 2012 en Huitzuco, Guerrero. Intentaron negociar, pero no hubo prueba de vida. S\u00f3lo encontraron su auto con las puertas abiertas y las llaves pegadas. Desde entonces, Mario lo busca.<\/p>\n<p>Hay d\u00edas agotadores para las familias: cavar y no encontrar cuerpos, pistas. Durante los 14 d\u00edas de trabajo de la Cuarta Brigada Nacional de B\u00fasqueda de Personas Desaparecidas, del 18 de enero al 1 de febrero, a veces parec\u00eda decaer el \u00e1nimo.<\/p>\n<p>Mario confi\u00f3 despu\u00e9s de una cena: \u201cEl lunes fue maravilloso. Martes, pesado, y el jueves dije: \u2018Ya vali\u00f3 madre\u2019. Y me encuentro a Tita Radilla bajando del cerro con su nieta. Son el ejemplo: despu\u00e9s de 40 a\u00f1os siguen buscando. Al verlas pienso que no nos podemos rajar. Son la muestra de que&#8230; mira mi piel [se interrumpe y exhibe sus brazos] \u00bfviste como se puso chinita? Nunca se rindan, aunque les digan que est\u00e1n locos. Insistan. Sue\u00f1en\u201d.<\/p>\n<p>Alexa atestigu\u00f3 la exhumaci\u00f3n de un cuerpo. Fue por medio de un mensaje an\u00f3nimo en redes sociales como se inform\u00f3 a la brigada que en el pante\u00f3n de Tetelilla, municipio de Tepecoacuilco de Trujano, hab\u00edan enterrado recientemente a una mujer sin identificar: \u201cFuimos a preguntar y fue verdad\u201d, recuerda Mario. \u201cDicen que en ese pueblo estaban los malos [integrantes del crimen organizado]. Se accidentaron en una moto y la muchacha muri\u00f3. Ah\u00ed la dejaron. El pueblo la enterr\u00f3 dignamente, pero tambi\u00e9n su familia la anda buscando\u201d.<\/p>\n<p>La coordinaci\u00f3n de la brigada sugiri\u00f3 que las familias de Guerrero ayudaran a documentar, para que aprendieran el proceso y luego pudieran replicar la informaci\u00f3n. Todo se document\u00f3, fotograf\u00eda, video y notas, con la colaboraci\u00f3n de Alexa.<\/p>\n<p>Son m\u00e1s de cinco familias de Atoyac las que buscan no vestigios de una guerra, sino a sus seres queridos: \u201cPrimero buscamos a los desaparecidos de los a\u00f1os 70, pero nos unimos a otros colectivos. Siguen las desapariciones y ya adoptamos a los desaparecidos de todos los estados\u201d, asegura Vladimir, quien busca a su padre y abuelo, vistos por \u00faltima vez en Atoyac el 5 de octubre de 1974.<\/p>\n<p>Entre 1960 y 1980, Guerrero vivi\u00f3 un conflicto en el que el gobierno combati\u00f3 a la guerrilla de Lucio Caba\u00f1as, pero tambi\u00e9n viol\u00f3 derechos humanos. Atoyac fue uno de los sitios donde se establecieron bases militares, como en Pie de la Cuesta y Acapulco, que se usaron para detener, torturar, asesinar y desaparecer a cientos de personas, seg\u00fan testimonios y organismos civiles.<\/p>\n<p>Cutberto Ortiz Caba\u00f1as y Cutberto Ortiz Ramos son otros desaparecidos. El primero, en 1974, y el segundo, en 2014, por lo que su familia los busca. \u201cPertenecemos a la Asociaci\u00f3n de Familiares de Detenidos Desaparecidos y V\u00edctimas de Violaciones de Derechos Humanos en M\u00e9xico, de do\u00f1a Tita\u201d. Ortiz Caba\u00f1as desapareci\u00f3 en La Yerbabuenita, cerca de Coyuca. \u201cNo pertenec\u00eda a la guerrilla, estaba estudiando\u201d, recalcan.<\/p>\n<p>Familias de Iguala, Chilpancingo, Mezcala y Taxco tambi\u00e9n se han sumado a la b\u00fasqueda de m\u00e1s de 40 mil desaparecidos en todo M\u00e9xico, de acuerdo con datos oficiales. El subsecretario de Derechos Humanos de la Secretar\u00eda de Gobernaci\u00f3n, Alejandro Encinas, se reuni\u00f3 con la brigada en Tetelilla y lo har\u00e1 en la Ciudad de M\u00e9xico: \u201cSe asumir\u00e1 la responsabilidad del Estado para garantizar el respeto a los derechos\u201d, les se\u00f1al\u00f3.<\/p>\n<p>\u201cSe van a necesitar cambios institucionales muy fuertes. Estoy consciente de que la principal resistencia que vamos a encontrar est\u00e1 en dos \u00e1mbitos: las fiscal\u00edas locales, que son un dolor de cabeza en todos lados, y en resguardar la seguridad de las comunidades donde se realizan labores de b\u00fasqueda\u201d, dijo Encinas.<\/p>\n<p>Como compromiso particular, ofreci\u00f3 fortalecer la seguridad de la brigada. Parad\u00f3jicamente, al d\u00eda siguiente, un error pudo poner en riesgo la vida de varios de sus miembros, lo que caus\u00f3 miedo en Alexa.<\/p>\n<p>\u201cCuando fuimos a Iguala y Chilpancingo hubo m\u00e1s amenazas. Intentaron espantarnos y en cierto punto me entr\u00f3 la desesperaci\u00f3n y pens\u00e9: \u2018\u00bfY si nos hacen algo qu\u00e9 vamos a hacer?\u2019\u201d, afirma Alexa.<\/p>\n<p>\u201cEl 31 de enero, el lugar en el que est\u00e1bamos no era tan seguro como cre\u00edamos. Cuando subimos al cerro encontramos un positivo [un cuerpo], fue bueno. Nos emocionamos porque encontramos a alguien y as\u00ed una familia se va a reencontrar, pero fue frustrante porque los polic\u00edas se perdieron, se nos hizo tarde y cre\u00edmos que nos iban a dejar\u201d.<\/p>\n<p>Alexa desahog\u00f3 el temor y la frustraci\u00f3n llorando al regresar a Huitzuco. En la cena estuvo callada, junto a su abuela.<\/p>\n<p>Do\u00f1a Tita Radilla ha trabajado con colectivos de varios estados: \u201cNos ha unido el dolor, pero tambi\u00e9n la esperanza, la esperanza de encontrarlos y tener tranquilidad. Es necesario que se pare esta masacre y que deje de haber desaparecidos. Es muy triste y doloroso. La impunidad es la responsable de que hoy cualquiera pueda desaparecer a alguien. Necesitamos ser un pa\u00eds sin esta violencia terrible. No esperen a estar de este lado para acompa\u00f1arnos\u201d, recalca.<\/p>\n<p>Su nieta ya ha decidido su camino: \u201cYo aspiro en un futuro a ser m\u00e9dico forense\u201d, indica Alexa. \u201cTengo una perspectiva diferente, antes ignoraba el tema de los desaparecidos, de los familiares. La brigada me hizo sensibilizarme porque antes no me met\u00eda a ayudar a mi abuelita a investigar, y ahora quiero darle seguimiento a todo esto. Quiero ayudar a encontrar a los desaparecidos\u201d.<\/p>\n<p>Alexa y do\u00f1a Tita tienden a discrepar, los a\u00f1os y los diferentes contextos en que crecieron a veces provocan una falta de entendimiento. Aun as\u00ed, las une la familia, el amor y la b\u00fasqueda de los ausentes.<\/p>\n<p><a href=\"https:\/\/www.eluniversal.com.mx\/nacion\/encontrar-familiares-desaparecidos-las-une\">https:\/\/www.eluniversal.com.mx\/nacion\/encontrar-familiares-desaparecidos-las-une<\/a><\/p>\n","protected":false},"excerpt":{"rendered":"<p>Laura Jim\u00e9nez \/ El Universal Cuando escuch\u00f3 hablar de fosas clandestinas, Alexa Nogueda crey\u00f3 que al ver una sentir\u00eda miedo, \u201cpero fue lo contrario, llam\u00f3 mucho mi atenci\u00f3n\u201d, cuenta la &hellip; <a href=\"https:\/\/www.grieta.org.mx\/index.php\/2019\/02\/11\/encontrar-a-familiares-desaparecidos-las-une-guerrero\/\" class=\"more-link\">Leer m\u00e1s<\/a><\/p>\n","protected":false},"author":2,"featured_media":29149,"comment_status":"closed","ping_status":"closed","sticky":false,"template":"","format":"standard","meta":{"ngg_post_thumbnail":0,"_jetpack_newsletter_access":"","_jetpack_dont_email_post_to_subs":false,"_jetpack_newsletter_tier_id":0,"_jetpack_memberships_contains_paywalled_content":false,"_jetpack_memberships_contains_paid_content":false,"footnotes":""},"categories":[80,87,1200,18,2,83],"tags":[856,1635],"class_list":["post-29148","post","type-post","status-publish","format-standard","has-post-thumbnail","hentry","category-cintillo","category-desaparecidos","category-desaparecidos-en-guerrero","category-guerrero","category-noticias-nacionales","category-temas-nacionales","tag-fosas-clandestinas","tag-rastreadoras-de-desaparecidos","entry"],"jetpack_featured_media_url":"https:\/\/www.grieta.org.mx\/wp-content\/uploads\/2019\/02\/direct-5.jpg","jetpack_sharing_enabled":true,"jetpack_shortlink":"https:\/\/wp.me\/p7ZJR4-7A8","jetpack_likes_enabled":false,"jetpack-related-posts":[{"id":60405,"url":"https:\/\/www.grieta.org.mx\/index.php\/2021\/07\/09\/encontraron-188-cadaveres-en-fosas-clandestinas-en-tecoman-en-tres-anos-colima\/","url_meta":{"origin":29148,"position":0},"title":"Encontraron 188 cad\u00e1veres en fosas clandestinas en Tecom\u00e1n en tres a\u00f1os (Colima)","author":"grieta","date":"9 julio, 2021","format":false,"excerpt":"Foto: Diario Avanzada Heidi de Le\u00f3n Guti\u00e9rrez \/ Diario Avanzada Colima, M\u00e9xico, Avanzada (09\/07\/2021).- Los municipios que concentran el mayor n\u00famero de cuerpos encontrados en fosas clandestinas en el periodo de diciembre de 2018 \u2013 junio de 2021, se encuentran en los estados de Jalisco, Colima, Sinaloa, Guanajuato y Sonora.\u2026","rel":"","context":"En &quot;CINTILLO&quot;","block_context":{"text":"CINTILLO","link":"https:\/\/www.grieta.org.mx\/index.php\/category\/cintillo\/"},"img":{"alt_text":"","src":"https:\/\/i0.wp.com\/www.grieta.org.mx\/wp-content\/uploads\/2021\/07\/Fosas-Clandestinas.jpg?resize=350%2C200&ssl=1","width":350,"height":200,"srcset":"https:\/\/i0.wp.com\/www.grieta.org.mx\/wp-content\/uploads\/2021\/07\/Fosas-Clandestinas.jpg?resize=350%2C200&ssl=1 1x, https:\/\/i0.wp.com\/www.grieta.org.mx\/wp-content\/uploads\/2021\/07\/Fosas-Clandestinas.jpg?resize=525%2C300&ssl=1 1.5x, https:\/\/i0.wp.com\/www.grieta.org.mx\/wp-content\/uploads\/2021\/07\/Fosas-Clandestinas.jpg?resize=700%2C400&ssl=1 2x"},"classes":[]},{"id":66880,"url":"https:\/\/www.grieta.org.mx\/index.php\/2023\/04\/29\/tecoman-el-municipio-con-mas-fosas-clandestinas-colima\/","url_meta":{"origin":29148,"position":1},"title":"Tecom\u00e1n, el municipio con m\u00e1s fosas clandestinas (Colima)","author":"grieta","date":"29 abril, 2023","format":false,"excerpt":"Imagen: El Comentario de Colima Con el reciente hallazgo anunciado por la Fiscal\u00eda General del Estado (FGE), de\u00a010 fosas clandestinas\u00a0encontradas en la comunidad de Cerro de Ortega en el municipio de Tecom\u00e1n, donde fueron exhumados 26 restos \u00f3seos y la entidad suma 29\u00a0fosas clandestinas\u00a0encontradas y 44 cad\u00e1veres y un resto\u2026","rel":"","context":"En &quot;CINTILLO&quot;","block_context":{"text":"CINTILLO","link":"https:\/\/www.grieta.org.mx\/index.php\/category\/cintillo\/"},"img":{"alt_text":"","src":"https:\/\/i0.wp.com\/www.grieta.org.mx\/wp-content\/uploads\/2023\/04\/LOCAL-6-3-780x470-1.jpg?resize=350%2C200&ssl=1","width":350,"height":200,"srcset":"https:\/\/i0.wp.com\/www.grieta.org.mx\/wp-content\/uploads\/2023\/04\/LOCAL-6-3-780x470-1.jpg?resize=350%2C200&ssl=1 1x, https:\/\/i0.wp.com\/www.grieta.org.mx\/wp-content\/uploads\/2023\/04\/LOCAL-6-3-780x470-1.jpg?resize=525%2C300&ssl=1 1.5x, https:\/\/i0.wp.com\/www.grieta.org.mx\/wp-content\/uploads\/2023\/04\/LOCAL-6-3-780x470-1.jpg?resize=700%2C400&ssl=1 2x"},"classes":[]},{"id":28482,"url":"https:\/\/www.grieta.org.mx\/index.php\/2019\/01\/18\/la-brigada-de-familias-mas-grande-en-la-historia-sale-a-guerrero-por-tesoros-sus-desaparecidos\/","url_meta":{"origin":29148,"position":2},"title":"La brigada de familias m\u00e1s grande en la historia sale a Guerrero por \u201ctesoros\u201d: sus desaparecidos","author":"grieta","date":"18 enero, 2019","format":false,"excerpt":"Sugeyry G\u00e1ndara \/ Sinembargo La Brigada Nacional realizar\u00e1 la b\u00fasqueda de restos en los municipios de Huitzuco, Chilpancingo, Iguala, Cocula y Taxco, zonas altamente afectadas por la violencia. \u201cPara nosotros es un dolor muy grande tener que buscar a nuestros hijos en fosas, pero no nos queda otra, tenemos que\u2026","rel":"","context":"En &quot;CINTILLO&quot;","block_context":{"text":"CINTILLO","link":"https:\/\/www.grieta.org.mx\/index.php\/category\/cintillo\/"},"img":{"alt_text":"","src":"https:\/\/i0.wp.com\/www.grieta.org.mx\/wp-content\/uploads\/2019\/01\/whatsapp-image-2019-01-18-at-13-27-39.jpg?resize=350%2C200&ssl=1","width":350,"height":200,"srcset":"https:\/\/i0.wp.com\/www.grieta.org.mx\/wp-content\/uploads\/2019\/01\/whatsapp-image-2019-01-18-at-13-27-39.jpg?resize=350%2C200&ssl=1 1x, https:\/\/i0.wp.com\/www.grieta.org.mx\/wp-content\/uploads\/2019\/01\/whatsapp-image-2019-01-18-at-13-27-39.jpg?resize=525%2C300&ssl=1 1.5x, https:\/\/i0.wp.com\/www.grieta.org.mx\/wp-content\/uploads\/2019\/01\/whatsapp-image-2019-01-18-at-13-27-39.jpg?resize=700%2C400&ssl=1 2x, https:\/\/i0.wp.com\/www.grieta.org.mx\/wp-content\/uploads\/2019\/01\/whatsapp-image-2019-01-18-at-13-27-39.jpg?resize=1050%2C600&ssl=1 3x"},"classes":[]},{"id":31237,"url":"https:\/\/www.grieta.org.mx\/index.php\/2019\/03\/24\/organizaciones-civiles-culpan-a-la-marina-por-los-desaparecidos-en-jalisco\/","url_meta":{"origin":29148,"position":3},"title":"Organizaciones civiles culpan a la Marina por los desaparecidos en Jalisco","author":"grieta","date":"24 marzo, 2019","format":false,"excerpt":"Redacci\u00f3n \/ Tribuna Tlaquepaque, Jalisco.- Luego de la desaparici\u00f3n de cinco personas en Tlaquepaque, organizaciones civiles culparon a elementos de la\u00a0Marina\u00a0como los responsables. Hasta el momento, sigue sin saberse el paradero de las personas, su situaci\u00f3n legal o su condici\u00f3n f\u00edsica. La alerta difundida indica que\u00a0Eligio S\u00e1nchez Radilla\u00a0y\u00a0L\u00e1zaro Edgardo S\u00e1nchez\u2026","rel":"","context":"En &quot;CINTILLO&quot;","block_context":{"text":"CINTILLO","link":"https:\/\/www.grieta.org.mx\/index.php\/category\/cintillo\/"},"img":{"alt_text":"","src":"https:\/\/i0.wp.com\/www.grieta.org.mx\/wp-content\/uploads\/2019\/03\/marina1.jpg_1619830263.jpg?resize=350%2C200&ssl=1","width":350,"height":200,"srcset":"https:\/\/i0.wp.com\/www.grieta.org.mx\/wp-content\/uploads\/2019\/03\/marina1.jpg_1619830263.jpg?resize=350%2C200&ssl=1 1x, https:\/\/i0.wp.com\/www.grieta.org.mx\/wp-content\/uploads\/2019\/03\/marina1.jpg_1619830263.jpg?resize=525%2C300&ssl=1 1.5x, https:\/\/i0.wp.com\/www.grieta.org.mx\/wp-content\/uploads\/2019\/03\/marina1.jpg_1619830263.jpg?resize=700%2C400&ssl=1 2x, https:\/\/i0.wp.com\/www.grieta.org.mx\/wp-content\/uploads\/2019\/03\/marina1.jpg_1619830263.jpg?resize=1050%2C600&ssl=1 3x"},"classes":[]},{"id":61336,"url":"https:\/\/www.grieta.org.mx\/index.php\/2021\/08\/25\/permanecen-sin-identificar-cuerpos-de-las-fosas-clandestinas-de-santa-rosa-red-de-desaparecidos-colima\/","url_meta":{"origin":29148,"position":4},"title":"Permanecen sin identificar cuerpos de las fosas clandestinas de Santa Rosa: Red de Desaparecidos (Colima)","author":"grieta","date":"25 agosto, 2021","format":false,"excerpt":"Foto: El Comentario Francis Bravo \/ El Comentario Aunque no precis\u00f3 el n\u00famero, la presidenta de la\u00a0Red de Desaparecidos\u00a0en\u00a0Colima,\u00a0Mar\u00eda del Carmen Sep\u00falveda G\u00f3mez, inform\u00f3 que todav\u00eda hay cuerpos sin ser identificados, los cuales fueron localizados en las fosas clandestinas de la comunidad de\u00a0Santa Rosa, en el municipio de\u00a0Tecom\u00e1n\u00a0en\u00a0febrero\u00a0de\u00a02019. \u201cLamentablemente, de\u2026","rel":"","context":"En &quot;CINTILLO&quot;","block_context":{"text":"CINTILLO","link":"https:\/\/www.grieta.org.mx\/index.php\/category\/cintillo\/"},"img":{"alt_text":"","src":"https:\/\/i0.wp.com\/www.grieta.org.mx\/wp-content\/uploads\/2021\/08\/e571b045697d6c923b7e4487896bc777.jpg?resize=350%2C200&ssl=1","width":350,"height":200,"srcset":"https:\/\/i0.wp.com\/www.grieta.org.mx\/wp-content\/uploads\/2021\/08\/e571b045697d6c923b7e4487896bc777.jpg?resize=350%2C200&ssl=1 1x, https:\/\/i0.wp.com\/www.grieta.org.mx\/wp-content\/uploads\/2021\/08\/e571b045697d6c923b7e4487896bc777.jpg?resize=525%2C300&ssl=1 1.5x, https:\/\/i0.wp.com\/www.grieta.org.mx\/wp-content\/uploads\/2021\/08\/e571b045697d6c923b7e4487896bc777.jpg?resize=700%2C400&ssl=1 2x"},"classes":[]},{"id":65142,"url":"https:\/\/www.grieta.org.mx\/index.php\/2022\/09\/05\/tecoman-el-municipio-con-mas-fosas-clandestinas-en-el-pais-colima\/","url_meta":{"origin":29148,"position":5},"title":"Tecom\u00e1n, el municipio con m\u00e1s fosas clandestinas en el pa\u00eds (Colima)","author":"grieta","date":"5 septiembre, 2022","format":false,"excerpt":"Imagen: Diario Avanzada Redacci\u00f3n \/ Diario Avanzada Colima, M\u00e9xico, Avanzada (05\/09\/2022).- Este fin de semana, la Fiscal\u00eda General del Estado reconoci\u00f3 la localizaci\u00f3n de seis cuerpos sin vida y restos humanos en fosas clandestinas en la comunidad de Caleras,\u00a0en el municipio de Tecom\u00e1n. Unos meses antes,\u00a0en Tecolapa, en el mismo\u2026","rel":"","context":"En &quot;CINTILLO&quot;","block_context":{"text":"CINTILLO","link":"https:\/\/www.grieta.org.mx\/index.php\/category\/cintillo\/"},"img":{"alt_text":"","src":"https:\/\/i0.wp.com\/www.grieta.org.mx\/wp-content\/uploads\/2022\/09\/Fosas-Clandestinas.jpg?resize=350%2C200&ssl=1","width":350,"height":200,"srcset":"https:\/\/i0.wp.com\/www.grieta.org.mx\/wp-content\/uploads\/2022\/09\/Fosas-Clandestinas.jpg?resize=350%2C200&ssl=1 1x, https:\/\/i0.wp.com\/www.grieta.org.mx\/wp-content\/uploads\/2022\/09\/Fosas-Clandestinas.jpg?resize=525%2C300&ssl=1 1.5x, https:\/\/i0.wp.com\/www.grieta.org.mx\/wp-content\/uploads\/2022\/09\/Fosas-Clandestinas.jpg?resize=700%2C400&ssl=1 2x"},"classes":[]}],"_links":{"self":[{"href":"https:\/\/www.grieta.org.mx\/index.php\/wp-json\/wp\/v2\/posts\/29148","targetHints":{"allow":["GET"]}}],"collection":[{"href":"https:\/\/www.grieta.org.mx\/index.php\/wp-json\/wp\/v2\/posts"}],"about":[{"href":"https:\/\/www.grieta.org.mx\/index.php\/wp-json\/wp\/v2\/types\/post"}],"author":[{"embeddable":true,"href":"https:\/\/www.grieta.org.mx\/index.php\/wp-json\/wp\/v2\/users\/2"}],"replies":[{"embeddable":true,"href":"https:\/\/www.grieta.org.mx\/index.php\/wp-json\/wp\/v2\/comments?post=29148"}],"version-history":[{"count":1,"href":"https:\/\/www.grieta.org.mx\/index.php\/wp-json\/wp\/v2\/posts\/29148\/revisions"}],"predecessor-version":[{"id":29150,"href":"https:\/\/www.grieta.org.mx\/index.php\/wp-json\/wp\/v2\/posts\/29148\/revisions\/29150"}],"wp:featuredmedia":[{"embeddable":true,"href":"https:\/\/www.grieta.org.mx\/index.php\/wp-json\/wp\/v2\/media\/29149"}],"wp:attachment":[{"href":"https:\/\/www.grieta.org.mx\/index.php\/wp-json\/wp\/v2\/media?parent=29148"}],"wp:term":[{"taxonomy":"category","embeddable":true,"href":"https:\/\/www.grieta.org.mx\/index.php\/wp-json\/wp\/v2\/categories?post=29148"},{"taxonomy":"post_tag","embeddable":true,"href":"https:\/\/www.grieta.org.mx\/index.php\/wp-json\/wp\/v2\/tags?post=29148"}],"curies":[{"name":"wp","href":"https:\/\/api.w.org\/{rel}","templated":true}]}}