{"id":29097,"date":"2019-02-16T11:34:38","date_gmt":"2019-02-16T17:34:38","guid":{"rendered":"http:\/\/www.grieta.org.mx\/?p=29097"},"modified":"2019-02-18T11:47:40","modified_gmt":"2019-02-18T17:47:40","slug":"destruiran-mas-de-4-mil-845-hectareas-de-bosque-con-la-implementacion-de-3-minas-que-dejo-aprobadas-epn-para-veracruz","status":"publish","type":"post","link":"https:\/\/www.grieta.org.mx\/index.php\/2019\/02\/16\/destruiran-mas-de-4-mil-845-hectareas-de-bosque-con-la-implementacion-de-3-minas-que-dejo-aprobadas-epn-para-veracruz\/","title":{"rendered":"Destruir\u00e1n mas de 4 mil 845 hect\u00e1reas de bosque con la implementaci\u00f3n de 3 minas que dej\u00f3 aprobadas EPN para Veracruz"},"content":{"rendered":"<p>Redacci\u00f3n \/ Sin embargo<\/p>\n<p><img loading=\"lazy\" decoding=\"async\" data-attachment-id=\"29098\" data-permalink=\"https:\/\/www.grieta.org.mx\/index.php\/2019\/02\/16\/destruiran-mas-de-4-mil-845-hectareas-de-bosque-con-la-implementacion-de-3-minas-que-dejo-aprobadas-epn-para-veracruz\/textito-1100-templates-2\/\" data-orig-file=\"https:\/\/www.grieta.org.mx\/wp-content\/uploads\/2019\/02\/textito-1100-templates-2.jpg\" data-orig-size=\"1100,580\" data-comments-opened=\"0\" data-image-meta=\"{&quot;aperture&quot;:&quot;0&quot;,&quot;credit&quot;:&quot;&quot;,&quot;camera&quot;:&quot;&quot;,&quot;caption&quot;:&quot;&quot;,&quot;created_timestamp&quot;:&quot;0&quot;,&quot;copyright&quot;:&quot;&quot;,&quot;focal_length&quot;:&quot;0&quot;,&quot;iso&quot;:&quot;0&quot;,&quot;shutter_speed&quot;:&quot;0&quot;,&quot;title&quot;:&quot;&quot;,&quot;orientation&quot;:&quot;0&quot;}\" data-image-title=\"textito-1100-templates-2\" data-image-description=\"\" data-image-caption=\"\" data-medium-file=\"https:\/\/www.grieta.org.mx\/wp-content\/uploads\/2019\/02\/textito-1100-templates-2-300x158.jpg\" data-large-file=\"https:\/\/www.grieta.org.mx\/wp-content\/uploads\/2019\/02\/textito-1100-templates-2-1024x540.jpg\" class=\"aligncenter size-large wp-image-29098\" src=\"http:\/\/www.grieta.org.mx\/wp-content\/uploads\/2019\/02\/textito-1100-templates-2-1024x540.jpg\" alt=\"\" width=\"819\" height=\"432\" srcset=\"https:\/\/www.grieta.org.mx\/wp-content\/uploads\/2019\/02\/textito-1100-templates-2-1024x540.jpg 1024w, https:\/\/www.grieta.org.mx\/wp-content\/uploads\/2019\/02\/textito-1100-templates-2-300x158.jpg 300w, https:\/\/www.grieta.org.mx\/wp-content\/uploads\/2019\/02\/textito-1100-templates-2-768x405.jpg 768w, https:\/\/www.grieta.org.mx\/wp-content\/uploads\/2019\/02\/textito-1100-templates-2-948x500.jpg 948w, https:\/\/www.grieta.org.mx\/wp-content\/uploads\/2019\/02\/textito-1100-templates-2.jpg 1100w\" sizes=\"auto, (max-width: 819px) 100vw, 819px\" \/><\/p>\n<blockquote><p>El ex Presidente Enrique Pe\u00f1a Nieto otorg\u00f3 permisos para operar tres minas el 27 de noviembre de 2018, a s\u00f3lo tres d\u00edas de terminar su gesti\u00f3n, y ahora los pobladores se mantienen a la expectativa de los proyectos, principalmente por los posibles da\u00f1os ambientales que causar\u00e1n. Las maniobras de \u201cLa Aurora\u201d destruir casi 4 mil 845 hect\u00e1reas de bosque.<br \/>\nLa concesi\u00f3n minera contempla tres predios: Aurora, 4 mil 110 hect\u00e1reas ubicadas en el municipio de Yecuatla; Aurora I Fracci\u00f3n A, 200 hect\u00e1reas; y Aurora I Fracci\u00f3n B, 635 Hect\u00e1reas; de las cuales se extraer\u00e1 oro y plata.<\/p><\/blockquote>\n<p>Por Periodistas Digitales<\/p>\n<p>Xalapa, Veracruz\/Ciudad de M\u00e9xico, 16 de febrero (PlumasLibres\/SinEmbargo).\u2013 La propuesta para operar tres minas en la zona centro de Veracruz destruir\u00e1 casi 4 mil 845 hect\u00e1reas de bosque en los municipios de Chiconquiaco, Yecuatla y Juchique de Ferrer. El proyecto se llama \u201cLa Aurora\u201d y la asignaci\u00f3n minera la entreg\u00f3 el ex Presidente Enrique Pe\u00f1a Nieto d\u00edas antes de terminar su gesti\u00f3n.<\/p>\n<p>En estas minas se extraer\u00eda oro, plata, plomo, cobre y zinc, de acuerdo con informaci\u00f3n del Servicio Geol\u00f3gico Mexicano (SGM). La instancia report\u00f3 en un documento que las asignaciones se hicieron a las mineras nacionales Aurora (Yecuatla y Chiconquiaco), Aurora I (Chiconquiaco y Yecuatla) y Aurora I, fracci\u00f3n B (Yecuatla, Chiconquiaco y Juchique de Ferrer).<\/p>\n<p>Antes de concluir la administraci\u00f3n del Presidente de M\u00e9xico, Pe\u00f1a Nieto otorg\u00f3 el t\u00edtulo de asignaci\u00f3n minera n\u00famero 403, por conducto de la Secretar\u00eda de Econom\u00eda (SE).<\/p>\n<p>Esto con fundamento en lo dispuesto por los art\u00edculos 34, fracci\u00f3n XXIX, de la Ley Org\u00e1nica de la Administraci\u00f3n P\u00fablica Federal; 7, fracci\u00f3n VI, 10, p\u00e1rrafo segundo, 16 y 26 de la Ley Minera, y 32, fracci\u00f3n V del Reglamento Interior de la Secretar\u00eda de Econom\u00eda.<\/p>\n<figure id=\"attachment_29099\" aria-describedby=\"caption-attachment-29099\" style=\"width: 700px\" class=\"wp-caption aligncenter\"><img loading=\"lazy\" decoding=\"async\" data-attachment-id=\"29099\" data-permalink=\"https:\/\/www.grieta.org.mx\/index.php\/2019\/02\/16\/destruiran-mas-de-4-mil-845-hectareas-de-bosque-con-la-implementacion-de-3-minas-que-dejo-aprobadas-epn-para-veracruz\/barranca-1\/\" data-orig-file=\"https:\/\/www.grieta.org.mx\/wp-content\/uploads\/2019\/02\/barranca-1.jpg\" data-orig-size=\"700,526\" data-comments-opened=\"0\" data-image-meta=\"{&quot;aperture&quot;:&quot;0&quot;,&quot;credit&quot;:&quot;&quot;,&quot;camera&quot;:&quot;&quot;,&quot;caption&quot;:&quot;&quot;,&quot;created_timestamp&quot;:&quot;0&quot;,&quot;copyright&quot;:&quot;&quot;,&quot;focal_length&quot;:&quot;0&quot;,&quot;iso&quot;:&quot;0&quot;,&quot;shutter_speed&quot;:&quot;0&quot;,&quot;title&quot;:&quot;&quot;,&quot;orientation&quot;:&quot;0&quot;}\" data-image-title=\"barranca-1\" data-image-description=\"\" data-image-caption=\"&lt;p&gt;En estas minas se extraer\u00eda oro, plata, plomo, cobre y zinc, de acuerdo con informaci\u00f3n del Servicio Geol\u00f3gico Mexicano. Foto: Ignacio Carvajal, BlogExpediente.&lt;\/p&gt;\n\" data-medium-file=\"https:\/\/www.grieta.org.mx\/wp-content\/uploads\/2019\/02\/barranca-1-300x225.jpg\" data-large-file=\"https:\/\/www.grieta.org.mx\/wp-content\/uploads\/2019\/02\/barranca-1.jpg\" src=\"http:\/\/www.grieta.org.mx\/wp-content\/uploads\/2019\/02\/barranca-1.jpg\" alt=\"\" width=\"700\" height=\"526\" class=\"size-full wp-image-29099\" srcset=\"https:\/\/www.grieta.org.mx\/wp-content\/uploads\/2019\/02\/barranca-1.jpg 700w, https:\/\/www.grieta.org.mx\/wp-content\/uploads\/2019\/02\/barranca-1-300x225.jpg 300w, https:\/\/www.grieta.org.mx\/wp-content\/uploads\/2019\/02\/barranca-1-665x500.jpg 665w\" sizes=\"auto, (max-width: 700px) 100vw, 700px\" \/><figcaption id=\"caption-attachment-29099\" class=\"wp-caption-text\">En estas minas se extraer\u00eda oro, plata, plomo, cobre y zinc, de acuerdo con informaci\u00f3n del Servicio Geol\u00f3gico Mexicano. Foto: Ignacio Carvajal, BlogExpediente.<\/figcaption><\/figure>\n<blockquote><p> A decir del Subprocurador de Medio Ambiente, Ernesto Cuevas Hern\u00e1ndez, las concesiones otorgadas antes de que finalizara el periodo presidencial de Pe\u00f1a Nieto violan el derecho a la consulta p\u00fablica y generar\u00edan un impacto ambiental severo.<\/p><\/blockquote>\n<p>El entonces mandatario federal otorg\u00f3 las concesiones el 27 de noviembre de 2018 y ahora los pobladores, se mantienen con las expectativas del proyecto, pero sobre todo por los posibles da\u00f1os ambientales que estos causar\u00e1n.<\/p>\n<p>La concesi\u00f3n minera contempla tres predios: Aurora, 4 mil 110 hect\u00e1reas ubicadas en el municipio de Yecuatla; Aurora I Fracci\u00f3n A, 200 hect\u00e1reas; y Aurora I Fracci\u00f3n B, 635 Hect\u00e1reas; de las cuales se extraer\u00e1 oro y plata.<\/p>\n<p>Los agentes municipales y subagentes municipales de las localidades afectadas por las concesiones mineras solicitaron la intervenci\u00f3n de la Procuradur\u00eda del Medio Ambiente, para que les apoye en la solicitud de revocar la concesi\u00f3n.<\/p>\n<p>De acuerdo con los pobladores, acudieron a la zona y encontraron que personal de las empresas mineras ya realizan mediciones de la superficie.<\/p>\n<p>Los predios abarcar\u00e1n extensiones de la cabecera municipal del municipio de Yecuatla, adem\u00e1s la poblaci\u00f3n Mundo Nuevo y la poblaci\u00f3n Plan de la Estrella, abarcando 4 mil 845 hect\u00e1reas.<\/p>\n<p>EPN Y LAS MINERAS<\/p>\n<p>En el \u00faltimo d\u00eda de su administraci\u00f3n, el ex Presidente Enrique Pe\u00f1a Nieto emiti\u00f3 42 t\u00edtulos de asignaci\u00f3n minera en diferentes estados, esto inform\u00f3 el pasado 23 de diciembre el diario Reforma.<\/p>\n<p>De acuerdo con el diario capitalino, los lotes asignados van desde 122 hasta 44 mil hect\u00e1reas, de acuerdo con los t\u00edtulos publicados el 30 de noviembre en el Diario Oficial de la Federaci\u00f3n (DOF). Los t\u00edtulos fueron asignados al Servicio Geol\u00f3gico Mexicano (SGM) que comenzar\u00e1 la exploraci\u00f3n y otorgar\u00e1 las concesiones correspondientes.<\/p>\n<p>Seg\u00fan Reforma, la vigencia de las asignaciones mineras es de seis a\u00f1os improrrogables, contados a partir de la fecha de publicaci\u00f3n en el DOF.<\/p>\n<p>Entre los t\u00edtulos asignados destacan el lote Tres Mar\u00edas, en Comond\u00fa, Baja California Sur, con una extensi\u00f3n de 44 mil 984 hect\u00e1reas y el cual se ubica en las inmediaciones del campo pesquero del puerto de San Andresito, un lote de 11 mil hect\u00e1reas en el Municipio de Tejupilco, Estado de M\u00e9xico, localizado sobre el lado izquierdo del camino principal por el que transitan los habitantes de la localidad El Ciri\u00e1n de la Laguna y tres lotes cuya superficie total alcanza cerca de 5 mil hect\u00e1reas en el Municipio de Yecuatla, Veracruz.<\/p>\n<p><a href=\"https:\/\/www.sinembargo.mx\/16-02-2019\/3537527\">https:\/\/www.sinembargo.mx\/16-02-2019\/3537527<\/a><\/p>\n<p>Con informaci\u00f3n de Francisco De Luna \/ Plumas libres<br \/>\n<a href=\"https:\/\/plumaslibres.com.mx\/2019\/02\/15\/destruiran-mas-de-4-mil-845-hectareas-de-bosque-con-la-implementacion-de-3-minas-que-dejo-aprobadas-epn-para-veracruz\/\">https:\/\/plumaslibres.com.mx\/2019\/02\/15\/destruiran-mas-de-4-mil-845-hectareas-de-bosque-con-la-implementacion-de-3-minas-que-dejo-aprobadas-epn-para-veracruz\/<\/a><\/p>\n","protected":false},"excerpt":{"rendered":"<p>Redacci\u00f3n \/ Sin embargo El ex Presidente Enrique Pe\u00f1a Nieto otorg\u00f3 permisos para operar tres minas el 27 de noviembre de 2018, a s\u00f3lo tres d\u00edas de terminar su gesti\u00f3n, &hellip; <a href=\"https:\/\/www.grieta.org.mx\/index.php\/2019\/02\/16\/destruiran-mas-de-4-mil-845-hectareas-de-bosque-con-la-implementacion-de-3-minas-que-dejo-aprobadas-epn-para-veracruz\/\" class=\"more-link\">Leer m\u00e1s<\/a><\/p>\n","protected":false},"author":2,"featured_media":29098,"comment_status":"closed","ping_status":"closed","sticky":false,"template":"","format":"standard","meta":{"ngg_post_thumbnail":0,"_jetpack_newsletter_access":"","_jetpack_dont_email_post_to_subs":false,"_jetpack_newsletter_tier_id":0,"_jetpack_memberships_contains_paywalled_content":false,"_jetpack_memberships_contains_paid_content":false,"footnotes":""},"categories":[80,3,922,6,704,951,2,1431,35],"tags":[1178,98,109],"class_list":["post-29097","post","type-post","status-publish","format-standard","has-post-thumbnail","hentry","category-cintillo","category-megaproyectos","category-megaproyectos-estados","category-mineria","category-mineria-analisis","category-mp-veracruz","category-noticias-nacionales","category-oposicion-a-mineria-en-veracruz","category-veracruz","tag-destruccion-de-la-naturaleza","tag-mineras","tag-mineria","entry"],"jetpack_featured_media_url":"https:\/\/www.grieta.org.mx\/wp-content\/uploads\/2019\/02\/textito-1100-templates-2.jpg","jetpack_sharing_enabled":true,"jetpack_shortlink":"https:\/\/wp.me\/p7ZJR4-7zj","jetpack_likes_enabled":false,"jetpack-related-posts":[{"id":34172,"url":"https:\/\/www.grieta.org.mx\/index.php\/2019\/05\/24\/en-riesgo-5-mil-hectareas-en-3-municipios-serranos-de-veracruz-por-concesion-de-epn\/","url_meta":{"origin":29097,"position":0},"title":"En riesgo 5 mil hect\u00e1reas en 3 municipios serranos de Veracruz por concesi\u00f3n de EPN","author":"grieta","date":"24 mayo, 2019","format":false,"excerpt":"Redacci\u00f3n \/ Diario Eyipantla Milenio REGENERACI\u00d3N, YECUATLA, Ver.\u2014 EPN a punto de concluir su mandato concesion\u00f3 cerca de 5 mil hect\u00e1reas a la minera Aurora. Pobladores y autoridades locales piden se derogue por faltas a consulta y devastaci\u00f3n ambiental severa a la regi\u00f3n. El Servicio Geol\u00f3gico Mexicano (SGM) reporta que\u2026","rel":"","context":"En &quot;CINTILLO&quot;","block_context":{"text":"CINTILLO","link":"https:\/\/www.grieta.org.mx\/index.php\/category\/cintillo\/"},"img":{"alt_text":"","src":"https:\/\/i0.wp.com\/www.grieta.org.mx\/wp-content\/uploads\/2019\/06\/En-riesgo.jpg?resize=350%2C200&ssl=1","width":350,"height":200,"srcset":"https:\/\/i0.wp.com\/www.grieta.org.mx\/wp-content\/uploads\/2019\/06\/En-riesgo.jpg?resize=350%2C200&ssl=1 1x, https:\/\/i0.wp.com\/www.grieta.org.mx\/wp-content\/uploads\/2019\/06\/En-riesgo.jpg?resize=525%2C300&ssl=1 1.5x, https:\/\/i0.wp.com\/www.grieta.org.mx\/wp-content\/uploads\/2019\/06\/En-riesgo.jpg?resize=700%2C400&ssl=1 2x"},"classes":[]},{"id":44065,"url":"https:\/\/www.grieta.org.mx\/index.php\/2020\/02\/07\/proyectos-de-muerte-en-veracruz-fracking-y-mineria\/","url_meta":{"origin":29097,"position":1},"title":"Proyectos de muerte en Veracruz: Fracking y Miner\u00eda","author":"grieta","date":"7 febrero, 2020","format":false,"excerpt":"Colectivo Grieta En Veracruz, las instancias estatales dicen que est\u00e1n en contra de los proyectos mineros y las t\u00e9cnicas de fracturaci\u00f3n hidr\u00e1ulica y miner\u00eda a cielo abierto. Sin embargo, en la actualidad, Veracruz es uno de los estados m\u00e1s afectados por esta industria. Ante est\u00e1 situaci\u00f3n, diversas organizaciones civiles y\u2026","rel":"","context":"En &quot;CINTILLO&quot;","block_context":{"text":"CINTILLO","link":"https:\/\/www.grieta.org.mx\/index.php\/category\/cintillo\/"},"img":{"alt_text":"","src":"https:\/\/i0.wp.com\/www.grieta.org.mx\/wp-content\/uploads\/2020\/02\/123rf-fracking-1.jpg?resize=350%2C200&ssl=1","width":350,"height":200,"srcset":"https:\/\/i0.wp.com\/www.grieta.org.mx\/wp-content\/uploads\/2020\/02\/123rf-fracking-1.jpg?resize=350%2C200&ssl=1 1x, https:\/\/i0.wp.com\/www.grieta.org.mx\/wp-content\/uploads\/2020\/02\/123rf-fracking-1.jpg?resize=525%2C300&ssl=1 1.5x"},"classes":[]},{"id":43321,"url":"https:\/\/www.grieta.org.mx\/index.php\/2019\/11\/10\/mineria-toxica-en-veracruz-dejaria-muerte-y-desolacion\/","url_meta":{"origin":29097,"position":2},"title":"Miner\u00eda t\u00f3xica en Veracruz dejar\u00eda muerte y desolaci\u00f3n","author":"grieta","date":"10 noviembre, 2019","format":false,"excerpt":"\u00c1ngeles Gonz\u00e1lez Ceballos \/ El Heraldo de Mart\u00ednez Aunque el Gobierno de la Rep\u00fablica y el Gobierno del Estado en el discurso han prometido que la miner\u00eda t\u00f3xica no avanzar\u00e1 en Veracruz, la verdad es que los habitantes de la regi\u00f3n de Alto Lucero, Actopan y otros de la regi\u00f3n\u2026","rel":"","context":"En &quot;CINTILLO&quot;","block_context":{"text":"CINTILLO","link":"https:\/\/www.grieta.org.mx\/index.php\/category\/cintillo\/"},"img":{"alt_text":"","src":"https:\/\/i0.wp.com\/www.grieta.org.mx\/wp-content\/uploads\/2020\/01\/nex63.jpg?resize=350%2C200&ssl=1","width":350,"height":200,"srcset":"https:\/\/i0.wp.com\/www.grieta.org.mx\/wp-content\/uploads\/2020\/01\/nex63.jpg?resize=350%2C200&ssl=1 1x, https:\/\/i0.wp.com\/www.grieta.org.mx\/wp-content\/uploads\/2020\/01\/nex63.jpg?resize=525%2C300&ssl=1 1.5x"},"classes":[]},{"id":59885,"url":"https:\/\/www.grieta.org.mx\/index.php\/2021\/06\/19\/realizan-toma-simbolica-de-mina-a-cielo-abierto-en-veracruz\/","url_meta":{"origin":29097,"position":3},"title":"Realizan toma simb\u00f3lica de mina a cielo abierto en Veracruz","author":"grieta","date":"19 junio, 2021","format":false,"excerpt":"Juan David Castilla Arcos \/ El Heraldo de M\u00e9xico - 70 mil hect\u00e1reas han sido concesionadas para proyectos mineros solo en la regi\u00f3n de Actopan y Alto Lucero Pobladores y ambientalistas tomaron de manera simb\u00f3lica las bodegas de la mina a cielo abierto conocida como \u201cEl Cobre\u201d, en la localidad\u2026","rel":"","context":"En &quot;CINTILLO&quot;","block_context":{"text":"CINTILLO","link":"https:\/\/www.grieta.org.mx\/index.php\/category\/cintillo\/"},"img":{"alt_text":"","src":"https:\/\/i0.wp.com\/www.grieta.org.mx\/wp-content\/uploads\/2021\/06\/Screenshot-2021-06-21-at-13-27-08-Realizan-toma-simbolica-de-mina-a-cielo-abierto-en-Veracruz.png?resize=350%2C200&ssl=1","width":350,"height":200,"srcset":"https:\/\/i0.wp.com\/www.grieta.org.mx\/wp-content\/uploads\/2021\/06\/Screenshot-2021-06-21-at-13-27-08-Realizan-toma-simbolica-de-mina-a-cielo-abierto-en-Veracruz.png?resize=350%2C200&ssl=1 1x, https:\/\/i0.wp.com\/www.grieta.org.mx\/wp-content\/uploads\/2021\/06\/Screenshot-2021-06-21-at-13-27-08-Realizan-toma-simbolica-de-mina-a-cielo-abierto-en-Veracruz.png?resize=525%2C300&ssl=1 1.5x, https:\/\/i0.wp.com\/www.grieta.org.mx\/wp-content\/uploads\/2021\/06\/Screenshot-2021-06-21-at-13-27-08-Realizan-toma-simbolica-de-mina-a-cielo-abierto-en-Veracruz.png?resize=700%2C400&ssl=1 2x, https:\/\/i0.wp.com\/www.grieta.org.mx\/wp-content\/uploads\/2021\/06\/Screenshot-2021-06-21-at-13-27-08-Realizan-toma-simbolica-de-mina-a-cielo-abierto-en-Veracruz.png?resize=1050%2C600&ssl=1 3x"},"classes":[]},{"id":39948,"url":"https:\/\/www.grieta.org.mx\/index.php\/2019\/09\/17\/autorizan-ocho-mil-hectareas-mas-para-proyectos-mineros-en-puebla\/","url_meta":{"origin":29097,"position":4},"title":"Autorizan ocho mil hect\u00e1reas m\u00e1s para proyectos mineros en Puebla","author":"Admin","date":"17 septiembre, 2019","format":false,"excerpt":"Sebasti\u00e1n Marcos Morales \/ e-consulta La Secretar\u00eda de Econom\u00eda (SE) concesion\u00f3 en 2018 ocho mil 782.15 hect\u00e1reas en el estado de Puebla para la extracci\u00f3n de recursos minerales. De acuerdo con datos de la dependencia federal, publicados en la Plataforma Nacional de Transparencia, en Puebla se dieron 17 concesiones para\u2026","rel":"","context":"En &quot;CINTILLO&quot;","block_context":{"text":"CINTILLO","link":"https:\/\/www.grieta.org.mx\/index.php\/category\/cintillo\/"},"img":{"alt_text":"","src":"https:\/\/i0.wp.com\/www.grieta.org.mx\/wp-content\/uploads\/2019\/10\/recursosminerales.jpg?resize=350%2C200&ssl=1","width":350,"height":200,"srcset":"https:\/\/i0.wp.com\/www.grieta.org.mx\/wp-content\/uploads\/2019\/10\/recursosminerales.jpg?resize=350%2C200&ssl=1 1x, https:\/\/i0.wp.com\/www.grieta.org.mx\/wp-content\/uploads\/2019\/10\/recursosminerales.jpg?resize=525%2C300&ssl=1 1.5x"},"classes":[]},{"id":32331,"url":"https:\/\/www.grieta.org.mx\/index.php\/2019\/04\/15\/500-anos-de-despojo-vida-o-mina-veracruz\/","url_meta":{"origin":29097,"position":5},"title":"500 a\u00f1os de despojo: Vida o Mina (Veracruz)","author":"grieta","date":"15 abril, 2019","format":false,"excerpt":"Jorge Salazar Garc\u00eda \/ Alcalorpol\u00edtico \u201cLas minas est\u00e1n destrozando a M\u00e9xico\u201d Veracruz ha perdido el 99% de su vegetaci\u00f3n y ecosistemas, de acuerdo a un estudio realizado por CONABIO[1], dijo el exrector de la UNAM Jos\u00e9 Zurukh\u00e1n en su visita al Estado. Adem\u00e1s se\u00f1al\u00f3 como causas principales a la miner\u00eda\u2026","rel":"","context":"En &quot;CINTILLO&quot;","block_context":{"text":"CINTILLO","link":"https:\/\/www.grieta.org.mx\/index.php\/category\/cintillo\/"},"img":{"alt_text":"","src":"https:\/\/i0.wp.com\/www.grieta.org.mx\/wp-content\/uploads\/2019\/04\/Azota-crimen-a-minas-de-oro_680240-621x354.jpg?resize=350%2C200&ssl=1","width":350,"height":200,"srcset":"https:\/\/i0.wp.com\/www.grieta.org.mx\/wp-content\/uploads\/2019\/04\/Azota-crimen-a-minas-de-oro_680240-621x354.jpg?resize=350%2C200&ssl=1 1x, https:\/\/i0.wp.com\/www.grieta.org.mx\/wp-content\/uploads\/2019\/04\/Azota-crimen-a-minas-de-oro_680240-621x354.jpg?resize=525%2C300&ssl=1 1.5x"},"classes":[]}],"_links":{"self":[{"href":"https:\/\/www.grieta.org.mx\/index.php\/wp-json\/wp\/v2\/posts\/29097","targetHints":{"allow":["GET"]}}],"collection":[{"href":"https:\/\/www.grieta.org.mx\/index.php\/wp-json\/wp\/v2\/posts"}],"about":[{"href":"https:\/\/www.grieta.org.mx\/index.php\/wp-json\/wp\/v2\/types\/post"}],"author":[{"embeddable":true,"href":"https:\/\/www.grieta.org.mx\/index.php\/wp-json\/wp\/v2\/users\/2"}],"replies":[{"embeddable":true,"href":"https:\/\/www.grieta.org.mx\/index.php\/wp-json\/wp\/v2\/comments?post=29097"}],"version-history":[{"count":1,"href":"https:\/\/www.grieta.org.mx\/index.php\/wp-json\/wp\/v2\/posts\/29097\/revisions"}],"predecessor-version":[{"id":29100,"href":"https:\/\/www.grieta.org.mx\/index.php\/wp-json\/wp\/v2\/posts\/29097\/revisions\/29100"}],"wp:featuredmedia":[{"embeddable":true,"href":"https:\/\/www.grieta.org.mx\/index.php\/wp-json\/wp\/v2\/media\/29098"}],"wp:attachment":[{"href":"https:\/\/www.grieta.org.mx\/index.php\/wp-json\/wp\/v2\/media?parent=29097"}],"wp:term":[{"taxonomy":"category","embeddable":true,"href":"https:\/\/www.grieta.org.mx\/index.php\/wp-json\/wp\/v2\/categories?post=29097"},{"taxonomy":"post_tag","embeddable":true,"href":"https:\/\/www.grieta.org.mx\/index.php\/wp-json\/wp\/v2\/tags?post=29097"}],"curies":[{"name":"wp","href":"https:\/\/api.w.org\/{rel}","templated":true}]}}