{"id":29074,"date":"2019-02-04T21:12:52","date_gmt":"2019-02-05T03:12:52","guid":{"rendered":"http:\/\/www.grieta.org.mx\/?p=29074"},"modified":"2019-02-17T21:17:05","modified_gmt":"2019-02-18T03:17:05","slug":"gravosa-muerte-materna-en-oaxaca-31-en-2018","status":"publish","type":"post","link":"https:\/\/www.grieta.org.mx\/index.php\/2019\/02\/04\/gravosa-muerte-materna-en-oaxaca-31-en-2018\/","title":{"rendered":"Gravosa muerte materna en Oaxaca; 31 en 2018"},"content":{"rendered":"<p>Noticias.<\/p>\n<p>Natalia Altamirano,<\/p>\n<p>Las 31 muertes maternas registradas durante el 2018 demuestran que en Oaxaca persiste una baja calidad de la atenci\u00f3n m\u00e9dica, inaccesibilidad f\u00edsica, financiera y cultural de los servicios de salud, as\u00ed como condiciones de inequidad de g\u00e9nero, \u00e9tnica y de ejercicio de sus derechos que enfrentan mujeres.<\/p>\n<p>El coordinador del Comit\u00e9 Promotor de una Maternidad Segura, Alfredo Zetina Moguel, advirti\u00f3 que en Oaxaca se seguir\u00e1 reportando un n\u00famero elevado de muertes maternas porque no existen redes obst\u00e9tricas fortalecidas.<\/p>\n<p><img loading=\"lazy\" decoding=\"async\" data-attachment-id=\"29075\" data-permalink=\"https:\/\/www.grieta.org.mx\/index.php\/2019\/02\/04\/gravosa-muerte-materna-en-oaxaca-31-en-2018\/image_22_326\/\" data-orig-file=\"https:\/\/www.grieta.org.mx\/wp-content\/uploads\/2019\/02\/image_22_326.jpg\" data-orig-size=\"1144,645\" data-comments-opened=\"0\" data-image-meta=\"{&quot;aperture&quot;:&quot;0&quot;,&quot;credit&quot;:&quot;&quot;,&quot;camera&quot;:&quot;&quot;,&quot;caption&quot;:&quot;&quot;,&quot;created_timestamp&quot;:&quot;0&quot;,&quot;copyright&quot;:&quot;&quot;,&quot;focal_length&quot;:&quot;0&quot;,&quot;iso&quot;:&quot;0&quot;,&quot;shutter_speed&quot;:&quot;0&quot;,&quot;title&quot;:&quot;&quot;,&quot;orientation&quot;:&quot;0&quot;}\" data-image-title=\"image_22_326\" data-image-description=\"\" data-image-caption=\"\" data-medium-file=\"https:\/\/www.grieta.org.mx\/wp-content\/uploads\/2019\/02\/image_22_326-300x169.jpg\" data-large-file=\"https:\/\/www.grieta.org.mx\/wp-content\/uploads\/2019\/02\/image_22_326-1024x577.jpg\" src=\"http:\/\/www.grieta.org.mx\/wp-content\/uploads\/2019\/02\/image_22_326-300x169.jpg\" alt=\"\" width=\"300\" height=\"169\" class=\"aligncenter size-medium wp-image-29075\" srcset=\"https:\/\/www.grieta.org.mx\/wp-content\/uploads\/2019\/02\/image_22_326-300x169.jpg 300w, https:\/\/www.grieta.org.mx\/wp-content\/uploads\/2019\/02\/image_22_326-768x433.jpg 768w, https:\/\/www.grieta.org.mx\/wp-content\/uploads\/2019\/02\/image_22_326-1024x577.jpg 1024w, https:\/\/www.grieta.org.mx\/wp-content\/uploads\/2019\/02\/image_22_326-887x500.jpg 887w, https:\/\/www.grieta.org.mx\/wp-content\/uploads\/2019\/02\/image_22_326.jpg 1144w\" sizes=\"auto, (max-width: 300px) 100vw, 300px\" \/><br \/>\nEn unidades de los Servicios de Salud de Oaxaca ocurrieron 18 de las 31 muertes maternas de 2018.<\/p>\n<p>\u201cEn las unidades m\u00e9dicas faltan muchos insumos. La muerte materna no se va a resolver mientras no se fortalezcan las redes obst\u00e9tricas o el primer nivel cuente con los suficientes recursos para atender emergencias\u201d, precis\u00f3.<\/p>\n<p>Falla el primer nivel<\/p>\n<p>Aunque tienen la capacidad, en la mayor\u00eda de centros de salud el personal que podr\u00eda atender un parto suele no querer hacerlo, \u201cpara evitar meterse en un problema\u201d cuando \u201ccon buenos canales de referencia\u201d no deber\u00eda representarlo si se presentan complicaciones obst\u00e9tricas, \u201cpero no hay certeza de que tengan apoyos para transporte y un hospital equipado que reciba a la paciente\u201d.<\/p>\n<p>Con 31 defunciones en 2018 Oaxaca se coloc\u00f3 en el quinto lugar nacional, s\u00f3lo despu\u00e9s de Chiapas (77 muertes), Estado de M\u00e9xico (73), Veracruz (38) y Jalisco (36), seg\u00fan el reporte de la Direcci\u00f3n General de Epidemiolog\u00eda de la Secretar\u00eda de Salud Federal.<\/p>\n<p>Fueron las unidades m\u00e9dicas de los Servicios de Salud de Oaxaca donde se registr\u00f3 el 58 por ciento de las muertes maternas reportadas durante en 2018 con 18, seguido del r\u00e9gimen de IMSS Prospera (hoy IMSS Bienestar) donde ocurrieron siete, una m\u00e1s en el r\u00e9gimen ordinario del IMSS y cinco sin atenci\u00f3n m\u00e9dica.<\/p>\n<p>En los primeros lugares<\/p>\n<p>Adem\u00e1s de que Oaxaca es de las entidades con mayor casos en el pa\u00eds, tambi\u00e9n es de las que posee una de las razones de mortalidad materna 8.9 puntos arriba de la que se reporta a nivel nacional y es la sexta entidad con mayor retraso en la notificaci\u00f3n que dilata siete d\u00edas, cuando el promedio es de 4.8 d\u00edas.<\/p>\n<p>A pesar de que los Servicios de Salud de Oaxaca hab\u00edan reportado que 2017 cerr\u00f3 con 32 defunciones, el Coordinador de Salud Materna y Perinatal, Teodoro Luis Garc\u00eda Rojas, precis\u00f3 que en ese a\u00f1o fueron 41, diez m\u00e1s que en 2018.<\/p>\n<p>En lo que va del a\u00f1o ya se registr\u00f3 la primera muerte materna en una menor de 19 a\u00f1os por causa de una falla hep\u00e1tica, la cual ocurri\u00f3 en la localidad de Cerro Clar\u00edn, perteneciente al municipio de San Jos\u00e9 Independencia en la regi\u00f3n de la Cuenca del Papaloapam.<\/p>\n<p>A pesar de que en d\u00edas anteriores se dio a conocer la relaci\u00f3n entre violencia f\u00edsica y muerte materna que reporta el estudio \u00bfC\u00f3mo reducir la muerte materna en M\u00e9xico?, realizado por el centro de investigaci\u00f3n biom\u00e9dica Melisa Institute, en Oaxaca \u201cno hay un registro como tal\u201d que indique cu\u00e1ntas de esas 31 muertes en 2018 tuvieron como causa alg\u00fan tipo de violencia de g\u00e9nero.<\/p>\n<p><a href=\"https:\/\/www.nvinoticias.com\/nota\/110087\/gravosa-muerte-materna-en-oaxaca-31-en-2018\" rel=\"noopener\" target=\"_blank\">https:\/\/www.nvinoticias.com\/nota\/110087\/gravosa-muerte-materna-en-oaxaca-31-en-2018<\/a><\/p>\n","protected":false},"excerpt":{"rendered":"<p>Noticias. Natalia Altamirano, Las 31 muertes maternas registradas durante el 2018 demuestran que en Oaxaca persiste una baja calidad de la atenci\u00f3n m\u00e9dica, inaccesibilidad f\u00edsica, financiera y cultural de los &hellip; <a href=\"https:\/\/www.grieta.org.mx\/index.php\/2019\/02\/04\/gravosa-muerte-materna-en-oaxaca-31-en-2018\/\" class=\"more-link\">Leer m\u00e1s<\/a><\/p>\n","protected":false},"author":2,"featured_media":29075,"comment_status":"closed","ping_status":"closed","sticky":false,"template":"","format":"standard","meta":{"ngg_post_thumbnail":0,"_jetpack_newsletter_access":"","_jetpack_dont_email_post_to_subs":false,"_jetpack_newsletter_tier_id":0,"_jetpack_memberships_contains_paywalled_content":false,"_jetpack_memberships_contains_paid_content":false,"footnotes":""},"categories":[80,1728,1477,2,25,1665],"tags":[],"class_list":["post-29074","post","type-post","status-publish","format-standard","has-post-thumbnail","hentry","category-cintillo","category-crisis-del-sector-salud-en-oaxaca","category-la-ninez-en-la-tormenta-en-oaxaca","category-noticias-nacionales","category-oaxaca","category-violencia-contra-las-mujeres-en-oaxaca","entry"],"jetpack_featured_media_url":"https:\/\/www.grieta.org.mx\/wp-content\/uploads\/2019\/02\/image_22_326.jpg","jetpack_sharing_enabled":true,"jetpack_shortlink":"https:\/\/wp.me\/p7ZJR4-7yW","jetpack_likes_enabled":false,"jetpack-related-posts":[{"id":26563,"url":"https:\/\/www.grieta.org.mx\/index.php\/2018\/08\/24\/persiste-muerte-materna-en-oaxaca-15-defunciones-en-2018\/","url_meta":{"origin":29074,"position":0},"title":"Persiste muerte materna en Oaxaca; 15 defunciones en 2018","author":"grieta","date":"24 agosto, 2018","format":false,"excerpt":"Noticias. Nadia Altamirano, La mayor\u00eda de muertes maternas en Oaxaca se pudieron prevenir. De las 410 muertes maternas en el pa\u00eds en lo que va del a\u00f1o, el 3.6%, es decir 15, ha ocurrido en Oaxaca. La cifra del Observatorio de Mortalidad Materna en M\u00e9xico, reporta que hasta la semana\u2026","rel":"","context":"En &quot;CINTILLO&quot;","block_context":{"text":"CINTILLO","link":"https:\/\/www.grieta.org.mx\/index.php\/category\/cintillo\/"},"img":{"alt_text":"","src":"https:\/\/i0.wp.com\/www.grieta.org.mx\/wp-content\/uploads\/2018\/09\/image_6_276.jpg?resize=350%2C200&ssl=1","width":350,"height":200,"srcset":"https:\/\/i0.wp.com\/www.grieta.org.mx\/wp-content\/uploads\/2018\/09\/image_6_276.jpg?resize=350%2C200&ssl=1 1x, https:\/\/i0.wp.com\/www.grieta.org.mx\/wp-content\/uploads\/2018\/09\/image_6_276.jpg?resize=525%2C300&ssl=1 1.5x, https:\/\/i0.wp.com\/www.grieta.org.mx\/wp-content\/uploads\/2018\/09\/image_6_276.jpg?resize=700%2C400&ssl=1 2x, https:\/\/i0.wp.com\/www.grieta.org.mx\/wp-content\/uploads\/2018\/09\/image_6_276.jpg?resize=1050%2C600&ssl=1 3x"},"classes":[]},{"id":28761,"url":"https:\/\/www.grieta.org.mx\/index.php\/2019\/01\/30\/oaxaca-foco-rojo-por-muerte-materna\/","url_meta":{"origin":29074,"position":1},"title":"Oaxaca, foco rojo por muerte materna","author":"grieta","date":"30 enero, 2019","format":false,"excerpt":"Noticias. Por Agencia Reforma, Entre el 2.8 y el 7.2 por ciento de las muertes maternas ocurridas en M\u00e9xico est\u00e1 relacionado con eventos violentos, revel\u00f3 el estudio \"\u00bfC\u00f3mo reducir la mortalidad materna en M\u00e9xico?\", realizado por Melisa Institute. \"La violencia f\u00edsica contra la mujer embarazada s\u00ed afecta la salud materna,\u2026","rel":"","context":"En &quot;CINTILLO&quot;","block_context":{"text":"CINTILLO","link":"https:\/\/www.grieta.org.mx\/index.php\/category\/cintillo\/"},"img":{"alt_text":"","src":"https:\/\/i0.wp.com\/www.grieta.org.mx\/wp-content\/uploads\/2019\/02\/image_34_285.jpg?resize=350%2C200&ssl=1","width":350,"height":200,"srcset":"https:\/\/i0.wp.com\/www.grieta.org.mx\/wp-content\/uploads\/2019\/02\/image_34_285.jpg?resize=350%2C200&ssl=1 1x, https:\/\/i0.wp.com\/www.grieta.org.mx\/wp-content\/uploads\/2019\/02\/image_34_285.jpg?resize=525%2C300&ssl=1 1.5x, https:\/\/i0.wp.com\/www.grieta.org.mx\/wp-content\/uploads\/2019\/02\/image_34_285.jpg?resize=700%2C400&ssl=1 2x, https:\/\/i0.wp.com\/www.grieta.org.mx\/wp-content\/uploads\/2019\/02\/image_34_285.jpg?resize=1050%2C600&ssl=1 3x"},"classes":[]},{"id":26686,"url":"https:\/\/www.grieta.org.mx\/index.php\/2018\/09\/21\/en-menos-de-tres-anos-1-mil-511-embarazos-en-ninas-en-oaxaca-cladem\/","url_meta":{"origin":29074,"position":2},"title":"En menos de tres a\u00f1os, 1 mil 511 embarazos en ni\u00f1as en Oaxaca: CLADEM","author":"grieta","date":"21 septiembre, 2018","format":false,"excerpt":"Noticias. Citlalli Luciana, El Comit\u00e9 de Am\u00e9rica Latina y el Caribe para la Defensa de los Derechos Humanos de las Mujeres (CLADEM), present\u00f3 este viernes el informe \u201cEmbarazo y maternidad infantil forzada en M\u00e9xico: cada ni\u00f1a cuenta\u201d, a trav\u00e9s del cual se evidencia este delito y las raqu\u00edticas estad\u00edsticas sobre\u2026","rel":"","context":"En &quot;CINTILLO&quot;","block_context":{"text":"CINTILLO","link":"https:\/\/www.grieta.org.mx\/index.php\/category\/cintillo\/"},"img":{"alt_text":"","src":"https:\/\/i0.wp.com\/www.grieta.org.mx\/wp-content\/uploads\/2018\/09\/1d834f9e-901f-4339-98be-6c50e4495d9a.jpg?resize=350%2C200&ssl=1","width":350,"height":200,"srcset":"https:\/\/i0.wp.com\/www.grieta.org.mx\/wp-content\/uploads\/2018\/09\/1d834f9e-901f-4339-98be-6c50e4495d9a.jpg?resize=350%2C200&ssl=1 1x, https:\/\/i0.wp.com\/www.grieta.org.mx\/wp-content\/uploads\/2018\/09\/1d834f9e-901f-4339-98be-6c50e4495d9a.jpg?resize=525%2C300&ssl=1 1.5x, https:\/\/i0.wp.com\/www.grieta.org.mx\/wp-content\/uploads\/2018\/09\/1d834f9e-901f-4339-98be-6c50e4495d9a.jpg?resize=700%2C400&ssl=1 2x, https:\/\/i0.wp.com\/www.grieta.org.mx\/wp-content\/uploads\/2018\/09\/1d834f9e-901f-4339-98be-6c50e4495d9a.jpg?resize=1050%2C600&ssl=1 3x"},"classes":[]},{"id":56379,"url":"https:\/\/www.grieta.org.mx\/index.php\/2021\/01\/22\/incontenibles-los-casos-de-covid19-20-hospitales-colapsados-y-solo-quedan-254-camas-disponibles-oaxaca\/","url_meta":{"origin":29074,"position":3},"title":"Incontenibles los casos de covid19; 20 hospitales colapsados y solo quedan 254 camas disponibles (Oaxaca)","author":"grieta","date":"22 enero, 2021","format":false,"excerpt":"P\u00e1gina 3 \/ Pedro Mat\u00edas. OAXACA, Oax.- Los Servicios de Salud de Oaxaca confirmaron que 20 hospitales de los 26 que forman la red de hospitales covid19 se encuentran colapsados al 100% de su capacidad, lo que significa una ocupaci\u00f3n de camas del 62.3%. El jefe de la Unidad de\u2026","rel":"","context":"En &quot;CINTILLO&quot;","block_context":{"text":"CINTILLO","link":"https:\/\/www.grieta.org.mx\/index.php\/category\/cintillo\/"},"img":{"alt_text":"","src":"https:\/\/i0.wp.com\/www.grieta.org.mx\/wp-content\/uploads\/2021\/01\/A-2.jpg?resize=350%2C200&ssl=1","width":350,"height":200,"srcset":"https:\/\/i0.wp.com\/www.grieta.org.mx\/wp-content\/uploads\/2021\/01\/A-2.jpg?resize=350%2C200&ssl=1 1x, https:\/\/i0.wp.com\/www.grieta.org.mx\/wp-content\/uploads\/2021\/01\/A-2.jpg?resize=525%2C300&ssl=1 1.5x, https:\/\/i0.wp.com\/www.grieta.org.mx\/wp-content\/uploads\/2021\/01\/A-2.jpg?resize=700%2C400&ssl=1 2x, https:\/\/i0.wp.com\/www.grieta.org.mx\/wp-content\/uploads\/2021\/01\/A-2.jpg?resize=1050%2C600&ssl=1 3x"},"classes":[]},{"id":49283,"url":"https:\/\/www.grieta.org.mx\/index.php\/2020\/05\/14\/cifras-maquilladas-en-oaxaca-personal-medico-solo-certifica-19-muertes-por-covid-19\/","url_meta":{"origin":29074,"position":4},"title":"\u00bfCifras maquilladas? En Oaxaca, personal m\u00e9dico solo certifica 19 muertes por Covid-19","author":"grieta","date":"14 mayo, 2020","format":false,"excerpt":"P\u00e1gina 3 \/ Paulina R\u00edos Olivera. *Solo 19 actas de defunci\u00f3n tienen como causa de muerte la enfermedad del coronavirus; personal m\u00e9dico anota neumon\u00edas at\u00edpicas u otros padecimientos en los certificados m\u00e9dicos de fallecimiento. | *Ocultar la causa puede generar violaci\u00f3n a derechos humanos: Abogado. En Oaxaca, el n\u00famero de\u2026","rel":"","context":"En &quot;CINTILLO&quot;","block_context":{"text":"CINTILLO","link":"https:\/\/www.grieta.org.mx\/index.php\/category\/cintillo\/"},"img":{"alt_text":"","src":"https:\/\/i0.wp.com\/www.grieta.org.mx\/wp-content\/uploads\/2020\/05\/Formato-certificado-de-defuncion-por-covid-19-de-paciente-de-68-anos-con-diabetes.jpg?resize=350%2C200&ssl=1","width":350,"height":200,"srcset":"https:\/\/i0.wp.com\/www.grieta.org.mx\/wp-content\/uploads\/2020\/05\/Formato-certificado-de-defuncion-por-covid-19-de-paciente-de-68-anos-con-diabetes.jpg?resize=350%2C200&ssl=1 1x, https:\/\/i0.wp.com\/www.grieta.org.mx\/wp-content\/uploads\/2020\/05\/Formato-certificado-de-defuncion-por-covid-19-de-paciente-de-68-anos-con-diabetes.jpg?resize=525%2C300&ssl=1 1.5x, https:\/\/i0.wp.com\/www.grieta.org.mx\/wp-content\/uploads\/2020\/05\/Formato-certificado-de-defuncion-por-covid-19-de-paciente-de-68-anos-con-diabetes.jpg?resize=700%2C400&ssl=1 2x"},"classes":[]},{"id":41525,"url":"https:\/\/www.grieta.org.mx\/index.php\/2019\/11\/22\/matan-a-dos-mujeres-en-la-costa-suman-124-muertes-violentas-de-mujeres-en-oaxaca-en-lo-que-va-del-ano\/","url_meta":{"origin":29074,"position":5},"title":"Matan a dos mujeres en la Costa; suman 124 muertes violentas de mujeres en Oaxaca en lo que va del a\u00f1o","author":"grieta","date":"22 noviembre, 2019","format":false,"excerpt":"P\u00e1gina 3 \/ Pedro Mat\u00edas. Oaxaca, Oax.- Matan a dos mujeres en una fiesta patronal en el municipio de Santo Domingo Armenta, en la regi\u00f3n de la Costa de Oaxaca, con lo que suman 124 muertes violentas de mujeres en lo que va del a\u00f1o. Los hechos donde fueron asesinadas\u2026","rel":"","context":"En &quot;CINTILLO&quot;","block_context":{"text":"CINTILLO","link":"https:\/\/www.grieta.org.mx\/index.php\/category\/cintillo\/"},"img":{"alt_text":"","src":"https:\/\/i0.wp.com\/www.grieta.org.mx\/wp-content\/uploads\/2018\/03\/14524434_1106112876131411_958039263622046936_o.jpg?resize=350%2C200&ssl=1","width":350,"height":200,"srcset":"https:\/\/i0.wp.com\/www.grieta.org.mx\/wp-content\/uploads\/2018\/03\/14524434_1106112876131411_958039263622046936_o.jpg?resize=350%2C200&ssl=1 1x, https:\/\/i0.wp.com\/www.grieta.org.mx\/wp-content\/uploads\/2018\/03\/14524434_1106112876131411_958039263622046936_o.jpg?resize=525%2C300&ssl=1 1.5x, https:\/\/i0.wp.com\/www.grieta.org.mx\/wp-content\/uploads\/2018\/03\/14524434_1106112876131411_958039263622046936_o.jpg?resize=700%2C400&ssl=1 2x"},"classes":[]}],"_links":{"self":[{"href":"https:\/\/www.grieta.org.mx\/index.php\/wp-json\/wp\/v2\/posts\/29074","targetHints":{"allow":["GET"]}}],"collection":[{"href":"https:\/\/www.grieta.org.mx\/index.php\/wp-json\/wp\/v2\/posts"}],"about":[{"href":"https:\/\/www.grieta.org.mx\/index.php\/wp-json\/wp\/v2\/types\/post"}],"author":[{"embeddable":true,"href":"https:\/\/www.grieta.org.mx\/index.php\/wp-json\/wp\/v2\/users\/2"}],"replies":[{"embeddable":true,"href":"https:\/\/www.grieta.org.mx\/index.php\/wp-json\/wp\/v2\/comments?post=29074"}],"version-history":[{"count":1,"href":"https:\/\/www.grieta.org.mx\/index.php\/wp-json\/wp\/v2\/posts\/29074\/revisions"}],"predecessor-version":[{"id":29076,"href":"https:\/\/www.grieta.org.mx\/index.php\/wp-json\/wp\/v2\/posts\/29074\/revisions\/29076"}],"wp:featuredmedia":[{"embeddable":true,"href":"https:\/\/www.grieta.org.mx\/index.php\/wp-json\/wp\/v2\/media\/29075"}],"wp:attachment":[{"href":"https:\/\/www.grieta.org.mx\/index.php\/wp-json\/wp\/v2\/media?parent=29074"}],"wp:term":[{"taxonomy":"category","embeddable":true,"href":"https:\/\/www.grieta.org.mx\/index.php\/wp-json\/wp\/v2\/categories?post=29074"},{"taxonomy":"post_tag","embeddable":true,"href":"https:\/\/www.grieta.org.mx\/index.php\/wp-json\/wp\/v2\/tags?post=29074"}],"curies":[{"name":"wp","href":"https:\/\/api.w.org\/{rel}","templated":true}]}}