{"id":29071,"date":"2019-02-16T19:06:34","date_gmt":"2019-02-17T01:06:34","guid":{"rendered":"http:\/\/www.grieta.org.mx\/?p=29071"},"modified":"2019-02-17T21:11:15","modified_gmt":"2019-02-18T03:11:15","slug":"cerraran-al-menos-30-estancias-infantiles-en-oaxaca-por-reduccion-del-50-por-ciento-del-subsidio-federal","status":"publish","type":"post","link":"https:\/\/www.grieta.org.mx\/index.php\/2019\/02\/16\/cerraran-al-menos-30-estancias-infantiles-en-oaxaca-por-reduccion-del-50-por-ciento-del-subsidio-federal\/","title":{"rendered":"Cerrar\u00e1n al menos 30 estancias infantiles en Oaxaca por reducci\u00f3n del 50 por ciento del subsidio federal"},"content":{"rendered":"<p>P\u00e1gina 3.<\/p>\n<p>Antonio Mundaca\/Corresponsal,<\/p>\n<p>Oaxaca, Oax., (pagina3.mx).-Debido a la reducci\u00f3n presupuestal del 50 por ciento que aplica el gobierno federal en el programa de Estancias Infantiles desde hace dos meses se prev\u00e9 el cierre de la mitad de las 204 que existen en Oaxaca sostuvieron mujeres representantes de dichos m\u00f3dulos de cuidado infantil.<\/p>\n<p><img loading=\"lazy\" decoding=\"async\" data-attachment-id=\"29072\" data-permalink=\"https:\/\/www.grieta.org.mx\/index.php\/2019\/02\/16\/cerraran-al-menos-30-estancias-infantiles-en-oaxaca-por-reduccion-del-50-por-ciento-del-subsidio-federal\/estancias-infantiles\/\" data-orig-file=\"https:\/\/www.grieta.org.mx\/wp-content\/uploads\/2019\/02\/Estancias-infantiles.jpeg\" data-orig-size=\"950,481\" data-comments-opened=\"0\" data-image-meta=\"{&quot;aperture&quot;:&quot;0&quot;,&quot;credit&quot;:&quot;&quot;,&quot;camera&quot;:&quot;&quot;,&quot;caption&quot;:&quot;&quot;,&quot;created_timestamp&quot;:&quot;0&quot;,&quot;copyright&quot;:&quot;&quot;,&quot;focal_length&quot;:&quot;0&quot;,&quot;iso&quot;:&quot;0&quot;,&quot;shutter_speed&quot;:&quot;0&quot;,&quot;title&quot;:&quot;&quot;,&quot;orientation&quot;:&quot;0&quot;}\" data-image-title=\"Estancias-infantiles\" data-image-description=\"\" data-image-caption=\"\" data-medium-file=\"https:\/\/www.grieta.org.mx\/wp-content\/uploads\/2019\/02\/Estancias-infantiles-300x152.jpeg\" data-large-file=\"https:\/\/www.grieta.org.mx\/wp-content\/uploads\/2019\/02\/Estancias-infantiles.jpeg\" src=\"http:\/\/www.grieta.org.mx\/wp-content\/uploads\/2019\/02\/Estancias-infantiles.jpeg\" alt=\"\" width=\"950\" height=\"481\" class=\"aligncenter size-full wp-image-29072\" srcset=\"https:\/\/www.grieta.org.mx\/wp-content\/uploads\/2019\/02\/Estancias-infantiles.jpeg 950w, https:\/\/www.grieta.org.mx\/wp-content\/uploads\/2019\/02\/Estancias-infantiles-300x152.jpeg 300w, https:\/\/www.grieta.org.mx\/wp-content\/uploads\/2019\/02\/Estancias-infantiles-768x389.jpeg 768w\" sizes=\"auto, (max-width: 950px) 100vw, 950px\" \/><br \/>\nEn problemas financieros, estancias infantiles. Foto: Agencia Estaci\u00f3n Foto<\/p>\n<p>Las responsables de Estancias Infantiles en Oaxaca afirmaron que llevan dos bimestres sin el subsidio econ\u00f3mico que por 12 a\u00f1os les entreg\u00f3 la federaci\u00f3n y eso ha complicado la operatividad de sus inmuebles.<\/p>\n<p>\u201cEn este bimestre la Secretar\u00eda del Bienestar no ha dado nada de recursos a las estancias y muchos beneficiarios han decidido sacar a los ni\u00f1os ante la incertidumbre, aunque necesiten el servicio\u201d, explic\u00f3 Claudia Becerril, responsable de la estancia infantil \u201cLuz de mi vida\u201d ubicada en el municipio de San Antonio de la Cal.<\/p>\n<p>Artemia Cuevas, de la estancia \u201cChispitas\u201d ubicada en Santa Rosa de Lima sostuvo que han operado estos a\u00f1os bajo el esquema de un programa social donde las madres trabajadoras se inscriben al programa y el gobierno federal les env\u00eda a las instituciones un recurso para que a trav\u00e9s de las estancias infantiles los ni\u00f1os puedan ser atendidos en su alimentaci\u00f3n.<\/p>\n<p>    \u201cLa mayor afectaci\u00f3n viene en que se ha tenido que reducir el personal, pero tambi\u00e9n afecta en el equipamiento, mantenimiento y servicio, la denuncia que hacemos es porque el tema es muy delicado, sobre todo el abrupto cierre que se esta dando y al darle el recurso a los padres de familia se esta descuidando el desarrollo de los ni\u00f1os\u201d, explic\u00f3 Artemia Cuevas.<\/p>\n<p>Indic\u00f3 que las estancias que ellas representan han obtenido premios a nivel nacional e internacional que favorecen al desarrollo de esos centros de atenci\u00f3n infantil ya que cumplen el perfil y desde el 2006 est\u00e1n siendo reguladas en Protecci\u00f3n Civil Estatal y son avaladas cada a\u00f1o las instalaciones, beneficios sociales que podr\u00edan ser abolidos ante la nueva pol\u00edtica implementada por el Gobierno de Rep\u00fablica que encabeza Andr\u00e9s Manuel L\u00f3pez Obrador.<\/p>\n<p>Dijo que se anunci\u00f3 un cambio del 50 por ciento al programa lo que incluye la reducci\u00f3n al 50 por ciento de estas instancias, lo que se traducir\u00eda en la incertidumbre para alrededor de 7 mil 230 menores que reciben el benefici\u00f3 \u201c la permanencia de estos ni\u00f1os,  continua bajo un programa diferente en el que muchas estancias ya no podr\u00edamos seguir operando, incluso aunque varias de ellas contin\u00faen con programa de planes de pago, lo m\u00e1s importante es que los ni\u00f1os permanezcan y deje de caer la asistencia que se ha traducido en una deserci\u00f3n de alrededor del 40 por ciento.<\/p>\n<p>Karla Jacobo Rodr\u00edguez responsable de la estancia infantil \u201cCaracoles\u201d ubicada en el municipio de Guadalupe Etla precis\u00f3 que con esta nueva pol\u00edtica social que destinara el dinero de manera a directa a los padres se podr\u00eda estar poniendo en riesgo a los menores.<\/p>\n<p>\u201cAl recibir las mam\u00e1s su cuota de subsidio ahora tendr\u00e1n la posibilidad de llevar a los ni\u00f1os al mejor lugar, si puede ser, sin embargo no existe una pol\u00edtica de regulaci\u00f3n en estos lugares, \u00bf qui\u00e9n va a hacer las verificaciones? \u00bfQu\u00e9 van a hacer con las c\u00e9dulas de desarrollo del ni\u00f1o en materia diversas como apoyo psicol\u00f3gico , se va acabar el seguimiento , alimentos vigilados, estos cuidados y atentaciones se har\u00e1n sin saber en manos de qui\u00e9n\u201d, enfatiz\u00f3.<\/p>\n<p>La nueva pol\u00edtica social implementada en este sexenio donde las Estancias Infantiles son catalogadas de intermediarios dejaran de recibir la aportaci\u00f3n mil 600 pesos mensuales por cada menor para que estos recursos sea entregado de manera directa a sus padres debido a presuntas irregularidades detectadas en la extinta Secretaria de Desarrollo Social (Sedesol).<\/p>\n<p><a href=\"https:\/\/pagina3.mx\/2019\/02\/cerraran-al-menos-30-estancias-infantiles-en-oaxaca-por-reduccion-del-50-por-ciento-del-subsidio-federal\/\" rel=\"noopener\" target=\"_blank\">https:\/\/pagina3.mx\/2019\/02\/cerraran-al-menos-30-estancias-infantiles-en-oaxaca-por-reduccion-del-50-por-ciento-del-subsidio-federal\/<\/a><\/p>\n","protected":false},"excerpt":{"rendered":"<p>P\u00e1gina 3. Antonio Mundaca\/Corresponsal, Oaxaca, Oax., (pagina3.mx).-Debido a la reducci\u00f3n presupuestal del 50 por ciento que aplica el gobierno federal en el programa de Estancias Infantiles desde hace dos meses &hellip; <a href=\"https:\/\/www.grieta.org.mx\/index.php\/2019\/02\/16\/cerraran-al-menos-30-estancias-infantiles-en-oaxaca-por-reduccion-del-50-por-ciento-del-subsidio-federal\/\" class=\"more-link\">Leer m\u00e1s<\/a><\/p>\n","protected":false},"author":2,"featured_media":29072,"comment_status":"closed","ping_status":"closed","sticky":false,"template":"","format":"standard","meta":{"ngg_post_thumbnail":0,"_jetpack_newsletter_access":"","_jetpack_dont_email_post_to_subs":false,"_jetpack_newsletter_tier_id":0,"_jetpack_memberships_contains_paywalled_content":false,"_jetpack_memberships_contains_paid_content":false,"footnotes":""},"categories":[80,1728,1477,2,25],"tags":[],"class_list":["post-29071","post","type-post","status-publish","format-standard","has-post-thumbnail","hentry","category-cintillo","category-crisis-del-sector-salud-en-oaxaca","category-la-ninez-en-la-tormenta-en-oaxaca","category-noticias-nacionales","category-oaxaca","entry"],"jetpack_featured_media_url":"https:\/\/www.grieta.org.mx\/wp-content\/uploads\/2019\/02\/Estancias-infantiles.jpeg","jetpack_sharing_enabled":true,"jetpack_shortlink":"https:\/\/wp.me\/p7ZJR4-7yT","jetpack_likes_enabled":false,"jetpack-related-posts":[{"id":30834,"url":"https:\/\/www.grieta.org.mx\/index.php\/2019\/03\/17\/cierra-60-de-estancias-infantiles-en-oaxaca\/","url_meta":{"origin":29071,"position":0},"title":"Cierra 60% de Estancias Infantiles en Oaxaca","author":"grieta","date":"17 marzo, 2019","format":false,"excerpt":"Noticias. Flor Hern\u00e1ndez, Ante este reajuste administrativo para acabar con actos de corrupci\u00f3n en este programa de Estancias, las madres de familia son las m\u00e1s afectadas pues no tienen d\u00f3nde dejar a sus hijos. En dos meses y medio, 120 Estancias Infantiles en Oaxaca han cerrado sus puertas derivado de\u2026","rel":"","context":"En &quot;CINTILLO&quot;","block_context":{"text":"CINTILLO","link":"https:\/\/www.grieta.org.mx\/index.php\/category\/cintillo\/"},"img":{"alt_text":"","src":"https:\/\/i0.wp.com\/www.grieta.org.mx\/wp-content\/uploads\/2019\/03\/image_13_432.jpg?resize=350%2C200&ssl=1","width":350,"height":200,"srcset":"https:\/\/i0.wp.com\/www.grieta.org.mx\/wp-content\/uploads\/2019\/03\/image_13_432.jpg?resize=350%2C200&ssl=1 1x, https:\/\/i0.wp.com\/www.grieta.org.mx\/wp-content\/uploads\/2019\/03\/image_13_432.jpg?resize=525%2C300&ssl=1 1.5x, https:\/\/i0.wp.com\/www.grieta.org.mx\/wp-content\/uploads\/2019\/03\/image_13_432.jpg?resize=700%2C400&ssl=1 2x, https:\/\/i0.wp.com\/www.grieta.org.mx\/wp-content\/uploads\/2019\/03\/image_13_432.jpg?resize=1050%2C600&ssl=1 3x"},"classes":[]},{"id":30101,"url":"https:\/\/www.grieta.org.mx\/index.php\/2019\/03\/03\/recorte-a-estancias-infantiles-amenaza-a-228-planteles-y-8-mil-600-menores-oaxaca\/","url_meta":{"origin":29071,"position":1},"title":"Recorte a estancias infantiles amenaza a 228 planteles y 8 mil 600 menores (Oaxaca)","author":"grieta","date":"3 marzo, 2019","format":false,"excerpt":"Noticias. Pedro Silva, Encargadas de estancias infantiles protestan frente a la delegaci\u00f3n de Bienestar ante adeudos y retraso de pagos. El Programa de Estancias Infantiles (PEI) para apoyar a madres y padres Trabajadores cumple 12 a\u00f1os; creado en 2007 por la administraci\u00f3n panista de Felipe Calder\u00f3n podr\u00eda estar viviendo sus\u2026","rel":"","context":"En &quot;CINTILLO&quot;","block_context":{"text":"CINTILLO","link":"https:\/\/www.grieta.org.mx\/index.php\/category\/cintillo\/"},"img":{"alt_text":"","src":"https:\/\/i0.wp.com\/www.grieta.org.mx\/wp-content\/uploads\/2019\/03\/image_35_327.jpg?resize=350%2C200&ssl=1","width":350,"height":200,"srcset":"https:\/\/i0.wp.com\/www.grieta.org.mx\/wp-content\/uploads\/2019\/03\/image_35_327.jpg?resize=350%2C200&ssl=1 1x, https:\/\/i0.wp.com\/www.grieta.org.mx\/wp-content\/uploads\/2019\/03\/image_35_327.jpg?resize=525%2C300&ssl=1 1.5x, https:\/\/i0.wp.com\/www.grieta.org.mx\/wp-content\/uploads\/2019\/03\/image_35_327.jpg?resize=700%2C400&ssl=1 2x, https:\/\/i0.wp.com\/www.grieta.org.mx\/wp-content\/uploads\/2019\/03\/image_35_327.jpg?resize=1050%2C600&ssl=1 3x"},"classes":[]},{"id":30048,"url":"https:\/\/www.grieta.org.mx\/index.php\/2019\/02\/25\/cerrar-estancias-golpeara-madres-trabajadoras-el-50-no-cuentan-con-seguro-social-aguascalientes\/","url_meta":{"origin":29071,"position":2},"title":"Cerrar estancias golpear\u00e1 madres trabajadoras, el 50% no cuentan con seguro social (Aguascalientes)","author":"grieta","date":"25 febrero, 2019","format":false,"excerpt":"Redacci\u00f3n\/Hiroc\u00e1lido digital. Aguascalientes, Ags.-Menos del 50 por ciento de las mujeres que trabajan cuentan con seguridad social, por lo que el recorte presupuestal a las estancias infantiles impactar\u00e1 severamente en el n\u00facleo familiar y en la econom\u00eda, ya que muchas mujeres se ver\u00e1n obligadas a dejar de trabajar para estar\u2026","rel":"","context":"En &quot;Aguascalientes&quot;","block_context":{"text":"Aguascalientes","link":"https:\/\/www.grieta.org.mx\/index.php\/category\/noticias-nacionales\/aguascalientes\/"},"img":{"alt_text":"","src":"https:\/\/i0.wp.com\/www.grieta.org.mx\/wp-content\/uploads\/2019\/03\/comienza-cierre-de-estancias-infantiles-en-nayarit-60136.jpg?resize=350%2C200&ssl=1","width":350,"height":200,"srcset":"https:\/\/i0.wp.com\/www.grieta.org.mx\/wp-content\/uploads\/2019\/03\/comienza-cierre-de-estancias-infantiles-en-nayarit-60136.jpg?resize=350%2C200&ssl=1 1x, https:\/\/i0.wp.com\/www.grieta.org.mx\/wp-content\/uploads\/2019\/03\/comienza-cierre-de-estancias-infantiles-en-nayarit-60136.jpg?resize=525%2C300&ssl=1 1.5x, https:\/\/i0.wp.com\/www.grieta.org.mx\/wp-content\/uploads\/2019\/03\/comienza-cierre-de-estancias-infantiles-en-nayarit-60136.jpg?resize=700%2C400&ssl=1 2x"},"classes":[]},{"id":28182,"url":"https:\/\/www.grieta.org.mx\/index.php\/2018\/12\/20\/se-manifiestan-estancias-infantiles-contra-reduccion-de-presupuesto-en-2019-tlaxcala\/","url_meta":{"origin":29071,"position":3},"title":"Se manifiestan Estancias Infantiles contra reducci\u00f3n de presupuesto en 2019 (Tlaxcala)","author":"grieta","date":"20 diciembre, 2018","format":false,"excerpt":"\"AMLO Estancias Infantiles te pide los ni\u00f1os son primero, no al recorte de presupuesto\", fue la consigna que directoras y prestadoras de servicios lanzaron en contra de la administraci\u00f3n de Andr\u00e9s Manuel L\u00f3pez Obrador que ha proyectado una disminuci\u00f3n cercana al 50% del recurso que recibir\u00e1 ese programa en 2019.\u2026","rel":"","context":"En &quot;CINTILLO&quot;","block_context":{"text":"CINTILLO","link":"https:\/\/www.grieta.org.mx\/index.php\/category\/cintillo\/"},"img":{"alt_text":"","src":"https:\/\/i0.wp.com\/www.grieta.org.mx\/wp-content\/uploads\/2019\/01\/201218-Estancias-2.jpg?resize=350%2C200&ssl=1","width":350,"height":200,"srcset":"https:\/\/i0.wp.com\/www.grieta.org.mx\/wp-content\/uploads\/2019\/01\/201218-Estancias-2.jpg?resize=350%2C200&ssl=1 1x, https:\/\/i0.wp.com\/www.grieta.org.mx\/wp-content\/uploads\/2019\/01\/201218-Estancias-2.jpg?resize=525%2C300&ssl=1 1.5x, https:\/\/i0.wp.com\/www.grieta.org.mx\/wp-content\/uploads\/2019\/01\/201218-Estancias-2.jpg?resize=700%2C400&ssl=1 2x"},"classes":[]},{"id":29335,"url":"https:\/\/www.grieta.org.mx\/index.php\/2019\/02\/19\/cierran-17-estancias-infantiles-en-guanajuato-por-recorte-de-gobierno-federal\/","url_meta":{"origin":29071,"position":4},"title":"Cierran 17 estancias infantiles en Guanajuato por recorte de Gobierno Federal","author":"grieta","date":"19 febrero, 2019","format":false,"excerpt":"En el estado hay 505 guarder\u00edas, las cuales est\u00e1n en riesgo de quiebra, 17 de ellas ya cerraron y decenas de personas se quedaron sin empleo JOS\u00c9 TRINIDAD M\u00c9NDEZ | AM LE\u00d3N, GUANAJUATO, 19 de Febrero El recorte del presupuesto federal para el Programa de Estancias Infantiles para este 2019\u2026","rel":"","context":"En &quot;CINTILLO&quot;","block_context":{"text":"CINTILLO","link":"https:\/\/www.grieta.org.mx\/index.php\/category\/cintillo\/"},"img":{"alt_text":"","src":"https:\/\/i0.wp.com\/www.grieta.org.mx\/wp-content\/uploads\/2019\/02\/cierran-17-estancias-infantiles-en-guanajuato-por-recorte-de-gobierno-federal-e63bcaba22099c6fbf1b7722f9187b4f.jpg?resize=350%2C200&ssl=1","width":350,"height":200,"srcset":"https:\/\/i0.wp.com\/www.grieta.org.mx\/wp-content\/uploads\/2019\/02\/cierran-17-estancias-infantiles-en-guanajuato-por-recorte-de-gobierno-federal-e63bcaba22099c6fbf1b7722f9187b4f.jpg?resize=350%2C200&ssl=1 1x, https:\/\/i0.wp.com\/www.grieta.org.mx\/wp-content\/uploads\/2019\/02\/cierran-17-estancias-infantiles-en-guanajuato-por-recorte-de-gobierno-federal-e63bcaba22099c6fbf1b7722f9187b4f.jpg?resize=525%2C300&ssl=1 1.5x, https:\/\/i0.wp.com\/www.grieta.org.mx\/wp-content\/uploads\/2019\/02\/cierran-17-estancias-infantiles-en-guanajuato-por-recorte-de-gobierno-federal-e63bcaba22099c6fbf1b7722f9187b4f.jpg?resize=700%2C400&ssl=1 2x"},"classes":[]},{"id":28188,"url":"https:\/\/www.grieta.org.mx\/index.php\/2018\/12\/20\/en-chilpancingo-toman-trabajadores-de-estancias-infantiles-la-delegacion-de-sedesol-guerrero\/","url_meta":{"origin":29071,"position":5},"title":"En Chilpancingo, toman trabajadores de estancias infantiles la delegaci\u00f3n de Sedesol (Guerrero)","author":"grieta","date":"20 diciembre, 2018","format":false,"excerpt":"Dassaev T\u00e9llez Adame \/ La Jornada Guerrero Chilpancingo, 19 de diciembre. Padres de familia y encargados de estancias infantiles, tomaron las instalaciones de la delegaci\u00f3n de la Secretar\u00eda de Desarrollo Social (Sedesol), en Chilpancingo, para exigir a las autoridades que entreguen el subsidio atrasado del mes de noviembre, para m\u00e1s\u2026","rel":"","context":"En &quot;CINTILLO&quot;","block_context":{"text":"CINTILLO","link":"https:\/\/www.grieta.org.mx\/index.php\/category\/cintillo\/"},"img":{"alt_text":"","src":"https:\/\/i0.wp.com\/www.grieta.org.mx\/wp-content\/uploads\/2019\/01\/direct-9.jpg?resize=350%2C200&ssl=1","width":350,"height":200,"srcset":"https:\/\/i0.wp.com\/www.grieta.org.mx\/wp-content\/uploads\/2019\/01\/direct-9.jpg?resize=350%2C200&ssl=1 1x, https:\/\/i0.wp.com\/www.grieta.org.mx\/wp-content\/uploads\/2019\/01\/direct-9.jpg?resize=525%2C300&ssl=1 1.5x, https:\/\/i0.wp.com\/www.grieta.org.mx\/wp-content\/uploads\/2019\/01\/direct-9.jpg?resize=700%2C400&ssl=1 2x"},"classes":[]}],"_links":{"self":[{"href":"https:\/\/www.grieta.org.mx\/index.php\/wp-json\/wp\/v2\/posts\/29071","targetHints":{"allow":["GET"]}}],"collection":[{"href":"https:\/\/www.grieta.org.mx\/index.php\/wp-json\/wp\/v2\/posts"}],"about":[{"href":"https:\/\/www.grieta.org.mx\/index.php\/wp-json\/wp\/v2\/types\/post"}],"author":[{"embeddable":true,"href":"https:\/\/www.grieta.org.mx\/index.php\/wp-json\/wp\/v2\/users\/2"}],"replies":[{"embeddable":true,"href":"https:\/\/www.grieta.org.mx\/index.php\/wp-json\/wp\/v2\/comments?post=29071"}],"version-history":[{"count":1,"href":"https:\/\/www.grieta.org.mx\/index.php\/wp-json\/wp\/v2\/posts\/29071\/revisions"}],"predecessor-version":[{"id":29073,"href":"https:\/\/www.grieta.org.mx\/index.php\/wp-json\/wp\/v2\/posts\/29071\/revisions\/29073"}],"wp:featuredmedia":[{"embeddable":true,"href":"https:\/\/www.grieta.org.mx\/index.php\/wp-json\/wp\/v2\/media\/29072"}],"wp:attachment":[{"href":"https:\/\/www.grieta.org.mx\/index.php\/wp-json\/wp\/v2\/media?parent=29071"}],"wp:term":[{"taxonomy":"category","embeddable":true,"href":"https:\/\/www.grieta.org.mx\/index.php\/wp-json\/wp\/v2\/categories?post=29071"},{"taxonomy":"post_tag","embeddable":true,"href":"https:\/\/www.grieta.org.mx\/index.php\/wp-json\/wp\/v2\/tags?post=29071"}],"curies":[{"name":"wp","href":"https:\/\/api.w.org\/{rel}","templated":true}]}}