{"id":29010,"date":"2019-02-03T19:35:32","date_gmt":"2019-02-04T01:35:32","guid":{"rendered":"http:\/\/www.grieta.org.mx\/?p=29010"},"modified":"2019-02-28T00:01:00","modified_gmt":"2019-02-28T06:01:00","slug":"denuncian-tala-ilegal-de-manglares-para-refineria-de-tabasco","status":"publish","type":"post","link":"https:\/\/www.grieta.org.mx\/index.php\/2019\/02\/03\/denuncian-tala-ilegal-de-manglares-para-refineria-de-tabasco\/","title":{"rendered":"Denuncian tala ilegal de manglares para refiner\u00eda de Tabasco"},"content":{"rendered":"<p>El Universal.<\/p>\n<p>El Centro Mexicano de Derecho Ambiental (CEMDA) promover\u00e1 demandas penales ante la Procuradur\u00eda General de la Rep\u00fablica (PGR), por la devastaci\u00f3n de manglares en un predio de m\u00e1s de 566 hect\u00e1reas en el municipio Para\u00edso, Tabasco, en donde el gobierno federal pretende edificar la refiner\u00eda Dos Bocas, uno de los proyectos emblem\u00e1ticos del presidente Andr\u00e9s Manuel L\u00f3pez Obrador.<\/p>\n<p>Tambi\u00e9n se denunciar\u00e1n ante la Secretar\u00eda de la Funci\u00f3n P\u00fablica (SFP), las omisiones y responsabilidades en las que pudieron haber incurrido servidores p\u00fablicos, entre ellos de Petr\u00f3leos Mexicanos (Pemex), inform\u00f3 el presidente de dicha agrupaci\u00f3n de abogados ambientales, Gustavo Alan\u00eds Ortega.<\/p>\n<p>El 24 de enero pasado la Agencia de Seguridad, Energ\u00eda y Ambiente (ASEA), anunci\u00f3 que la empresa SCCA -presunta responsable del desmonte de manglares sin autorizaci\u00f3n de impacto ambiental y sin cambio de uso de suelo en terrenos forestales- fue multada con 13 millones 900 mil pesos.<\/p>\n<p>Adem\u00e1s tendr\u00e1 que aplicar un programa de reforestaci\u00f3n del manglar en 82.8 hect\u00e1reas del predio y deber\u00e1 tramitar los permisos que no posee, si pretende proseguir con la obra.<\/p>\n<p>Sin embargo, el delito cometido ah\u00ed, tambi\u00e9n es de car\u00e1cter penal, indic\u00f3 Alan\u00eds Ortega, por lo cual la agrupaci\u00f3n presentar\u00e1 las demandas correspondientes.<\/p>\n<p>\u201cAhora vamos a ir a la parte penal. No lo vamos a dejar ah\u00ed. Vamos a ir a la PGR (Procuradur\u00eda General de la Rep\u00fablica), vamos a presentar las denuncias por comisi\u00f3n de delitos; tambi\u00e9n vamos a ir a la Funci\u00f3n P\u00fablica, por las responsabilidades de los servidores p\u00fablicos de Petr\u00f3leos Mexicanos, porque el terreno es de Pemex.<\/p>\n<p>\u201cLa pregunta aqu\u00ed es \u00bfqui\u00e9n dej\u00f3 entrar? \u00bfQui\u00e9n le dio las llaves a la empresa para que entraran y talaran? Alguien tiene una responsabilidad aqu\u00ed y tiene que hacerle frente\u201d, subray\u00f3.<\/p>\n<p>Desmonte de selva y manglares sin permisos<\/p>\n<p>El 16 de noviembre de 2018, el CEMDA present\u00f3 una denuncia ante la Procuradur\u00eda Federal de Protecci\u00f3n al Ambiente (Profepa) y ante la ASEA, en contra de quien resultase responsable por violentar el Procedimiento de Evaluaci\u00f3n del Impacto Ambiental (PEIA), instaurado en la Ley General del Equilibrio Ecol\u00f3gico y Protecci\u00f3n al Ambiente (LGEEPA), al desmontar manglares y selva sin autorizaci\u00f3n de impacto ambiental y cambio de uso del suelo en terrenos forestales.<\/p>\n<p>La Profepa es competente, al preverse la comisi\u00f3n de un delito ambiental; la ASEA tambi\u00e9n, porque a partir de la Reforma Energ\u00e9tica fue creada como un ente regulador exclusivo para el sector de hidrocarburos, por lo cual todo lo que tiene que ver con gas, petr\u00f3leo y carb\u00f3n le compete a dicha Agencia.<\/p>\n<p>\u201cLa Profepa se declar\u00f3 incompetente, pero nosotros creemos que s\u00ed tiene competencia y es algo que demostraremos pr\u00f3ximamente, por el da\u00f1o ambiental y por el tema de vida silvestre\u201d, indic\u00f3.<\/p>\n<p>El 3 de diciembre se orden\u00f3 una visita de inspecci\u00f3n; el 6, se emplaz\u00f3 al procedimiento administrativo.<\/p>\n<p>Para el 9 de ese mes, L\u00f3pez Obrador coloc\u00f3 la primera piedra de lo que pretende ser\u00e1 la Refiner\u00eda Dos Bocas, en el predio devastado ilegalmente.<\/p>\n<p>La obra abarcar\u00e1 566 hect\u00e1reas, propiedad del gobierno federal y es, junto con el Tren Maya, uno de los proyectos presidenciales m\u00e1s importantes del sexenio.<\/p>\n<p>Dos Bocas ser\u00edan declarada zona de reserva ambiental<\/p>\n<p>El 20 de diciembre el CEMDA present\u00f3 las pruebas correspondientes para fundamentar su denuncia, entre ellas, dos estudios y una documental, detall\u00f3 el tambi\u00e9n Maestro en Derecho Internacional, con especialidad en Derecho Ambiental.<\/p>\n<p>Uno, en donde el Instituto Mexicano del Petr\u00f3leo admite que el predio en Para\u00edso, Tabasco, es el lugar menos apto para construir una refiner\u00eda. Otro, donde la Comisi\u00f3n Nacional para el Uso y Conocimiento de la Biodiversidad (Conabio), confirma que en el predio hab\u00eda manglar.<\/p>\n<p>La tercer prueba fue un documento interno de Petr\u00f3leos Mexicanos (Pemex), que revela la pretensi\u00f3n original de la paraestatal por declarar la zona talada como \u201cde reserva ambiental\u201d y preservaci\u00f3n ecol\u00f3gica.<\/p>\n<p>\u201cDos Bocas es un proyecto que es prioritario y emblem\u00e1tico, personalmente para el presidente de la Rep\u00fablica y tan es as\u00ed que desde su campa\u00f1a en busca del voto popular, puso sobre su agenda el construir no s\u00f3lo esta refiner\u00eda, sino otra en Campeche y reactivar otras que existen en el pa\u00eds\u201d, dijo Alan\u00eds Ortega.<\/p>\n<p>Confirm\u00f3 Semarnat ausencia de permisos<\/p>\n<p>El nueve de enero, la Secretar\u00eda de Medio Ambiente y Recursos Naturales (Semarnat), dependencia facultada para expedir la autorizaci\u00f3n de impacto ambiental y del cambio de uso del suelo para obras, proyectos o actividades que sean sometidas a su evaluaci\u00f3n, dio a conocer que el desmonte en Dos Bocas, Para\u00edso, no estaba autorizado. Semanas despu\u00e9s la ASEA lo confirm\u00f3 y dio a conocer la multa.<\/p>\n<p>\u201cComo CEMDA logramos contar que no contaban con las autorizaciones requeridas, tal y como lo denunciamos; logramos demostrar que la titular de la SENER (Secretar\u00eda de Energ\u00eda), Roc\u00edo Nahle, falt\u00f3 sistem\u00e1ticamente a la verdad al asegurar que no hab\u00eda manglar, porque dijo que no hab\u00eda selva y s\u00ed hay selva y por decir que s\u00ed contaban con la autorizaci\u00f3n de impacto ambiental.<\/p>\n<p>\u201cC\u00f3mo un secretario de estado se atreve a salir p\u00fablicamente a mentirnos. Es inaceptable. Es algo que no puede ser\u201d, reproch\u00f3 el activista.<\/p>\n<p>Alan\u00eds Ortega aclar\u00f3 que no se trata de frenar el desarrollo de infraestructura, sino de que \u00e9sta se d\u00e9 respetando el marco legal, se hagan bien y se respete el capital ambiental.<\/p>\n<p>\u201cEste proyecto es fundamental para el presidente, pero no s\u00f3lo \u00e9ste; estamos hablando del Tren Maya, del Aeropuerto de Santa Luc\u00eda, del Tren Trans\u00edsmico y muchos proyectos que vienen por ah\u00ed.<\/p>\n<p>\u201cEntonces si el presidente de la Rep\u00fablica quiere hacer proyectos, quiere hacer obras, actividades, est\u00e1 perfecto, m\u00e1s que bienvenido, pero la pregunta es \u00bflo est\u00e1n haciendo conforme marca la ley?, \u00bflo est\u00e1n haciendo con los procedimientos legales? La respuesta es no\u201d, sostuvo, al ubicar como prueba, el caso Dos Bocas.<\/p>\n<p>Al margen de lo legal, subray\u00f3 que con la construcci\u00f3n de refiner\u00edas, M\u00e9xico va en contra de la tendencia internacional sobre la transici\u00f3n energ\u00e9tica, que busca depender menos de los combustibles f\u00f3siles y m\u00e1s de las energ\u00edas renovables. \u201cEstamos yendo en sentido contrario\u201d, afirm\u00f3.<\/p>\n<p><a href=\"https:\/\/pulsoslp.com.mx\/2019\/02\/03\/denuncian-tala-ilegal-de-manglares-para-refineria-de-tabasco\/\" rel=\"noopener\" target=\"_blank\">https:\/\/pulsoslp.com.mx\/2019\/02\/03\/denuncian-tala-ilegal-de-manglares-para-refineria-de-tabasco\/<\/a><\/p>\n","protected":false},"excerpt":{"rendered":"<p>El Universal. El Centro Mexicano de Derecho Ambiental (CEMDA) promover\u00e1 demandas penales ante la Procuradur\u00eda General de la Rep\u00fablica (PGR), por la devastaci\u00f3n de manglares en un predio de m\u00e1s &hellip; <a href=\"https:\/\/www.grieta.org.mx\/index.php\/2019\/02\/03\/denuncian-tala-ilegal-de-manglares-para-refineria-de-tabasco\/\" class=\"more-link\">Leer m\u00e1s<\/a><\/p>\n","protected":false},"author":2,"featured_media":21928,"comment_status":"closed","ping_status":"closed","sticky":false,"template":"","format":"standard","meta":{"ngg_post_thumbnail":0,"_jetpack_newsletter_access":"","_jetpack_dont_email_post_to_subs":false,"_jetpack_newsletter_tier_id":0,"_jetpack_memberships_contains_paywalled_content":false,"_jetpack_memberships_contains_paid_content":false,"footnotes":""},"categories":[80,2109,7,3,922,948,2,2198,2138,32],"tags":[2077],"class_list":["post-29010","post","type-post","status-publish","format-standard","has-post-thumbnail","hentry","category-cintillo","category-danos-al-medio-ambiente-por-refinerias-en-tabasco","category-hidrocarburos","category-megaproyectos","category-megaproyectos-estados","category-mp-tabasco","category-noticias-nacionales","category-refineria-dos-bocas","category-rechazo-a-desarrollo-de-refineria-en-dos-bocas-tabasco","category-tabasco","tag-refinerias","entry"],"jetpack_featured_media_url":"https:\/\/www.grieta.org.mx\/wp-content\/uploads\/2018\/03\/14524434_1106112876131411_958039263622046936_o.jpg","jetpack_sharing_enabled":true,"jetpack_shortlink":"https:\/\/wp.me\/p7ZJR4-7xU","jetpack_likes_enabled":false,"jetpack-related-posts":[{"id":69483,"url":"https:\/\/www.grieta.org.mx\/index.php\/2024\/08\/03\/pescadores-protestan-frente-a-refineria-de-dos-bocas-por-contaminacion-del-rio-seco-tabasco\/","url_meta":{"origin":29010,"position":0},"title":"Pescadores protestan frente a Refiner\u00eda de Dos Bocas por contaminaci\u00f3n del R\u00edo Seco (Tabasco)","author":"grieta","date":"3 agosto, 2024","format":false,"excerpt":"Pescadores protestaron frente a la Refiner\u00eda de Dos Bocas para exigir a AMLO una soluci\u00f3n a la contaminaci\u00f3n en el R\u00edo Seco Jos\u00e9 G\u00f3mez \/ El Heraldo de Tabasco Este s\u00e1bado 3 de agosto de 2024 pescadores se plantaron fuera de la Refiner\u00eda Olmeca para exigirle al presidente, Andr\u00e9s Manuel\u2026","rel":"","context":"En &quot;CINTILLO&quot;","block_context":{"text":"CINTILLO","link":"https:\/\/www.grieta.org.mx\/index.php\/category\/cintillo\/"},"img":{"alt_text":"","src":"https:\/\/i0.wp.com\/www.grieta.org.mx\/wp-content\/uploads\/2024\/08\/Screenshot-2024-08-28-at-14-18-17-Que-exigieron-pescadores-a-AMLO-frente-a-la-Refineria-Olmeca-El-Heraldo-de-Tabasco-Noticias-Locales-Policiacas-sobre-Mexico-Tabasco-y-el-Mundo.png?resize=350%2C200&ssl=1","width":350,"height":200,"srcset":"https:\/\/i0.wp.com\/www.grieta.org.mx\/wp-content\/uploads\/2024\/08\/Screenshot-2024-08-28-at-14-18-17-Que-exigieron-pescadores-a-AMLO-frente-a-la-Refineria-Olmeca-El-Heraldo-de-Tabasco-Noticias-Locales-Policiacas-sobre-Mexico-Tabasco-y-el-Mundo.png?resize=350%2C200&ssl=1 1x, https:\/\/i0.wp.com\/www.grieta.org.mx\/wp-content\/uploads\/2024\/08\/Screenshot-2024-08-28-at-14-18-17-Que-exigieron-pescadores-a-AMLO-frente-a-la-Refineria-Olmeca-El-Heraldo-de-Tabasco-Noticias-Locales-Policiacas-sobre-Mexico-Tabasco-y-el-Mundo.png?resize=525%2C300&ssl=1 1.5x, https:\/\/i0.wp.com\/www.grieta.org.mx\/wp-content\/uploads\/2024\/08\/Screenshot-2024-08-28-at-14-18-17-Que-exigieron-pescadores-a-AMLO-frente-a-la-Refineria-Olmeca-El-Heraldo-de-Tabasco-Noticias-Locales-Policiacas-sobre-Mexico-Tabasco-y-el-Mundo.png?resize=700%2C400&ssl=1 2x"},"classes":[]},{"id":37566,"url":"https:\/\/www.grieta.org.mx\/index.php\/2019\/07\/06\/talaran-casi-132-hectareas-de-selva-para-construir-refineria-en-tabasco-estudio\/","url_meta":{"origin":29010,"position":1},"title":"Talar\u00e1n casi 132 hect\u00e1reas de selva para construir refiner\u00eda en Tabasco: estudio","author":"grieta","date":"6 julio, 2019","format":false,"excerpt":"Redacci\u00f3n \/ Notisistema Para la construcci\u00f3n de la refiner\u00eda de Dos Bocas, en Para\u00edso, Tabasco, se tendr\u00e1n que talar casi 132 hect\u00e1reas de selva, seg\u00fan un estudio realizado por el Instituto Mexicano del Petr\u00f3leo para Pemex. En v\u00edsperas de la reuni\u00f3n de informaci\u00f3n que se llevar\u00e1 a cabo el pr\u00f3ximo\u2026","rel":"","context":"En &quot;Da\u00f1os al medio ambiente por refiner\u00edas en Tabasco&quot;","block_context":{"text":"Da\u00f1os al medio ambiente por refiner\u00edas en Tabasco","link":"https:\/\/www.grieta.org.mx\/index.php\/category\/noticias-nacionales\/tabasco\/danos-al-medio-ambiente-por-refinerias-en-tabasco\/"},"img":{"alt_text":"","src":"https:\/\/i0.wp.com\/www.grieta.org.mx\/wp-content\/uploads\/2019\/08\/Refiner%C3%ADa-Dos-Bocas-610x389.jpg?resize=350%2C200&ssl=1","width":350,"height":200,"srcset":"https:\/\/i0.wp.com\/www.grieta.org.mx\/wp-content\/uploads\/2019\/08\/Refiner%C3%ADa-Dos-Bocas-610x389.jpg?resize=350%2C200&ssl=1 1x, https:\/\/i0.wp.com\/www.grieta.org.mx\/wp-content\/uploads\/2019\/08\/Refiner%C3%ADa-Dos-Bocas-610x389.jpg?resize=525%2C300&ssl=1 1.5x"},"classes":[]},{"id":37886,"url":"https:\/\/www.grieta.org.mx\/index.php\/2019\/08\/14\/reprueban-activistas-aval-ambiental-a-construccion-de-refineria-en-dos-bocas\/","url_meta":{"origin":29010,"position":2},"title":"Reprueban activistas aval ambiental a construcci\u00f3n de refiner\u00eda en Dos Bocas","author":"grieta","date":"14 agosto, 2019","format":false,"excerpt":"Agencia Reforma \/ Noticaribe CIUDAD DE M\u00c9XICO, MX.- Un d\u00eda despu\u00e9s de que la Agencia de Seguridad, Energ\u00eda y Ambiente (ASEA) autoriz\u00f3 el resolutivo de impacto ambiental para la construcci\u00f3n de la Refiner\u00eda de Dos Bocas en Para\u00edso, Tabasco, organizaciones denunciaron que dicha autorizaci\u00f3n no debi\u00f3 ser aprobada. El Centro\u2026","rel":"","context":"En &quot;CINTILLO&quot;","block_context":{"text":"CINTILLO","link":"https:\/\/www.grieta.org.mx\/index.php\/category\/cintillo\/"},"img":{"alt_text":"","src":"https:\/\/i0.wp.com\/www.grieta.org.mx\/wp-content\/uploads\/2019\/08\/DosBocas-e1565890889473.png?resize=350%2C200&ssl=1","width":350,"height":200,"srcset":"https:\/\/i0.wp.com\/www.grieta.org.mx\/wp-content\/uploads\/2019\/08\/DosBocas-e1565890889473.png?resize=350%2C200&ssl=1 1x, https:\/\/i0.wp.com\/www.grieta.org.mx\/wp-content\/uploads\/2019\/08\/DosBocas-e1565890889473.png?resize=525%2C300&ssl=1 1.5x, https:\/\/i0.wp.com\/www.grieta.org.mx\/wp-content\/uploads\/2019\/08\/DosBocas-e1565890889473.png?resize=700%2C400&ssl=1 2x"},"classes":[]},{"id":29272,"url":"https:\/\/www.grieta.org.mx\/index.php\/2019\/02\/19\/gobierno-no-ha-solicitado-estudio-de-impacto-ambiental-para-refineria-de-dos-bocas-tabasco\/","url_meta":{"origin":29010,"position":3},"title":"Gobierno no ha solicitado estudio de impacto ambiental para Refiner\u00eda de Dos Bocas, Tabasco","author":"grieta","date":"19 febrero, 2019","format":false,"excerpt":"Nayeli Rold\u00e1n \/ Animal Pol\u00edtico En diciembre pasado, el presidente Andr\u00e9s Manuel L\u00f3pez Obrador inform\u00f3 que en marzo de 2019 arrancar\u00eda la licitaci\u00f3n para construir la refiner\u00eda en Dos Bocas, Tabasco, pero su administraci\u00f3n no ha hecho la solicitud de Manifestaci\u00f3n de Impacto Ambiental, uno de los requisitos para realizar\u2026","rel":"","context":"En &quot;CINTILLO&quot;","block_context":{"text":"CINTILLO","link":"https:\/\/www.grieta.org.mx\/index.php\/category\/cintillo\/"},"img":{"alt_text":"","src":"https:\/\/i0.wp.com\/www.grieta.org.mx\/wp-content\/uploads\/2019\/02\/IMG_5958-e1550584982988-960x500.jpg?resize=350%2C200&ssl=1","width":350,"height":200,"srcset":"https:\/\/i0.wp.com\/www.grieta.org.mx\/wp-content\/uploads\/2019\/02\/IMG_5958-e1550584982988-960x500.jpg?resize=350%2C200&ssl=1 1x, https:\/\/i0.wp.com\/www.grieta.org.mx\/wp-content\/uploads\/2019\/02\/IMG_5958-e1550584982988-960x500.jpg?resize=525%2C300&ssl=1 1.5x, https:\/\/i0.wp.com\/www.grieta.org.mx\/wp-content\/uploads\/2019\/02\/IMG_5958-e1550584982988-960x500.jpg?resize=700%2C400&ssl=1 2x"},"classes":[]},{"id":31687,"url":"https:\/\/www.grieta.org.mx\/index.php\/2018\/11\/20\/arrasan-300-hectareas-de-selva-mediana-perennifolia-y-manglar-en-dos-bocas-tabasco\/","url_meta":{"origin":29010,"position":4},"title":"Arrasan 300 hect\u00e1reas de selva mediana perennifolia y manglar en Dos Bocas (Tabasco)","author":"grieta","date":"20 noviembre, 2018","format":false,"excerpt":"Coordinaci\u00f3n Editorial \/ CEMDA \/ Reforma Sin autorizaciones de impacto ambiental y cambio de uso de suelo, para la nueva refiner\u00eda en Para\u00edso, Tabasco Sin contar con autorizaci\u00f3n de impacto ambiental ni cambio de uso de suelo, fueron desmontadas casi 300 hect\u00e1reas de vegetaci\u00f3n de selva media perennifolia y manglares\u2026","rel":"","context":"En &quot;CINTILLO&quot;","block_context":{"text":"CINTILLO","link":"https:\/\/www.grieta.org.mx\/index.php\/category\/cintillo\/"},"img":{"alt_text":"","src":"https:\/\/i0.wp.com\/www.grieta.org.mx\/wp-content\/uploads\/2019\/04\/181120_Zona_deforestada_001.jpg?resize=350%2C200&ssl=1","width":350,"height":200,"srcset":"https:\/\/i0.wp.com\/www.grieta.org.mx\/wp-content\/uploads\/2019\/04\/181120_Zona_deforestada_001.jpg?resize=350%2C200&ssl=1 1x, https:\/\/i0.wp.com\/www.grieta.org.mx\/wp-content\/uploads\/2019\/04\/181120_Zona_deforestada_001.jpg?resize=525%2C300&ssl=1 1.5x, https:\/\/i0.wp.com\/www.grieta.org.mx\/wp-content\/uploads\/2019\/04\/181120_Zona_deforestada_001.jpg?resize=700%2C400&ssl=1 2x"},"classes":[]},{"id":31121,"url":"https:\/\/www.grieta.org.mx\/index.php\/2019\/03\/03\/los-animales-que-ponen-en-riesgo-el-megaproyecto-de-amlo-en-tabasco\/","url_meta":{"origin":29010,"position":5},"title":"Los animales que ponen en riesgo el megaproyecto de AMLO en Tabasco","author":"grieta","date":"3 marzo, 2019","format":false,"excerpt":"Reacci\u00f3n \/ Nacion321 CREEMOS QUE IMPORTA POR... Porque este proyecto es uno de los que L\u00f3pez Obrador quiere concretar para impulsar el crecimiento de Pemex Gatos salvajes, boas y manglares se convirtieron en un obst\u00e1culo inesperado para uno de los proyectos m\u00e1s ambiciosos del presidente Andr\u00e9s Manuel L\u00f3pez Obrador: la\u2026","rel":"","context":"En &quot;CINTILLO&quot;","block_context":{"text":"CINTILLO","link":"https:\/\/www.grieta.org.mx\/index.php\/category\/cintillo\/"},"img":{"alt_text":"","src":"https:\/\/i0.wp.com\/www.grieta.org.mx\/wp-content\/uploads\/2019\/03\/direct-8.jpg?resize=350%2C200&ssl=1","width":350,"height":200,"srcset":"https:\/\/i0.wp.com\/www.grieta.org.mx\/wp-content\/uploads\/2019\/03\/direct-8.jpg?resize=350%2C200&ssl=1 1x, https:\/\/i0.wp.com\/www.grieta.org.mx\/wp-content\/uploads\/2019\/03\/direct-8.jpg?resize=525%2C300&ssl=1 1.5x, https:\/\/i0.wp.com\/www.grieta.org.mx\/wp-content\/uploads\/2019\/03\/direct-8.jpg?resize=700%2C400&ssl=1 2x"},"classes":[]}],"_links":{"self":[{"href":"https:\/\/www.grieta.org.mx\/index.php\/wp-json\/wp\/v2\/posts\/29010","targetHints":{"allow":["GET"]}}],"collection":[{"href":"https:\/\/www.grieta.org.mx\/index.php\/wp-json\/wp\/v2\/posts"}],"about":[{"href":"https:\/\/www.grieta.org.mx\/index.php\/wp-json\/wp\/v2\/types\/post"}],"author":[{"embeddable":true,"href":"https:\/\/www.grieta.org.mx\/index.php\/wp-json\/wp\/v2\/users\/2"}],"replies":[{"embeddable":true,"href":"https:\/\/www.grieta.org.mx\/index.php\/wp-json\/wp\/v2\/comments?post=29010"}],"version-history":[{"count":1,"href":"https:\/\/www.grieta.org.mx\/index.php\/wp-json\/wp\/v2\/posts\/29010\/revisions"}],"predecessor-version":[{"id":29011,"href":"https:\/\/www.grieta.org.mx\/index.php\/wp-json\/wp\/v2\/posts\/29010\/revisions\/29011"}],"wp:featuredmedia":[{"embeddable":true,"href":"https:\/\/www.grieta.org.mx\/index.php\/wp-json\/wp\/v2\/media\/21928"}],"wp:attachment":[{"href":"https:\/\/www.grieta.org.mx\/index.php\/wp-json\/wp\/v2\/media?parent=29010"}],"wp:term":[{"taxonomy":"category","embeddable":true,"href":"https:\/\/www.grieta.org.mx\/index.php\/wp-json\/wp\/v2\/categories?post=29010"},{"taxonomy":"post_tag","embeddable":true,"href":"https:\/\/www.grieta.org.mx\/index.php\/wp-json\/wp\/v2\/tags?post=29010"}],"curies":[{"name":"wp","href":"https:\/\/api.w.org\/{rel}","templated":true}]}}