{"id":28979,"date":"2019-02-14T02:48:18","date_gmt":"2019-02-14T08:48:18","guid":{"rendered":"http:\/\/www.grieta.org.mx\/?p=28979"},"modified":"2019-02-14T02:48:18","modified_gmt":"2019-02-14T08:48:18","slug":"continua-el-paro-en-la-empresa-tridonex-tamaulipas","status":"publish","type":"post","link":"https:\/\/www.grieta.org.mx\/index.php\/2019\/02\/14\/continua-el-paro-en-la-empresa-tridonex-tamaulipas\/","title":{"rendered":"Continua el paro en la empresa Tridonex (Tamaulipas)"},"content":{"rendered":"<p><img loading=\"lazy\" decoding=\"async\" data-attachment-id=\"28980\" data-permalink=\"https:\/\/www.grieta.org.mx\/index.php\/2019\/02\/14\/continua-el-paro-en-la-empresa-tridonex-tamaulipas\/continua-el-paro-en-la-empresa-tridonex-tama-feb\/\" data-orig-file=\"https:\/\/www.grieta.org.mx\/wp-content\/uploads\/2019\/02\/Continua-el-paro-en-la-empresa-Tridonex-tama-feb.jpg\" data-orig-size=\"720,960\" data-comments-opened=\"0\" data-image-meta=\"{&quot;aperture&quot;:&quot;0&quot;,&quot;credit&quot;:&quot;&quot;,&quot;camera&quot;:&quot;&quot;,&quot;caption&quot;:&quot;&quot;,&quot;created_timestamp&quot;:&quot;0&quot;,&quot;copyright&quot;:&quot;&quot;,&quot;focal_length&quot;:&quot;0&quot;,&quot;iso&quot;:&quot;0&quot;,&quot;shutter_speed&quot;:&quot;0&quot;,&quot;title&quot;:&quot;&quot;,&quot;orientation&quot;:&quot;0&quot;}\" data-image-title=\"Continua el paro en la empresa Tridonex tama feb\" data-image-description=\"\" data-image-caption=\"\" data-medium-file=\"https:\/\/www.grieta.org.mx\/wp-content\/uploads\/2019\/02\/Continua-el-paro-en-la-empresa-Tridonex-tama-feb-225x300.jpg\" data-large-file=\"https:\/\/www.grieta.org.mx\/wp-content\/uploads\/2019\/02\/Continua-el-paro-en-la-empresa-Tridonex-tama-feb.jpg\" class=\"aligncenter size-medium wp-image-28980\" src=\"http:\/\/www.grieta.org.mx\/wp-content\/uploads\/2019\/02\/Continua-el-paro-en-la-empresa-Tridonex-tama-feb-225x300.jpg\" alt=\"\" width=\"225\" height=\"300\" srcset=\"https:\/\/www.grieta.org.mx\/wp-content\/uploads\/2019\/02\/Continua-el-paro-en-la-empresa-Tridonex-tama-feb-225x300.jpg 225w, https:\/\/www.grieta.org.mx\/wp-content\/uploads\/2019\/02\/Continua-el-paro-en-la-empresa-Tridonex-tama-feb-375x500.jpg 375w, https:\/\/www.grieta.org.mx\/wp-content\/uploads\/2019\/02\/Continua-el-paro-en-la-empresa-Tridonex-tama-feb.jpg 720w\" sizes=\"auto, (max-width: 225px) 100vw, 225px\" \/><br \/>\nHugo Clemente Morales \/ Peri\u00f3dico Contacto<\/p>\n<blockquote><p>A pesar que en las dem\u00e1s maquiladoras laboran de manera normal<\/p><\/blockquote>\n<p>Mientras que la totalidad de las empresas maquiladoras laboran de manera normal, luego de haber llegado acuerdos satisfactorios empresas y sindicato, en donde se autorizaron incrementos al salario m\u00ednimo de los trabajadores, por segundo d\u00eda consecutivo sigue el problema del paro laboral en la empresa Tridonex, en donde un grupo de trabajadores contin\u00faan en las afueras de la empresa protestando por el bono de 32 mil pesos.<\/p>\n<p>Ayer por la ma\u00f1ana se volvi\u00f3 a presentar el problema del ilegal paro que mantienen los trabajadores en las afueras de la planta, Con el objetivo de levantar una acta correspondiente a este paro que mantienen trabajadores, personal de la Secretar\u00eda del Trabajo, encabezados por quien dijo llamarse Alberto \u00c1vila hicieron acto de presencia en la empresa Tridonex, se entrevistaron con algunos trabajadores y con directivos de la planta a efecto de levantar una acta informativa de lo que est\u00e1 ocurriendo desde hace varios d\u00edas.<\/p>\n<p>En breve entrevista el funcionario estatal explic\u00f3 que solo se estaba levantando una acta informativa, hay trabajadores que quieren ingresar a la empresa, pero no les permiten el libre paso, se les pidi\u00f3 una explicaci\u00f3n de por qu\u00e9 no se les permite el acceso simplemente.<\/p>\n<p>Se\u00f1al\u00f3 que los trabajadores mientras no tengan un documento que acredite el paro, no existe paro o huelga, dijo que: \u201cNosotros simplemente nos estamos dedicando a levantar el acta informativa, como autoridad tenemos que acudir en busca de resolver la situaci\u00f3n\u201d.<\/p>\n<p><a href=\"http:\/\/periodicocontacto.com.mx\/continua-el-paro-en-la-empresa-tridonex\/\" target=\"_blank\" rel=\"noopener\">http:\/\/periodicocontacto.com.mx\/continua-el-paro-en-la-empresa-tridonex\/<\/a><\/p>\n","protected":false},"excerpt":{"rendered":"<p>Hugo Clemente Morales \/ Peri\u00f3dico Contacto A pesar que en las dem\u00e1s maquiladoras laboran de manera normal Mientras que la totalidad de las empresas maquiladoras laboran de manera normal, luego &hellip; <a href=\"https:\/\/www.grieta.org.mx\/index.php\/2019\/02\/14\/continua-el-paro-en-la-empresa-tridonex-tamaulipas\/\" class=\"more-link\">Leer m\u00e1s<\/a><\/p>\n","protected":false},"author":2,"featured_media":28980,"comment_status":"closed","ping_status":"closed","sticky":false,"template":"","format":"standard","meta":{"ngg_post_thumbnail":0,"_jetpack_newsletter_access":"","_jetpack_dont_email_post_to_subs":false,"_jetpack_newsletter_tier_id":0,"_jetpack_memberships_contains_paywalled_content":false,"_jetpack_memberships_contains_paid_content":false,"footnotes":""},"categories":[80,910,1137,2011,2,33,259,83],"tags":[2056,2012,1291,104,2003,858,1290],"class_list":{"0":"post-28979","1":"post","2":"type-post","3":"status-publish","4":"format-standard","5":"has-post-thumbnail","6":"hentry","7":"category-cintillo","8":"category-explotacion-y-precariedad-laboral","9":"category-explotacion-y-precariedad-laboral-en-tamaulipas","10":"category-lucha-de-trabajadores-de-la-industria-maquiladora-en-tamaulipas","11":"category-noticias-nacionales","12":"category-tamaulipas","14":"category-temas-nacionales","15":"tag-aumento-salarial","16":"tag-bono","17":"tag-explotacion-laboral","18":"tag-huelga","19":"tag-maquiladoras","20":"tag-paro-laboral","21":"tag-precariedad-laboral","22":"entry"},"jetpack_featured_media_url":"https:\/\/www.grieta.org.mx\/wp-content\/uploads\/2019\/02\/Continua-el-paro-en-la-empresa-Tridonex-tama-feb.jpg","jetpack_sharing_enabled":true,"jetpack_shortlink":"https:\/\/wp.me\/p7ZJR4-7xp","jetpack_likes_enabled":false,"jetpack-related-posts":[{"id":28854,"url":"https:\/\/www.grieta.org.mx\/index.php\/2019\/02\/06\/continuan-en-paro-al-menos-16-maquiladoras-de-matamoros-tamaulipas\/","url_meta":{"origin":28979,"position":0},"title":"Contin\u00faan en paro al menos 16 maquiladoras de Matamoros (Tamaulipas)","author":"grieta","date":"6 febrero, 2019","format":false,"excerpt":"Marco Esquivel \/ Hoy Tamaulipas El dirigente sindical Jes\u00fas Mendoza Reyes, del Sindicato Industrial de Trabajadores de Plantas Maquiladoras, dijo que actualmente est\u00e1 trabajando para lograr un acuerdo con las compa\u00f1\u00edas Ciudad Victoria, Tamaulipas. - Al menos unas 16 empresas maquiladoras contin\u00faan este d\u00eda en paro, tras recrudecerse desde ayer\u2026","rel":"","context":"En &quot;CINTILLO&quot;","block_context":{"text":"CINTILLO","link":"https:\/\/www.grieta.org.mx\/index.php\/category\/cintillo\/"},"img":{"alt_text":"","src":"https:\/\/i0.wp.com\/www.grieta.org.mx\/wp-content\/uploads\/2019\/02\/Contin%C3%BAan-en-paro-al-menos-16-maquiladoras-de-matamoros-tama-feb.jpg?resize=350%2C200&ssl=1","width":350,"height":200,"srcset":"https:\/\/i0.wp.com\/www.grieta.org.mx\/wp-content\/uploads\/2019\/02\/Contin%C3%BAan-en-paro-al-menos-16-maquiladoras-de-matamoros-tama-feb.jpg?resize=350%2C200&ssl=1 1x, https:\/\/i0.wp.com\/www.grieta.org.mx\/wp-content\/uploads\/2019\/02\/Contin%C3%BAan-en-paro-al-menos-16-maquiladoras-de-matamoros-tama-feb.jpg?resize=525%2C300&ssl=1 1.5x, https:\/\/i0.wp.com\/www.grieta.org.mx\/wp-content\/uploads\/2019\/02\/Contin%C3%BAan-en-paro-al-menos-16-maquiladoras-de-matamoros-tama-feb.jpg?resize=700%2C400&ssl=1 2x"},"classes":[]},{"id":29815,"url":"https:\/\/www.grieta.org.mx\/index.php\/2019\/03\/01\/suman-4-mil-obreros-dados-de-baja-en-maquiladoras-de-matamoros-tamaulipas\/","url_meta":{"origin":28979,"position":1},"title":"Suman 4 mil obreros dados de baja en maquiladoras de Matamoros (Tamaulipas)","author":"grieta","date":"1 marzo, 2019","format":false,"excerpt":"Miguel Jim\u00e9nez \/ El Ma\u00f1ana Tres empresas se mantienen firmes en salir tras los \u00b4paros locos\u00b4 Matamoros, Tam. La Confederaci\u00f3n Patronal de la Rep\u00fablica Mexicana (Coparmex), confirm\u00f3 que ya son cuatro mil los obreros que han sido dados de baja en la industria maquiladora luego de las huelgas y \"paros\u2026","rel":"","context":"En &quot;CINTILLO&quot;","block_context":{"text":"CINTILLO","link":"https:\/\/www.grieta.org.mx\/index.php\/category\/cintillo\/"},"img":{"alt_text":"","src":"https:\/\/i0.wp.com\/www.grieta.org.mx\/wp-content\/uploads\/2019\/03\/Suman-4-mil-obreros-dados-de-baja-en-maquiladoras-de-Matamoros-tama-mzo.jpg?resize=350%2C200","width":350,"height":200},"classes":[]},{"id":29801,"url":"https:\/\/www.grieta.org.mx\/index.php\/2019\/03\/01\/operaciones-de-arca-continental-siguen-suspendidas-en-matamoros-por-huelga-tamaulipas\/","url_meta":{"origin":28979,"position":2},"title":"Operaciones de Arca Continental siguen suspendidas en Matamoros por huelga (Tamaulipas)","author":"grieta","date":"1 marzo, 2019","format":false,"excerpt":"Fernanda Celis \/ Forbes Desde el pasado 31 de enero, alrededor de 100 trabajadores de Bebidas Mundiales Planta Matamoros, filial de Arca Continental, realizaron un paro laboral para exigir un aumento de salario y un bono \u00fanico Las operaciones de Arca Continental, segunda embotelladora m\u00e1s importante de Coca- Cola en\u2026","rel":"","context":"En &quot;CINTILLO&quot;","block_context":{"text":"CINTILLO","link":"https:\/\/www.grieta.org.mx\/index.php\/category\/cintillo\/"},"img":{"alt_text":"","src":"https:\/\/i0.wp.com\/www.grieta.org.mx\/wp-content\/uploads\/2019\/03\/Operaciones-de-Arca-Continental-siguen-suspendidas-en-Matamoros-por-huelga-tama-mzo.jpg?resize=350%2C200&ssl=1","width":350,"height":200,"srcset":"https:\/\/i0.wp.com\/www.grieta.org.mx\/wp-content\/uploads\/2019\/03\/Operaciones-de-Arca-Continental-siguen-suspendidas-en-Matamoros-por-huelga-tama-mzo.jpg?resize=350%2C200&ssl=1 1x, https:\/\/i0.wp.com\/www.grieta.org.mx\/wp-content\/uploads\/2019\/03\/Operaciones-de-Arca-Continental-siguen-suspendidas-en-Matamoros-por-huelga-tama-mzo.jpg?resize=525%2C300&ssl=1 1.5x"},"classes":[]},{"id":63672,"url":"https:\/\/www.grieta.org.mx\/index.php\/2022\/03\/02\/paro-laboral-en-maquiladora-de-reynosa-exigen-respeto-a-sus-derechos-tamaulipas\/","url_meta":{"origin":28979,"position":3},"title":"Paro laboral en maquiladora de Reynosa; exigen respeto a sus derechos (Tamaulipas)","author":"grieta","date":"2 marzo, 2022","format":false,"excerpt":"Rosal\u00eda Quint\u00e1\/HOYT.am 2 marzo 2022 Reynosa, Tamaulipas. - Trabajadores de la empresa maquiladora Kongsberg Auto Motive en Reynosa, realizaron este mi\u00e9rcoles un paro de labores para demandar el respeto a sus derechos, ya que informaron que la empresa fue vendida hace cuatro meses y no se les ha liquidado conforme\u2026","rel":"","context":"En &quot;CINTILLO&quot;","block_context":{"text":"CINTILLO","link":"https:\/\/www.grieta.org.mx\/index.php\/category\/cintillo\/"},"img":{"alt_text":"","src":"https:\/\/i0.wp.com\/www.grieta.org.mx\/wp-content\/uploads\/2022\/03\/Paro-laboral-en-maquiladora-de-Reynosa-exigen-respeto-a-sus-derechos.jpg?resize=350%2C200&ssl=1","width":350,"height":200,"srcset":"https:\/\/i0.wp.com\/www.grieta.org.mx\/wp-content\/uploads\/2022\/03\/Paro-laboral-en-maquiladora-de-Reynosa-exigen-respeto-a-sus-derechos.jpg?resize=350%2C200&ssl=1 1x, https:\/\/i0.wp.com\/www.grieta.org.mx\/wp-content\/uploads\/2022\/03\/Paro-laboral-en-maquiladora-de-Reynosa-exigen-respeto-a-sus-derechos.jpg?resize=525%2C300&ssl=1 1.5x, https:\/\/i0.wp.com\/www.grieta.org.mx\/wp-content\/uploads\/2022\/03\/Paro-laboral-en-maquiladora-de-Reynosa-exigen-respeto-a-sus-derechos.jpg?resize=700%2C400&ssl=1 2x"},"classes":[]},{"id":51961,"url":"https:\/\/www.grieta.org.mx\/index.php\/2020\/07\/17\/paran-labores-trabajadores-de-la-maquiladora-bd-bard-en-reynosa-tamaulipas\/","url_meta":{"origin":28979,"position":4},"title":"Paran labores trabajadores de la maquiladora BD BARD en Reynosa (Tamaulipas)","author":"grieta","date":"17 julio, 2020","format":false,"excerpt":"Rosal\u00eda Quint\u00e1 Uresti\/Hoy T.am 17 julio 2020 Foto: Rosal\u00eda Quint\u00e1 Uresti Reynosa, Tamaulipas \u2013 Las protestas por parte de obreros de maquiladoras no cesan en Reynosa y ahora fueron los de la empresa BD BARD, quienes se manifestaron por las malas condiciones en las que se encuentran laborando de cara\u2026","rel":"","context":"En &quot;CINTILLO&quot;","block_context":{"text":"CINTILLO","link":"https:\/\/www.grieta.org.mx\/index.php\/category\/cintillo\/"},"img":{"alt_text":"","src":"https:\/\/i0.wp.com\/www.grieta.org.mx\/wp-content\/uploads\/2020\/07\/Tamaulipas-Paran-labores-trabajadores-de-la-maquiladora-BD-BARD-en-Reynosa.jpg?resize=350%2C200&ssl=1","width":350,"height":200,"srcset":"https:\/\/i0.wp.com\/www.grieta.org.mx\/wp-content\/uploads\/2020\/07\/Tamaulipas-Paran-labores-trabajadores-de-la-maquiladora-BD-BARD-en-Reynosa.jpg?resize=350%2C200&ssl=1 1x, https:\/\/i0.wp.com\/www.grieta.org.mx\/wp-content\/uploads\/2020\/07\/Tamaulipas-Paran-labores-trabajadores-de-la-maquiladora-BD-BARD-en-Reynosa.jpg?resize=525%2C300&ssl=1 1.5x, https:\/\/i0.wp.com\/www.grieta.org.mx\/wp-content\/uploads\/2020\/07\/Tamaulipas-Paran-labores-trabajadores-de-la-maquiladora-BD-BARD-en-Reynosa.jpg?resize=700%2C400&ssl=1 2x"},"classes":[]},{"id":28422,"url":"https:\/\/www.grieta.org.mx\/index.php\/2019\/01\/18\/en-matamoros-obreros-presionan-a-companeros-para-que-abandonen-sus-areas-de-trabajo-tamaulipas\/","url_meta":{"origin":28979,"position":5},"title":"En Matamoros: Obreros presionan a compa\u00f1eros para que abandonen sus \u00e1reas de trabajo (Tamaulipas)","author":"grieta","date":"18 enero, 2019","format":false,"excerpt":"\u00c1ngel Arias \/ hoytamaulipas Recorren las maquiladoras para que los trabajadores se unan a \u201cla lucha obrera\u201d como ellos la han nombrado a seis d\u00edas de iniciarse el conflicto Matamoros, Tamaulipas.- En estos momentos obreros de diferentes maquiladoras que siguen inconformes y sin presentarse a laborar, iniciaron una marcha desde\u2026","rel":"","context":"En &quot;CINTILLO&quot;","block_context":{"text":"CINTILLO","link":"https:\/\/www.grieta.org.mx\/index.php\/category\/cintillo\/"},"img":{"alt_text":"","src":"https:\/\/i0.wp.com\/www.grieta.org.mx\/wp-content\/uploads\/2019\/01\/En-Matamoros-Obreros-presionan-a-companieros-para-que-abandonen-sus-areas-de-trabajo.jpg?resize=350%2C200&ssl=1","width":350,"height":200,"srcset":"https:\/\/i0.wp.com\/www.grieta.org.mx\/wp-content\/uploads\/2019\/01\/En-Matamoros-Obreros-presionan-a-companieros-para-que-abandonen-sus-areas-de-trabajo.jpg?resize=350%2C200&ssl=1 1x, https:\/\/i0.wp.com\/www.grieta.org.mx\/wp-content\/uploads\/2019\/01\/En-Matamoros-Obreros-presionan-a-companieros-para-que-abandonen-sus-areas-de-trabajo.jpg?resize=525%2C300&ssl=1 1.5x, https:\/\/i0.wp.com\/www.grieta.org.mx\/wp-content\/uploads\/2019\/01\/En-Matamoros-Obreros-presionan-a-companieros-para-que-abandonen-sus-areas-de-trabajo.jpg?resize=700%2C400&ssl=1 2x"},"classes":[]}],"_links":{"self":[{"href":"https:\/\/www.grieta.org.mx\/index.php\/wp-json\/wp\/v2\/posts\/28979","targetHints":{"allow":["GET"]}}],"collection":[{"href":"https:\/\/www.grieta.org.mx\/index.php\/wp-json\/wp\/v2\/posts"}],"about":[{"href":"https:\/\/www.grieta.org.mx\/index.php\/wp-json\/wp\/v2\/types\/post"}],"author":[{"embeddable":true,"href":"https:\/\/www.grieta.org.mx\/index.php\/wp-json\/wp\/v2\/users\/2"}],"replies":[{"embeddable":true,"href":"https:\/\/www.grieta.org.mx\/index.php\/wp-json\/wp\/v2\/comments?post=28979"}],"version-history":[{"count":1,"href":"https:\/\/www.grieta.org.mx\/index.php\/wp-json\/wp\/v2\/posts\/28979\/revisions"}],"predecessor-version":[{"id":28981,"href":"https:\/\/www.grieta.org.mx\/index.php\/wp-json\/wp\/v2\/posts\/28979\/revisions\/28981"}],"wp:featuredmedia":[{"embeddable":true,"href":"https:\/\/www.grieta.org.mx\/index.php\/wp-json\/wp\/v2\/media\/28980"}],"wp:attachment":[{"href":"https:\/\/www.grieta.org.mx\/index.php\/wp-json\/wp\/v2\/media?parent=28979"}],"wp:term":[{"taxonomy":"category","embeddable":true,"href":"https:\/\/www.grieta.org.mx\/index.php\/wp-json\/wp\/v2\/categories?post=28979"},{"taxonomy":"post_tag","embeddable":true,"href":"https:\/\/www.grieta.org.mx\/index.php\/wp-json\/wp\/v2\/tags?post=28979"}],"curies":[{"name":"wp","href":"https:\/\/api.w.org\/{rel}","templated":true}]}}