{"id":28976,"date":"2019-02-14T02:39:42","date_gmt":"2019-02-14T08:39:42","guid":{"rendered":"http:\/\/www.grieta.org.mx\/?p=28976"},"modified":"2019-02-14T02:39:42","modified_gmt":"2019-02-14T08:39:42","slug":"prolongan-paro-en-la-coca-cola-siguen-sin-firmar-acuerdo-tamaulipas","status":"publish","type":"post","link":"https:\/\/www.grieta.org.mx\/index.php\/2019\/02\/14\/prolongan-paro-en-la-coca-cola-siguen-sin-firmar-acuerdo-tamaulipas\/","title":{"rendered":"Prolongan paro en la Coca Cola siguen sin firmar acuerdo (Tamaulipas)"},"content":{"rendered":"<p><img loading=\"lazy\" decoding=\"async\" data-attachment-id=\"28977\" data-permalink=\"https:\/\/www.grieta.org.mx\/index.php\/2019\/02\/14\/prolongan-paro-en-la-coca-cola-siguen-sin-firmar-acuerdo-tamaulipas\/prolongan-paro-en-la-coca-cola-siguen-sin-firmar-acuerdo-tama-feb\/\" data-orig-file=\"https:\/\/www.grieta.org.mx\/wp-content\/uploads\/2019\/02\/Prolongan-paro-en-la-Coca-Cola-siguen-sin-firmar-acuerdo-tama-feb.jpg\" data-orig-size=\"1365,768\" data-comments-opened=\"0\" data-image-meta=\"{&quot;aperture&quot;:&quot;0&quot;,&quot;credit&quot;:&quot;&quot;,&quot;camera&quot;:&quot;&quot;,&quot;caption&quot;:&quot;&quot;,&quot;created_timestamp&quot;:&quot;0&quot;,&quot;copyright&quot;:&quot;&quot;,&quot;focal_length&quot;:&quot;0&quot;,&quot;iso&quot;:&quot;0&quot;,&quot;shutter_speed&quot;:&quot;0&quot;,&quot;title&quot;:&quot;&quot;,&quot;orientation&quot;:&quot;0&quot;}\" data-image-title=\"Prolongan paro en la Coca Cola siguen sin firmar acuerdo tama feb\" data-image-description=\"\" data-image-caption=\"\" data-medium-file=\"https:\/\/www.grieta.org.mx\/wp-content\/uploads\/2019\/02\/Prolongan-paro-en-la-Coca-Cola-siguen-sin-firmar-acuerdo-tama-feb-300x169.jpg\" data-large-file=\"https:\/\/www.grieta.org.mx\/wp-content\/uploads\/2019\/02\/Prolongan-paro-en-la-Coca-Cola-siguen-sin-firmar-acuerdo-tama-feb-1024x576.jpg\" class=\"aligncenter size-medium wp-image-28977\" src=\"http:\/\/www.grieta.org.mx\/wp-content\/uploads\/2019\/02\/Prolongan-paro-en-la-Coca-Cola-siguen-sin-firmar-acuerdo-tama-feb-300x169.jpg\" alt=\"\" width=\"300\" height=\"169\" srcset=\"https:\/\/www.grieta.org.mx\/wp-content\/uploads\/2019\/02\/Prolongan-paro-en-la-Coca-Cola-siguen-sin-firmar-acuerdo-tama-feb-300x169.jpg 300w, https:\/\/www.grieta.org.mx\/wp-content\/uploads\/2019\/02\/Prolongan-paro-en-la-Coca-Cola-siguen-sin-firmar-acuerdo-tama-feb-768x432.jpg 768w, https:\/\/www.grieta.org.mx\/wp-content\/uploads\/2019\/02\/Prolongan-paro-en-la-Coca-Cola-siguen-sin-firmar-acuerdo-tama-feb-1024x576.jpg 1024w, https:\/\/www.grieta.org.mx\/wp-content\/uploads\/2019\/02\/Prolongan-paro-en-la-Coca-Cola-siguen-sin-firmar-acuerdo-tama-feb-889x500.jpg 889w, https:\/\/www.grieta.org.mx\/wp-content\/uploads\/2019\/02\/Prolongan-paro-en-la-Coca-Cola-siguen-sin-firmar-acuerdo-tama-feb.jpg 1365w\" sizes=\"auto, (max-width: 300px) 100vw, 300px\" \/><br \/>\nJuan Mart\u00ednez \/ Peri\u00f3dico Contacto<\/p>\n<blockquote><p>Ya van 13 d\u00edas y este 15 del presente estallar\u00eda la huelga manifest\u00f3 Mario Eduardo Hern\u00e1ndez Mart\u00ednez<\/p><\/blockquote>\n<p>Empleados de la empresa Coca Cola en esta ciudad contin\u00faan con el paro laboral que se ha prolongado ya por 13 d\u00edas y este 15 del presente estallar\u00eda la huelga a las 14:30 horas de no haberse firmado acuerdo, manifest\u00f3 Mario Eduardo Hern\u00e1ndez Mart\u00ednez, quien es uno de los trabajadores inconformes.<\/p>\n<p>Dijo que son 40 trabajadores los que se mantienen con guardias afuera de las instalaciones de la empresa las 24 horas del d\u00eda, los dem\u00e1s se integraron a laborar, sin embargo, respaldan totalmente el movimiento de protesta.<\/p>\n<p>Se\u00f1al\u00f3 que el d\u00eda de ayer una comisi\u00f3n de trabajadores acudi\u00f3 a Ciudad Victoria para continuar con las negociaciones en donde son representados por el sindicato ante la parte patronal y las autoridades de Conciliaci\u00f3n y Arbitraje, sin embargo, no se concert\u00f3 ning\u00fan acuerdo satisfactorio.<\/p>\n<p>\u201cEsta lucha la empezamos m\u00e1s de 300 trabajadores de esta empresa, sin embargo solo 40 trabajadores nos mantenemos con las guardias en este movimiento pero contamos con el respaldo de todos los compa\u00f1eros que ya se incorporaron a trabajar\u201d, indic\u00f3.<\/p>\n<p>En ese sentido explic\u00f3 que la \u00fanica propuesta que ha presentado a los manifestantes es la incorporaci\u00f3n al trabajo sin represalias y cubriendo los d\u00edas en que se han mantenido en la protesta.<\/p>\n<p>El entrevistado insisti\u00f3 que no se quitar\u00e1 el dedo del rengl\u00f3n y se mantendr\u00e1n en pie de lucha hasta que se les otorgue por parte de la empresa el aumento directo al salario del 20 por ciento y el bono anual de 32 mil pesos.<\/p>\n<p>Cit\u00f3 que el salario m\u00e1s bajo es la categor\u00eda de repartidor que tiene un ingreso diario de 250 pesos y otro de los ejemplos es el del chofer que se le paga a raz\u00f3n de 450 pesos al d\u00eda.<\/p>\n<p><a href=\"http:\/\/periodicocontacto.com.mx\/prolongan-paro-en-la-coca-cola-siguen-sin-firmar-acuerdo\/\" target=\"_blank\" rel=\"noopener\">http:\/\/periodicocontacto.com.mx\/prolongan-paro-en-la-coca-cola-siguen-sin-firmar-acuerdo\/<\/a><\/p>\n","protected":false},"excerpt":{"rendered":"<p>Juan Mart\u00ednez \/ Peri\u00f3dico Contacto Ya van 13 d\u00edas y este 15 del presente estallar\u00eda la huelga manifest\u00f3 Mario Eduardo Hern\u00e1ndez Mart\u00ednez Empleados de la empresa Coca Cola en esta &hellip; <a href=\"https:\/\/www.grieta.org.mx\/index.php\/2019\/02\/14\/prolongan-paro-en-la-coca-cola-siguen-sin-firmar-acuerdo-tamaulipas\/\" class=\"more-link\">Leer m\u00e1s<\/a><\/p>\n","protected":false},"author":2,"featured_media":28977,"comment_status":"closed","ping_status":"closed","sticky":false,"template":"","format":"standard","meta":{"ngg_post_thumbnail":0,"_jetpack_newsletter_access":"","_jetpack_dont_email_post_to_subs":false,"_jetpack_newsletter_tier_id":0,"_jetpack_memberships_contains_paywalled_content":false,"_jetpack_memberships_contains_paid_content":false,"footnotes":""},"categories":[80,910,1137,2,33,259,83],"tags":[2104,2103,1291,104,1290,180,1959],"class_list":{"0":"post-28976","1":"post","2":"type-post","3":"status-publish","4":"format-standard","5":"has-post-thumbnail","6":"hentry","7":"category-cintillo","8":"category-explotacion-y-precariedad-laboral","9":"category-explotacion-y-precariedad-laboral-en-tamaulipas","10":"category-noticias-nacionales","11":"category-tamaulipas","13":"category-temas-nacionales","14":"tag-bono-anuela","15":"tag-coca-cola","16":"tag-explotacion-laboral","17":"tag-huelga","18":"tag-precariedad-laboral","19":"tag-protesta","20":"tag-salario","21":"entry"},"jetpack_featured_media_url":"https:\/\/www.grieta.org.mx\/wp-content\/uploads\/2019\/02\/Prolongan-paro-en-la-Coca-Cola-siguen-sin-firmar-acuerdo-tama-feb.jpg","jetpack_sharing_enabled":true,"jetpack_shortlink":"https:\/\/wp.me\/p7ZJR4-7xm","jetpack_likes_enabled":false,"jetpack-related-posts":[{"id":32465,"url":"https:\/\/www.grieta.org.mx\/index.php\/2019\/04\/04\/despiden-a-trabajadores-de-coca-cola-matamoros-tamaulipas\/","url_meta":{"origin":28976,"position":0},"title":"Despiden a trabajadores de Coca Cola Matamoros (Tamaulipas)","author":"grieta","date":"4 abril, 2019","format":false,"excerpt":"El Sol de Tampico Llegaron a un acuerdo en donde se establece la baja de 130 de ellos en las pr\u00f3ximos d\u00edas, seg\u00fan con lo informado Matamoros, Tam.- La empresa Arca Continental y trabajadores paristas que mantienen bloqueadas las instalaciones de Coca-Cola Matamoros, llegaron a un acuerdo en donde se\u2026","rel":"","context":"En &quot;CINTILLO&quot;","block_context":{"text":"CINTILLO","link":"https:\/\/www.grieta.org.mx\/index.php\/category\/cintillo\/"},"img":{"alt_text":"","src":"https:\/\/i0.wp.com\/www.grieta.org.mx\/wp-content\/uploads\/2019\/04\/Despiden-a-trabajadores-de-Coca-Cola-Matamoros-tama-abr.jpeg?resize=350%2C200&ssl=1","width":350,"height":200,"srcset":"https:\/\/i0.wp.com\/www.grieta.org.mx\/wp-content\/uploads\/2019\/04\/Despiden-a-trabajadores-de-Coca-Cola-Matamoros-tama-abr.jpeg?resize=350%2C200&ssl=1 1x, https:\/\/i0.wp.com\/www.grieta.org.mx\/wp-content\/uploads\/2019\/04\/Despiden-a-trabajadores-de-Coca-Cola-Matamoros-tama-abr.jpeg?resize=525%2C300&ssl=1 1.5x, https:\/\/i0.wp.com\/www.grieta.org.mx\/wp-content\/uploads\/2019\/04\/Despiden-a-trabajadores-de-Coca-Cola-Matamoros-tama-abr.jpeg?resize=700%2C400&ssl=1 2x"},"classes":[]},{"id":29801,"url":"https:\/\/www.grieta.org.mx\/index.php\/2019\/03\/01\/operaciones-de-arca-continental-siguen-suspendidas-en-matamoros-por-huelga-tamaulipas\/","url_meta":{"origin":28976,"position":1},"title":"Operaciones de Arca Continental siguen suspendidas en Matamoros por huelga (Tamaulipas)","author":"grieta","date":"1 marzo, 2019","format":false,"excerpt":"Fernanda Celis \/ Forbes Desde el pasado 31 de enero, alrededor de 100 trabajadores de Bebidas Mundiales Planta Matamoros, filial de Arca Continental, realizaron un paro laboral para exigir un aumento de salario y un bono \u00fanico Las operaciones de Arca Continental, segunda embotelladora m\u00e1s importante de Coca- Cola en\u2026","rel":"","context":"En &quot;CINTILLO&quot;","block_context":{"text":"CINTILLO","link":"https:\/\/www.grieta.org.mx\/index.php\/category\/cintillo\/"},"img":{"alt_text":"","src":"https:\/\/i0.wp.com\/www.grieta.org.mx\/wp-content\/uploads\/2019\/03\/Operaciones-de-Arca-Continental-siguen-suspendidas-en-Matamoros-por-huelga-tama-mzo.jpg?resize=350%2C200&ssl=1","width":350,"height":200,"srcset":"https:\/\/i0.wp.com\/www.grieta.org.mx\/wp-content\/uploads\/2019\/03\/Operaciones-de-Arca-Continental-siguen-suspendidas-en-Matamoros-por-huelga-tama-mzo.jpg?resize=350%2C200&ssl=1 1x, https:\/\/i0.wp.com\/www.grieta.org.mx\/wp-content\/uploads\/2019\/03\/Operaciones-de-Arca-Continental-siguen-suspendidas-en-Matamoros-por-huelga-tama-mzo.jpg?resize=525%2C300&ssl=1 1.5x"},"classes":[]},{"id":30260,"url":"https:\/\/www.grieta.org.mx\/index.php\/2019\/03\/07\/despide-avances-a-otros-50-obreros-suman-mes-en-paro-laboral-tamaulipas\/","url_meta":{"origin":28976,"position":2},"title":"Despide Avances a otros 50 obreros. Suman mes en paro laboral (Tamaulipas)","author":"grieta","date":"7 marzo, 2019","format":false,"excerpt":"Miguel Jim\u00e9nez \/ El Ma\u00f1ana Manten\u00edan \u00b4tomadas\u00b4 las instalaciones Matamoros, Tam.- Un total de 50 trabajadores de la empresa Avances Cient\u00edficos fueron dados de baja por el corporativo, luego de m\u00e1s de un mes de paro laboral y teniendo tomadas las instalaciones de dicha compa\u00f1\u00eda. Ayer por la ma\u00f1ana el\u2026","rel":"","context":"En &quot;CINTILLO&quot;","block_context":{"text":"CINTILLO","link":"https:\/\/www.grieta.org.mx\/index.php\/category\/cintillo\/"},"img":{"alt_text":"","src":"https:\/\/i0.wp.com\/www.grieta.org.mx\/wp-content\/uploads\/2019\/03\/Despide-Avances-a-otros-50-obreros.-Suman-mes-en-paro-laboral-tama-mzo.jpg?resize=350%2C200","width":350,"height":200},"classes":[]},{"id":28790,"url":"https:\/\/www.grieta.org.mx\/index.php\/2019\/02\/04\/empresa-refresquera-en-paro-ofrece-vacantes-en-matamoros-tamaulipas\/","url_meta":{"origin":28976,"position":3},"title":"Empresa refresquera en paro, ofrece vacantes en Matamoros (Tamaulipas)","author":"grieta","date":"4 febrero, 2019","format":false,"excerpt":"Isabel Rend\u00f3n \/ Hoy Tamaulipas Cabe mencionar que los trabajadores sindicalizados de la empresa comenzaron su paro de labores, luego de que se dio ya el emplazamiento formal de huelga Matamoros, Tamaulipas. - Un total de 500 trabajadores de la empresa refresquera Arcacontinental (Coca Cola) en esta frontera, permanece en\u2026","rel":"","context":"En &quot;CINTILLO&quot;","block_context":{"text":"CINTILLO","link":"https:\/\/www.grieta.org.mx\/index.php\/category\/cintillo\/"},"img":{"alt_text":"","src":"https:\/\/i0.wp.com\/www.grieta.org.mx\/wp-content\/uploads\/2019\/02\/Empresa-refresquera-en-paro-ofrece-vacantes-en-Matamoros-feb.jpg?resize=350%2C200&ssl=1","width":350,"height":200,"srcset":"https:\/\/i0.wp.com\/www.grieta.org.mx\/wp-content\/uploads\/2019\/02\/Empresa-refresquera-en-paro-ofrece-vacantes-en-Matamoros-feb.jpg?resize=350%2C200&ssl=1 1x, https:\/\/i0.wp.com\/www.grieta.org.mx\/wp-content\/uploads\/2019\/02\/Empresa-refresquera-en-paro-ofrece-vacantes-en-Matamoros-feb.jpg?resize=525%2C300&ssl=1 1.5x, https:\/\/i0.wp.com\/www.grieta.org.mx\/wp-content\/uploads\/2019\/02\/Empresa-refresquera-en-paro-ofrece-vacantes-en-Matamoros-feb.jpg?resize=700%2C400&ssl=1 2x"},"classes":[]},{"id":29209,"url":"https:\/\/www.grieta.org.mx\/index.php\/2019\/02\/18\/al-menos-700-trabajadores-de-coca-cola-en-matamoros-tamaulipas-tambien-se-van-a-huelga\/","url_meta":{"origin":28976,"position":4},"title":"Al menos 700 trabajadores de Coca Cola en Matamoros, Tamaulipas, tambi\u00e9n se van a huelga","author":"grieta","date":"18 febrero, 2019","format":false,"excerpt":"Redacci\u00f3n \/ Sin Embargo El pasado 14 de febrero, el Gobernador de Tamaulipas asegur\u00f3 que la estabilidad laboral en esa entidad, y en especial en la ciudad de Matamoros, \u201cse puede poner en riesgo\u201d por la huelga de maquiladoras registradas durante las \u00faltimas semanas. Ahora a este movimiento de protestas\u2026","rel":"","context":"En &quot;CINTILLO&quot;","block_context":{"text":"CINTILLO","link":"https:\/\/www.grieta.org.mx\/index.php\/category\/cintillo\/"},"img":{"alt_text":"","src":"https:\/\/i0.wp.com\/www.grieta.org.mx\/wp-content\/uploads\/2019\/02\/l-menos-700-trabajadores-de-Coca-Cola-en-Matamoros-Tamaulipas-tambi%C3%A9n-se-van-a-huelga-tama-feb.jpg?resize=350%2C200&ssl=1","width":350,"height":200,"srcset":"https:\/\/i0.wp.com\/www.grieta.org.mx\/wp-content\/uploads\/2019\/02\/l-menos-700-trabajadores-de-Coca-Cola-en-Matamoros-Tamaulipas-tambi%C3%A9n-se-van-a-huelga-tama-feb.jpg?resize=350%2C200&ssl=1 1x, https:\/\/i0.wp.com\/www.grieta.org.mx\/wp-content\/uploads\/2019\/02\/l-menos-700-trabajadores-de-Coca-Cola-en-Matamoros-Tamaulipas-tambi%C3%A9n-se-van-a-huelga-tama-feb.jpg?resize=525%2C300&ssl=1 1.5x, https:\/\/i0.wp.com\/www.grieta.org.mx\/wp-content\/uploads\/2019\/02\/l-menos-700-trabajadores-de-Coca-Cola-en-Matamoros-Tamaulipas-tambi%C3%A9n-se-van-a-huelga-tama-feb.jpg?resize=700%2C400&ssl=1 2x, https:\/\/i0.wp.com\/www.grieta.org.mx\/wp-content\/uploads\/2019\/02\/l-menos-700-trabajadores-de-Coca-Cola-en-Matamoros-Tamaulipas-tambi%C3%A9n-se-van-a-huelga-tama-feb.jpg?resize=1050%2C600&ssl=1 3x"},"classes":[]},{"id":29212,"url":"https:\/\/www.grieta.org.mx\/index.php\/2019\/02\/18\/desconocen-trabajadores-de-coca-cola-en-matamoros-si-estan-despedidos-o-no-tamaulipas\/","url_meta":{"origin":28976,"position":5},"title":"Desconocen trabajadores de Coca-Cola en Matamoros si est\u00e1n despedidos o no (Tamaulipas)","author":"grieta","date":"18 febrero, 2019","format":false,"excerpt":"\u00c1ngel Arias \/ Hoy Tamaulipas Pues nadie se los ha notificado, por lo que seguir\u00e1n buscando el incremento salarial, pese a que se dio a conocer por parte de los gerentes que hab\u00edan sido despedidos, dijo el l\u00edder del movimiento, Juan Luis Gayt\u00e1n Matamoros, Tamaulipas.- Al cumplirse cuatro d\u00edas de\u2026","rel":"","context":"En &quot;CINTILLO&quot;","block_context":{"text":"CINTILLO","link":"https:\/\/www.grieta.org.mx\/index.php\/category\/cintillo\/"},"img":{"alt_text":"","src":"https:\/\/i0.wp.com\/www.grieta.org.mx\/wp-content\/uploads\/2019\/02\/Desconocen-trabajadores-de-Coca-Cola-en-tama-feb.jpg?resize=350%2C200&ssl=1","width":350,"height":200,"srcset":"https:\/\/i0.wp.com\/www.grieta.org.mx\/wp-content\/uploads\/2019\/02\/Desconocen-trabajadores-de-Coca-Cola-en-tama-feb.jpg?resize=350%2C200&ssl=1 1x, https:\/\/i0.wp.com\/www.grieta.org.mx\/wp-content\/uploads\/2019\/02\/Desconocen-trabajadores-de-Coca-Cola-en-tama-feb.jpg?resize=525%2C300&ssl=1 1.5x, https:\/\/i0.wp.com\/www.grieta.org.mx\/wp-content\/uploads\/2019\/02\/Desconocen-trabajadores-de-Coca-Cola-en-tama-feb.jpg?resize=700%2C400&ssl=1 2x"},"classes":[]}],"_links":{"self":[{"href":"https:\/\/www.grieta.org.mx\/index.php\/wp-json\/wp\/v2\/posts\/28976","targetHints":{"allow":["GET"]}}],"collection":[{"href":"https:\/\/www.grieta.org.mx\/index.php\/wp-json\/wp\/v2\/posts"}],"about":[{"href":"https:\/\/www.grieta.org.mx\/index.php\/wp-json\/wp\/v2\/types\/post"}],"author":[{"embeddable":true,"href":"https:\/\/www.grieta.org.mx\/index.php\/wp-json\/wp\/v2\/users\/2"}],"replies":[{"embeddable":true,"href":"https:\/\/www.grieta.org.mx\/index.php\/wp-json\/wp\/v2\/comments?post=28976"}],"version-history":[{"count":1,"href":"https:\/\/www.grieta.org.mx\/index.php\/wp-json\/wp\/v2\/posts\/28976\/revisions"}],"predecessor-version":[{"id":28978,"href":"https:\/\/www.grieta.org.mx\/index.php\/wp-json\/wp\/v2\/posts\/28976\/revisions\/28978"}],"wp:featuredmedia":[{"embeddable":true,"href":"https:\/\/www.grieta.org.mx\/index.php\/wp-json\/wp\/v2\/media\/28977"}],"wp:attachment":[{"href":"https:\/\/www.grieta.org.mx\/index.php\/wp-json\/wp\/v2\/media?parent=28976"}],"wp:term":[{"taxonomy":"category","embeddable":true,"href":"https:\/\/www.grieta.org.mx\/index.php\/wp-json\/wp\/v2\/categories?post=28976"},{"taxonomy":"post_tag","embeddable":true,"href":"https:\/\/www.grieta.org.mx\/index.php\/wp-json\/wp\/v2\/tags?post=28976"}],"curies":[{"name":"wp","href":"https:\/\/api.w.org\/{rel}","templated":true}]}}