{"id":28970,"date":"2019-02-14T02:22:24","date_gmt":"2019-02-14T08:22:24","guid":{"rendered":"http:\/\/www.grieta.org.mx\/?p=28970"},"modified":"2019-02-14T02:22:24","modified_gmt":"2019-02-14T08:22:24","slug":"protestan-en-el-itea-no-les-han-pagado-bono-sexenal-tamaulipas","status":"publish","type":"post","link":"https:\/\/www.grieta.org.mx\/index.php\/2019\/02\/14\/protestan-en-el-itea-no-les-han-pagado-bono-sexenal-tamaulipas\/","title":{"rendered":"Protestan en el ITEA; no les han pagado bono sexenal (Tamaulipas)"},"content":{"rendered":"<p><img loading=\"lazy\" decoding=\"async\" data-attachment-id=\"28971\" data-permalink=\"https:\/\/www.grieta.org.mx\/index.php\/2019\/02\/14\/protestan-en-el-itea-no-les-han-pagado-bono-sexenal-tamaulipas\/protestan-en-el-itea-tama-feb\/\" data-orig-file=\"https:\/\/www.grieta.org.mx\/wp-content\/uploads\/2019\/02\/Protestan-en-el-ITEA-tama-feb.jpg\" data-orig-size=\"960,664\" data-comments-opened=\"0\" data-image-meta=\"{&quot;aperture&quot;:&quot;0&quot;,&quot;credit&quot;:&quot;&quot;,&quot;camera&quot;:&quot;&quot;,&quot;caption&quot;:&quot;&quot;,&quot;created_timestamp&quot;:&quot;0&quot;,&quot;copyright&quot;:&quot;&quot;,&quot;focal_length&quot;:&quot;0&quot;,&quot;iso&quot;:&quot;0&quot;,&quot;shutter_speed&quot;:&quot;0&quot;,&quot;title&quot;:&quot;&quot;,&quot;orientation&quot;:&quot;0&quot;}\" data-image-title=\"Protestan en el ITEA tama feb\" data-image-description=\"\" data-image-caption=\"\" data-medium-file=\"https:\/\/www.grieta.org.mx\/wp-content\/uploads\/2019\/02\/Protestan-en-el-ITEA-tama-feb-300x208.jpg\" data-large-file=\"https:\/\/www.grieta.org.mx\/wp-content\/uploads\/2019\/02\/Protestan-en-el-ITEA-tama-feb.jpg\" class=\"aligncenter size-medium wp-image-28971\" src=\"http:\/\/www.grieta.org.mx\/wp-content\/uploads\/2019\/02\/Protestan-en-el-ITEA-tama-feb-300x208.jpg\" alt=\"\" width=\"300\" height=\"208\" srcset=\"https:\/\/www.grieta.org.mx\/wp-content\/uploads\/2019\/02\/Protestan-en-el-ITEA-tama-feb-300x208.jpg 300w, https:\/\/www.grieta.org.mx\/wp-content\/uploads\/2019\/02\/Protestan-en-el-ITEA-tama-feb-768x531.jpg 768w, https:\/\/www.grieta.org.mx\/wp-content\/uploads\/2019\/02\/Protestan-en-el-ITEA-tama-feb-723x500.jpg 723w, https:\/\/www.grieta.org.mx\/wp-content\/uploads\/2019\/02\/Protestan-en-el-ITEA-tama-feb.jpg 960w\" sizes=\"auto, (max-width: 300px) 100vw, 300px\" \/><br \/>\nAristeo Manilla \/ CNT<\/p>\n<p>San Fernando Tam.-Personal del Instituto Tamaulipeco para la Educaci\u00f3n de los Adultos \u2013 ITEA- se mantiene en plan de protesta por diversas irregularidades que afectan su econom\u00eda y las condiciones laborales en que se desenvuelven.<\/p>\n<p>Desde el lunes anterior, a las afueras de las oficinas de ese instituto, ocho empleados est\u00e1n reclamando que pese a que ya se encuentran en otro ejercicio fiscal, no les fue cubierto el bono sexenal a que tienen derecho.<\/p>\n<p>Sin abandonar sus obligaciones, salen a las afueras del local que ocupan para manifestarse de manera pac\u00edfica, pero exigiendo a trav\u00e9s de pancartas: el pago de complemento de medida de fin de a\u00f1o, la publicaci\u00f3n de las reglas de operaci\u00f3n 2019 y el suministro de material did\u00e1ctico, entre otros aspectos.<\/p>\n<p>Se trata de la primera ocasi\u00f3n que los trabajadores del ITEA realizan una protesta de esta naturaleza, debido al incumplimiento de la dependencia por atener las necesidades m\u00e1s b\u00e1sicas del personal, que en una muestra de m\u00e1xima responsabilidad y compromiso con sus funciones, se mantiene activo en los trabajos que son parte de su competencia.<\/p>\n<p><a href=\"https:\/\/cntamaulipas.mx\/2019\/02\/13\/protestan-en-el-itea-no-les-han-pagado-bono-sexenal\/\" target=\"_blank\" rel=\"noopener\">https:\/\/cntamaulipas.mx\/2019\/02\/13\/protestan-en-el-itea-no-les-han-pagado-bono-sexenal\/<\/a><\/p>\n","protected":false},"excerpt":{"rendered":"<p>Aristeo Manilla \/ CNT San Fernando Tam.-Personal del Instituto Tamaulipeco para la Educaci\u00f3n de los Adultos \u2013 ITEA- se mantiene en plan de protesta por diversas irregularidades que afectan su &hellip; <a href=\"https:\/\/www.grieta.org.mx\/index.php\/2019\/02\/14\/protestan-en-el-itea-no-les-han-pagado-bono-sexenal-tamaulipas\/\" class=\"more-link\">Leer m\u00e1s<\/a><\/p>\n","protected":false},"author":2,"featured_media":28971,"comment_status":"closed","ping_status":"closed","sticky":false,"template":"","format":"standard","meta":{"ngg_post_thumbnail":0,"_jetpack_newsletter_access":"","_jetpack_dont_email_post_to_subs":false,"_jetpack_newsletter_tier_id":0,"_jetpack_memberships_contains_paywalled_content":false,"_jetpack_memberships_contains_paid_content":false,"footnotes":""},"categories":[80,910,1137,2,259,33,83],"tags":[2100,2101,1290,180],"class_list":{"0":"post-28970","1":"post","2":"type-post","3":"status-publish","4":"format-standard","5":"has-post-thumbnail","6":"hentry","7":"category-cintillo","8":"category-explotacion-y-precariedad-laboral","9":"category-explotacion-y-precariedad-laboral-en-tamaulipas","10":"category-noticias-nacionales","11":"category-tamaulipas","13":"category-temas-nacionales","14":"tag-bono-sexenal","15":"tag-itea","16":"tag-precariedad-laboral","17":"tag-protesta","18":"entry"},"jetpack_featured_media_url":"https:\/\/www.grieta.org.mx\/wp-content\/uploads\/2019\/02\/Protestan-en-el-ITEA-tama-feb.jpg","jetpack_sharing_enabled":true,"jetpack_shortlink":"https:\/\/wp.me\/p7ZJR4-7xg","jetpack_likes_enabled":false,"jetpack-related-posts":[{"id":28979,"url":"https:\/\/www.grieta.org.mx\/index.php\/2019\/02\/14\/continua-el-paro-en-la-empresa-tridonex-tamaulipas\/","url_meta":{"origin":28970,"position":0},"title":"Continua el paro en la empresa Tridonex (Tamaulipas)","author":"grieta","date":"14 febrero, 2019","format":false,"excerpt":"Hugo Clemente Morales \/ Peri\u00f3dico Contacto A pesar que en las dem\u00e1s maquiladoras laboran de manera normal Mientras que la totalidad de las empresas maquiladoras laboran de manera normal, luego de haber llegado acuerdos satisfactorios empresas y sindicato, en donde se autorizaron incrementos al salario m\u00ednimo de los trabajadores, por\u2026","rel":"","context":"En &quot;CINTILLO&quot;","block_context":{"text":"CINTILLO","link":"https:\/\/www.grieta.org.mx\/index.php\/category\/cintillo\/"},"img":{"alt_text":"","src":"https:\/\/i0.wp.com\/www.grieta.org.mx\/wp-content\/uploads\/2019\/02\/Continua-el-paro-en-la-empresa-Tridonex-tama-feb.jpg?resize=350%2C200&ssl=1","width":350,"height":200,"srcset":"https:\/\/i0.wp.com\/www.grieta.org.mx\/wp-content\/uploads\/2019\/02\/Continua-el-paro-en-la-empresa-Tridonex-tama-feb.jpg?resize=350%2C200&ssl=1 1x, https:\/\/i0.wp.com\/www.grieta.org.mx\/wp-content\/uploads\/2019\/02\/Continua-el-paro-en-la-empresa-Tridonex-tama-feb.jpg?resize=525%2C300&ssl=1 1.5x, https:\/\/i0.wp.com\/www.grieta.org.mx\/wp-content\/uploads\/2019\/02\/Continua-el-paro-en-la-empresa-Tridonex-tama-feb.jpg?resize=700%2C400&ssl=1 2x"},"classes":[]},{"id":30264,"url":"https:\/\/www.grieta.org.mx\/index.php\/2019\/03\/06\/exigen-mineros-super-bono-rechazan-oferta-de-siderurgica-del-golfo-tamaulipas\/","url_meta":{"origin":28970,"position":1},"title":"Exigen mineros s\u00faper bono. Rechazan oferta de Sider\u00fargica del Golfo (Tamaulipas)","author":"grieta","date":"6 marzo, 2019","format":false,"excerpt":"Miguel Jim\u00e9nez \/ El Ma\u00f1ana Les autorizan 32 mil y el 20% de alza salarial pero piden m\u00e1s Matamoros, Tam.- Los trabajadores de la Sider\u00fargica del Golfo que se mantienen en paro laboral desde hace nueve d\u00edas rechazaron la oferta de la empresa que hab\u00eda aceptado otorgarles el 20 por\u2026","rel":"","context":"En &quot;CINTILLO&quot;","block_context":{"text":"CINTILLO","link":"https:\/\/www.grieta.org.mx\/index.php\/category\/cintillo\/"},"img":{"alt_text":"","src":"https:\/\/i0.wp.com\/www.grieta.org.mx\/wp-content\/uploads\/2019\/03\/Exigen-mineros-s%C3%BAper-bono.-Rechazan-oferta-de-Sider%C3%BArgica-del-Golfo-tama-mzo.jpg?resize=350%2C200","width":350,"height":200},"classes":[]},{"id":29801,"url":"https:\/\/www.grieta.org.mx\/index.php\/2019\/03\/01\/operaciones-de-arca-continental-siguen-suspendidas-en-matamoros-por-huelga-tamaulipas\/","url_meta":{"origin":28970,"position":2},"title":"Operaciones de Arca Continental siguen suspendidas en Matamoros por huelga (Tamaulipas)","author":"grieta","date":"1 marzo, 2019","format":false,"excerpt":"Fernanda Celis \/ Forbes Desde el pasado 31 de enero, alrededor de 100 trabajadores de Bebidas Mundiales Planta Matamoros, filial de Arca Continental, realizaron un paro laboral para exigir un aumento de salario y un bono \u00fanico Las operaciones de Arca Continental, segunda embotelladora m\u00e1s importante de Coca- Cola en\u2026","rel":"","context":"En &quot;CINTILLO&quot;","block_context":{"text":"CINTILLO","link":"https:\/\/www.grieta.org.mx\/index.php\/category\/cintillo\/"},"img":{"alt_text":"","src":"https:\/\/i0.wp.com\/www.grieta.org.mx\/wp-content\/uploads\/2019\/03\/Operaciones-de-Arca-Continental-siguen-suspendidas-en-Matamoros-por-huelga-tama-mzo.jpg?resize=350%2C200&ssl=1","width":350,"height":200,"srcset":"https:\/\/i0.wp.com\/www.grieta.org.mx\/wp-content\/uploads\/2019\/03\/Operaciones-de-Arca-Continental-siguen-suspendidas-en-Matamoros-por-huelga-tama-mzo.jpg?resize=350%2C200&ssl=1 1x, https:\/\/i0.wp.com\/www.grieta.org.mx\/wp-content\/uploads\/2019\/03\/Operaciones-de-Arca-Continental-siguen-suspendidas-en-Matamoros-por-huelga-tama-mzo.jpg?resize=525%2C300&ssl=1 1.5x"},"classes":[]},{"id":28976,"url":"https:\/\/www.grieta.org.mx\/index.php\/2019\/02\/14\/prolongan-paro-en-la-coca-cola-siguen-sin-firmar-acuerdo-tamaulipas\/","url_meta":{"origin":28970,"position":3},"title":"Prolongan paro en la Coca Cola siguen sin firmar acuerdo (Tamaulipas)","author":"grieta","date":"14 febrero, 2019","format":false,"excerpt":"Juan Mart\u00ednez \/ Peri\u00f3dico Contacto Ya van 13 d\u00edas y este 15 del presente estallar\u00eda la huelga manifest\u00f3 Mario Eduardo Hern\u00e1ndez Mart\u00ednez Empleados de la empresa Coca Cola en esta ciudad contin\u00faan con el paro laboral que se ha prolongado ya por 13 d\u00edas y este 15 del presente estallar\u00eda\u2026","rel":"","context":"En &quot;CINTILLO&quot;","block_context":{"text":"CINTILLO","link":"https:\/\/www.grieta.org.mx\/index.php\/category\/cintillo\/"},"img":{"alt_text":"","src":"https:\/\/i0.wp.com\/www.grieta.org.mx\/wp-content\/uploads\/2019\/02\/Prolongan-paro-en-la-Coca-Cola-siguen-sin-firmar-acuerdo-tama-feb.jpg?resize=350%2C200&ssl=1","width":350,"height":200,"srcset":"https:\/\/i0.wp.com\/www.grieta.org.mx\/wp-content\/uploads\/2019\/02\/Prolongan-paro-en-la-Coca-Cola-siguen-sin-firmar-acuerdo-tama-feb.jpg?resize=350%2C200&ssl=1 1x, https:\/\/i0.wp.com\/www.grieta.org.mx\/wp-content\/uploads\/2019\/02\/Prolongan-paro-en-la-Coca-Cola-siguen-sin-firmar-acuerdo-tama-feb.jpg?resize=525%2C300&ssl=1 1.5x, https:\/\/i0.wp.com\/www.grieta.org.mx\/wp-content\/uploads\/2019\/02\/Prolongan-paro-en-la-Coca-Cola-siguen-sin-firmar-acuerdo-tama-feb.jpg?resize=700%2C400&ssl=1 2x, https:\/\/i0.wp.com\/www.grieta.org.mx\/wp-content\/uploads\/2019\/02\/Prolongan-paro-en-la-Coca-Cola-siguen-sin-firmar-acuerdo-tama-feb.jpg?resize=1050%2C600&ssl=1 3x"},"classes":[]},{"id":28784,"url":"https:\/\/www.grieta.org.mx\/index.php\/2019\/02\/04\/inician-los-despidos-en-matamoros-tamaulipas\/","url_meta":{"origin":28970,"position":4},"title":"Inician los despidos en Matamoros (Tamaulipas)","author":"grieta","date":"4 febrero, 2019","format":false,"excerpt":"\u00c1ngel Arias \/ Hoy Tamaulipas Obreros se presentaron en el Sindicato para pedir a su l\u00edder Juan Villafuerte que intervenga ante las empresas que buscan despedirlos, ya que alegan ese no fue el trato al que llegaron Matamoros, Tamaulipas. \u2013 Obreros de las maquiladoras Parker 1 y 2 y JHC\u2026","rel":"","context":"En &quot;CINTILLO&quot;","block_context":{"text":"CINTILLO","link":"https:\/\/www.grieta.org.mx\/index.php\/category\/cintillo\/"},"img":{"alt_text":"","src":"https:\/\/i0.wp.com\/www.grieta.org.mx\/wp-content\/uploads\/2019\/02\/Inician-los-despidos-en-Matamoros-feb.jpg?resize=350%2C200&ssl=1","width":350,"height":200,"srcset":"https:\/\/i0.wp.com\/www.grieta.org.mx\/wp-content\/uploads\/2019\/02\/Inician-los-despidos-en-Matamoros-feb.jpg?resize=350%2C200&ssl=1 1x, https:\/\/i0.wp.com\/www.grieta.org.mx\/wp-content\/uploads\/2019\/02\/Inician-los-despidos-en-Matamoros-feb.jpg?resize=525%2C300&ssl=1 1.5x, https:\/\/i0.wp.com\/www.grieta.org.mx\/wp-content\/uploads\/2019\/02\/Inician-los-despidos-en-Matamoros-feb.jpg?resize=700%2C400&ssl=1 2x"},"classes":[]},{"id":29812,"url":"https:\/\/www.grieta.org.mx\/index.php\/2019\/03\/01\/obreros-de-matamoros-en-paro-lavan-carros-para-sobrevivir-tamaulipas\/","url_meta":{"origin":28970,"position":5},"title":"Obreros de Matamoros en paro lavan carros para sobrevivir (Tamaulipas)","author":"grieta","date":"1 marzo, 2019","format":false,"excerpt":"\u00c1ngel Arias \/ Hoy Tamaulipas En la empresa Castlight que se ubica en ciudad Industrial, los empleados de la misma decidieron ofrecer este servicio a cambio de 30 pesos por cada unidad Matamoros, Tamaulipas. - Los trabajadores de las empresas que se mantienen en paro en Matamoros, han tomado la\u2026","rel":"","context":"En &quot;CINTILLO&quot;","block_context":{"text":"CINTILLO","link":"https:\/\/www.grieta.org.mx\/index.php\/category\/cintillo\/"},"img":{"alt_text":"","src":"https:\/\/i0.wp.com\/www.grieta.org.mx\/wp-content\/uploads\/2019\/03\/Obreros-de-Matamoros-en-paro-lavan-carros-para-tama-mzo.jpg?resize=350%2C200&ssl=1","width":350,"height":200,"srcset":"https:\/\/i0.wp.com\/www.grieta.org.mx\/wp-content\/uploads\/2019\/03\/Obreros-de-Matamoros-en-paro-lavan-carros-para-tama-mzo.jpg?resize=350%2C200&ssl=1 1x, https:\/\/i0.wp.com\/www.grieta.org.mx\/wp-content\/uploads\/2019\/03\/Obreros-de-Matamoros-en-paro-lavan-carros-para-tama-mzo.jpg?resize=525%2C300&ssl=1 1.5x, https:\/\/i0.wp.com\/www.grieta.org.mx\/wp-content\/uploads\/2019\/03\/Obreros-de-Matamoros-en-paro-lavan-carros-para-tama-mzo.jpg?resize=700%2C400&ssl=1 2x"},"classes":[]}],"_links":{"self":[{"href":"https:\/\/www.grieta.org.mx\/index.php\/wp-json\/wp\/v2\/posts\/28970","targetHints":{"allow":["GET"]}}],"collection":[{"href":"https:\/\/www.grieta.org.mx\/index.php\/wp-json\/wp\/v2\/posts"}],"about":[{"href":"https:\/\/www.grieta.org.mx\/index.php\/wp-json\/wp\/v2\/types\/post"}],"author":[{"embeddable":true,"href":"https:\/\/www.grieta.org.mx\/index.php\/wp-json\/wp\/v2\/users\/2"}],"replies":[{"embeddable":true,"href":"https:\/\/www.grieta.org.mx\/index.php\/wp-json\/wp\/v2\/comments?post=28970"}],"version-history":[{"count":1,"href":"https:\/\/www.grieta.org.mx\/index.php\/wp-json\/wp\/v2\/posts\/28970\/revisions"}],"predecessor-version":[{"id":28972,"href":"https:\/\/www.grieta.org.mx\/index.php\/wp-json\/wp\/v2\/posts\/28970\/revisions\/28972"}],"wp:featuredmedia":[{"embeddable":true,"href":"https:\/\/www.grieta.org.mx\/index.php\/wp-json\/wp\/v2\/media\/28971"}],"wp:attachment":[{"href":"https:\/\/www.grieta.org.mx\/index.php\/wp-json\/wp\/v2\/media?parent=28970"}],"wp:term":[{"taxonomy":"category","embeddable":true,"href":"https:\/\/www.grieta.org.mx\/index.php\/wp-json\/wp\/v2\/categories?post=28970"},{"taxonomy":"post_tag","embeddable":true,"href":"https:\/\/www.grieta.org.mx\/index.php\/wp-json\/wp\/v2\/tags?post=28970"}],"curies":[{"name":"wp","href":"https:\/\/api.w.org\/{rel}","templated":true}]}}