{"id":28967,"date":"2019-02-14T01:11:48","date_gmt":"2019-02-14T07:11:48","guid":{"rendered":"http:\/\/www.grieta.org.mx\/?p=28967"},"modified":"2019-02-14T01:11:48","modified_gmt":"2019-02-14T07:11:48","slug":"protestan-maestras-afuera-de-congreso-por-cancelacion-de-apoyos-a-estancias-infantiles-nuevo-leon","status":"publish","type":"post","link":"https:\/\/www.grieta.org.mx\/index.php\/2019\/02\/14\/protestan-maestras-afuera-de-congreso-por-cancelacion-de-apoyos-a-estancias-infantiles-nuevo-leon\/","title":{"rendered":"Protestan maestras afuera de Congreso por cancelaci\u00f3n de apoyos a estancias infantiles (Nuevo Le\u00f3n)"},"content":{"rendered":"<p><img loading=\"lazy\" decoding=\"async\" data-attachment-id=\"28968\" data-permalink=\"https:\/\/www.grieta.org.mx\/index.php\/2019\/02\/14\/protestan-maestras-afuera-de-congreso-por-cancelacion-de-apoyos-a-estancias-infantiles-nuevo-leon\/protestan-maestras-afuera-de-congreso-por-cancelacion-de-apoyos-a-estancias-infantiles-nl-feb\/\" data-orig-file=\"https:\/\/www.grieta.org.mx\/wp-content\/uploads\/2019\/02\/Protestan-maestras-afuera-de-Congreso-por-cancelaci\u00f3n-de-apoyos-a-estancias-infantiles-nl-feb.jpeg\" data-orig-size=\"958,596\" data-comments-opened=\"0\" data-image-meta=\"{&quot;aperture&quot;:&quot;0&quot;,&quot;credit&quot;:&quot;&quot;,&quot;camera&quot;:&quot;&quot;,&quot;caption&quot;:&quot;&quot;,&quot;created_timestamp&quot;:&quot;0&quot;,&quot;copyright&quot;:&quot;&quot;,&quot;focal_length&quot;:&quot;0&quot;,&quot;iso&quot;:&quot;0&quot;,&quot;shutter_speed&quot;:&quot;0&quot;,&quot;title&quot;:&quot;&quot;,&quot;orientation&quot;:&quot;0&quot;}\" data-image-title=\"Protestan maestras afuera de Congreso por cancelaci\u00f3n de apoyos a estancias infantiles nl feb\" data-image-description=\"\" data-image-caption=\"\" data-medium-file=\"https:\/\/www.grieta.org.mx\/wp-content\/uploads\/2019\/02\/Protestan-maestras-afuera-de-Congreso-por-cancelaci\u00f3n-de-apoyos-a-estancias-infantiles-nl-feb-300x187.jpeg\" data-large-file=\"https:\/\/www.grieta.org.mx\/wp-content\/uploads\/2019\/02\/Protestan-maestras-afuera-de-Congreso-por-cancelaci\u00f3n-de-apoyos-a-estancias-infantiles-nl-feb.jpeg\" class=\"aligncenter  wp-image-28968\" src=\"http:\/\/www.grieta.org.mx\/wp-content\/uploads\/2019\/02\/Protestan-maestras-afuera-de-Congreso-por-cancelaci\u00f3n-de-apoyos-a-estancias-infantiles-nl-feb-300x187.jpeg\" alt=\"\" width=\"353\" height=\"220\" srcset=\"https:\/\/www.grieta.org.mx\/wp-content\/uploads\/2019\/02\/Protestan-maestras-afuera-de-Congreso-por-cancelaci\u00f3n-de-apoyos-a-estancias-infantiles-nl-feb-300x187.jpeg 300w, https:\/\/www.grieta.org.mx\/wp-content\/uploads\/2019\/02\/Protestan-maestras-afuera-de-Congreso-por-cancelaci\u00f3n-de-apoyos-a-estancias-infantiles-nl-feb-768x478.jpeg 768w, https:\/\/www.grieta.org.mx\/wp-content\/uploads\/2019\/02\/Protestan-maestras-afuera-de-Congreso-por-cancelaci\u00f3n-de-apoyos-a-estancias-infantiles-nl-feb-804x500.jpeg 804w, https:\/\/www.grieta.org.mx\/wp-content\/uploads\/2019\/02\/Protestan-maestras-afuera-de-Congreso-por-cancelaci\u00f3n-de-apoyos-a-estancias-infantiles-nl-feb.jpeg 958w\" sizes=\"auto, (max-width: 353px) 100vw, 353px\" \/><br \/>\nGuadalupe S\u00e1nchez \/ Multimedios<\/p>\n<blockquote><p>Las trabajadores de estancias infantiles aseguraron que han sido calumniadas e hicieron un llamado para continuar con el servicio en las 211 estancias infantiles de la entidad.<\/p><\/blockquote>\n<p>MONTERREY.- Un grupo de maestras y madres de familia de diferentes estancias infantiles protestaron en forma pac\u00edfica afuera del Congreso del Estado, aseguraron que han sido calumniadas por el Gobierno Federal, al ser se\u00f1aladas sin pruebas de presuntos malos manejos y actos de corrupci\u00f3n.<\/p>\n<p>Con pancartas hicieron el llamado para recibir apoyo y continuar con el servicio a los m\u00e1s de 5 mil 500 menores que se atienden en las 211 estancias de este tipo en la entidad.<\/p>\n<p>\u201cEl presidente se ha encargado de estar difam\u00e1ndonos, de acusarnos de rateras, corruptas, estancias fantasmas; en el estado de Nuevo Le\u00f3n somos 211 estancias, podemos comprobar que s\u00ed existimos\u201d, declar\u00f3 Dulce Rodr\u00edguez.<\/p>\n<p>Se\u00f1alaron que pese a que no se ha recibido el apoyo econ\u00f3mico del Gobierno, han trabajado lo que va del a\u00f1o con recursos propios, para no afectar a las madres y padres trabajadores que no est\u00e1n afiliados al Seguro Social.<\/p>\n<p>\u201cNosotros estamos batallando con los pagos desde el mes de octubre, nos los pagan a destiempo y en fracciones, ahorita ya se termin\u00f3 el \u2018colchoncito\u2019 que ten\u00edamos para seguir operando la estancia\u201d, asegur\u00f3.<\/p>\n<p>Las madres de familia comentaron que dejar a sus hijos en casa para ir a trabajar era m\u00e1s riesgoso que llevarlos a una estancia, donde tienen personal dedicado a la ense\u00f1anza y cuidado de los menores.<\/p>\n<p>\u201cYo soy madre trabajadora, tengo que dejar a mis hijos en una estancia, a nosotros nos afecta porque el dinero que nos puedan dar a nosotros no nos va a completar para pagarle a una persona tienen educaci\u00f3n, alimento y las personas preparadas para apoyarnos\u201d, Elizabeth Mart\u00ednez, madre de familia.<\/p>\n<p>Agregaron que si llegan a cerrar cerras las estancias por falta de los apoyos e incapacidad de la familia para pagar en estancias particulares, no s\u00f3lo se afectar\u00e1 a los menores, sino que se perder\u00e1n mil 200 empleos.<\/p>\n<p><a href=\"https:\/\/www.multimedios.com\/local\/protestan-maestras-afuera-de-congreso-por-cancelacion-de-apoyos-estancias-infantiles\" target=\"_blank\" rel=\"noopener\">https:\/\/www.multimedios.com\/local\/protestan-maestras-afuera-de-congreso-por-cancelacion-de-apoyos-estancias-infantiles<\/a><\/p>\n","protected":false},"excerpt":{"rendered":"<p>Guadalupe S\u00e1nchez \/ Multimedios Las trabajadores de estancias infantiles aseguraron que han sido calumniadas e hicieron un llamado para continuar con el servicio en las 211 estancias infantiles de la &hellip; <a href=\"https:\/\/www.grieta.org.mx\/index.php\/2019\/02\/14\/protestan-maestras-afuera-de-congreso-por-cancelacion-de-apoyos-a-estancias-infantiles-nuevo-leon\/\" class=\"more-link\">Leer m\u00e1s<\/a><\/p>\n","protected":false},"author":2,"featured_media":28968,"comment_status":"closed","ping_status":"closed","sticky":false,"template":"","format":"standard","meta":{"ngg_post_thumbnail":0,"_jetpack_newsletter_access":"","_jetpack_dont_email_post_to_subs":false,"_jetpack_newsletter_tier_id":0,"_jetpack_memberships_contains_paywalled_content":false,"_jetpack_memberships_contains_paid_content":false,"footnotes":""},"categories":[80,2095,2,202,24],"tags":[1924,2099,1290,180],"class_list":{"0":"post-28967","1":"post","2":"type-post","3":"status-publish","4":"format-standard","5":"has-post-thumbnail","6":"hentry","7":"category-cintillo","8":"category-explotacion-y-precariedad-laboral-en-nuevo-leon","9":"category-noticias-nacionales","10":"category-nuevo-leon","12":"tag-estancias-infantiles","13":"tag-guarderias","14":"tag-precariedad-laboral","15":"tag-protesta","16":"entry"},"jetpack_featured_media_url":"https:\/\/www.grieta.org.mx\/wp-content\/uploads\/2019\/02\/Protestan-maestras-afuera-de-Congreso-por-cancelaci\u00f3n-de-apoyos-a-estancias-infantiles-nl-feb.jpeg","jetpack_sharing_enabled":true,"jetpack_shortlink":"https:\/\/wp.me\/p7ZJR4-7xd","jetpack_likes_enabled":false,"jetpack-related-posts":[{"id":28182,"url":"https:\/\/www.grieta.org.mx\/index.php\/2018\/12\/20\/se-manifiestan-estancias-infantiles-contra-reduccion-de-presupuesto-en-2019-tlaxcala\/","url_meta":{"origin":28967,"position":0},"title":"Se manifiestan Estancias Infantiles contra reducci\u00f3n de presupuesto en 2019 (Tlaxcala)","author":"grieta","date":"20 diciembre, 2018","format":false,"excerpt":"\"AMLO Estancias Infantiles te pide los ni\u00f1os son primero, no al recorte de presupuesto\", fue la consigna que directoras y prestadoras de servicios lanzaron en contra de la administraci\u00f3n de Andr\u00e9s Manuel L\u00f3pez Obrador que ha proyectado una disminuci\u00f3n cercana al 50% del recurso que recibir\u00e1 ese programa en 2019.\u2026","rel":"","context":"En &quot;CINTILLO&quot;","block_context":{"text":"CINTILLO","link":"https:\/\/www.grieta.org.mx\/index.php\/category\/cintillo\/"},"img":{"alt_text":"","src":"https:\/\/i0.wp.com\/www.grieta.org.mx\/wp-content\/uploads\/2019\/01\/201218-Estancias-2.jpg?resize=350%2C200&ssl=1","width":350,"height":200,"srcset":"https:\/\/i0.wp.com\/www.grieta.org.mx\/wp-content\/uploads\/2019\/01\/201218-Estancias-2.jpg?resize=350%2C200&ssl=1 1x, https:\/\/i0.wp.com\/www.grieta.org.mx\/wp-content\/uploads\/2019\/01\/201218-Estancias-2.jpg?resize=525%2C300&ssl=1 1.5x, https:\/\/i0.wp.com\/www.grieta.org.mx\/wp-content\/uploads\/2019\/01\/201218-Estancias-2.jpg?resize=700%2C400&ssl=1 2x"},"classes":[]},{"id":29335,"url":"https:\/\/www.grieta.org.mx\/index.php\/2019\/02\/19\/cierran-17-estancias-infantiles-en-guanajuato-por-recorte-de-gobierno-federal\/","url_meta":{"origin":28967,"position":1},"title":"Cierran 17 estancias infantiles en Guanajuato por recorte de Gobierno Federal","author":"grieta","date":"19 febrero, 2019","format":false,"excerpt":"En el estado hay 505 guarder\u00edas, las cuales est\u00e1n en riesgo de quiebra, 17 de ellas ya cerraron y decenas de personas se quedaron sin empleo JOS\u00c9 TRINIDAD M\u00c9NDEZ | AM LE\u00d3N, GUANAJUATO, 19 de Febrero El recorte del presupuesto federal para el Programa de Estancias Infantiles para este 2019\u2026","rel":"","context":"En &quot;CINTILLO&quot;","block_context":{"text":"CINTILLO","link":"https:\/\/www.grieta.org.mx\/index.php\/category\/cintillo\/"},"img":{"alt_text":"","src":"https:\/\/i0.wp.com\/www.grieta.org.mx\/wp-content\/uploads\/2019\/02\/cierran-17-estancias-infantiles-en-guanajuato-por-recorte-de-gobierno-federal-e63bcaba22099c6fbf1b7722f9187b4f.jpg?resize=350%2C200&ssl=1","width":350,"height":200,"srcset":"https:\/\/i0.wp.com\/www.grieta.org.mx\/wp-content\/uploads\/2019\/02\/cierran-17-estancias-infantiles-en-guanajuato-por-recorte-de-gobierno-federal-e63bcaba22099c6fbf1b7722f9187b4f.jpg?resize=350%2C200&ssl=1 1x, https:\/\/i0.wp.com\/www.grieta.org.mx\/wp-content\/uploads\/2019\/02\/cierran-17-estancias-infantiles-en-guanajuato-por-recorte-de-gobierno-federal-e63bcaba22099c6fbf1b7722f9187b4f.jpg?resize=525%2C300&ssl=1 1.5x, https:\/\/i0.wp.com\/www.grieta.org.mx\/wp-content\/uploads\/2019\/02\/cierran-17-estancias-infantiles-en-guanajuato-por-recorte-de-gobierno-federal-e63bcaba22099c6fbf1b7722f9187b4f.jpg?resize=700%2C400&ssl=1 2x"},"classes":[]},{"id":33506,"url":"https:\/\/www.grieta.org.mx\/index.php\/2019\/05\/13\/estancias-infantiles-lenta-agonia-san-luis-potosi\/","url_meta":{"origin":28967,"position":2},"title":"Estancias Infantiles, lenta agon\u00eda (San Luis Potos\u00ed)","author":"grieta","date":"13 mayo, 2019","format":false,"excerpt":"Lilia Quevedo \/ Plano Informativo Establecimientos que recib\u00edan becas de SEDESOL, resienten una deserci\u00f3n de hasta 50% San Luis Potos\u00ed no corri\u00f3 con la misma suerte que otros estados, luego de que el 22 de marzo se interpusieran amparos por parte de 102 estancias infantiles. Jueces de otros estados ordenaron\u2026","rel":"","context":"En &quot;CINTILLO&quot;","block_context":{"text":"CINTILLO","link":"https:\/\/www.grieta.org.mx\/index.php\/category\/cintillo\/"},"img":{"alt_text":"","src":"https:\/\/i0.wp.com\/www.grieta.org.mx\/wp-content\/uploads\/2019\/05\/Estancias-Infantiles-lenta-agon%C3%ADa-slp-may.jpg?resize=350%2C200&ssl=1","width":350,"height":200,"srcset":"https:\/\/i0.wp.com\/www.grieta.org.mx\/wp-content\/uploads\/2019\/05\/Estancias-Infantiles-lenta-agon%C3%ADa-slp-may.jpg?resize=350%2C200&ssl=1 1x, https:\/\/i0.wp.com\/www.grieta.org.mx\/wp-content\/uploads\/2019\/05\/Estancias-Infantiles-lenta-agon%C3%ADa-slp-may.jpg?resize=525%2C300&ssl=1 1.5x, https:\/\/i0.wp.com\/www.grieta.org.mx\/wp-content\/uploads\/2019\/05\/Estancias-Infantiles-lenta-agon%C3%ADa-slp-may.jpg?resize=700%2C400&ssl=1 2x"},"classes":[]},{"id":29475,"url":"https:\/\/www.grieta.org.mx\/index.php\/2019\/02\/22\/protestan-frente-a-palacio-nacional-por-estancias-infantiles-guanajuato-guerrero-ciudad-de-mexico\/","url_meta":{"origin":28967,"position":3},"title":"Protestan frente a Palacio Nacional por estancias infantiles (Guanajuato, Guerrero, Ciudad de M\u00e9xico)","author":"grieta","date":"22 febrero, 2019","format":false,"excerpt":"Dijeron proceder de estados como Guerrero, Guanajuato y la Ciudad de M\u00e9xico. Redacci\u00f3n SDPnoticias vie 22 feb 2019 08:22 M\u00e9xico.- La ma\u00f1ana de este viernes, un grupo de empleadas de estancias infantiles se manifestaron frente a Palacio Nacional en demanda de reasignaciones presupuestales. Agitando globos de colores y banderines con\u2026","rel":"","context":"En &quot;CINTILLO&quot;","block_context":{"text":"CINTILLO","link":"https:\/\/www.grieta.org.mx\/index.php\/category\/cintillo\/"},"img":{"alt_text":"","src":"https:\/\/i0.wp.com\/www.grieta.org.mx\/wp-content\/uploads\/2019\/02\/0821_protestas-por-estancias-infantiles_620x350.jpg?resize=350%2C200&ssl=1","width":350,"height":200,"srcset":"https:\/\/i0.wp.com\/www.grieta.org.mx\/wp-content\/uploads\/2019\/02\/0821_protestas-por-estancias-infantiles_620x350.jpg?resize=350%2C200&ssl=1 1x, https:\/\/i0.wp.com\/www.grieta.org.mx\/wp-content\/uploads\/2019\/02\/0821_protestas-por-estancias-infantiles_620x350.jpg?resize=525%2C300&ssl=1 1.5x"},"classes":[]},{"id":29154,"url":"https:\/\/www.grieta.org.mx\/index.php\/2019\/02\/13\/van-por-amparo-502-estancias-infantiles-en-puebla-contra-gobierno-federal\/","url_meta":{"origin":28967,"position":4},"title":"Van por amparo 502 estancias infantiles en Puebla contra gobierno federal","author":"grieta","date":"13 febrero, 2019","format":false,"excerpt":"POR YADIRA LLAVEN ANZURES \/ e- consulta Representantes de 502 estancias infantiles en el estado de Puebla anunciaron este martes que interpondr\u00e1n un amparo contra el intento de desaparici\u00f3n de este programa social que depende de la Secretar\u00eda de Bienestar, como parte del recorte presupuestal anunciado por el gobierno de\u2026","rel":"","context":"En &quot;CINTILLO&quot;","block_context":{"text":"CINTILLO","link":"https:\/\/www.grieta.org.mx\/index.php\/category\/cintillo\/"},"img":{"alt_text":"","src":"https:\/\/i0.wp.com\/www.grieta.org.mx\/wp-content\/uploads\/2019\/02\/WhatsApp-Image-2019-02-12-at-12.46.22-860x645.jpg?resize=350%2C200&ssl=1","width":350,"height":200,"srcset":"https:\/\/i0.wp.com\/www.grieta.org.mx\/wp-content\/uploads\/2019\/02\/WhatsApp-Image-2019-02-12-at-12.46.22-860x645.jpg?resize=350%2C200&ssl=1 1x, https:\/\/i0.wp.com\/www.grieta.org.mx\/wp-content\/uploads\/2019\/02\/WhatsApp-Image-2019-02-12-at-12.46.22-860x645.jpg?resize=525%2C300&ssl=1 1.5x, https:\/\/i0.wp.com\/www.grieta.org.mx\/wp-content\/uploads\/2019\/02\/WhatsApp-Image-2019-02-12-at-12.46.22-860x645.jpg?resize=700%2C400&ssl=1 2x"},"classes":[]},{"id":30048,"url":"https:\/\/www.grieta.org.mx\/index.php\/2019\/02\/25\/cerrar-estancias-golpeara-madres-trabajadoras-el-50-no-cuentan-con-seguro-social-aguascalientes\/","url_meta":{"origin":28967,"position":5},"title":"Cerrar estancias golpear\u00e1 madres trabajadoras, el 50% no cuentan con seguro social (Aguascalientes)","author":"grieta","date":"25 febrero, 2019","format":false,"excerpt":"Redacci\u00f3n\/Hiroc\u00e1lido digital. Aguascalientes, Ags.-Menos del 50 por ciento de las mujeres que trabajan cuentan con seguridad social, por lo que el recorte presupuestal a las estancias infantiles impactar\u00e1 severamente en el n\u00facleo familiar y en la econom\u00eda, ya que muchas mujeres se ver\u00e1n obligadas a dejar de trabajar para estar\u2026","rel":"","context":"En &quot;Aguascalientes&quot;","block_context":{"text":"Aguascalientes","link":"https:\/\/www.grieta.org.mx\/index.php\/category\/noticias-nacionales\/aguascalientes\/"},"img":{"alt_text":"","src":"https:\/\/i0.wp.com\/www.grieta.org.mx\/wp-content\/uploads\/2019\/03\/comienza-cierre-de-estancias-infantiles-en-nayarit-60136.jpg?resize=350%2C200&ssl=1","width":350,"height":200,"srcset":"https:\/\/i0.wp.com\/www.grieta.org.mx\/wp-content\/uploads\/2019\/03\/comienza-cierre-de-estancias-infantiles-en-nayarit-60136.jpg?resize=350%2C200&ssl=1 1x, https:\/\/i0.wp.com\/www.grieta.org.mx\/wp-content\/uploads\/2019\/03\/comienza-cierre-de-estancias-infantiles-en-nayarit-60136.jpg?resize=525%2C300&ssl=1 1.5x, https:\/\/i0.wp.com\/www.grieta.org.mx\/wp-content\/uploads\/2019\/03\/comienza-cierre-de-estancias-infantiles-en-nayarit-60136.jpg?resize=700%2C400&ssl=1 2x"},"classes":[]}],"_links":{"self":[{"href":"https:\/\/www.grieta.org.mx\/index.php\/wp-json\/wp\/v2\/posts\/28967","targetHints":{"allow":["GET"]}}],"collection":[{"href":"https:\/\/www.grieta.org.mx\/index.php\/wp-json\/wp\/v2\/posts"}],"about":[{"href":"https:\/\/www.grieta.org.mx\/index.php\/wp-json\/wp\/v2\/types\/post"}],"author":[{"embeddable":true,"href":"https:\/\/www.grieta.org.mx\/index.php\/wp-json\/wp\/v2\/users\/2"}],"replies":[{"embeddable":true,"href":"https:\/\/www.grieta.org.mx\/index.php\/wp-json\/wp\/v2\/comments?post=28967"}],"version-history":[{"count":1,"href":"https:\/\/www.grieta.org.mx\/index.php\/wp-json\/wp\/v2\/posts\/28967\/revisions"}],"predecessor-version":[{"id":28969,"href":"https:\/\/www.grieta.org.mx\/index.php\/wp-json\/wp\/v2\/posts\/28967\/revisions\/28969"}],"wp:featuredmedia":[{"embeddable":true,"href":"https:\/\/www.grieta.org.mx\/index.php\/wp-json\/wp\/v2\/media\/28968"}],"wp:attachment":[{"href":"https:\/\/www.grieta.org.mx\/index.php\/wp-json\/wp\/v2\/media?parent=28967"}],"wp:term":[{"taxonomy":"category","embeddable":true,"href":"https:\/\/www.grieta.org.mx\/index.php\/wp-json\/wp\/v2\/categories?post=28967"},{"taxonomy":"post_tag","embeddable":true,"href":"https:\/\/www.grieta.org.mx\/index.php\/wp-json\/wp\/v2\/tags?post=28967"}],"curies":[{"name":"wp","href":"https:\/\/api.w.org\/{rel}","templated":true}]}}