{"id":28964,"date":"2019-02-14T00:51:24","date_gmt":"2019-02-14T06:51:24","guid":{"rendered":"http:\/\/www.grieta.org.mx\/?p=28964"},"modified":"2019-02-14T00:51:24","modified_gmt":"2019-02-14T06:51:24","slug":"paran-labores-en-semarnat-de-nl-nuevo-leon","status":"publish","type":"post","link":"https:\/\/www.grieta.org.mx\/index.php\/2019\/02\/14\/paran-labores-en-semarnat-de-nl-nuevo-leon\/","title":{"rendered":"Paran labores en Semarnat de NL (Nuevo Le\u00f3n)"},"content":{"rendered":"<p><img loading=\"lazy\" decoding=\"async\" data-attachment-id=\"28965\" data-permalink=\"https:\/\/www.grieta.org.mx\/index.php\/2019\/02\/14\/paran-labores-en-semarnat-de-nl-nuevo-leon\/paran-labores-en-semarnat-de-nl-feb\/\" data-orig-file=\"https:\/\/www.grieta.org.mx\/wp-content\/uploads\/2019\/02\/Paran-labores-en-Semarnat-de-NL-feb.jpg\" data-orig-size=\"540,281\" data-comments-opened=\"0\" data-image-meta=\"{&quot;aperture&quot;:&quot;0&quot;,&quot;credit&quot;:&quot;&quot;,&quot;camera&quot;:&quot;&quot;,&quot;caption&quot;:&quot;&quot;,&quot;created_timestamp&quot;:&quot;0&quot;,&quot;copyright&quot;:&quot;&quot;,&quot;focal_length&quot;:&quot;0&quot;,&quot;iso&quot;:&quot;0&quot;,&quot;shutter_speed&quot;:&quot;0&quot;,&quot;title&quot;:&quot;&quot;,&quot;orientation&quot;:&quot;0&quot;}\" data-image-title=\"Paran labores en Semarnat de NL feb\" data-image-description=\"\" data-image-caption=\"\" data-medium-file=\"https:\/\/www.grieta.org.mx\/wp-content\/uploads\/2019\/02\/Paran-labores-en-Semarnat-de-NL-feb-300x156.jpg\" data-large-file=\"https:\/\/www.grieta.org.mx\/wp-content\/uploads\/2019\/02\/Paran-labores-en-Semarnat-de-NL-feb.jpg\" class=\"aligncenter  wp-image-28965\" src=\"http:\/\/www.grieta.org.mx\/wp-content\/uploads\/2019\/02\/Paran-labores-en-Semarnat-de-NL-feb-300x156.jpg\" alt=\"\" width=\"385\" height=\"200\" srcset=\"https:\/\/www.grieta.org.mx\/wp-content\/uploads\/2019\/02\/Paran-labores-en-Semarnat-de-NL-feb-300x156.jpg 300w, https:\/\/www.grieta.org.mx\/wp-content\/uploads\/2019\/02\/Paran-labores-en-Semarnat-de-NL-feb.jpg 540w\" sizes=\"auto, (max-width: 385px) 100vw, 385px\" \/><br \/>\nRedacci\u00f3n Posta<\/p>\n<blockquote><p>Protestan por despidos y falta de prestaciones.<\/p><\/blockquote>\n<p>NUEVO LE\u00d3N.- En protesta por el despido de 50 empleados sin las liquidaciones de ley, la Semarnat en Nuevo Le\u00f3n inici\u00f3 un paro de labores este lunes.<\/p>\n<p>Los trabajadores inconformes se\u00f1alaron que los problemas iniciaron con el nuevo Gobierno Federal.<\/p>\n<p>Mencionaron que no han recibido prestaciones con las que cuentan como lentes y becas escolares para sus hijos, que rondan entre los 4 mil pesos.<\/p>\n<p>Aproximadamente 300 empleados de la Semarnat, Profepa, Conagua y Conafor iniciaron el paro, pero solo la Semarnat en Nuevo Le\u00f3n cerr\u00f3 sus oficinas ubicadas en Palacio Federal, en el municipio de Guadalupe.<\/p>\n<p>Marcial Mar\u00edn, l\u00edder de los sindicalizados en la regi\u00f3n, coment\u00f3 que este paro es por incumplimiento y despido injustificado que se ha realizado a muchos de sus agremiados.<\/p>\n<p><a href=\"https:\/\/www.posta.com.mx\/nuevo-leon\/paran-labores-en-semarnat-de-nl\" target=\"_blank\" rel=\"noopener\">https:\/\/www.posta.com.mx\/nuevo-leon\/paran-labores-en-semarnat-de-nl<\/a><\/p>\n","protected":false},"excerpt":{"rendered":"<p>Redacci\u00f3n Posta Protestan por despidos y falta de prestaciones. NUEVO LE\u00d3N.- En protesta por el despido de 50 empleados sin las liquidaciones de ley, la Semarnat en Nuevo Le\u00f3n inici\u00f3 &hellip; <a href=\"https:\/\/www.grieta.org.mx\/index.php\/2019\/02\/14\/paran-labores-en-semarnat-de-nl-nuevo-leon\/\" class=\"more-link\">Leer m\u00e1s<\/a><\/p>\n","protected":false},"author":2,"featured_media":28965,"comment_status":"closed","ping_status":"closed","sticky":false,"template":"","format":"standard","meta":{"ngg_post_thumbnail":0,"_jetpack_newsletter_access":"","_jetpack_dont_email_post_to_subs":false,"_jetpack_newsletter_tier_id":0,"_jetpack_memberships_contains_paywalled_content":false,"_jetpack_memberships_contains_paid_content":false,"footnotes":""},"categories":[80,910,2095,2,24,202,83],"tags":[2098,888,2096,1291,1290,2097,404],"class_list":{"0":"post-28964","1":"post","2":"type-post","3":"status-publish","4":"format-standard","5":"has-post-thumbnail","6":"hentry","7":"category-cintillo","8":"category-explotacion-y-precariedad-laboral","9":"category-explotacion-y-precariedad-laboral-en-nuevo-leon","10":"category-noticias-nacionales","11":"category-nuevo-leon","13":"category-temas-nacionales","14":"tag-conafor","15":"tag-conagua","16":"tag-despido-injustificado","17":"tag-explotacion-laboral","18":"tag-precariedad-laboral","19":"tag-profepa","20":"tag-semarnat","21":"entry"},"jetpack_featured_media_url":"https:\/\/www.grieta.org.mx\/wp-content\/uploads\/2019\/02\/Paran-labores-en-Semarnat-de-NL-feb.jpg","jetpack_sharing_enabled":true,"jetpack_shortlink":"https:\/\/wp.me\/p7ZJR4-7xa","jetpack_likes_enabled":false,"jetpack-related-posts":[{"id":65931,"url":"https:\/\/www.grieta.org.mx\/index.php\/2022\/12\/14\/sindicalizados-de-semarnat-realizan-paro-de-labores-por-retraso-de-pagos-en-campeche\/","url_meta":{"origin":28964,"position":0},"title":"Sindicalizados de Semarnat realizan paro de labores por retraso de pagos en Campeche","author":"grieta","date":"14 diciembre, 2022","format":false,"excerpt":"Wilbert Casanova \/ Foto: Lucio Blanco \/ Por Esto! Ante el retraso en el pago de prestaciones por 2 millones 500 mil 672 pesos, los empleados de cinco dependencias federales suspendieron labores este d\u00eda en demanda de que les cubran este monto, exigi\u00f3 la secretaria general del Sindicato de Trabajadores\u2026","rel":"","context":"En &quot;Campeche&quot;","block_context":{"text":"Campeche","link":"https:\/\/www.grieta.org.mx\/index.php\/category\/noticias-nacionales\/campeche\/"},"img":{"alt_text":"","src":"https:\/\/i0.wp.com\/www.grieta.org.mx\/wp-content\/uploads\/2022\/12\/ParoSemarnat-e1671122428106.jpg?resize=350%2C200&ssl=1","width":350,"height":200,"srcset":"https:\/\/i0.wp.com\/www.grieta.org.mx\/wp-content\/uploads\/2022\/12\/ParoSemarnat-e1671122428106.jpg?resize=350%2C200&ssl=1 1x, https:\/\/i0.wp.com\/www.grieta.org.mx\/wp-content\/uploads\/2022\/12\/ParoSemarnat-e1671122428106.jpg?resize=525%2C300&ssl=1 1.5x, https:\/\/i0.wp.com\/www.grieta.org.mx\/wp-content\/uploads\/2022\/12\/ParoSemarnat-e1671122428106.jpg?resize=700%2C400&ssl=1 2x"},"classes":[]},{"id":29641,"url":"https:\/\/www.grieta.org.mx\/index.php\/2019\/02\/11\/se-une-semarnat-guanajuato-a-protesta-nacional-exigen-pagos-atrasados\/","url_meta":{"origin":28964,"position":1},"title":"Se une Semarnat Guanajuato a protesta nacional, exigen pagos atrasados","author":"grieta","date":"11 febrero, 2019","format":false,"excerpt":"Redaccion AM, Le\u00f3n Guanajuato, 11 de Febrero Como parte de una protesta nacional por la suspensi\u00f3n de algunos derechos laborales de trabajadores de la Secretar\u00eda de Medio Ambiente y Recursos Naturales (Semarnat), esta ma\u00f1ana se comenz\u00f3 un paro de labores de la delegaci\u00f3n en Guanajuato de dicha dependencia. Entre las\u2026","rel":"","context":"En &quot;CINTILLO&quot;","block_context":{"text":"CINTILLO","link":"https:\/\/www.grieta.org.mx\/index.php\/category\/cintillo\/"},"img":{"alt_text":"","src":"https:\/\/i0.wp.com\/www.grieta.org.mx\/wp-content\/uploads\/2019\/02\/se-une-semarnat-guanajuato-a-protesta-nacional-exigen-pagos-atrasados-c3ef255e57fde08f69b497dfb76d8a6c.jpg_851672003.jpg?resize=350%2C200&ssl=1","width":350,"height":200,"srcset":"https:\/\/i0.wp.com\/www.grieta.org.mx\/wp-content\/uploads\/2019\/02\/se-une-semarnat-guanajuato-a-protesta-nacional-exigen-pagos-atrasados-c3ef255e57fde08f69b497dfb76d8a6c.jpg_851672003.jpg?resize=350%2C200&ssl=1 1x, https:\/\/i0.wp.com\/www.grieta.org.mx\/wp-content\/uploads\/2019\/02\/se-une-semarnat-guanajuato-a-protesta-nacional-exigen-pagos-atrasados-c3ef255e57fde08f69b497dfb76d8a6c.jpg_851672003.jpg?resize=525%2C300&ssl=1 1.5x, https:\/\/i0.wp.com\/www.grieta.org.mx\/wp-content\/uploads\/2019\/02\/se-une-semarnat-guanajuato-a-protesta-nacional-exigen-pagos-atrasados-c3ef255e57fde08f69b497dfb76d8a6c.jpg_851672003.jpg?resize=700%2C400&ssl=1 2x"},"classes":[]},{"id":28849,"url":"https:\/\/www.grieta.org.mx\/index.php\/2019\/02\/06\/despiden-a-empleados-de-smart-que-iniciaron-paro-laboral-tamaulipas\/","url_meta":{"origin":28964,"position":2},"title":"Despiden a empleados de Smart que iniciaron paro laboral (Tamaulipas)","author":"grieta","date":"6 febrero, 2019","format":false,"excerpt":"Marco Rodr\u00edguez \/ Hoy Tamaulipas Personal de Recursos Humanos les ofreci\u00f3 que regresaran a trabajar sin temor a tener problemas laborales con la empresa o el despido con el monto por a\u00f1os trabajados; la mayor\u00eda acept\u00f3 lo segundo Matamoros, Tamaulipas. - El departamento de Recursos Humanos del centro comercial Smart\u2026","rel":"","context":"En &quot;CINTILLO&quot;","block_context":{"text":"CINTILLO","link":"https:\/\/www.grieta.org.mx\/index.php\/category\/cintillo\/"},"img":{"alt_text":"","src":"https:\/\/i0.wp.com\/www.grieta.org.mx\/wp-content\/uploads\/2019\/02\/Despiden-a-empleados-de-Smart-que-iniciaron-paro-laboral-tama-feb.jpg?resize=350%2C200&ssl=1","width":350,"height":200,"srcset":"https:\/\/i0.wp.com\/www.grieta.org.mx\/wp-content\/uploads\/2019\/02\/Despiden-a-empleados-de-Smart-que-iniciaron-paro-laboral-tama-feb.jpg?resize=350%2C200&ssl=1 1x, https:\/\/i0.wp.com\/www.grieta.org.mx\/wp-content\/uploads\/2019\/02\/Despiden-a-empleados-de-Smart-que-iniciaron-paro-laboral-tama-feb.jpg?resize=525%2C300&ssl=1 1.5x, https:\/\/i0.wp.com\/www.grieta.org.mx\/wp-content\/uploads\/2019\/02\/Despiden-a-empleados-de-Smart-que-iniciaron-paro-laboral-tama-feb.jpg?resize=700%2C400&ssl=1 2x"},"classes":[]},{"id":48445,"url":"https:\/\/www.grieta.org.mx\/index.php\/2020\/04\/08\/kia-y-nissan-prolongan-paro-tecnico-sin-garantia-del-100-de-salarios\/","url_meta":{"origin":28964,"position":3},"title":"KIA y Nissan prolongan paro t\u00e9cnico, sin garant\u00eda del 100% de salarios","author":"grieta","date":"8 abril, 2020","format":false,"excerpt":"Alex Osorio\/La Izquierda Diario 8 abril 2020 Dos de las grandes automotrices instaladas en el pa\u00eds, sostendr\u00e1n el paro t\u00e9cnico hasta el 30 de abril, la incertidumbre sobre el salario y los despidos se hace presente entre los trabajadores. En un comunicado del vicepresidente de Nissan Aguascalientes, Armando \u00c1vila, indic\u00f3\u2026","rel":"","context":"En &quot;Aguascalientes&quot;","block_context":{"text":"Aguascalientes","link":"https:\/\/www.grieta.org.mx\/index.php\/category\/noticias-nacionales\/aguascalientes\/"},"img":{"alt_text":"","src":"https:\/\/i0.wp.com\/www.grieta.org.mx\/wp-content\/uploads\/2020\/05\/nissan.png?resize=350%2C200&ssl=1","width":350,"height":200,"srcset":"https:\/\/i0.wp.com\/www.grieta.org.mx\/wp-content\/uploads\/2020\/05\/nissan.png?resize=350%2C200&ssl=1 1x, https:\/\/i0.wp.com\/www.grieta.org.mx\/wp-content\/uploads\/2020\/05\/nissan.png?resize=525%2C300&ssl=1 1.5x, https:\/\/i0.wp.com\/www.grieta.org.mx\/wp-content\/uploads\/2020\/05\/nissan.png?resize=700%2C400&ssl=1 2x"},"classes":[]},{"id":29724,"url":"https:\/\/www.grieta.org.mx\/index.php\/2019\/02\/27\/tras-paro-nacional-cecyte-en-nuevo-leon-detiene-operaciones\/","url_meta":{"origin":28964,"position":4},"title":"Tras paro nacional, CECyTE en Nuevo Le\u00f3n detiene operaciones","author":"grieta","date":"27 febrero, 2019","format":false,"excerpt":"Alejandro Ram\u00edrez \/ El Porvenir Tras paro nacional, CECyTE en Nuevo Le\u00f3n detiene operaciones Personal administrativo y docente, aplicaron este lunes un paro a las actividades del Colegio de Estudios Cient\u00edficos y Tecnol\u00f3gicos (CECyTE) a nivel nacional, esto tras la reducci\u00f3n al presupuesto de la educaci\u00f3n media superior que aplic\u00f3\u2026","rel":"","context":"En &quot;CINTILLO&quot;","block_context":{"text":"CINTILLO","link":"https:\/\/www.grieta.org.mx\/index.php\/category\/cintillo\/"},"img":{"alt_text":"","src":"https:\/\/i0.wp.com\/www.grieta.org.mx\/wp-content\/uploads\/2019\/02\/Tras-paro-nacional-CECyTE-en-Nuevo-Le%C3%B3n-detiene-operaciones-nl-feb.jpg?resize=350%2C200&ssl=1","width":350,"height":200,"srcset":"https:\/\/i0.wp.com\/www.grieta.org.mx\/wp-content\/uploads\/2019\/02\/Tras-paro-nacional-CECyTE-en-Nuevo-Le%C3%B3n-detiene-operaciones-nl-feb.jpg?resize=350%2C200&ssl=1 1x, https:\/\/i0.wp.com\/www.grieta.org.mx\/wp-content\/uploads\/2019\/02\/Tras-paro-nacional-CECyTE-en-Nuevo-Le%C3%B3n-detiene-operaciones-nl-feb.jpg?resize=525%2C300&ssl=1 1.5x"},"classes":[]},{"id":34652,"url":"https:\/\/www.grieta.org.mx\/index.php\/2019\/06\/11\/piden-a-monterrey-continuar-con-limpia-de-informales-nuevo-leon\/","url_meta":{"origin":28964,"position":5},"title":"Piden a Monterrey continuar con &#8220;limpia&#8221; de informales (Nuevo Le\u00f3n)","author":"grieta","date":"11 junio, 2019","format":false,"excerpt":"Daniela Garc\u00eda \/ Milenio Gabriel Chapa Mu\u00f1oz, presidente de la Canaco, solicit\u00f3 al municipio que contin\u00fae con el retiro de los vendedores, ya que a\u00fan hay mil 744 comerciantes informales en la ciudad. Al considerar que han logrando bajar los n\u00fameros de vendedores informales en el primer cuadro de la\u2026","rel":"","context":"En &quot;CINTILLO&quot;","block_context":{"text":"CINTILLO","link":"https:\/\/www.grieta.org.mx\/index.php\/category\/cintillo\/"},"img":{"alt_text":"","src":"https:\/\/i0.wp.com\/www.grieta.org.mx\/wp-content\/uploads\/2019\/06\/Piden-a-Monterrey-continuar-con-limpia-de-informales-nl-jun.jpeg?resize=350%2C200&ssl=1","width":350,"height":200,"srcset":"https:\/\/i0.wp.com\/www.grieta.org.mx\/wp-content\/uploads\/2019\/06\/Piden-a-Monterrey-continuar-con-limpia-de-informales-nl-jun.jpeg?resize=350%2C200&ssl=1 1x, https:\/\/i0.wp.com\/www.grieta.org.mx\/wp-content\/uploads\/2019\/06\/Piden-a-Monterrey-continuar-con-limpia-de-informales-nl-jun.jpeg?resize=525%2C300&ssl=1 1.5x, https:\/\/i0.wp.com\/www.grieta.org.mx\/wp-content\/uploads\/2019\/06\/Piden-a-Monterrey-continuar-con-limpia-de-informales-nl-jun.jpeg?resize=700%2C400&ssl=1 2x"},"classes":[]}],"_links":{"self":[{"href":"https:\/\/www.grieta.org.mx\/index.php\/wp-json\/wp\/v2\/posts\/28964","targetHints":{"allow":["GET"]}}],"collection":[{"href":"https:\/\/www.grieta.org.mx\/index.php\/wp-json\/wp\/v2\/posts"}],"about":[{"href":"https:\/\/www.grieta.org.mx\/index.php\/wp-json\/wp\/v2\/types\/post"}],"author":[{"embeddable":true,"href":"https:\/\/www.grieta.org.mx\/index.php\/wp-json\/wp\/v2\/users\/2"}],"replies":[{"embeddable":true,"href":"https:\/\/www.grieta.org.mx\/index.php\/wp-json\/wp\/v2\/comments?post=28964"}],"version-history":[{"count":1,"href":"https:\/\/www.grieta.org.mx\/index.php\/wp-json\/wp\/v2\/posts\/28964\/revisions"}],"predecessor-version":[{"id":28966,"href":"https:\/\/www.grieta.org.mx\/index.php\/wp-json\/wp\/v2\/posts\/28964\/revisions\/28966"}],"wp:featuredmedia":[{"embeddable":true,"href":"https:\/\/www.grieta.org.mx\/index.php\/wp-json\/wp\/v2\/media\/28965"}],"wp:attachment":[{"href":"https:\/\/www.grieta.org.mx\/index.php\/wp-json\/wp\/v2\/media?parent=28964"}],"wp:term":[{"taxonomy":"category","embeddable":true,"href":"https:\/\/www.grieta.org.mx\/index.php\/wp-json\/wp\/v2\/categories?post=28964"},{"taxonomy":"post_tag","embeddable":true,"href":"https:\/\/www.grieta.org.mx\/index.php\/wp-json\/wp\/v2\/tags?post=28964"}],"curies":[{"name":"wp","href":"https:\/\/api.w.org\/{rel}","templated":true}]}}