{"id":28947,"date":"2019-02-11T23:49:00","date_gmt":"2019-02-12T05:49:00","guid":{"rendered":"http:\/\/www.grieta.org.mx\/?p=28947"},"modified":"2019-02-11T23:50:59","modified_gmt":"2019-02-12T05:50:59","slug":"los-pueblos-resisten-la-cuarta-trasformacion-en-morelos","status":"publish","type":"post","link":"https:\/\/www.grieta.org.mx\/index.php\/2019\/02\/11\/los-pueblos-resisten-la-cuarta-trasformacion-en-morelos\/","title":{"rendered":"Los pueblos resisten la cuarta trasformaci\u00f3n en Morelos"},"content":{"rendered":"<p>Colectivo Paso doble<\/p>\n<p><img loading=\"lazy\" decoding=\"async\" data-attachment-id=\"28948\" data-permalink=\"https:\/\/www.grieta.org.mx\/index.php\/2019\/02\/11\/los-pueblos-resisten-la-cuarta-trasformacion-en-morelos\/zapata-1\/\" data-orig-file=\"https:\/\/www.grieta.org.mx\/wp-content\/uploads\/2019\/02\/zapata-1.jpg\" data-orig-size=\"477,172\" data-comments-opened=\"0\" data-image-meta=\"{&quot;aperture&quot;:&quot;0&quot;,&quot;credit&quot;:&quot;&quot;,&quot;camera&quot;:&quot;&quot;,&quot;caption&quot;:&quot;&quot;,&quot;created_timestamp&quot;:&quot;1549927950&quot;,&quot;copyright&quot;:&quot;&quot;,&quot;focal_length&quot;:&quot;0&quot;,&quot;iso&quot;:&quot;0&quot;,&quot;shutter_speed&quot;:&quot;0&quot;,&quot;title&quot;:&quot;&quot;,&quot;orientation&quot;:&quot;0&quot;}\" data-image-title=\"zapata 1\" data-image-description=\"\" data-image-caption=\"\" data-medium-file=\"https:\/\/www.grieta.org.mx\/wp-content\/uploads\/2019\/02\/zapata-1-300x108.jpg\" data-large-file=\"https:\/\/www.grieta.org.mx\/wp-content\/uploads\/2019\/02\/zapata-1.jpg\" class=\"aligncenter size-full wp-image-28948\" src=\"http:\/\/www.grieta.org.mx\/wp-content\/uploads\/2019\/02\/zapata-1.jpg\" alt=\"\" width=\"477\" height=\"172\" srcset=\"https:\/\/www.grieta.org.mx\/wp-content\/uploads\/2019\/02\/zapata-1.jpg 477w, https:\/\/www.grieta.org.mx\/wp-content\/uploads\/2019\/02\/zapata-1-300x108.jpg 300w\" sizes=\"auto, (max-width: 477px) 100vw, 477px\" \/><\/p>\n<p>A tres meses de que Andr\u00e9s Manuel L\u00f3pez Obrador tom\u00f3 posesi\u00f3n como presidente de M\u00e9xico, las protestas y los movimientos de resistencia contra sus proyectos desarrollistas, han proliferado en varios estados del pa\u00eds, entre ellos, Morelos, parad\u00f3jicamente, a punto de cumplirse, este 10 de abril, cien a\u00f1os de la traici\u00f3n y asesinato del general Emiliano Zapata en la hacienda de Chinameca, y habiendo decretado el 2019, como el \u201cA\u00f1o de Zapata\u201d.<br \/>\nLa virtual declaraci\u00f3n de guerra contra los pueblos originarios, particularmente del sureste de la Rep\u00fablica, que significan la continuidad del proceso de militarizaci\u00f3n, a trav\u00e9s de la Guardia Nacional, junto con megaproyectos como el Tren Maya, la siembra de un mill\u00f3n de hect\u00e1reas con \u00e1rboles en la Selva Lacandona y el canal seco en el Istmo de Tehuantepec, entre otros, llega a tierras del zapatismo hist\u00f3rico al pretender imponer el gobierno de la cuarta trasformaci\u00f3n, como los gobiernos neoliberales anteriores, el llamado Proyecto Integral Morelos (PIM).<br \/>\nImpulsado e iniciado por el gobierno de Enrique Pe\u00f1a Nieto, el PIM es un megaproyecto que consiste en poner en marcha dos termoel\u00e9ctricas, un acueducto y un gaseoducto, cuya finalidad primordial y real es proporcionar energ\u00eda el\u00e9ctrica a los enclaves industriales de Morelos, Puebla y Tlaxcala que ya existen, y estimular el proceso de industrializaci\u00f3n en otras regiones del centro del pa\u00eds.<br \/>\nLa Comisi\u00f3n Federal de Electricidad (CFE) ha actuado, desde el a\u00f1o 2011 que se inicia el proyecto, como gestora subalterna de tres empresas: ABENGOA, ALECNOR y ENAGAS, de capital espa\u00f1ol, que han obtenido ganancias millonarias en otras partes de M\u00e9xico y Am\u00e9rica Latina. Al igual que las corporaciones mineras, con sus departamentos de \u201cingenier\u00eda de conflictos\u201d, la CFE ha recorrido las comunidades tratando de convencer a sus habitantes sobre los supuestos beneficios del proyecto, intentando comprar conciencias, amenazando a los opositores, fragmentando a las comunidades, y frecuentemente con los recursos represivos de la polic\u00eda y el ej\u00e9rcito a su disposici\u00f3n. Violencias, detenciones y criminalizaci\u00f3n de la lucha, han distinguido las resistencias de estos a\u00f1os.<br \/>\nPese a la propaganda oficialista, que oculta incluso datos del proyecto no favorables, las organizaciones en resistencia han logrado demostrar que los habitantes de los tres estados, 24 municipios y cientos de comunidades se ver\u00e1n afectados de diversas maneras. El gasoducto de 30 pulgadas de di\u00e1metro recorrer\u00e1 170 kil\u00f3metros de largo, trasportando diariamente 320 millones de pies c\u00fabicos de gas natural, con todo el peligro real que esto conlleva, y tomando muy en cuenta que una buena parte de la ruta es zona s\u00edsmica y considerada de riesgo medio y alto por la proximidad del volc\u00e1n Popocat\u00e9petl. Asimismo, el acueducto, de aproximadamente 12 kil\u00f3metros de largo y casi un metro de di\u00e1metro, saquear\u00e1 el agua que nutre la vida agr\u00edcola de decenas de comunidades ind\u00edgenas y campesinas de Morelos.<br \/>\nDesde que se diera a conocer el PIM y se iniciaran sus trabajos, la resistencia de los pueblos no ha cesado en los tres estados, al igual que la represi\u00f3n. La lucha de resistencia se organiza fundamentalmente en el Frente de Pueblos en Defensa de la Tierra y Agua, Morelos, Puebla y Tlaxcala y la Asamblea Permanente de los Pueblos de Morelos. Se movilizan en contra de los proyectos desarrollistas que para las comunidades significan muerte, despojo de tierras y devastaci\u00f3n del medio ambiente. Todas las formas de lucha son pac\u00edficas, mientras que la respuesta del Estado es violenta. En Morelos, la lucha contra el PIM inicia desde el 2013. Huexca, Amilcingo, Jantetelco y Ayala, son focos de la resistencia contra el proyecto.<br \/>\nPrecisamente, el 9 de febrero de este a\u00f1o, los integrantes del Campamento Zapatista en Defensa del Agua del Rio Cuautla, localizado en San Pedro Apatlaco, municipio de Ayala, Morelos, hicieron p\u00fablica una \u201cCarta abierta al Presidente Andr\u00e9s Manuel L\u00f3pez Obrador\u201d, en la que se manifiestan en contra de la anunciada consulta ciudadana del 23 y 24 de febrero de este a\u00f1o, informan sobre sus dos a\u00f1os y medio de plant\u00f3n en resistencia para impedir el despojo del agua del Rio Cuautla, para la termoel\u00e9ctrica de Huexca, por parte de la Comisi\u00f3n Federal de Electricidad, y destacan los amparos ganados para la suspensi\u00f3n definitiva del proyecto.<br \/>\nAsimismo, al t\u00e9rmino de la visita de AMLO a Cuautla, el 10 de febrero, el Congreso Nacional Ind\u00edgena-Concejo Ind\u00edgena de Gobierno se pronunciaron en\u00e9rgicamente contra el Proyecto Integral Morelos y se manifestaron tajantemente en contra de la simulada consulta ciudadana del 23 y 24 de febrero:<br \/>\n\u201cEstas consultas est\u00e1n hechas a modo para concretar el despojo y llevar la muerte a nuestros territorios\u2026Suplantan la voluntad de los pueblos, diluy\u00e9ndola en una presunta consulta amplia y ciudadana, como si la voluntad de los due\u00f1os, poseedores y guardianes del territorio no valiera\u2026Es racista y clasista porque no toma en cuenta los modos y formas propias de toma de decisiones de los pueblos ind\u00edgenas, campesinos y organizaciones populares\u2026Es invasora, porque son los pueblos originarios, ejidos y comunidades directamente afectadas, las que en el \u00e1mbito de su autonom\u00eda y libre determinaci\u00f3n pueden decidir con legitimidad y legalidad el destino de su territorio\u2026Es represora porque pone en una situaci\u00f3n muy vulnerable y desventajosa a los leg\u00edtimos y originarios moradores del territorio.\u201d <\/p>\n<p>AMLO olvida convenientemente un hecho importante: a inicios de marzo del a\u00f1o pasado, la Comisi\u00f3n Nacional de derechos Humanos (CNDH), tras indagar las denuncias presentadas por los pueblos afectados, determin\u00f3 que el PIM vulnera los derechos humanos de los habitantes de Morelos, Puebla y Tlaxcala, por lo que emiti\u00f3 una recomendaci\u00f3n dirigida a los entonces titulares de la Secretar\u00eda de Medio Ambiente y Recursos Naturales, al director general de la Comisi\u00f3n Federal de Electricidad (CFE),y al director general de la Ex Comisi\u00f3n Nacional para el Desarrollo de los Pueblos Ind\u00edgenas (CDI). La CNDH concluy\u00f3 \u201cque este proyecto violent\u00f3 los derechos a la consulta previa, libre, informada, de buena fe y culturalmente adecuada para pueblos y comunidades ind\u00edgenas, y a la informaci\u00f3n sobre la construcci\u00f3n y operaci\u00f3n de dicho complejo\u201d (La Jornada, 6 de marzo de 2018).<br \/>\nAs\u00ed, con consultas ama\u00f1adas, como en los viejos tiempos del r\u00e9gimen de partido de Estado, con el peso de un presidencialismo reconfigurado con 30 millones de votos, el Proyecto Integral Morelos tratar\u00e1 de imponerse contra viento y marea, mientras AMLO culpa al \u201cconservadurismo de la extrema izquierda\u201d por las protestas en su contra en Cuautla, donde en una manta se destacaba: \u201cSe\u00f1or presidente, usted tendr\u00e1 su termoel\u00e9ctrica, nosotros a cambio la muerte\u201d, y se escucharon consignas de \u201cAgua si, termo no\u201d. <\/p>\n","protected":false},"excerpt":{"rendered":"<p>Colectivo Paso doble A tres meses de que Andr\u00e9s Manuel L\u00f3pez Obrador tom\u00f3 posesi\u00f3n como presidente de M\u00e9xico, las protestas y los movimientos de resistencia contra sus proyectos desarrollistas, han &hellip; <a href=\"https:\/\/www.grieta.org.mx\/index.php\/2019\/02\/11\/los-pueblos-resisten-la-cuarta-trasformacion-en-morelos\/\" class=\"more-link\">Leer m\u00e1s<\/a><\/p>\n","protected":false},"author":2,"featured_media":28948,"comment_status":"closed","ping_status":"closed","sticky":false,"template":"","format":"standard","meta":{"ngg_post_thumbnail":0,"_jetpack_newsletter_access":"","_jetpack_dont_email_post_to_subs":false,"_jetpack_newsletter_tier_id":0,"_jetpack_memberships_contains_paywalled_content":false,"_jetpack_memberships_contains_paid_content":false,"footnotes":""},"categories":[54,55,80,970,1,954,3,922,22,938,942,2027,2,44,26,1171,1423,1249,34],"tags":[2087,2086,461,428],"class_list":["post-28947","post","type-post","status-publish","format-standard","has-post-thumbnail","hentry","category-10-huexca","category-11-amilcingo","category-cintillo","category-esp-morelos","category-espejos-de-la-resistencia","category-espejos-estados","category-megaproyectos","category-megaproyectos-estados","category-morelos","category-mp-morelos","category-mp-puebla","category-mp-tlaxcala","category-noticias-nacionales","category-proyecto-integral-morelos","category-puebla","category-rechazo-al-proyecto-integral-morelos-pim-en-morelos","category-rechazo-al-proyecto-integral-morelos-pim-en-tlaxcala","category-rechazo-al-proyecto-interal-morelos-en-puebla","category-tlaxcala","tag-rechazo-a-la-termoelectrica-en-huexca","tag-rechazo-al-proyecto-integral-morelos","tag-resistencia","tag-termoelectrica","entry"],"jetpack_featured_media_url":"https:\/\/www.grieta.org.mx\/wp-content\/uploads\/2019\/02\/zapata-1.jpg","jetpack_sharing_enabled":true,"jetpack_shortlink":"https:\/\/wp.me\/p7ZJR4-7wT","jetpack_likes_enabled":false,"jetpack-related-posts":[{"id":29268,"url":"https:\/\/www.grieta.org.mx\/index.php\/2019\/02\/20\/asesinan-a-lider-de-opositores-a-la-termoelectrica-en-morelos\/","url_meta":{"origin":28947,"position":0},"title":"Asesinan a l\u00edder de opositores a la termoel\u00e9ctrica en Morelos","author":"grieta","date":"20 febrero, 2019","format":false,"excerpt":"Redacci\u00f3n \/ Quadratin Morelos TEMOAC, Mor., 20 de Febrero del 2019.- Fue confirmada la muerte de Samir Flores Soberanes tras un ataque armado la madrugada de este mi\u00e9rcoles en su domicilio en Amilcingo por un comando armado, seg\u00fan los primeros reportes. Se trata de qui\u00e9n encabez\u00f3 desde el inicio de\u2026","rel":"","context":"En &quot;10. Huexca&quot;","block_context":{"text":"10. Huexca","link":"https:\/\/www.grieta.org.mx\/index.php\/category\/espejos-de-la-resistencia\/10-huexca\/"},"img":{"alt_text":"","src":"https:\/\/i0.wp.com\/www.grieta.org.mx\/wp-content\/uploads\/2019\/02\/IMG_20190220_075909-1160x700.jpg?resize=350%2C200&ssl=1","width":350,"height":200,"srcset":"https:\/\/i0.wp.com\/www.grieta.org.mx\/wp-content\/uploads\/2019\/02\/IMG_20190220_075909-1160x700.jpg?resize=350%2C200&ssl=1 1x, https:\/\/i0.wp.com\/www.grieta.org.mx\/wp-content\/uploads\/2019\/02\/IMG_20190220_075909-1160x700.jpg?resize=525%2C300&ssl=1 1.5x, https:\/\/i0.wp.com\/www.grieta.org.mx\/wp-content\/uploads\/2019\/02\/IMG_20190220_075909-1160x700.jpg?resize=700%2C400&ssl=1 2x, https:\/\/i0.wp.com\/www.grieta.org.mx\/wp-content\/uploads\/2019\/02\/IMG_20190220_075909-1160x700.jpg?resize=1050%2C600&ssl=1 3x"},"classes":[]},{"id":55442,"url":"https:\/\/www.grieta.org.mx\/index.php\/2020\/11\/25\/pueblos-planean-tomar-carreteras-para-frenar-termoelectrica-de-huexca-morelos-puebla-tlaxcala\/","url_meta":{"origin":28947,"position":1},"title":"Pueblos planean tomar carreteras para frenar termoel\u00e9ctrica de Huexca (Morelos, Puebla, Tlaxcala)","author":"Admin","date":"25 noviembre, 2020","format":false,"excerpt":"Texto y Fotos: Estrella Pedroza \/ La Silla Rota CIUDAD AYALA.- Desde la cuna del agrarismo, los pueblos de Morelos emprendieron acciones de protesta por la irrupci\u00f3n de la Guardia Nacional al plant\u00f3n San Pedro Apatlaco, situado a las orillas del R\u00edo Cuautla en Ciudad Ayala, que se instal\u00f3 desde\u2026","rel":"","context":"En &quot;10. Huexca&quot;","block_context":{"text":"10. Huexca","link":"https:\/\/www.grieta.org.mx\/index.php\/category\/espejos-de-la-resistencia\/10-huexca\/"},"img":{"alt_text":"","src":"https:\/\/i0.wp.com\/www.grieta.org.mx\/wp-content\/uploads\/2020\/11\/Captura-de-Pantalla-2020-11-25-a-las-14.17.48.png?resize=350%2C200&ssl=1","width":350,"height":200,"srcset":"https:\/\/i0.wp.com\/www.grieta.org.mx\/wp-content\/uploads\/2020\/11\/Captura-de-Pantalla-2020-11-25-a-las-14.17.48.png?resize=350%2C200&ssl=1 1x, https:\/\/i0.wp.com\/www.grieta.org.mx\/wp-content\/uploads\/2020\/11\/Captura-de-Pantalla-2020-11-25-a-las-14.17.48.png?resize=525%2C300&ssl=1 1.5x, https:\/\/i0.wp.com\/www.grieta.org.mx\/wp-content\/uploads\/2020\/11\/Captura-de-Pantalla-2020-11-25-a-las-14.17.48.png?resize=700%2C400&ssl=1 2x, https:\/\/i0.wp.com\/www.grieta.org.mx\/wp-content\/uploads\/2020\/11\/Captura-de-Pantalla-2020-11-25-a-las-14.17.48.png?resize=1050%2C600&ssl=1 3x, https:\/\/i0.wp.com\/www.grieta.org.mx\/wp-content\/uploads\/2020\/11\/Captura-de-Pantalla-2020-11-25-a-las-14.17.48.png?resize=1400%2C800&ssl=1 4x"},"classes":[]},{"id":29755,"url":"https:\/\/www.grieta.org.mx\/index.php\/2019\/02\/25\/la-lucha-no-termina-aqui-activistas-sobre-termoelectrica-en-morelos\/","url_meta":{"origin":28947,"position":2},"title":"La lucha no termina aqu\u00ed: activistas sobre termoel\u00e9ctrica en Morelos","author":"grieta","date":"25 febrero, 2019","format":false,"excerpt":"Felipe Rodea, Ver\u00f3nica Bacaz \/ El Financiero Tras conocer el resultado de la consulta favorable a la construcci\u00f3n de la termoel\u00e9ctrica en Morelos, el Frente de Pueblos en Defensa de la Tierra y Agua Morelos, Puebla, Tlaxcala, advirti\u00f3 que la batalla por cancelar el proyecto apenas comienza. \"La lucha no\u2026","rel":"","context":"En &quot;10. Huexca&quot;","block_context":{"text":"10. Huexca","link":"https:\/\/www.grieta.org.mx\/index.php\/category\/espejos-de-la-resistencia\/10-huexca\/"},"img":{"alt_text":"","src":"https:\/\/i0.wp.com\/www.grieta.org.mx\/wp-content\/uploads\/2019\/02\/752d2c9ecf1550851348_standard_desktop_medium_retina.jpeg?resize=350%2C200&ssl=1","width":350,"height":200,"srcset":"https:\/\/i0.wp.com\/www.grieta.org.mx\/wp-content\/uploads\/2019\/02\/752d2c9ecf1550851348_standard_desktop_medium_retina.jpeg?resize=350%2C200&ssl=1 1x, https:\/\/i0.wp.com\/www.grieta.org.mx\/wp-content\/uploads\/2019\/02\/752d2c9ecf1550851348_standard_desktop_medium_retina.jpeg?resize=525%2C300&ssl=1 1.5x, https:\/\/i0.wp.com\/www.grieta.org.mx\/wp-content\/uploads\/2019\/02\/752d2c9ecf1550851348_standard_desktop_medium_retina.jpeg?resize=700%2C400&ssl=1 2x, https:\/\/i0.wp.com\/www.grieta.org.mx\/wp-content\/uploads\/2019\/02\/752d2c9ecf1550851348_standard_desktop_medium_retina.jpeg?resize=1050%2C600&ssl=1 3x"},"classes":[]},{"id":37578,"url":"https:\/\/www.grieta.org.mx\/index.php\/2019\/07\/09\/frente-unido-todos-somos-cacalotepec-pedira-replica-a-amlo-contra-el-proyecto-integral-morelos\/","url_meta":{"origin":28947,"position":3},"title":"Frente Unido Todos Somos Cacalotepec pedir\u00e1 r\u00e9plica a AMLO contra el Proyecto Integral Morelos","author":"grieta","date":"9 julio, 2019","format":false,"excerpt":"Israel Tepox \/ Desde Puebla \u201cEl d\u00eda 8 de julio usted (AMLO) anunci\u00f3 que hablar\u00e1 con los afectados del PIM (Proyecto Integral Morelos) que nos va a ir a ver de manera directa y que nos explicar\u00e1 las cifras del proyecto, que buscar\u00e1 convencernos que el proyecto se tiene que\u2026","rel":"","context":"En &quot;10. Huexca&quot;","block_context":{"text":"10. Huexca","link":"https:\/\/www.grieta.org.mx\/index.php\/category\/espejos-de-la-resistencia\/10-huexca\/"},"img":{"alt_text":"","src":"https:\/\/i0.wp.com\/www.grieta.org.mx\/wp-content\/uploads\/2019\/08\/FB_IMG_1562710460892.jpg?resize=350%2C200&ssl=1","width":350,"height":200,"srcset":"https:\/\/i0.wp.com\/www.grieta.org.mx\/wp-content\/uploads\/2019\/08\/FB_IMG_1562710460892.jpg?resize=350%2C200&ssl=1 1x, https:\/\/i0.wp.com\/www.grieta.org.mx\/wp-content\/uploads\/2019\/08\/FB_IMG_1562710460892.jpg?resize=525%2C300&ssl=1 1.5x"},"classes":[]},{"id":30327,"url":"https:\/\/www.grieta.org.mx\/index.php\/2019\/03\/04\/traera-riesgos-termoelectrica-de-huexca-para-tlaxcala\/","url_meta":{"origin":28947,"position":4},"title":"Traer\u00e1 riesgos termoel\u00e9ctrica de Huexca para Tlaxcala","author":"grieta","date":"4 marzo, 2019","format":false,"excerpt":"Rub\u00e9n Hern\u00e1ndez\/ Quadrat\u00edn Tlaxcala TLAXCALA, Tlax., 04 de marzo de 2019.- La continuidad y operaci\u00f3n de la termoel\u00e9ctrica en Huexca, traer\u00e1 riesgos ambientales, de protecci\u00f3n civil y altos costos econ\u00f3micos para Tlaxcala, Puebla y Morelos, sostuvo el coordinador nacional de la asociaci\u00f3n civil Agua para todos, Agua para la vida,\u2026","rel":"","context":"En &quot;CINTILLO&quot;","block_context":{"text":"CINTILLO","link":"https:\/\/www.grieta.org.mx\/index.php\/category\/cintillo\/"},"img":{"alt_text":"","src":"https:\/\/i0.wp.com\/www.grieta.org.mx\/wp-content\/uploads\/2019\/03\/asociaci%C3%B3n-civil-Agua-para-todos-Agua-para-la-vida-1160x700.jpg?resize=350%2C200&ssl=1","width":350,"height":200,"srcset":"https:\/\/i0.wp.com\/www.grieta.org.mx\/wp-content\/uploads\/2019\/03\/asociaci%C3%B3n-civil-Agua-para-todos-Agua-para-la-vida-1160x700.jpg?resize=350%2C200&ssl=1 1x, https:\/\/i0.wp.com\/www.grieta.org.mx\/wp-content\/uploads\/2019\/03\/asociaci%C3%B3n-civil-Agua-para-todos-Agua-para-la-vida-1160x700.jpg?resize=525%2C300&ssl=1 1.5x, https:\/\/i0.wp.com\/www.grieta.org.mx\/wp-content\/uploads\/2019\/03\/asociaci%C3%B3n-civil-Agua-para-todos-Agua-para-la-vida-1160x700.jpg?resize=700%2C400&ssl=1 2x, https:\/\/i0.wp.com\/www.grieta.org.mx\/wp-content\/uploads\/2019\/03\/asociaci%C3%B3n-civil-Agua-para-todos-Agua-para-la-vida-1160x700.jpg?resize=1050%2C600&ssl=1 3x"},"classes":[]},{"id":31703,"url":"https:\/\/www.grieta.org.mx\/index.php\/2019\/03\/28\/lo-que-sabemos-del-gasoducto-a-las-faldas-del-popocatepetl\/","url_meta":{"origin":28947,"position":5},"title":"Lo que sabemos del gasoducto a las faldas del Popocat\u00e9petl","author":"grieta","date":"28 marzo, 2019","format":false,"excerpt":"Carolina Garc\u00eda \/ El Universal El Proyecto Integral Morelos (PIM) consiste en la construcci\u00f3n de dos termoel\u00e9ctricas de ciclo combinado de 622 megawatts en la comunidad de Huexca, un gasoducto de 160 km de longitud y 30 pulgadas de di\u00e1metro (con capacidad para transportar diariamente 9 mil millones de litros\u2026","rel":"","context":"En &quot;10. Huexca&quot;","block_context":{"text":"10. Huexca","link":"https:\/\/www.grieta.org.mx\/index.php\/category\/espejos-de-la-resistencia\/10-huexca\/"},"img":{"alt_text":"","src":"https:\/\/i0.wp.com\/www.grieta.org.mx\/wp-content\/uploads\/2019\/04\/direct-4.jpg?resize=350%2C200&ssl=1","width":350,"height":200,"srcset":"https:\/\/i0.wp.com\/www.grieta.org.mx\/wp-content\/uploads\/2019\/04\/direct-4.jpg?resize=350%2C200&ssl=1 1x, https:\/\/i0.wp.com\/www.grieta.org.mx\/wp-content\/uploads\/2019\/04\/direct-4.jpg?resize=525%2C300&ssl=1 1.5x"},"classes":[]}],"_links":{"self":[{"href":"https:\/\/www.grieta.org.mx\/index.php\/wp-json\/wp\/v2\/posts\/28947","targetHints":{"allow":["GET"]}}],"collection":[{"href":"https:\/\/www.grieta.org.mx\/index.php\/wp-json\/wp\/v2\/posts"}],"about":[{"href":"https:\/\/www.grieta.org.mx\/index.php\/wp-json\/wp\/v2\/types\/post"}],"author":[{"embeddable":true,"href":"https:\/\/www.grieta.org.mx\/index.php\/wp-json\/wp\/v2\/users\/2"}],"replies":[{"embeddable":true,"href":"https:\/\/www.grieta.org.mx\/index.php\/wp-json\/wp\/v2\/comments?post=28947"}],"version-history":[{"count":1,"href":"https:\/\/www.grieta.org.mx\/index.php\/wp-json\/wp\/v2\/posts\/28947\/revisions"}],"predecessor-version":[{"id":28949,"href":"https:\/\/www.grieta.org.mx\/index.php\/wp-json\/wp\/v2\/posts\/28947\/revisions\/28949"}],"wp:featuredmedia":[{"embeddable":true,"href":"https:\/\/www.grieta.org.mx\/index.php\/wp-json\/wp\/v2\/media\/28948"}],"wp:attachment":[{"href":"https:\/\/www.grieta.org.mx\/index.php\/wp-json\/wp\/v2\/media?parent=28947"}],"wp:term":[{"taxonomy":"category","embeddable":true,"href":"https:\/\/www.grieta.org.mx\/index.php\/wp-json\/wp\/v2\/categories?post=28947"},{"taxonomy":"post_tag","embeddable":true,"href":"https:\/\/www.grieta.org.mx\/index.php\/wp-json\/wp\/v2\/tags?post=28947"}],"curies":[{"name":"wp","href":"https:\/\/api.w.org\/{rel}","templated":true}]}}