{"id":28846,"date":"2019-02-04T22:54:11","date_gmt":"2019-02-05T04:54:11","guid":{"rendered":"http:\/\/www.grieta.org.mx\/?p=28846"},"modified":"2019-02-06T23:07:39","modified_gmt":"2019-02-07T05:07:39","slug":"el-tren-maya-conecta-con-la-reforma-energetica","status":"publish","type":"post","link":"https:\/\/www.grieta.org.mx\/index.php\/2019\/02\/04\/el-tren-maya-conecta-con-la-reforma-energetica\/","title":{"rendered":"El Tren Maya conecta con la Reforma Energ\u00e9tica"},"content":{"rendered":"<p><img loading=\"lazy\" decoding=\"async\" data-attachment-id=\"28848\" data-permalink=\"https:\/\/www.grieta.org.mx\/index.php\/2019\/02\/04\/el-tren-maya-conecta-con-la-reforma-energetica\/pag_26_y_27_c\/\" data-orig-file=\"https:\/\/www.grieta.org.mx\/wp-content\/uploads\/2019\/02\/Pag_26_y_27_c.jpg\" data-orig-size=\"1534,1020\" data-comments-opened=\"0\" data-image-meta=\"{&quot;aperture&quot;:&quot;0&quot;,&quot;credit&quot;:&quot;&quot;,&quot;camera&quot;:&quot;&quot;,&quot;caption&quot;:&quot;&quot;,&quot;created_timestamp&quot;:&quot;0&quot;,&quot;copyright&quot;:&quot;&quot;,&quot;focal_length&quot;:&quot;0&quot;,&quot;iso&quot;:&quot;0&quot;,&quot;shutter_speed&quot;:&quot;0&quot;,&quot;title&quot;:&quot;&quot;,&quot;orientation&quot;:&quot;0&quot;}\" data-image-title=\"Pag_26_y_27_c\" data-image-description=\"\" data-image-caption=\"\" data-medium-file=\"https:\/\/www.grieta.org.mx\/wp-content\/uploads\/2019\/02\/Pag_26_y_27_c-300x199.jpg\" data-large-file=\"https:\/\/www.grieta.org.mx\/wp-content\/uploads\/2019\/02\/Pag_26_y_27_c-1024x681.jpg\" class=\"aligncenter size-medium wp-image-28848\" src=\"http:\/\/www.grieta.org.mx\/wp-content\/uploads\/2019\/02\/Pag_26_y_27_c-300x199.jpg\" alt=\"\" width=\"750\" height=\"250\" \/><\/p>\n<p>Ciudad de M\u00e9xico, febrero 4 (Rinde Cuentas).- En cada uno de los estados por los que atravesar\u00e1 el Tren Maya, existe un proyecto de energ\u00eda o relacionado a extracci\u00f3n de hidrocarburos, sobre el cual el nuevo gabinete sabe, pero ha sido muy discreto. Todos los proyectos son herencia directa de la administraci\u00f3n del priista Enrique Pe\u00f1a Nieto (EPN) y presentan importantes desaf\u00edos ambientales.<br \/>\nLos proyectos energ\u00e9ticos que va conectar el Tren Maya son: la reestructuraci\u00f3n de la refiner\u00eda de Dos Bocas en Tabasco; la construcci\u00f3n de los gasoductos M\u00e9rida-Canc\u00fan y Salina Cruz-Tapachula que afectan a Yucat\u00e1n, Quintana Roo, Chiapas y Oaxaca; y la construcci\u00f3n de una segunda refiner\u00eda en Campeche, adem\u00e1s del posible traslado de las oficinas centrales de Pemex a Ciudad del Carmen, como Roc\u00edo Nahle lo prometi\u00f3 en campa\u00f1a. Este \u00faltimo ser\u00eda el \u00fanico proyecto 100% de Morena.<br \/>\nLa decisi\u00f3n estrat\u00e9gica de expandirse hacia el sur la toma la administraci\u00f3n priista y es reflejada en marzo de 2018 en el \u201cProntuario Energ\u00e9tico 2018\u201d5. Cuando Roc\u00edo Nahle toma las riendas de SENER, se fotograf\u00eda con su antecesor el priista Pedro Joaqu\u00edn Coldwell, quien publica las fotos en la red social Twitter con la leyenda: \u201cCon @rocionahle iniciamos el proceso de entrega-recepci\u00f3n. Por M\u00e9xico, le deseo \u00e9xito en su desempe\u00f1o como Titular de la @SENER_mx\u201d.<\/p>\n<p>La Secretar\u00eda de Comunicaciones y Transportes (SCT) con Javier Jim\u00e9nez Espri\u00fa como titular, tambi\u00e9n tiene muy claro que el atractivo del Tren Maya es que complementa la expansi\u00f3n hacia el sur de la infraestructura para la explotaci\u00f3n de hidrocarburos. En el v\u00eddeo que aparece en el sitio oficial del Tren Maya explicita que otro de los objetivos del tren es el apoyo al sector energ\u00e9tico de la regi\u00f3n.<\/p>\n<p>El plan de \u201cresucitar las v\u00edas f\u00e9rreas nacionales\u201d no es nuevo. Ya en el sexenio pasado se contemplaba un sistema de transporte de pasajeros que en su momento fue calificado como: \u201cde gran valor social, pero poco atractivo para inversionistas\u201d; despu\u00e9s de hacerse p\u00fablico el presunto conflicto de inter\u00e9s con la empresa licitante se declar\u00f3 en el olvido. Ahora, vinculado a la estrategia energ\u00e9tica, es mucho m\u00e1s f\u00e1cil de apoyar.<\/p>\n<p>Estrategia de energ\u00eda para el sur<\/p>\n<p>De los 5 proyectos que conforman la estrategia energ\u00e9tica para el sur, tres son herencia de la administraci\u00f3n priista a Morena (aparecen en el \u201cProntuario Energ\u00e9tico 2018\u201d, publicado por SENER del que este medio de comunicaci\u00f3n posee copias) y los dos restantes, se tratan de ampliaciones o proyecciones locales no estipuladas en el prontuario pero anunciadas por las autoridades actuales.<\/p>\n<p>El 15 marzo de 2015 Enrique Pe\u00f1a Nieto firm\u00f3 con el entonces presidente de Guatemala, Otto P\u00e9rez Molina7 un acuerdo para la construcci\u00f3n de un ducto que transportar\u00e1 gas natural e hidrocarburos a los pa\u00edses del Tri\u00e1ngulo Norte de Centroam\u00e9rica (Guatemala, El Salvador y Honduras). El gasoducto que originalmente partir\u00eda de Salina Cruz a Tapachula (Oaxaca y Chiapas) tendr\u00eda una longitud de 440 kil\u00f3metros con una inversi\u00f3n promedio de seis mil 542 millones de pesos.<\/p>\n<p>En uno de los apartados del acuerdo, se establec\u00eda como fecha de licitaci\u00f3n el a\u00f1o 2015 con entrada en operaci\u00f3n para el 2018, propuesta analizada por la Comisi\u00f3n Reguladora de Energ\u00eda (CRE). Pero Pe\u00f1a Nieto no cumpli\u00f38 y la administraci\u00f3n de L\u00f3pez Obrador tendr\u00e1 que retomarlo. Seg\u00fan se explica en el Plan Quiquenal de Expansi\u00f3n del Sistema de Transporte y Almacenamiento Nacional Integrado de Gas Natural (CENAGAS): \u201ces estrat\u00e9gico mandarle este combustible al estado para tener mejores escenarios\u201d. Principalmente por la disminuci\u00f3n de costos de traslado de combustible que actualmente se realiza por pipas.<\/p>\n<p>El 16 de marzo de 2015, Enrique Pe\u00f1a Nieto anunci\u00f3 la construcci\u00f3n del ducto de hidrocarburos M\u00e9rida-Progreso-Canc\u00fan, presuntamente para hacer eficiente el suministro de gasolina, di\u00e9sel y turbosina en la pen\u00ednsula. Seg\u00fan las declaraciones del anuncio, el ducto ten\u00eda prevista una extensi\u00f3n de 310 kil\u00f3metros y un costo presupuestado al inicio de 3,600 millones de pesos.<\/p>\n<p>Siguiendo con la gira posterior a la aprobaci\u00f3n de la Reforma Energ\u00e9tica, el 18 de marzo del 2015, el expresidente priista EPN acompa\u00f1ado por l\u00edderes y funcionarios del sector, encabez\u00f3 la ceremonia de los 77 a\u00f1os de Petr\u00f3leos Mexicanos (Pemex) en el puerto Dos Bocas, en Para\u00edso, Tabasco. Ah\u00ed frente a todos los testigos, asegur\u00f3 que Dos Bocas se convertir\u00eda en uno de los puntos estrat\u00e9gicos de M\u00e9xico en el mediano tiempo. Esa predicci\u00f3n se cumplir\u00e1 si el proyecto del nuevo presidente contin\u00faa.<\/p>\n<p>El caso de Dos Bocas es el m\u00e1s pol\u00e9mico. Fue construido por Pemex en 1979 e inici\u00f3 operaciones en 1982.<br \/>\nActualmente es uno de los puertos petroleros m\u00e1s importantes del pa\u00eds por sus vol\u00famenes de carga y por el n\u00famero de embarcaciones que atiende, lo que lo convierte en uno de los productores m\u00e1s complejos. Ahora, con el nuevo entorno legal derivado de las Reformas Estructurales promovidas por Pe\u00f1a Nieto, se permite adem\u00e1s la participaci\u00f3n de la iniciativa privada, esta nueva industria, gener\u00f3 m\u00e1s complicaciones en el lugar.<\/p>\n<p>Sobre los proyectos en Campeche, a\u00fan hay poca informaci\u00f3n. El primero de ellos, la segunda refiner\u00eda, fue anunciada el 11 de noviembre de 2018. Andr\u00e9s Manuel dio a conocer que primero trabajar\u00e1 con la infraestructura de Dos Bocas, pero su plan a futuro (a\u00fan sin presupuesto o plan operativo) ser\u00eda fortalecer la industria de la zona, con una segunda planta en esa entidad.<\/p>\n<p>Adem\u00e1s, el que posiblemente ser\u00eda el proyecto m\u00e1s ambicioso para la nueva administraci\u00f3n, por la implicaci\u00f3n del traslado de sus 9 mil empleados, es el de mover todo Petr\u00f3leos Mexicanos a Ciudad del Carmen, Campeche.<br \/>\nSeg\u00fan explic\u00f3 AMLO durante una conferencia de prensa, su objetivo ser\u00e1 primero el de movilizar a los empleados de confianza de las actuales oficinas a un nuevo complejo: \u201cTodo Pemex se traslada a Ciudad del Carmen\u201d destac\u00f3. Sin embargo, este proyecto tampoco presenta un plan operativo o fiscal que se pueda ejecutar en el corto plazo.<\/p>\n<p>Con el da\u00f1o ambiental, el turismo desaparece<\/p>\n<p>Promover el desarrollo ecotur\u00edstico y la explotaci\u00f3n de recursos energ\u00e9ticos es pr\u00e1cticamente inviable y muy dif\u00edcilmente sustentable. Seg\u00fan lo apunt\u00f3 la organizaci\u00f3n CEMDA, durante la aprobaci\u00f3n de las Reformas Estructurales, \u201cla Energ\u00e9tica\u201d era especialmente problem\u00e1tica con el medio ambiente y denunciaron: \u201cLa reforma energ\u00e9tica Constitucional y su legislaci\u00f3n secundaria, no incorporan de manera transversal aspectos fundamentales como los derechos humanos, el cambio clim\u00e1tico, las energ\u00edas renovables\u201d, advirtieron.<\/p>\n<p>Despu\u00e9s de su aprobaci\u00f3n en la C\u00e1mara Alta, los defensores de los Derechos Ambientales no claudicaron con las denuncias. Y uno de sus grandes casos fue la investigaci\u00f3n realizada justamente en el desarrollo de Dos Bocas durante la administraci\u00f3n de Enrique Pe\u00f1a Nieto, ahora al mando de L\u00f3pez Obrador.<\/p>\n<p>Tras explorar la zona, los activistas detectaron la destrucci\u00f3n de un predio donde se encontraban ubicados manglares y denunciaron ante la ASEA a la empresa responsable del ecocidio. La autoridad federal tom\u00f3 cartas en el asunto y luego de una inspecci\u00f3n, dio un plazo de 30 d\u00edas para frenar actividades de desmonte o cualquier otra que pueda modificar las condiciones del lugar, para evitar m\u00e1s da\u00f1os.<\/p>\n<p>Finalmente, el caso que llevaba siendo investigado por al menos dos a\u00f1os, concluy\u00f3 con una multa millonaria, emitida la semana pasada, a la empresa Sistemas Empresariales del Golfo, S.A .de C.V. (SCCA) responsable por el desmonte de vegetaci\u00f3n de manglares, que supera los 13 millones 900 mil pesos. El motivo argumentado en la sanci\u00f3n fue: \u201cla destrucci\u00f3n de 230 hect\u00e1reas de manglar\u201d. Los activistas ten\u00edan raz\u00f3n, la industria energ\u00e9tica y el ecosistema limpio, no son una gran combinaci\u00f3n.<\/p>\n<p><a href=\"http:\/\/monitoreconomico.org\/noticias\/2019\/feb\/05\/el-tren-maya-conecta-con-la-reforma-energetica\/#detalle\" rel=\"noopener\" target=\"_blank\">http:\/\/monitoreconomico.org\/noticias\/2019\/feb\/05\/el-tren-maya-conecta-con-la-reforma-energetica\/#detalle<\/a><\/p>\n","protected":false},"excerpt":{"rendered":"<p>Ciudad de M\u00e9xico, febrero 4 (Rinde Cuentas).- En cada uno de los estados por los que atravesar\u00e1 el Tren Maya, existe un proyecto de energ\u00eda o relacionado a extracci\u00f3n de &hellip; <a href=\"https:\/\/www.grieta.org.mx\/index.php\/2019\/02\/04\/el-tren-maya-conecta-con-la-reforma-energetica\/\" class=\"more-link\">Leer m\u00e1s<\/a><\/p>\n","protected":false},"author":2,"featured_media":28848,"comment_status":"closed","ping_status":"closed","sticky":false,"template":"","format":"standard","meta":{"ngg_post_thumbnail":0,"_jetpack_newsletter_access":"","_jetpack_dont_email_post_to_subs":false,"_jetpack_newsletter_tier_id":0,"_jetpack_memberships_contains_paywalled_content":false,"_jetpack_memberships_contains_paid_content":false,"footnotes":""},"categories":[80,3,2026],"tags":[2076,2078,2077,286,1878],"class_list":["post-28846","post","type-post","status-publish","format-standard","has-post-thumbnail","hentry","category-cintillo","category-megaproyectos","category-tren-maya","tag-extraccion-de-hidrocarburos","tag-gasoductos","tag-refinerias","tag-reforma-energetica","tag-tren-maya","entry"],"jetpack_featured_media_url":"https:\/\/www.grieta.org.mx\/wp-content\/uploads\/2019\/02\/Pag_26_y_27_c.jpg","jetpack_sharing_enabled":true,"jetpack_shortlink":"https:\/\/wp.me\/p7ZJR4-7vg","jetpack_likes_enabled":false,"jetpack-related-posts":[{"id":29462,"url":"https:\/\/www.grieta.org.mx\/index.php\/2019\/02\/18\/migrantes-construirian-tren-maya-y-refineria-en-tabasco\/","url_meta":{"origin":28846,"position":0},"title":"Migrantes \u2018construir\u00edan\u2019 Tren Maya y refiner\u00eda en Tabasco","author":"grieta","date":"18 febrero, 2019","format":false,"excerpt":"Redacci\u00f3n \/ XEVA Noticias Ra\u00fal Bonifaz Mohedano, diputado federal de Morena y presidente de la Comisi\u00f3n de la Frontera Sur en el Congreso de la Uni\u00f3n, adelant\u00f3 que hay un proyecto que podr\u00eda contemplar la contrataci\u00f3n de migrantes en obras federales en el sur del pa\u00eds. El legislador federal expuso\u2026","rel":"","context":"En &quot;16. Pueblo Maya&quot;","block_context":{"text":"16. Pueblo Maya","link":"https:\/\/www.grieta.org.mx\/index.php\/category\/espejos-de-la-resistencia\/16-pueblo-maya\/"},"img":{"alt_text":"","src":"https:\/\/i0.wp.com\/www.grieta.org.mx\/wp-content\/uploads\/2019\/02\/tren-1550524057-621x354.jpg?resize=350%2C200&ssl=1","width":350,"height":200,"srcset":"https:\/\/i0.wp.com\/www.grieta.org.mx\/wp-content\/uploads\/2019\/02\/tren-1550524057-621x354.jpg?resize=350%2C200&ssl=1 1x, https:\/\/i0.wp.com\/www.grieta.org.mx\/wp-content\/uploads\/2019\/02\/tren-1550524057-621x354.jpg?resize=525%2C300&ssl=1 1.5x"},"classes":[]},{"id":32509,"url":"https:\/\/www.grieta.org.mx\/index.php\/2019\/04\/23\/tren-maya-dos-bocas-y-naim-sin-estudios-ambientales-admite-semarnat-tabasco\/","url_meta":{"origin":28846,"position":1},"title":"Tren Maya, Dos Bocas y NAIM sin estudios ambientales, admite Semarnat (Tabasco)","author":"grieta","date":"23 abril, 2019","format":false,"excerpt":"Gabriel Xantomila, Bertha Becerra y Rafael Ram\u00edrez \/ El Sol de M\u00e9xico Los megaproyectos de infraestructura y energ\u00eda anunciados por el gobierno de Andr\u00e9s Manuel L\u00f3pez Obrador, como el Tren Maya, el Tren Trans\u00edstmico, la Refiner\u00eda de Dos Bocas en Tabasco, y el Nuevo Aeropuerto Internacional de M\u00e9xico (NAIM) en\u2026","rel":"","context":"En &quot;CINTILLO&quot;","block_context":{"text":"CINTILLO","link":"https:\/\/www.grieta.org.mx\/index.php\/category\/cintillo\/"},"img":{"alt_text":"","src":"https:\/\/i0.wp.com\/www.grieta.org.mx\/wp-content\/uploads\/2019\/04\/Screenshot_2019-04-25-Tren-Maya-Dos-Bocas-y-NAIM-sin-estudios-ambientales-admite-Semarnat.png?resize=350%2C200&ssl=1","width":350,"height":200,"srcset":"https:\/\/i0.wp.com\/www.grieta.org.mx\/wp-content\/uploads\/2019\/04\/Screenshot_2019-04-25-Tren-Maya-Dos-Bocas-y-NAIM-sin-estudios-ambientales-admite-Semarnat.png?resize=350%2C200&ssl=1 1x, https:\/\/i0.wp.com\/www.grieta.org.mx\/wp-content\/uploads\/2019\/04\/Screenshot_2019-04-25-Tren-Maya-Dos-Bocas-y-NAIM-sin-estudios-ambientales-admite-Semarnat.png?resize=525%2C300&ssl=1 1.5x, https:\/\/i0.wp.com\/www.grieta.org.mx\/wp-content\/uploads\/2019\/04\/Screenshot_2019-04-25-Tren-Maya-Dos-Bocas-y-NAIM-sin-estudios-ambientales-admite-Semarnat.png?resize=700%2C400&ssl=1 2x"},"classes":[]},{"id":52923,"url":"https:\/\/www.grieta.org.mx\/index.php\/2020\/08\/31\/blackrock-el-oscuro-constructor-del-tren-maya\/","url_meta":{"origin":28846,"position":2},"title":"BlackRock, el oscuro constructor del Tren Maya","author":"grieta","date":"31 agosto, 2020","format":false,"excerpt":"Jos\u00e9 Ignacio De Alba \/ Pie de P\u00e1gina BlackRock es el fondo de inversi\u00f3n m\u00e1s grande del mundo con presencia en m\u00e1s de 100 pa\u00edses. Este gigante financiero ha sido acusado en diversos proyectos de corrupci\u00f3n, da\u00f1os ambientales y de violar derechos humanos. Hoy se perfila como proveedor en la\u2026","rel":"","context":"En &quot;Campeche&quot;","block_context":{"text":"Campeche","link":"https:\/\/www.grieta.org.mx\/index.php\/category\/noticias-nacionales\/campeche\/"},"img":{"alt_text":"","src":"https:\/\/i0.wp.com\/www.grieta.org.mx\/wp-content\/uploads\/2020\/08\/Amlo-e1598931995533.jpg?resize=350%2C200&ssl=1","width":350,"height":200,"srcset":"https:\/\/i0.wp.com\/www.grieta.org.mx\/wp-content\/uploads\/2020\/08\/Amlo-e1598931995533.jpg?resize=350%2C200&ssl=1 1x, https:\/\/i0.wp.com\/www.grieta.org.mx\/wp-content\/uploads\/2020\/08\/Amlo-e1598931995533.jpg?resize=525%2C300&ssl=1 1.5x, https:\/\/i0.wp.com\/www.grieta.org.mx\/wp-content\/uploads\/2020\/08\/Amlo-e1598931995533.jpg?resize=700%2C400&ssl=1 2x"},"classes":[]},{"id":58003,"url":"https:\/\/www.grieta.org.mx\/index.php\/2021\/03\/27\/son-proyectos-que-no-estan-siendo-consultados-por-tren-maya-se-harian-10-parques-solares-activistas-de-yucatan-no-quieren-mas-despojo-de-tierras\/","url_meta":{"origin":28846,"position":3},"title":"\u201cSon proyectos que no est\u00e1n siendo consultados\u201d: Por Tren Maya, se har\u00edan 10 parques solares; activistas de Yucat\u00e1n no quieren m\u00e1s despojo de tierras","author":"grieta","date":"27 marzo, 2021","format":false,"excerpt":"Itzel Chan \/ Noticaribe M\u00c9RIDA, MX.- Ante el anuncio relacionado con la construcci\u00f3n de 10 parques de energ\u00eda solar para abastecer los tramos electrificados del Tren Maya, integrantes de la Asamblea de Defensores del Territorio Maya M\u00fauch\u2019 X\u00edinbal, se pronuncian desde ahora que se oponen a m\u00e1s despojo de tierras.\u2026","rel":"","context":"En &quot;Campeche&quot;","block_context":{"text":"Campeche","link":"https:\/\/www.grieta.org.mx\/index.php\/category\/noticias-nacionales\/campeche\/"},"img":{"alt_text":"","src":"https:\/\/i0.wp.com\/www.grieta.org.mx\/wp-content\/uploads\/2021\/03\/ParquesSolaresTrenMalla-e1616978369383.png?resize=350%2C200&ssl=1","width":350,"height":200,"srcset":"https:\/\/i0.wp.com\/www.grieta.org.mx\/wp-content\/uploads\/2021\/03\/ParquesSolaresTrenMalla-e1616978369383.png?resize=350%2C200&ssl=1 1x, https:\/\/i0.wp.com\/www.grieta.org.mx\/wp-content\/uploads\/2021\/03\/ParquesSolaresTrenMalla-e1616978369383.png?resize=525%2C300&ssl=1 1.5x, https:\/\/i0.wp.com\/www.grieta.org.mx\/wp-content\/uploads\/2021\/03\/ParquesSolaresTrenMalla-e1616978369383.png?resize=700%2C400&ssl=1 2x"},"classes":[]},{"id":69302,"url":"https:\/\/www.grieta.org.mx\/index.php\/2024\/07\/03\/siguen-los-derrames-ahora-de-diesel-en-cuevas-de-aktun-tuyul-por-el-tren-mayaquintana-roo\/","url_meta":{"origin":28846,"position":4},"title":"Siguen los derrames ahora de di\u00e9sel en cuevas de Aktun T\u2019uyul por el Tren Maya(Quintana Roo)","author":"grieta","date":"3 julio, 2024","format":false,"excerpt":"Lucy Sanabria \/ Fotos: @gchristy65. \/ Sopitas El activista Guillermo D\u2019Christy denunci\u00f3 el derrame de di\u00e9sel y concreto en una de las cavernas de la red Aktun T\u2019uyul en Quintana Roo por la construcci\u00f3n del Tren Maya. Siguen las denuncias por la contaminaci\u00f3n del sistema de cuevas y cenotes de\u2026","rel":"","context":"En &quot;CINTILLO&quot;","block_context":{"text":"CINTILLO","link":"https:\/\/www.grieta.org.mx\/index.php\/category\/cintillo\/"},"img":{"alt_text":"","src":"https:\/\/i0.wp.com\/www.grieta.org.mx\/wp-content\/uploads\/2024\/07\/Derrames1-e1721429366861.jpg?resize=350%2C200&ssl=1","width":350,"height":200,"srcset":"https:\/\/i0.wp.com\/www.grieta.org.mx\/wp-content\/uploads\/2024\/07\/Derrames1-e1721429366861.jpg?resize=350%2C200&ssl=1 1x, https:\/\/i0.wp.com\/www.grieta.org.mx\/wp-content\/uploads\/2024\/07\/Derrames1-e1721429366861.jpg?resize=525%2C300&ssl=1 1.5x, https:\/\/i0.wp.com\/www.grieta.org.mx\/wp-content\/uploads\/2024\/07\/Derrames1-e1721429366861.jpg?resize=700%2C400&ssl=1 2x"},"classes":[]},{"id":49645,"url":"https:\/\/www.grieta.org.mx\/index.php\/2020\/05\/21\/organizaciones-y-colectivos-publican-su-rechazo-a-la-construccion-del-tren-maya\/","url_meta":{"origin":28846,"position":5},"title":"Organizaciones y colectivos publican su rechazo a la construcci\u00f3n del Tren Maya","author":"grieta","date":"21 mayo, 2020","format":false,"excerpt":"Mathieu Tourliere CIUDAD DE M\u00c9XICO (apro). \u2013 Bajo el lema de \u201c\u00a1La tierra no se vende ni se renta!\u201d, un grupo de 178 organizaciones y colectivos, as\u00ed como intelectuales y personalidades, expresaron hoy su repudio al Tren Maya y los dem\u00e1s \u201cmegaproyectos empresariales que tienen como finalidad despojarnos de la\u2026","rel":"","context":"En &quot;16. Pueblo Maya&quot;","block_context":{"text":"16. Pueblo Maya","link":"https:\/\/www.grieta.org.mx\/index.php\/category\/espejos-de-la-resistencia\/16-pueblo-maya\/"},"img":{"alt_text":"","src":"https:\/\/i0.wp.com\/www.grieta.org.mx\/wp-content\/uploads\/2020\/05\/tren-maya-844x522-e1590183160193.jpg?resize=350%2C200&ssl=1","width":350,"height":200,"srcset":"https:\/\/i0.wp.com\/www.grieta.org.mx\/wp-content\/uploads\/2020\/05\/tren-maya-844x522-e1590183160193.jpg?resize=350%2C200&ssl=1 1x, https:\/\/i0.wp.com\/www.grieta.org.mx\/wp-content\/uploads\/2020\/05\/tren-maya-844x522-e1590183160193.jpg?resize=525%2C300&ssl=1 1.5x, https:\/\/i0.wp.com\/www.grieta.org.mx\/wp-content\/uploads\/2020\/05\/tren-maya-844x522-e1590183160193.jpg?resize=700%2C400&ssl=1 2x"},"classes":[]}],"_links":{"self":[{"href":"https:\/\/www.grieta.org.mx\/index.php\/wp-json\/wp\/v2\/posts\/28846","targetHints":{"allow":["GET"]}}],"collection":[{"href":"https:\/\/www.grieta.org.mx\/index.php\/wp-json\/wp\/v2\/posts"}],"about":[{"href":"https:\/\/www.grieta.org.mx\/index.php\/wp-json\/wp\/v2\/types\/post"}],"author":[{"embeddable":true,"href":"https:\/\/www.grieta.org.mx\/index.php\/wp-json\/wp\/v2\/users\/2"}],"replies":[{"embeddable":true,"href":"https:\/\/www.grieta.org.mx\/index.php\/wp-json\/wp\/v2\/comments?post=28846"}],"version-history":[{"count":1,"href":"https:\/\/www.grieta.org.mx\/index.php\/wp-json\/wp\/v2\/posts\/28846\/revisions"}],"predecessor-version":[{"id":28851,"href":"https:\/\/www.grieta.org.mx\/index.php\/wp-json\/wp\/v2\/posts\/28846\/revisions\/28851"}],"wp:featuredmedia":[{"embeddable":true,"href":"https:\/\/www.grieta.org.mx\/index.php\/wp-json\/wp\/v2\/media\/28848"}],"wp:attachment":[{"href":"https:\/\/www.grieta.org.mx\/index.php\/wp-json\/wp\/v2\/media?parent=28846"}],"wp:term":[{"taxonomy":"category","embeddable":true,"href":"https:\/\/www.grieta.org.mx\/index.php\/wp-json\/wp\/v2\/categories?post=28846"},{"taxonomy":"post_tag","embeddable":true,"href":"https:\/\/www.grieta.org.mx\/index.php\/wp-json\/wp\/v2\/tags?post=28846"}],"curies":[{"name":"wp","href":"https:\/\/api.w.org\/{rel}","templated":true}]}}