{"id":28802,"date":"2019-02-04T22:22:00","date_gmt":"2019-02-05T04:22:00","guid":{"rendered":"http:\/\/www.grieta.org.mx\/?p=28802"},"modified":"2019-02-04T22:22:00","modified_gmt":"2019-02-05T04:22:00","slug":"surgen-mas-paros-laborales-en-matamoros-ahora-en-el-sitpme-tamaulipas","status":"publish","type":"post","link":"https:\/\/www.grieta.org.mx\/index.php\/2019\/02\/04\/surgen-mas-paros-laborales-en-matamoros-ahora-en-el-sitpme-tamaulipas\/","title":{"rendered":"Surgen m\u00e1s paros laborales en Matamoros, ahora en el SITPME (Tamaulipas)"},"content":{"rendered":"<p><img loading=\"lazy\" decoding=\"async\" data-attachment-id=\"28803\" data-permalink=\"https:\/\/www.grieta.org.mx\/index.php\/2019\/02\/04\/surgen-mas-paros-laborales-en-matamoros-ahora-en-el-sitpme-tamaulipas\/surgen-mas-paros-laborales-en-matamoros-ahora-en-el-sitpme-feb\/\" data-orig-file=\"https:\/\/www.grieta.org.mx\/wp-content\/uploads\/2019\/02\/Surgen-m\u00e1s-paros-laborales-en-Matamoros-ahora-en-el-SITPME-feb.jpg\" data-orig-size=\"960,639\" data-comments-opened=\"0\" data-image-meta=\"{&quot;aperture&quot;:&quot;0&quot;,&quot;credit&quot;:&quot;&quot;,&quot;camera&quot;:&quot;&quot;,&quot;caption&quot;:&quot;&quot;,&quot;created_timestamp&quot;:&quot;0&quot;,&quot;copyright&quot;:&quot;&quot;,&quot;focal_length&quot;:&quot;0&quot;,&quot;iso&quot;:&quot;0&quot;,&quot;shutter_speed&quot;:&quot;0&quot;,&quot;title&quot;:&quot;&quot;,&quot;orientation&quot;:&quot;0&quot;}\" data-image-title=\"Surgen m\u00e1s paros laborales en Matamoros, ahora en el SITPME feb\" data-image-description=\"\" data-image-caption=\"\" data-medium-file=\"https:\/\/www.grieta.org.mx\/wp-content\/uploads\/2019\/02\/Surgen-m\u00e1s-paros-laborales-en-Matamoros-ahora-en-el-SITPME-feb-300x200.jpg\" data-large-file=\"https:\/\/www.grieta.org.mx\/wp-content\/uploads\/2019\/02\/Surgen-m\u00e1s-paros-laborales-en-Matamoros-ahora-en-el-SITPME-feb.jpg\" class=\"aligncenter wp-image-28803\" src=\"http:\/\/www.grieta.org.mx\/wp-content\/uploads\/2019\/02\/Surgen-m\u00e1s-paros-laborales-en-Matamoros-ahora-en-el-SITPME-feb-300x200.jpg\" alt=\"\" width=\"336\" height=\"224\" srcset=\"https:\/\/www.grieta.org.mx\/wp-content\/uploads\/2019\/02\/Surgen-m\u00e1s-paros-laborales-en-Matamoros-ahora-en-el-SITPME-feb-300x200.jpg 300w, https:\/\/www.grieta.org.mx\/wp-content\/uploads\/2019\/02\/Surgen-m\u00e1s-paros-laborales-en-Matamoros-ahora-en-el-SITPME-feb-768x511.jpg 768w, https:\/\/www.grieta.org.mx\/wp-content\/uploads\/2019\/02\/Surgen-m\u00e1s-paros-laborales-en-Matamoros-ahora-en-el-SITPME-feb-751x500.jpg 751w, https:\/\/www.grieta.org.mx\/wp-content\/uploads\/2019\/02\/Surgen-m\u00e1s-paros-laborales-en-Matamoros-ahora-en-el-SITPME-feb.jpg 960w\" sizes=\"auto, (max-width: 336px) 100vw, 336px\" \/><br \/>\nPuente Informativo<\/p>\n<p>Matamoros. Este lunes se congreraron en la Plaza Hidalgo obreros de al menos 15 plantas maquiladoras que forman parte del Sindicato Industrial de Trabajadores en Plantas Maquiladoras y Ensambladoras de Matamoros y su Municipio, el motivo solicitar al igual que los trabajadores del Sjoiim, el aumento salarial del 20 por ciento y el bono de 32 mil pesos.<\/p>\n<p>En la Plaza Hidalgo se reunieron junto con trabajadores de las Casas Comerciales de Matamoros, buscando asesor\u00eda legal de la abogada juarense Susana Prieto Terrazas.<br \/>\nAh\u00ed los obreros del sindicato denunciaron abusos del secretario general del mencionado sindicato Jes\u00fas Mendoza Reyes, a quien le reclamaron no haber dado la cara, como lo hizo el dirigente del Sjoiim, Juan Villafuerte Morales.<\/p>\n<p>Incluso denunciaron que desde el 12 de enero, tiene cerradas puertas y ventanas del sindicato al mismo tiempo que afuera de la llamada casa del obrero, tiene apostados varios sujetos como guardia de seguridad.<br \/>\nEl primero en hablar es Einar Alexander Mateo, joven obrero, quien aseguro que ellos solicitaron en repetidas ocasiones hablar con su l\u00edder sindical el cual en lugar de atender las demandas, ha enviado a \u201cguaruras\u201d a intimidarlos.<\/p>\n<p>Expreso que en este movimiento est\u00e1n sum\u00e1ndose obreros de la empresa Shumex \u2013propiedad del ex piloto de Ferrari Michael Shumacher-, as\u00ed como Tridonex en donde labora, VDO, Roberto Shaw que por cierto es accionista el mismo l\u00edder gremial, Fisher, Adient, entre otras m\u00e1s.<\/p>\n<p>Asimismo, desminti\u00f3 al l\u00edder obrero quien en d\u00edas pasados a trav\u00e9s de una grabaci\u00f3n privada, dijo que en su sindicato todo estaba bien y que incluso en el gremio les dan para el transporte y despensa, lo cual aclaro el trabajador, es mentira.<\/p>\n<p>Por su parte otro joven obrero de nombre Israel Arrona, expreso que ya est\u00e1n cansado de la falta de apoyo del sindicato el cual puntualmente les quita las cuotas, pero del que no tienen ning\u00fan beneficio.<br \/>\nPor lo que en las pr\u00f3ximas horas, podr\u00edan irse m\u00e1s plantas laborales a paro laboral aun sin el respaldo del sindicato incluso desconociendo al mencionado dirigente.<\/p>\n<p><a href=\"https:\/\/www.facebook.com\/informativopuente\/\" target=\"_blank\" rel=\"noopener\">https:\/\/www.facebook.com\/informativopuente\/<\/a><\/p>\n","protected":false},"excerpt":{"rendered":"<p>Puente Informativo Matamoros. Este lunes se congreraron en la Plaza Hidalgo obreros de al menos 15 plantas maquiladoras que forman parte del Sindicato Industrial de Trabajadores en Plantas Maquiladoras y &hellip; <a href=\"https:\/\/www.grieta.org.mx\/index.php\/2019\/02\/04\/surgen-mas-paros-laborales-en-matamoros-ahora-en-el-sitpme-tamaulipas\/\" class=\"more-link\">Leer m\u00e1s<\/a><\/p>\n","protected":false},"author":2,"featured_media":28803,"comment_status":"closed","ping_status":"closed","sticky":false,"template":"","format":"standard","meta":{"ngg_post_thumbnail":0,"_jetpack_newsletter_access":"","_jetpack_dont_email_post_to_subs":false,"_jetpack_newsletter_tier_id":0,"_jetpack_memberships_contains_paywalled_content":false,"_jetpack_memberships_contains_paid_content":false,"footnotes":""},"categories":[80,910,1137,2011,2,259,33,83],"tags":[2056,2012,1291,2003,311,1992,1290,1323,2061,2060],"class_list":{"0":"post-28802","1":"post","2":"type-post","3":"status-publish","4":"format-standard","5":"has-post-thumbnail","6":"hentry","7":"category-cintillo","8":"category-explotacion-y-precariedad-laboral","9":"category-explotacion-y-precariedad-laboral-en-tamaulipas","10":"category-lucha-de-trabajadores-de-la-industria-maquiladora-en-tamaulipas","11":"category-noticias-nacionales","12":"category-tamaulipas","14":"category-temas-nacionales","15":"tag-aumento-salarial","16":"tag-bono","17":"tag-explotacion-laboral","18":"tag-maquiladoras","19":"tag-matamoros","20":"tag-obreros","21":"tag-precariedad-laboral","22":"tag-sindicato-corrupto","23":"tag-sitpme","24":"tag-sjoiim","25":"entry"},"jetpack_featured_media_url":"https:\/\/www.grieta.org.mx\/wp-content\/uploads\/2019\/02\/Surgen-m\u00e1s-paros-laborales-en-Matamoros-ahora-en-el-SITPME-feb.jpg","jetpack_sharing_enabled":true,"jetpack_shortlink":"https:\/\/wp.me\/p7ZJR4-7uy","jetpack_likes_enabled":false,"jetpack-related-posts":[{"id":29209,"url":"https:\/\/www.grieta.org.mx\/index.php\/2019\/02\/18\/al-menos-700-trabajadores-de-coca-cola-en-matamoros-tamaulipas-tambien-se-van-a-huelga\/","url_meta":{"origin":28802,"position":0},"title":"Al menos 700 trabajadores de Coca Cola en Matamoros, Tamaulipas, tambi\u00e9n se van a huelga","author":"grieta","date":"18 febrero, 2019","format":false,"excerpt":"Redacci\u00f3n \/ Sin Embargo El pasado 14 de febrero, el Gobernador de Tamaulipas asegur\u00f3 que la estabilidad laboral en esa entidad, y en especial en la ciudad de Matamoros, \u201cse puede poner en riesgo\u201d por la huelga de maquiladoras registradas durante las \u00faltimas semanas. Ahora a este movimiento de protestas\u2026","rel":"","context":"En &quot;CINTILLO&quot;","block_context":{"text":"CINTILLO","link":"https:\/\/www.grieta.org.mx\/index.php\/category\/cintillo\/"},"img":{"alt_text":"","src":"https:\/\/i0.wp.com\/www.grieta.org.mx\/wp-content\/uploads\/2019\/02\/l-menos-700-trabajadores-de-Coca-Cola-en-Matamoros-Tamaulipas-tambi%C3%A9n-se-van-a-huelga-tama-feb.jpg?resize=350%2C200&ssl=1","width":350,"height":200,"srcset":"https:\/\/i0.wp.com\/www.grieta.org.mx\/wp-content\/uploads\/2019\/02\/l-menos-700-trabajadores-de-Coca-Cola-en-Matamoros-Tamaulipas-tambi%C3%A9n-se-van-a-huelga-tama-feb.jpg?resize=350%2C200&ssl=1 1x, https:\/\/i0.wp.com\/www.grieta.org.mx\/wp-content\/uploads\/2019\/02\/l-menos-700-trabajadores-de-Coca-Cola-en-Matamoros-Tamaulipas-tambi%C3%A9n-se-van-a-huelga-tama-feb.jpg?resize=525%2C300&ssl=1 1.5x, https:\/\/i0.wp.com\/www.grieta.org.mx\/wp-content\/uploads\/2019\/02\/l-menos-700-trabajadores-de-Coca-Cola-en-Matamoros-Tamaulipas-tambi%C3%A9n-se-van-a-huelga-tama-feb.jpg?resize=700%2C400&ssl=1 2x, https:\/\/i0.wp.com\/www.grieta.org.mx\/wp-content\/uploads\/2019\/02\/l-menos-700-trabajadores-de-Coca-Cola-en-Matamoros-Tamaulipas-tambi%C3%A9n-se-van-a-huelga-tama-feb.jpg?resize=1050%2C600&ssl=1 3x"},"classes":[]},{"id":28793,"url":"https:\/\/www.grieta.org.mx\/index.php\/2019\/02\/04\/siguen-afuera-de-empresas-obreros-de-matamoros-que-aun-no-firman-contrato-tamaulipas\/","url_meta":{"origin":28802,"position":1},"title":"Siguen afuera de empresas obreros de Matamoros que a\u00fan no firman contrato (Tamaulipas)","author":"grieta","date":"4 febrero, 2019","format":false,"excerpt":"\u00c1ngel Arias \/ Hoy Tamaulipas Se tratan de las compa\u00f1\u00edas Varel de M\u00e9xico, Victoreen de M\u00e9xico, Kearfott Precisiones, Glasmex y Candados Universales, las que hasta el momento no han llegado a un acuerdo con el sindicato Matamoros, Tamaulipas.- En algunas empresas de Matamoros a\u00fan se puede observar a algunos obreros\u2026","rel":"","context":"En &quot;CINTILLO&quot;","block_context":{"text":"CINTILLO","link":"https:\/\/www.grieta.org.mx\/index.php\/category\/cintillo\/"},"img":{"alt_text":"","src":"https:\/\/i0.wp.com\/www.grieta.org.mx\/wp-content\/uploads\/2019\/02\/Siguen-afuera-de-empresas-obreros-de-Matamoros-que-aun-no-firman-contrato-feb.jpg?resize=350%2C200&ssl=1","width":350,"height":200,"srcset":"https:\/\/i0.wp.com\/www.grieta.org.mx\/wp-content\/uploads\/2019\/02\/Siguen-afuera-de-empresas-obreros-de-Matamoros-que-aun-no-firman-contrato-feb.jpg?resize=350%2C200&ssl=1 1x, https:\/\/i0.wp.com\/www.grieta.org.mx\/wp-content\/uploads\/2019\/02\/Siguen-afuera-de-empresas-obreros-de-Matamoros-que-aun-no-firman-contrato-feb.jpg?resize=525%2C300&ssl=1 1.5x, https:\/\/i0.wp.com\/www.grieta.org.mx\/wp-content\/uploads\/2019\/02\/Siguen-afuera-de-empresas-obreros-de-Matamoros-que-aun-no-firman-contrato-feb.jpg?resize=700%2C400&ssl=1 2x"},"classes":[]},{"id":28605,"url":"https:\/\/www.grieta.org.mx\/index.php\/2019\/01\/25\/se-van-a-huelga-mas-de-30-mil-trabajadores-de-45-maquiladoras-en-matamoros-tamaulipas\/","url_meta":{"origin":28802,"position":2},"title":"Se van a huelga m\u00e1s de 30 mil trabajadores de 45 maquiladoras en Matamoros (Tamaulipas)","author":"grieta","date":"25 enero, 2019","format":false,"excerpt":"Juan Alberto Cedillo \/ Proceso REYNOSA, Tams., (apro).- M\u00e1s de 30 mil obreros de empresas maquiladoras colocaron esta tarde las banderas de huelga en unas 45 empresas del Parque Industrial Matamoros, un hist\u00f3rico movimiento de huelga que intent\u00f3 frenar Luisa Mar\u00eda Alcalde, Secretaria del Trabajo del gobierno federal. \u201cA partir\u2026","rel":"","context":"En &quot;CINTILLO&quot;","block_context":{"text":"CINTILLO","link":"https:\/\/www.grieta.org.mx\/index.php\/category\/cintillo\/"},"img":{"alt_text":"","src":"https:\/\/i0.wp.com\/www.grieta.org.mx\/wp-content\/uploads\/2019\/01\/Se-van-a-huelga-m%C3%A1s-de-30-mil-trabajadores-de-45-maquiladoras-en-Matamoros.jpg?resize=350%2C200&ssl=1","width":350,"height":200,"srcset":"https:\/\/i0.wp.com\/www.grieta.org.mx\/wp-content\/uploads\/2019\/01\/Se-van-a-huelga-m%C3%A1s-de-30-mil-trabajadores-de-45-maquiladoras-en-Matamoros.jpg?resize=350%2C200&ssl=1 1x, https:\/\/i0.wp.com\/www.grieta.org.mx\/wp-content\/uploads\/2019\/01\/Se-van-a-huelga-m%C3%A1s-de-30-mil-trabajadores-de-45-maquiladoras-en-Matamoros.jpg?resize=525%2C300&ssl=1 1.5x, https:\/\/i0.wp.com\/www.grieta.org.mx\/wp-content\/uploads\/2019\/01\/Se-van-a-huelga-m%C3%A1s-de-30-mil-trabajadores-de-45-maquiladoras-en-Matamoros.jpg?resize=700%2C400&ssl=1 2x"},"classes":[]},{"id":28544,"url":"https:\/\/www.grieta.org.mx\/index.php\/2019\/01\/22\/matamoros-amanecio-con-marchas-de-obreros-tamaulipas\/","url_meta":{"origin":28802,"position":3},"title":"Matamoros amaneci\u00f3 con marchas de obreros (Tamaulipas)","author":"grieta","date":"22 enero, 2019","format":false,"excerpt":"\u00c1ngel Arias \/ hoytamaulipas Buscando presionar a los empresarios para que acepten el aumento del 20 por ciento que est\u00e1n pidiendo, los obreros volvieron a tomar las calles Matamoros, Tamaulipas.- Alrededor de dos mil trabajadores se la industria maquiladora marcharon al amanecer este lunes para presionar a los empresarios que\u2026","rel":"","context":"En &quot;CINTILLO&quot;","block_context":{"text":"CINTILLO","link":"https:\/\/www.grieta.org.mx\/index.php\/category\/cintillo\/"},"img":{"alt_text":"","src":"https:\/\/i0.wp.com\/www.grieta.org.mx\/wp-content\/uploads\/2019\/01\/Matamoros-amanecio-con-marchas-de-obreros.jpg?resize=350%2C200&ssl=1","width":350,"height":200,"srcset":"https:\/\/i0.wp.com\/www.grieta.org.mx\/wp-content\/uploads\/2019\/01\/Matamoros-amanecio-con-marchas-de-obreros.jpg?resize=350%2C200&ssl=1 1x, https:\/\/i0.wp.com\/www.grieta.org.mx\/wp-content\/uploads\/2019\/01\/Matamoros-amanecio-con-marchas-de-obreros.jpg?resize=525%2C300&ssl=1 1.5x, https:\/\/i0.wp.com\/www.grieta.org.mx\/wp-content\/uploads\/2019\/01\/Matamoros-amanecio-con-marchas-de-obreros.jpg?resize=700%2C400&ssl=1 2x"},"classes":[]},{"id":28854,"url":"https:\/\/www.grieta.org.mx\/index.php\/2019\/02\/06\/continuan-en-paro-al-menos-16-maquiladoras-de-matamoros-tamaulipas\/","url_meta":{"origin":28802,"position":4},"title":"Contin\u00faan en paro al menos 16 maquiladoras de Matamoros (Tamaulipas)","author":"grieta","date":"6 febrero, 2019","format":false,"excerpt":"Marco Esquivel \/ Hoy Tamaulipas El dirigente sindical Jes\u00fas Mendoza Reyes, del Sindicato Industrial de Trabajadores de Plantas Maquiladoras, dijo que actualmente est\u00e1 trabajando para lograr un acuerdo con las compa\u00f1\u00edas Ciudad Victoria, Tamaulipas. - Al menos unas 16 empresas maquiladoras contin\u00faan este d\u00eda en paro, tras recrudecerse desde ayer\u2026","rel":"","context":"En &quot;CINTILLO&quot;","block_context":{"text":"CINTILLO","link":"https:\/\/www.grieta.org.mx\/index.php\/category\/cintillo\/"},"img":{"alt_text":"","src":"https:\/\/i0.wp.com\/www.grieta.org.mx\/wp-content\/uploads\/2019\/02\/Contin%C3%BAan-en-paro-al-menos-16-maquiladoras-de-matamoros-tama-feb.jpg?resize=350%2C200&ssl=1","width":350,"height":200,"srcset":"https:\/\/i0.wp.com\/www.grieta.org.mx\/wp-content\/uploads\/2019\/02\/Contin%C3%BAan-en-paro-al-menos-16-maquiladoras-de-matamoros-tama-feb.jpg?resize=350%2C200&ssl=1 1x, https:\/\/i0.wp.com\/www.grieta.org.mx\/wp-content\/uploads\/2019\/02\/Contin%C3%BAan-en-paro-al-menos-16-maquiladoras-de-matamoros-tama-feb.jpg?resize=525%2C300&ssl=1 1.5x, https:\/\/i0.wp.com\/www.grieta.org.mx\/wp-content\/uploads\/2019\/02\/Contin%C3%BAan-en-paro-al-menos-16-maquiladoras-de-matamoros-tama-feb.jpg?resize=700%2C400&ssl=1 2x"},"classes":[]},{"id":29815,"url":"https:\/\/www.grieta.org.mx\/index.php\/2019\/03\/01\/suman-4-mil-obreros-dados-de-baja-en-maquiladoras-de-matamoros-tamaulipas\/","url_meta":{"origin":28802,"position":5},"title":"Suman 4 mil obreros dados de baja en maquiladoras de Matamoros (Tamaulipas)","author":"grieta","date":"1 marzo, 2019","format":false,"excerpt":"Miguel Jim\u00e9nez \/ El Ma\u00f1ana Tres empresas se mantienen firmes en salir tras los \u00b4paros locos\u00b4 Matamoros, Tam. La Confederaci\u00f3n Patronal de la Rep\u00fablica Mexicana (Coparmex), confirm\u00f3 que ya son cuatro mil los obreros que han sido dados de baja en la industria maquiladora luego de las huelgas y \"paros\u2026","rel":"","context":"En &quot;CINTILLO&quot;","block_context":{"text":"CINTILLO","link":"https:\/\/www.grieta.org.mx\/index.php\/category\/cintillo\/"},"img":{"alt_text":"","src":"https:\/\/i0.wp.com\/www.grieta.org.mx\/wp-content\/uploads\/2019\/03\/Suman-4-mil-obreros-dados-de-baja-en-maquiladoras-de-Matamoros-tama-mzo.jpg?resize=350%2C200","width":350,"height":200},"classes":[]}],"_links":{"self":[{"href":"https:\/\/www.grieta.org.mx\/index.php\/wp-json\/wp\/v2\/posts\/28802","targetHints":{"allow":["GET"]}}],"collection":[{"href":"https:\/\/www.grieta.org.mx\/index.php\/wp-json\/wp\/v2\/posts"}],"about":[{"href":"https:\/\/www.grieta.org.mx\/index.php\/wp-json\/wp\/v2\/types\/post"}],"author":[{"embeddable":true,"href":"https:\/\/www.grieta.org.mx\/index.php\/wp-json\/wp\/v2\/users\/2"}],"replies":[{"embeddable":true,"href":"https:\/\/www.grieta.org.mx\/index.php\/wp-json\/wp\/v2\/comments?post=28802"}],"version-history":[{"count":1,"href":"https:\/\/www.grieta.org.mx\/index.php\/wp-json\/wp\/v2\/posts\/28802\/revisions"}],"predecessor-version":[{"id":28804,"href":"https:\/\/www.grieta.org.mx\/index.php\/wp-json\/wp\/v2\/posts\/28802\/revisions\/28804"}],"wp:featuredmedia":[{"embeddable":true,"href":"https:\/\/www.grieta.org.mx\/index.php\/wp-json\/wp\/v2\/media\/28803"}],"wp:attachment":[{"href":"https:\/\/www.grieta.org.mx\/index.php\/wp-json\/wp\/v2\/media?parent=28802"}],"wp:term":[{"taxonomy":"category","embeddable":true,"href":"https:\/\/www.grieta.org.mx\/index.php\/wp-json\/wp\/v2\/categories?post=28802"},{"taxonomy":"post_tag","embeddable":true,"href":"https:\/\/www.grieta.org.mx\/index.php\/wp-json\/wp\/v2\/tags?post=28802"}],"curies":[{"name":"wp","href":"https:\/\/api.w.org\/{rel}","templated":true}]}}