{"id":28799,"date":"2019-02-04T22:07:31","date_gmt":"2019-02-05T04:07:31","guid":{"rendered":"http:\/\/www.grieta.org.mx\/?p=28799"},"modified":"2019-02-04T22:07:31","modified_gmt":"2019-02-05T04:07:31","slug":"corren-inesperadamente-a-trabajadores-de-la-conagua-tamaulipas","status":"publish","type":"post","link":"https:\/\/www.grieta.org.mx\/index.php\/2019\/02\/04\/corren-inesperadamente-a-trabajadores-de-la-conagua-tamaulipas\/","title":{"rendered":"Corren inesperadamente a trabajadores de la Conagua (Tamaulipas)"},"content":{"rendered":"<p><img loading=\"lazy\" decoding=\"async\" data-attachment-id=\"28800\" data-permalink=\"https:\/\/www.grieta.org.mx\/index.php\/2019\/02\/04\/corren-inesperadamente-a-trabajadores-de-la-conagua-tamaulipas\/corren-inesperadamente-cona\/\" data-orig-file=\"https:\/\/www.grieta.org.mx\/wp-content\/uploads\/2019\/02\/corren-inesperadamente-cona.jpg\" data-orig-size=\"958,596\" data-comments-opened=\"0\" data-image-meta=\"{&quot;aperture&quot;:&quot;0&quot;,&quot;credit&quot;:&quot;&quot;,&quot;camera&quot;:&quot;&quot;,&quot;caption&quot;:&quot;&quot;,&quot;created_timestamp&quot;:&quot;0&quot;,&quot;copyright&quot;:&quot;&quot;,&quot;focal_length&quot;:&quot;0&quot;,&quot;iso&quot;:&quot;0&quot;,&quot;shutter_speed&quot;:&quot;0&quot;,&quot;title&quot;:&quot;&quot;,&quot;orientation&quot;:&quot;0&quot;}\" data-image-title=\"corren inesperadamente cona\" data-image-description=\"\" data-image-caption=\"\" data-medium-file=\"https:\/\/www.grieta.org.mx\/wp-content\/uploads\/2019\/02\/corren-inesperadamente-cona-300x187.jpg\" data-large-file=\"https:\/\/www.grieta.org.mx\/wp-content\/uploads\/2019\/02\/corren-inesperadamente-cona.jpg\" class=\"aligncenter  wp-image-28800\" src=\"http:\/\/www.grieta.org.mx\/wp-content\/uploads\/2019\/02\/corren-inesperadamente-cona-300x187.jpg\" alt=\"\" width=\"507\" height=\"316\" srcset=\"https:\/\/www.grieta.org.mx\/wp-content\/uploads\/2019\/02\/corren-inesperadamente-cona-300x187.jpg 300w, https:\/\/www.grieta.org.mx\/wp-content\/uploads\/2019\/02\/corren-inesperadamente-cona-768x478.jpg 768w, https:\/\/www.grieta.org.mx\/wp-content\/uploads\/2019\/02\/corren-inesperadamente-cona-804x500.jpg 804w, https:\/\/www.grieta.org.mx\/wp-content\/uploads\/2019\/02\/corren-inesperadamente-cona.jpg 958w\" sizes=\"auto, (max-width: 507px) 100vw, 507px\" \/><br \/>\nJes\u00fas Alberto Garc\u00eda \/ Milenio<\/p>\n<blockquote><p>Fueron despedidos varios empleados de la Comisi\u00f3n Nacional del Agua en seis municipios. <\/p><\/blockquote>\n<p>Un grupo de 28 trabajadores de Tampico, Madero, Altamira, San Fernando, Ciudad Victoria y P\u00e1nuco, afirman que fueron despedidos este viernes 1 de febrero.<\/p>\n<p>De forma verbal se les inform\u00f3 su despido y se les solicit\u00f3 la firma de una renuncia con car\u00e1cter irrevocable, ofreci\u00e9ndoles a cambio el pago de tres meses de sueldo como una compensaci\u00f3n econ\u00f3mica, inform\u00f3 uno de los quejosos. <\/p>\n<p>Al llegar a sus oficinas encontraron sus computadoras bloqueadas y no pudieron registrar su huella. <\/p>\n<p><a href=\"https:\/\/www.milenio.com\/politica\/comunidad\/corren-inesperadamente-a-trabajadores-de-conagua\" rel=\"noopener\" target=\"_blank\">https:\/\/www.milenio.com\/politica\/comunidad\/corren-inesperadamente-a-trabajadores-de-conagua<\/a><\/p>\n","protected":false},"excerpt":{"rendered":"<p>Jes\u00fas Alberto Garc\u00eda \/ Milenio Fueron despedidos varios empleados de la Comisi\u00f3n Nacional del Agua en seis municipios. Un grupo de 28 trabajadores de Tampico, Madero, Altamira, San Fernando, Ciudad &hellip; <a href=\"https:\/\/www.grieta.org.mx\/index.php\/2019\/02\/04\/corren-inesperadamente-a-trabajadores-de-la-conagua-tamaulipas\/\" class=\"more-link\">Leer m\u00e1s<\/a><\/p>\n","protected":false},"author":2,"featured_media":28800,"comment_status":"closed","ping_status":"closed","sticky":false,"template":"","format":"standard","meta":{"ngg_post_thumbnail":0,"_jetpack_newsletter_access":"","_jetpack_dont_email_post_to_subs":false,"_jetpack_newsletter_tier_id":0,"_jetpack_memberships_contains_paywalled_content":false,"_jetpack_memberships_contains_paid_content":false,"footnotes":""},"categories":[80,910,1137,2,33,259,83],"tags":[163,1290,1957],"class_list":{"0":"post-28799","1":"post","2":"type-post","3":"status-publish","4":"format-standard","5":"has-post-thumbnail","6":"hentry","7":"category-cintillo","8":"category-explotacion-y-precariedad-laboral","9":"category-explotacion-y-precariedad-laboral-en-tamaulipas","10":"category-noticias-nacionales","11":"category-tamaulipas","13":"category-temas-nacionales","14":"tag-despidos","15":"tag-precariedad-laboral","16":"tag-trabajadores","17":"entry"},"jetpack_featured_media_url":"https:\/\/www.grieta.org.mx\/wp-content\/uploads\/2019\/02\/corren-inesperadamente-cona.jpg","jetpack_sharing_enabled":true,"jetpack_shortlink":"https:\/\/wp.me\/p7ZJR4-7uv","jetpack_likes_enabled":false,"jetpack-related-posts":[{"id":29212,"url":"https:\/\/www.grieta.org.mx\/index.php\/2019\/02\/18\/desconocen-trabajadores-de-coca-cola-en-matamoros-si-estan-despedidos-o-no-tamaulipas\/","url_meta":{"origin":28799,"position":0},"title":"Desconocen trabajadores de Coca-Cola en Matamoros si est\u00e1n despedidos o no (Tamaulipas)","author":"grieta","date":"18 febrero, 2019","format":false,"excerpt":"\u00c1ngel Arias \/ Hoy Tamaulipas Pues nadie se los ha notificado, por lo que seguir\u00e1n buscando el incremento salarial, pese a que se dio a conocer por parte de los gerentes que hab\u00edan sido despedidos, dijo el l\u00edder del movimiento, Juan Luis Gayt\u00e1n Matamoros, Tamaulipas.- Al cumplirse cuatro d\u00edas de\u2026","rel":"","context":"En &quot;CINTILLO&quot;","block_context":{"text":"CINTILLO","link":"https:\/\/www.grieta.org.mx\/index.php\/category\/cintillo\/"},"img":{"alt_text":"","src":"https:\/\/i0.wp.com\/www.grieta.org.mx\/wp-content\/uploads\/2019\/02\/Desconocen-trabajadores-de-Coca-Cola-en-tama-feb.jpg?resize=350%2C200&ssl=1","width":350,"height":200,"srcset":"https:\/\/i0.wp.com\/www.grieta.org.mx\/wp-content\/uploads\/2019\/02\/Desconocen-trabajadores-de-Coca-Cola-en-tama-feb.jpg?resize=350%2C200&ssl=1 1x, https:\/\/i0.wp.com\/www.grieta.org.mx\/wp-content\/uploads\/2019\/02\/Desconocen-trabajadores-de-Coca-Cola-en-tama-feb.jpg?resize=525%2C300&ssl=1 1.5x, https:\/\/i0.wp.com\/www.grieta.org.mx\/wp-content\/uploads\/2019\/02\/Desconocen-trabajadores-de-Coca-Cola-en-tama-feb.jpg?resize=700%2C400&ssl=1 2x"},"classes":[]},{"id":34037,"url":"https:\/\/www.grieta.org.mx\/index.php\/2019\/06\/01\/van-despedidos-a-informalidad-tamaulipas\/","url_meta":{"origin":28799,"position":1},"title":"Van despedidos a informalidad (Tamaulipas)","author":"grieta","date":"1 junio, 2019","format":false,"excerpt":"Miguel Jim\u00e9nez \/ El Ma\u00f1ana Matamoros, Tam.- Personas que recientemente fueron despedidas de las maquiladoras por haber participado en el movimiento obrero, est\u00e1n solicitando ahora asesor\u00eda ante el departamento de Concertaci\u00f3n Social para instalar un puesto ambulante. Lo anterior lo dio a conocer el titular de la dependencia, H\u00e9ctor Hugo\u2026","rel":"","context":"En &quot;CINTILLO&quot;","block_context":{"text":"CINTILLO","link":"https:\/\/www.grieta.org.mx\/index.php\/category\/cintillo\/"},"img":{"alt_text":"","src":"https:\/\/i0.wp.com\/www.grieta.org.mx\/wp-content\/uploads\/2019\/06\/Van-despedidos-a-informalidad-tama-jun.jpg?resize=350%2C200&ssl=1","width":350,"height":200,"srcset":"https:\/\/i0.wp.com\/www.grieta.org.mx\/wp-content\/uploads\/2019\/06\/Van-despedidos-a-informalidad-tama-jun.jpg?resize=350%2C200&ssl=1 1x, https:\/\/i0.wp.com\/www.grieta.org.mx\/wp-content\/uploads\/2019\/06\/Van-despedidos-a-informalidad-tama-jun.jpg?resize=525%2C300&ssl=1 1.5x"},"classes":[]},{"id":34052,"url":"https:\/\/www.grieta.org.mx\/index.php\/2019\/05\/29\/protestan-en-clinica-del-issste-de-victoria-por-despidos-injustificados-tamaulipas\/","url_meta":{"origin":28799,"position":2},"title":"Protestan en cl\u00ednica del ISSSTE de Victoria por despidos injustificados (Tamaulipas)","author":"grieta","date":"29 mayo, 2019","format":false,"excerpt":"Lupita \u00c1lvarez \/ Gaceta Cd. Victoria, Tamaulipas.- Con el argumento de que tres de sus compa\u00f1eros fueron despedidos injustificadamente, integrantes del Sindicato de los Trabajadores del ISSSTE se manifestaron frente a la cl\u00ednica de esta capital, desde donde adem\u00e1s exigieron al gobierno federal que les informe cu\u00e1l es su situaci\u00f3n\u2026","rel":"","context":"En &quot;CINTILLO&quot;","block_context":{"text":"CINTILLO","link":"https:\/\/www.grieta.org.mx\/index.php\/category\/cintillo\/"},"img":{"alt_text":"","src":"https:\/\/i0.wp.com\/www.grieta.org.mx\/wp-content\/uploads\/2019\/06\/Protestan-en-cl%C3%ADnica-del-ISSSTE-de-Victoria-por-despidos-injustificados-tama-jun.jpg?resize=350%2C200&ssl=1","width":350,"height":200,"srcset":"https:\/\/i0.wp.com\/www.grieta.org.mx\/wp-content\/uploads\/2019\/06\/Protestan-en-cl%C3%ADnica-del-ISSSTE-de-Victoria-por-despidos-injustificados-tama-jun.jpg?resize=350%2C200&ssl=1 1x, https:\/\/i0.wp.com\/www.grieta.org.mx\/wp-content\/uploads\/2019\/06\/Protestan-en-cl%C3%ADnica-del-ISSSTE-de-Victoria-por-despidos-injustificados-tama-jun.jpg?resize=525%2C300&ssl=1 1.5x"},"classes":[]},{"id":34061,"url":"https:\/\/www.grieta.org.mx\/index.php\/2019\/05\/30\/trabajadores-cierran-juguera-en-reclamo-de-utilidades-tamaulipas\/","url_meta":{"origin":28799,"position":3},"title":"Trabajadores cierran juguera en reclamo de utilidades (Tamaulipas)","author":"grieta","date":"30 mayo, 2019","format":false,"excerpt":"Noticentro Ciudad Victoria, 30 de mayo.- Alrededor de 200 trabajadores de la juguera Procimar del municipio de Hidalgo, amenazan con bloquear la carretera Victoria Monterrey a la altura del kil\u00f3metro 13, en reclamo de un mayor monto en el pago de sus utilidades. Este jueves, numeroso grupo de trabajadores permanec\u00eda\u2026","rel":"","context":"En &quot;CINTILLO&quot;","block_context":{"text":"CINTILLO","link":"https:\/\/www.grieta.org.mx\/index.php\/category\/cintillo\/"},"img":{"alt_text":"","src":"https:\/\/i0.wp.com\/www.grieta.org.mx\/wp-content\/uploads\/2019\/06\/Trabajadores-cierran-jugera-en-reclamo-de-utilidades.-tama-jun.jpg?resize=350%2C200&ssl=1","width":350,"height":200,"srcset":"https:\/\/i0.wp.com\/www.grieta.org.mx\/wp-content\/uploads\/2019\/06\/Trabajadores-cierran-jugera-en-reclamo-de-utilidades.-tama-jun.jpg?resize=350%2C200&ssl=1 1x, https:\/\/i0.wp.com\/www.grieta.org.mx\/wp-content\/uploads\/2019\/06\/Trabajadores-cierran-jugera-en-reclamo-de-utilidades.-tama-jun.jpg?resize=525%2C300&ssl=1 1.5x"},"classes":[]},{"id":30267,"url":"https:\/\/www.grieta.org.mx\/index.php\/2019\/03\/07\/arman-paro-obreros-de-maquiladora-de-ciudad-victoria-tamaulipas\/","url_meta":{"origin":28799,"position":4},"title":"Arman paro obreros de maquiladora de Ciudad Victoria (Tamaulipas)","author":"grieta","date":"7 marzo, 2019","format":false,"excerpt":"Marco Esquivel \/ Hoy Tamaulipas Alrededor de un centenar de trabajadores de la maquiladora Spring Windows Fashions se manifiestan en el exterior de la planta Ciudad Victoria, Tamaulipas.- Un grupo de obreros de la maquiladora Springs Windows Fashions ubicada en el Parque Industrial Nuevo Santander sureste de esta ciudad capital\u2026","rel":"","context":"En &quot;CINTILLO&quot;","block_context":{"text":"CINTILLO","link":"https:\/\/www.grieta.org.mx\/index.php\/category\/cintillo\/"},"img":{"alt_text":"","src":"https:\/\/i0.wp.com\/www.grieta.org.mx\/wp-content\/uploads\/2019\/03\/Arman-paro-obreros-de-maquiladora-de-Ciudad-tama-mzo.jpg?resize=350%2C200","width":350,"height":200},"classes":[]},{"id":49620,"url":"https:\/\/www.grieta.org.mx\/index.php\/2020\/05\/14\/denuncian-boletineo-de-personal-en-maquiladoras-de-nuevo-laredo\/","url_meta":{"origin":28799,"position":5},"title":"Denuncian boletineo de personal en maquiladoras de Nuevo Laredo","author":"grieta","date":"14 mayo, 2020","format":false,"excerpt":"Mario Portillo\/Hoy T.am 14 mayo 2020 Nuevo Laredo, Tamaulipas. \u2013 El subsecretario de Trabajo del Sindicato Nacional de Infraestructura, H\u00e9ctor de la Cruz N\u00fa\u00f1ez, denunci\u00f3 acoso a los trabajadores despedidos de Modine. Coment\u00f3 que las personas han batallado para encontrar trabajo, ya que asegur\u00f3, las empresas los tienen boletinados, un\u2026","rel":"","context":"En &quot;CINTILLO&quot;","block_context":{"text":"CINTILLO","link":"https:\/\/www.grieta.org.mx\/index.php\/category\/cintillo\/"},"img":{"alt_text":"","src":"https:\/\/i0.wp.com\/www.grieta.org.mx\/wp-content\/uploads\/2020\/05\/Denuncian-boletineo-de-personal-en-maquiladoras-de-Nuevo-Laredo.jpg?resize=350%2C200&ssl=1","width":350,"height":200,"srcset":"https:\/\/i0.wp.com\/www.grieta.org.mx\/wp-content\/uploads\/2020\/05\/Denuncian-boletineo-de-personal-en-maquiladoras-de-Nuevo-Laredo.jpg?resize=350%2C200&ssl=1 1x, https:\/\/i0.wp.com\/www.grieta.org.mx\/wp-content\/uploads\/2020\/05\/Denuncian-boletineo-de-personal-en-maquiladoras-de-Nuevo-Laredo.jpg?resize=525%2C300&ssl=1 1.5x, https:\/\/i0.wp.com\/www.grieta.org.mx\/wp-content\/uploads\/2020\/05\/Denuncian-boletineo-de-personal-en-maquiladoras-de-Nuevo-Laredo.jpg?resize=700%2C400&ssl=1 2x"},"classes":[]}],"_links":{"self":[{"href":"https:\/\/www.grieta.org.mx\/index.php\/wp-json\/wp\/v2\/posts\/28799","targetHints":{"allow":["GET"]}}],"collection":[{"href":"https:\/\/www.grieta.org.mx\/index.php\/wp-json\/wp\/v2\/posts"}],"about":[{"href":"https:\/\/www.grieta.org.mx\/index.php\/wp-json\/wp\/v2\/types\/post"}],"author":[{"embeddable":true,"href":"https:\/\/www.grieta.org.mx\/index.php\/wp-json\/wp\/v2\/users\/2"}],"replies":[{"embeddable":true,"href":"https:\/\/www.grieta.org.mx\/index.php\/wp-json\/wp\/v2\/comments?post=28799"}],"version-history":[{"count":1,"href":"https:\/\/www.grieta.org.mx\/index.php\/wp-json\/wp\/v2\/posts\/28799\/revisions"}],"predecessor-version":[{"id":28801,"href":"https:\/\/www.grieta.org.mx\/index.php\/wp-json\/wp\/v2\/posts\/28799\/revisions\/28801"}],"wp:featuredmedia":[{"embeddable":true,"href":"https:\/\/www.grieta.org.mx\/index.php\/wp-json\/wp\/v2\/media\/28800"}],"wp:attachment":[{"href":"https:\/\/www.grieta.org.mx\/index.php\/wp-json\/wp\/v2\/media?parent=28799"}],"wp:term":[{"taxonomy":"category","embeddable":true,"href":"https:\/\/www.grieta.org.mx\/index.php\/wp-json\/wp\/v2\/categories?post=28799"},{"taxonomy":"post_tag","embeddable":true,"href":"https:\/\/www.grieta.org.mx\/index.php\/wp-json\/wp\/v2\/tags?post=28799"}],"curies":[{"name":"wp","href":"https:\/\/api.w.org\/{rel}","templated":true}]}}