{"id":28781,"date":"2019-02-04T18:02:34","date_gmt":"2019-02-05T00:02:34","guid":{"rendered":"http:\/\/www.grieta.org.mx\/?p=28781"},"modified":"2019-02-04T19:03:06","modified_gmt":"2019-02-05T01:03:06","slug":"pide-defensoria-resolver-conflicto-en-san-jose-del-progreso-mediante-dialogo-pacifico-oaxaca","status":"publish","type":"post","link":"https:\/\/www.grieta.org.mx\/index.php\/2019\/02\/04\/pide-defensoria-resolver-conflicto-en-san-jose-del-progreso-mediante-dialogo-pacifico-oaxaca\/","title":{"rendered":"Pide Defensor\u00eda resolver conflicto en San Jos\u00e9 del Progreso mediante di\u00e1logo pac\u00edfico (Oaxaca)"},"content":{"rendered":"<p>P\u00e1gina 3.<\/p>\n<p>Redacci\u00f3n (Comunicados),<\/p>\n<p><img loading=\"lazy\" decoding=\"async\" data-attachment-id=\"28782\" data-permalink=\"https:\/\/www.grieta.org.mx\/index.php\/2019\/02\/04\/pide-defensoria-resolver-conflicto-en-san-jose-del-progreso-mediante-dialogo-pacifico-oaxaca\/juquila\/\" data-orig-file=\"https:\/\/www.grieta.org.mx\/wp-content\/uploads\/2019\/02\/juquila.jpg\" data-orig-size=\"720,540\" data-comments-opened=\"0\" data-image-meta=\"{&quot;aperture&quot;:&quot;0&quot;,&quot;credit&quot;:&quot;&quot;,&quot;camera&quot;:&quot;&quot;,&quot;caption&quot;:&quot;&quot;,&quot;created_timestamp&quot;:&quot;0&quot;,&quot;copyright&quot;:&quot;&quot;,&quot;focal_length&quot;:&quot;0&quot;,&quot;iso&quot;:&quot;0&quot;,&quot;shutter_speed&quot;:&quot;0&quot;,&quot;title&quot;:&quot;&quot;,&quot;orientation&quot;:&quot;0&quot;}\" data-image-title=\"juquila\" data-image-description=\"\" data-image-caption=\"\" data-medium-file=\"https:\/\/www.grieta.org.mx\/wp-content\/uploads\/2019\/02\/juquila-300x225.jpg\" data-large-file=\"https:\/\/www.grieta.org.mx\/wp-content\/uploads\/2019\/02\/juquila.jpg\" src=\"http:\/\/www.grieta.org.mx\/wp-content\/uploads\/2019\/02\/juquila-300x225.jpg\" alt=\"\" width=\"300\" height=\"225\" class=\"aligncenter size-medium wp-image-28782\" srcset=\"https:\/\/www.grieta.org.mx\/wp-content\/uploads\/2019\/02\/juquila-300x225.jpg 300w, https:\/\/www.grieta.org.mx\/wp-content\/uploads\/2019\/02\/juquila-667x500.jpg 667w, https:\/\/www.grieta.org.mx\/wp-content\/uploads\/2019\/02\/juquila.jpg 720w\" sizes=\"auto, (max-width: 300px) 100vw, 300px\" \/><\/p>\n<p>La Defensor\u00eda de los Derechos Humanos del Pueblo de Oaxaca hizo un llamado a las autoridades y a las y los pobladores de San Jos\u00e9 del Progreso para que resuelvan sus diferencias mediante el di\u00e1logo concertado. A la vez, el organismo defensor demand\u00f3 a la Secretar\u00eda General de Gobierno (Segego) establecer mesas de trabajo entre autoridades municipales y pobladores a fin de solucionar sus diferencias mediante un acuerdo razonado.<\/p>\n<p>La Defensor\u00eda manifest\u00f3 su preocupaci\u00f3n por el llamado que hizo el 3 de febrero \u00faltimo el presidente municipal de San Jos\u00e9 del Progreso para recuperar el palacio municipal que, debido al desacuerdo con la empresa minera que se estableci\u00f3 en la poblaci\u00f3n, est\u00e1 ocupado por integrantes de la Coordinadora de Pueblos Unidos del Valle de Ocotl\u00e1n (CPUVO), por lo cual el intento de recuperar dichas instalaciones podr\u00eda generar una situaci\u00f3n de conflicto entre habitantes de la comunidad.<\/p>\n<p>El organismo defensor hizo un llamado a las partes en este conflicto para que mantengan la tranquilidad, eviten actos de violencia y busquen resolver sus diferencias mediante el di\u00e1logo pac\u00edfico, recurriendo a la mediaci\u00f3n de las autoridades estatales, principalmente, a la Secretar\u00eda General de Gobierno.<\/p>\n<p>La Defensor\u00eda llam\u00f3 a la Secretar\u00eda de Seguridad P\u00fablica y a la Fiscal\u00eda General del estado a garantizar la integridad f\u00edsica y psicol\u00f3gica de toda la poblaci\u00f3n, pues record\u00f3 que por anteriores actos de violencia dos personas de esa poblaci\u00f3n han perdido la vida y actualmente hay tres integrantes del CPUVO que son protegidos con medidas cautelares.<\/p>\n<p>Por ello, en seguimiento del expediente DDHPO\/CA\/0918\/(16)\/OAX\/2015, el organismo defensor solicit\u00f3 este lunes 4 de febrero, a los titulares de la SSP y la Fiscal\u00eda, reforzar las medidas cautelares para los tres integrantes del CPUVO en riesgo, mediante recorridos y vigilancia a favor de los cautelados.<\/p>\n<p>La instancia defensora tambi\u00e9n hizo un llamado al presidente municipal y a los integrantes del ayuntamiento de San Jos\u00e9 del Progreso para que en todo momento privilegien el respeto a los derechos humanos en sus actuaciones oficiales, y a la vez, el organismo p\u00fablico aut\u00f3nomo exhort\u00f3 a las y los integrantes del CPUVO que mantienen tomado el palacio, abstenerse de acciones violentas.<\/p>\n<p>Asimismo, la Defensor\u00eda de los Derechos Humanos urgi\u00f3 a la Segego a establecer mesas de trabajo en esta comunidad para evitar posibles confrontaciones violentas y lograr acuerdos que permitan restaurar la tranquilidad en este pueblo cuyos habitantes est\u00e1n divididos por la presencia de una empresa minera en la zona.<\/p>\n<p><a href=\"https:\/\/pagina3.mx\/2019\/02\/pide-defensoria-resolver-conflicto-en-san-jose-del-progreso-mediante-dialogo-pacifico\/\" rel=\"noopener\" target=\"_blank\">https:\/\/pagina3.mx\/2019\/02\/pide-defensoria-resolver-conflicto-en-san-jose-del-progreso-mediante-dialogo-pacifico\/<\/a><\/p>\n","protected":false},"excerpt":{"rendered":"<p>P\u00e1gina 3. Redacci\u00f3n (Comunicados), La Defensor\u00eda de los Derechos Humanos del Pueblo de Oaxaca hizo un llamado a las autoridades y a las y los pobladores de San Jos\u00e9 del &hellip; <a href=\"https:\/\/www.grieta.org.mx\/index.php\/2019\/02\/04\/pide-defensoria-resolver-conflicto-en-san-jose-del-progreso-mediante-dialogo-pacifico-oaxaca\/\" class=\"more-link\">Leer m\u00e1s<\/a><\/p>\n","protected":false},"author":2,"featured_media":28782,"comment_status":"closed","ping_status":"closed","sticky":false,"template":"","format":"standard","meta":{"ngg_post_thumbnail":0,"_jetpack_newsletter_access":"","_jetpack_dont_email_post_to_subs":false,"_jetpack_newsletter_tier_id":0,"_jetpack_memberships_contains_paywalled_content":false,"_jetpack_memberships_contains_paid_content":false,"footnotes":""},"categories":[80,1357,2,25],"tags":[],"class_list":["post-28781","post","type-post","status-publish","format-standard","has-post-thumbnail","hentry","category-cintillo","category-conflictos-mineros-en-oaxaca","category-noticias-nacionales","category-oaxaca","entry"],"jetpack_featured_media_url":"https:\/\/www.grieta.org.mx\/wp-content\/uploads\/2019\/02\/juquila.jpg","jetpack_sharing_enabled":true,"jetpack_shortlink":"https:\/\/wp.me\/p7ZJR4-7ud","jetpack_likes_enabled":false,"jetpack-related-posts":[{"id":29649,"url":"https:\/\/www.grieta.org.mx\/index.php\/2019\/02\/25\/denuncia-copuvo-violencia-por-mina-en-san-jose-del-progreso-oaxaca\/","url_meta":{"origin":28781,"position":0},"title":"Denuncia Copuvo violencia por mina en San Jos\u00e9 del Progreso, Oaxaca","author":"grieta","date":"25 febrero, 2019","format":false,"excerpt":"Noticias. Octavio V\u00e9lez, La Coordinadora de Pueblos Unidos del Valle de Ocotl\u00e1n (Copuvo) denunci\u00f3 actos de intimidaci\u00f3n hacia sus integrantes e hizo un llamado al Ayuntamiento de San Jos\u00e9 del Progreso a mantener el di\u00e1logo para la reconstrucci\u00f3n del tejido comunitario y la paz, que se rompieron ante la llegada\u2026","rel":"","context":"En &quot;CINTILLO&quot;","block_context":{"text":"CINTILLO","link":"https:\/\/www.grieta.org.mx\/index.php\/category\/cintillo\/"},"img":{"alt_text":"","src":"https:\/\/i0.wp.com\/www.grieta.org.mx\/wp-content\/uploads\/2019\/02\/image_23.jpg?resize=350%2C200&ssl=1","width":350,"height":200,"srcset":"https:\/\/i0.wp.com\/www.grieta.org.mx\/wp-content\/uploads\/2019\/02\/image_23.jpg?resize=350%2C200&ssl=1 1x, https:\/\/i0.wp.com\/www.grieta.org.mx\/wp-content\/uploads\/2019\/02\/image_23.jpg?resize=525%2C300&ssl=1 1.5x, https:\/\/i0.wp.com\/www.grieta.org.mx\/wp-content\/uploads\/2019\/02\/image_23.jpg?resize=700%2C400&ssl=1 2x, https:\/\/i0.wp.com\/www.grieta.org.mx\/wp-content\/uploads\/2019\/02\/image_23.jpg?resize=1050%2C600&ssl=1 3x"},"classes":[]},{"id":12111,"url":"https:\/\/www.grieta.org.mx\/index.php\/2016\/05\/06\/manifestantes-exigen-en-san-jose-del-progreso-oaxaca-la-salida-de-empresa-minera-canadiense\/","url_meta":{"origin":28781,"position":1},"title":"Manifestantes exigen, en San Jos\u00e9 del Progreso, Oaxaca, la salida de empresa minera canadiense","author":"grieta","date":"6 mayo, 2016","format":false,"excerpt":"Redacci\u00f3n Sin Embargo Ciudad de M\u00e9xico, 6 mayo (SinEmbargo).\u2013 Este d\u00eda, instalaciones de la Minera Cuzcatl\u00e1n, ubicada en el municipio de San Jos\u00e9 del Progreso, Oaxaca, fue tomada simb\u00f3licamente por integrantes de la Coordinadora de Pueblos Unidos del Valle de Ocotl\u00e1n que ped\u00edan la salida inmediata de la empresa canadiense\u2026","rel":"","context":"En &quot;CINTILLO&quot;","block_context":{"text":"CINTILLO","link":"https:\/\/www.grieta.org.mx\/index.php\/category\/cintillo\/"},"img":{"alt_text":"","src":"https:\/\/i0.wp.com\/www.grieta.org.mx\/wp-content\/uploads\/2018\/03\/14524434_1106112876131411_958039263622046936_o.jpg?resize=350%2C200&ssl=1","width":350,"height":200,"srcset":"https:\/\/i0.wp.com\/www.grieta.org.mx\/wp-content\/uploads\/2018\/03\/14524434_1106112876131411_958039263622046936_o.jpg?resize=350%2C200&ssl=1 1x, https:\/\/i0.wp.com\/www.grieta.org.mx\/wp-content\/uploads\/2018\/03\/14524434_1106112876131411_958039263622046936_o.jpg?resize=525%2C300&ssl=1 1.5x, https:\/\/i0.wp.com\/www.grieta.org.mx\/wp-content\/uploads\/2018\/03\/14524434_1106112876131411_958039263622046936_o.jpg?resize=700%2C400&ssl=1 2x"},"classes":[]},{"id":26660,"url":"https:\/\/www.grieta.org.mx\/index.php\/2018\/08\/03\/enfrentamiento-en-los-mixes-es-resultado-de-la-omision-del-gobernador-murat-oaxaca\/","url_meta":{"origin":28781,"position":2},"title":"Enfrentamiento en los mixes es resultado de la omisi\u00f3n del gobernador Murat (Oaxaca)","author":"grieta","date":"3 agosto, 2018","format":false,"excerpt":"P\u00e1gina 3. Pedro Mat\u00edas, Oaxaca.- Al menos un muerto y un herido dej\u00f3 un enfrentamiento entre las comunidades de San Juan Bosco Chuxnaban y San Miguel Quetzaltepec en la sierra mixe de Oaxaca, derivado de un conflicto agrario y las participaciones municipales. *Segego justifica que hay acuerdos de paz que\u2026","rel":"","context":"En &quot;CINTILLO&quot;","block_context":{"text":"CINTILLO","link":"https:\/\/www.grieta.org.mx\/index.php\/category\/cintillo\/"},"img":{"alt_text":"","src":"https:\/\/i0.wp.com\/www.grieta.org.mx\/wp-content\/uploads\/2018\/09\/San-Miguel-Quetzaltepec.jpg?resize=350%2C200&ssl=1","width":350,"height":200,"srcset":"https:\/\/i0.wp.com\/www.grieta.org.mx\/wp-content\/uploads\/2018\/09\/San-Miguel-Quetzaltepec.jpg?resize=350%2C200&ssl=1 1x, https:\/\/i0.wp.com\/www.grieta.org.mx\/wp-content\/uploads\/2018\/09\/San-Miguel-Quetzaltepec.jpg?resize=525%2C300&ssl=1 1.5x, https:\/\/i0.wp.com\/www.grieta.org.mx\/wp-content\/uploads\/2018\/09\/San-Miguel-Quetzaltepec.jpg?resize=700%2C400&ssl=1 2x"},"classes":[]},{"id":28368,"url":"https:\/\/www.grieta.org.mx\/index.php\/2018\/12\/29\/vigentes-22-conflictos-por-proyectos-mineros-en-oaxaca\/","url_meta":{"origin":28781,"position":3},"title":"Vigentes, 22 conflictos por proyectos mineros en Oaxaca","author":"grieta","date":"29 diciembre, 2018","format":false,"excerpt":"Noticias. Miguel Angel, INTIMIDACI\u00d3N, ASESINATOS Y CONTAMINACI\u00d3N Oaxaca.- Intimidaciones, asesinatos, sobreexplotaci\u00f3n y contaminaci\u00f3n de fuentes de agua, contaminaci\u00f3n ambiental y auditiva, adem\u00e1s de ganancias multimillonarias que no se reflejan en el desarrollo de las comunidades son las inconformidades que muestran los pueblos ind\u00edgenas ante los proyectos mineros. De acuerdo al\u2026","rel":"","context":"En &quot;CINTILLO&quot;","block_context":{"text":"CINTILLO","link":"https:\/\/www.grieta.org.mx\/index.php\/category\/cintillo\/"},"img":{"alt_text":"","src":"https:\/\/i0.wp.com\/www.grieta.org.mx\/wp-content\/uploads\/2019\/01\/image_6.jpg?resize=350%2C200&ssl=1","width":350,"height":200,"srcset":"https:\/\/i0.wp.com\/www.grieta.org.mx\/wp-content\/uploads\/2019\/01\/image_6.jpg?resize=350%2C200&ssl=1 1x, https:\/\/i0.wp.com\/www.grieta.org.mx\/wp-content\/uploads\/2019\/01\/image_6.jpg?resize=525%2C300&ssl=1 1.5x, https:\/\/i0.wp.com\/www.grieta.org.mx\/wp-content\/uploads\/2019\/01\/image_6.jpg?resize=700%2C400&ssl=1 2x, https:\/\/i0.wp.com\/www.grieta.org.mx\/wp-content\/uploads\/2019\/01\/image_6.jpg?resize=1050%2C600&ssl=1 3x"},"classes":[]},{"id":55948,"url":"https:\/\/www.grieta.org.mx\/index.php\/2020\/12\/14\/tras-bloqueo-zapotecas-logran-apertura-de-dialogo-con-semanart-sobre-mina-de-cuzcatlan-oaxaca\/","url_meta":{"origin":28781,"position":4},"title":"Tras bloqueo, zapotecas logran apertura de di\u00e1logo con Semanart sobre mina de Cuzcatl\u00e1n (Oaxaca)","author":"grieta","date":"14 diciembre, 2020","format":false,"excerpt":"Avisoa Midia \/ Sare Frabes. Tras el bloqueo de la carretera federal 175, que liga los Valles Centrales de Oaxaca con las zonas tur\u00edsticas de la costa, en la ma\u00f1ana de este lunes (14), 16 comunidades que hacen parte de un frente contra la miner\u00eda en el estado lograron una\u2026","rel":"","context":"En &quot;CINTILLO&quot;","block_context":{"text":"CINTILLO","link":"https:\/\/www.grieta.org.mx\/index.php\/category\/cintillo\/"},"img":{"alt_text":"","src":"https:\/\/i0.wp.com\/www.grieta.org.mx\/wp-content\/uploads\/2020\/12\/X.jpg?resize=350%2C200&ssl=1","width":350,"height":200,"srcset":"https:\/\/i0.wp.com\/www.grieta.org.mx\/wp-content\/uploads\/2020\/12\/X.jpg?resize=350%2C200&ssl=1 1x, https:\/\/i0.wp.com\/www.grieta.org.mx\/wp-content\/uploads\/2020\/12\/X.jpg?resize=525%2C300&ssl=1 1.5x, https:\/\/i0.wp.com\/www.grieta.org.mx\/wp-content\/uploads\/2020\/12\/X.jpg?resize=700%2C400&ssl=1 2x"},"classes":[]},{"id":2095,"url":"https:\/\/www.grieta.org.mx\/index.php\/2015\/03\/13\/en-san-jose-del-progreso-oaxaca-canadienses-invertiran-en-mina\/","url_meta":{"origin":28781,"position":5},"title":"En San Jos\u00e9 del Progreso, Oaxaca, canadienses invertir\u00e1n en mina","author":"grieta","date":"13 marzo, 2015","format":false,"excerpt":"Oscar Rodr\u00edguez, Oaxaca Oaxaca, M\u00e9xico.- Inversionistas canadienses invertir\u00e1n mas de 30 millones de d\u00f3lares para consolidar la operaci\u00f3n de la mina plata y oro en el municipio de San Jos\u00e9 del Progreso, donde hace cuatro a\u00f1os hubo la oposici\u00f3n de un grupo comuneros a su instalaci\u00f3n, argumentando posibles riesgos ambientales.\u2026","rel":"","context":"En &quot;CINTILLO&quot;","block_context":{"text":"CINTILLO","link":"https:\/\/www.grieta.org.mx\/index.php\/category\/cintillo\/"},"img":{"alt_text":"","src":"https:\/\/i0.wp.com\/www.grieta.org.mx\/wp-content\/uploads\/2018\/03\/14524434_1106112876131411_958039263622046936_o.jpg?resize=350%2C200&ssl=1","width":350,"height":200,"srcset":"https:\/\/i0.wp.com\/www.grieta.org.mx\/wp-content\/uploads\/2018\/03\/14524434_1106112876131411_958039263622046936_o.jpg?resize=350%2C200&ssl=1 1x, https:\/\/i0.wp.com\/www.grieta.org.mx\/wp-content\/uploads\/2018\/03\/14524434_1106112876131411_958039263622046936_o.jpg?resize=525%2C300&ssl=1 1.5x, https:\/\/i0.wp.com\/www.grieta.org.mx\/wp-content\/uploads\/2018\/03\/14524434_1106112876131411_958039263622046936_o.jpg?resize=700%2C400&ssl=1 2x"},"classes":[]}],"_links":{"self":[{"href":"https:\/\/www.grieta.org.mx\/index.php\/wp-json\/wp\/v2\/posts\/28781","targetHints":{"allow":["GET"]}}],"collection":[{"href":"https:\/\/www.grieta.org.mx\/index.php\/wp-json\/wp\/v2\/posts"}],"about":[{"href":"https:\/\/www.grieta.org.mx\/index.php\/wp-json\/wp\/v2\/types\/post"}],"author":[{"embeddable":true,"href":"https:\/\/www.grieta.org.mx\/index.php\/wp-json\/wp\/v2\/users\/2"}],"replies":[{"embeddable":true,"href":"https:\/\/www.grieta.org.mx\/index.php\/wp-json\/wp\/v2\/comments?post=28781"}],"version-history":[{"count":1,"href":"https:\/\/www.grieta.org.mx\/index.php\/wp-json\/wp\/v2\/posts\/28781\/revisions"}],"predecessor-version":[{"id":28783,"href":"https:\/\/www.grieta.org.mx\/index.php\/wp-json\/wp\/v2\/posts\/28781\/revisions\/28783"}],"wp:featuredmedia":[{"embeddable":true,"href":"https:\/\/www.grieta.org.mx\/index.php\/wp-json\/wp\/v2\/media\/28782"}],"wp:attachment":[{"href":"https:\/\/www.grieta.org.mx\/index.php\/wp-json\/wp\/v2\/media?parent=28781"}],"wp:term":[{"taxonomy":"category","embeddable":true,"href":"https:\/\/www.grieta.org.mx\/index.php\/wp-json\/wp\/v2\/categories?post=28781"},{"taxonomy":"post_tag","embeddable":true,"href":"https:\/\/www.grieta.org.mx\/index.php\/wp-json\/wp\/v2\/tags?post=28781"}],"curies":[{"name":"wp","href":"https:\/\/api.w.org\/{rel}","templated":true}]}}