{"id":2863,"date":"2015-10-15T19:38:37","date_gmt":"2015-10-15T19:38:37","guid":{"rendered":"http:\/\/50.22.11.12\/~grietaor\/?p=2863"},"modified":"2016-03-13T19:43:21","modified_gmt":"2016-03-13T19:43:21","slug":"competencia-detras-de-protesta-por-instalacion-del-cimari","status":"publish","type":"post","link":"https:\/\/www.grieta.org.mx\/index.php\/2015\/10\/15\/competencia-detras-de-protesta-por-instalacion-del-cimari\/","title":{"rendered":"Competencia detr\u00e1s de protesta por instalaci\u00f3n del Cimari"},"content":{"rendered":"<p>La Sociedad Ecol\u00f3gica Mexicana del Norte S.A. (Semnsa) , interpuso denuncia penal ante la Procuradur\u00eda General de Justicia en el Estado (PGJE) contra las personas que tienen tomada la entrada a los terrenos donde se ubicar\u00e1 el Centro Integral para el Manejo Adecuado de Residuos Industriales (CIMARI) en el predio Noria de la Sabina en General Cepeda.<\/p>\n<p>Luego de una semana de tomadas las instalaciones, el presidente de Semnsa, Daniel Calvert, asegur\u00f3 que tras los grupos que se oponen al proyecto, se encuentra la \u201ccompetencia\u201d.<\/p>\n<p>Aunque prefiri\u00f3 no mencionar a la empresa que se opone a la instalaci\u00f3n del Cimari en Coahuila para no entorpecer las investigaciones, dijo que esta situaci\u00f3n les afecta, pero ser\u00e1 la autoridad ante quien se interpuso la denuncia, que proceda a lo conducente por el bloqueo a estos terrenos.<\/p>\n<p>La empresa m\u00e1s cercana que se dedica a este tipo de procesos industriales es Rimsa ubicada en Mina, Nuevo Le\u00f3n, esta misma trat\u00f3 de evitar la construcci\u00f3n del confinamiento en el predio San Andr\u00e9s, en Ramos Arizpe.<\/p>\n<p>Daniel Calvert aclar\u00f3 que ante m\u00e1s industrias en la regi\u00f3n, es necesario contar con Centros Integrales para el Manejo de Residuos Industriales.<\/p>\n<p><a href=\"http:\/\/www.eldiariodecoahuila.com.mx\/notas\/2015\/10\/15\/competencia-detras-protesta-instalacion-cimari-537089.asp\" target=\"_blank\">www.eldiariodecoahuila.com.mx\/notas\/2015\/10\/15\/competencia-detras-protesta-instalacion-cimari-537089.asp<\/a><\/p>\n","protected":false},"excerpt":{"rendered":"<p>La Sociedad Ecol\u00f3gica Mexicana del Norte S.A. (Semnsa) , interpuso denuncia penal ante la Procuradur\u00eda General de Justicia en el Estado (PGJE) contra las personas que tienen tomada la entrada &hellip; <a href=\"https:\/\/www.grieta.org.mx\/index.php\/2015\/10\/15\/competencia-detras-de-protesta-por-instalacion-del-cimari\/\" class=\"more-link\">Leer m\u00e1s<\/a><\/p>\n","protected":false},"author":2,"featured_media":21928,"comment_status":"closed","ping_status":"open","sticky":false,"template":"","format":"standard","meta":{"ngg_post_thumbnail":0,"_jetpack_newsletter_access":"","_jetpack_dont_email_post_to_subs":false,"_jetpack_newsletter_tier_id":0,"_jetpack_memberships_contains_paywalled_content":false,"_jetpack_memberships_contains_paid_content":false,"footnotes":""},"categories":[80],"tags":[287,288,91,284],"class_list":["post-2863","post","type-post","status-publish","format-standard","has-post-thumbnail","hentry","category-cintillo","tag-basurero-toxico","tag-cimari","tag-contaminacion-ambiental","tag-general-cepeda","entry"],"jetpack_featured_media_url":"https:\/\/www.grieta.org.mx\/wp-content\/uploads\/2018\/03\/14524434_1106112876131411_958039263622046936_o.jpg","jetpack_sharing_enabled":true,"jetpack_shortlink":"https:\/\/wp.me\/p7ZJR4-Kb","jetpack_likes_enabled":false,"jetpack-related-posts":[{"id":2950,"url":"https:\/\/www.grieta.org.mx\/index.php\/2015\/08\/17\/piden-apoyo-contra-cimari\/","url_meta":{"origin":2863,"position":0},"title":"Piden apoyo contra Cimari","author":"grieta","date":"17 agosto, 2015","format":false,"excerpt":"Con el fin de que el presidente municipal de General Cepeda no ceda y revoque el cambio de uso de suelo para la instalaci\u00f3n de un dep\u00f3sito de desechos t\u00f3xicos, familias de los ejidos Noria de la Sabina y Pilar de Richardson acudieron a Saltillo y buscar apoyo ciudadano. El\u2026","rel":"","context":"En &quot;CINTILLO&quot;","block_context":{"text":"CINTILLO","link":"https:\/\/www.grieta.org.mx\/index.php\/category\/cintillo\/"},"img":{"alt_text":"","src":"https:\/\/i0.wp.com\/www.grieta.org.mx\/wp-content\/uploads\/2018\/03\/14524434_1106112876131411_958039263622046936_o.jpg?resize=350%2C200&ssl=1","width":350,"height":200,"srcset":"https:\/\/i0.wp.com\/www.grieta.org.mx\/wp-content\/uploads\/2018\/03\/14524434_1106112876131411_958039263622046936_o.jpg?resize=350%2C200&ssl=1 1x, https:\/\/i0.wp.com\/www.grieta.org.mx\/wp-content\/uploads\/2018\/03\/14524434_1106112876131411_958039263622046936_o.jpg?resize=525%2C300&ssl=1 1.5x, https:\/\/i0.wp.com\/www.grieta.org.mx\/wp-content\/uploads\/2018\/03\/14524434_1106112876131411_958039263622046936_o.jpg?resize=700%2C400&ssl=1 2x"},"classes":[]},{"id":6683,"url":"https:\/\/www.grieta.org.mx\/index.php\/2016\/02\/08\/coahuilenses-se-movilizan-para-detener-construccion-de-basurero-toxico\/","url_meta":{"origin":2863,"position":1},"title":"Coahuilenses se movilizan para detener construcci\u00f3n de basurero t\u00f3xico","author":"grieta","date":"8 febrero, 2016","format":false,"excerpt":"08\/02\/16. Marchan contra basurero t\u00f3xico Reforma 28\/10\/15. Contin\u00faa la lucha contra el Cimari en General Cepeda Vanguardia 27\/10\/15. Pobladores del norte de M\u00e9xico rechazan vivir con 64,000 toneladas de desechos t\u00f3xicos La opini\u00f3n 26\/10\/15. Va SEMSA contra los allanadores del CIMARI Z\u00f3calo Saltillo 20\/10\/15. Va CIMARI contra ejidatarios Z\u00f3calo Saltillo\u2026","rel":"","context":"En &quot;Coahuila&quot;","block_context":{"text":"Coahuila","link":"https:\/\/www.grieta.org.mx\/index.php\/category\/noticias-nacionales\/coahuila\/"},"img":{"alt_text":"","src":"https:\/\/i0.wp.com\/www.grieta.org.mx\/wp-content\/uploads\/2018\/03\/14524434_1106112876131411_958039263622046936_o.jpg?resize=350%2C200&ssl=1","width":350,"height":200,"srcset":"https:\/\/i0.wp.com\/www.grieta.org.mx\/wp-content\/uploads\/2018\/03\/14524434_1106112876131411_958039263622046936_o.jpg?resize=350%2C200&ssl=1 1x, https:\/\/i0.wp.com\/www.grieta.org.mx\/wp-content\/uploads\/2018\/03\/14524434_1106112876131411_958039263622046936_o.jpg?resize=525%2C300&ssl=1 1.5x, https:\/\/i0.wp.com\/www.grieta.org.mx\/wp-content\/uploads\/2018\/03\/14524434_1106112876131411_958039263622046936_o.jpg?resize=700%2C400&ssl=1 2x"},"classes":[]},{"id":2851,"url":"https:\/\/www.grieta.org.mx\/index.php\/2015\/10\/28\/continua-la-lucha-contra-el-cimari-en-general-cepeda\/","url_meta":{"origin":2863,"position":2},"title":"Contin\u00faa la lucha contra el Cimari en General Cepeda","author":"grieta","date":"28 octubre, 2015","format":false,"excerpt":"La lucha en oposici\u00f3n a la construcci\u00f3n del confinamiento de residuos peligrosos en General Cepeda se mantiene en pie, as\u00ed lo afirm\u00f3 a VANGUARDIA una de las manifestantes originaria de Noria de la Sabina quien prefiri\u00f3 no dar su nombre debido a que las represalias no se han hecho esperar.\u2026","rel":"","context":"En &quot;CINTILLO&quot;","block_context":{"text":"CINTILLO","link":"https:\/\/www.grieta.org.mx\/index.php\/category\/cintillo\/"},"img":{"alt_text":"","src":"https:\/\/i0.wp.com\/www.grieta.org.mx\/wp-content\/uploads\/2018\/03\/14524434_1106112876131411_958039263622046936_o.jpg?resize=350%2C200&ssl=1","width":350,"height":200,"srcset":"https:\/\/i0.wp.com\/www.grieta.org.mx\/wp-content\/uploads\/2018\/03\/14524434_1106112876131411_958039263622046936_o.jpg?resize=350%2C200&ssl=1 1x, https:\/\/i0.wp.com\/www.grieta.org.mx\/wp-content\/uploads\/2018\/03\/14524434_1106112876131411_958039263622046936_o.jpg?resize=525%2C300&ssl=1 1.5x, https:\/\/i0.wp.com\/www.grieta.org.mx\/wp-content\/uploads\/2018\/03\/14524434_1106112876131411_958039263622046936_o.jpg?resize=700%2C400&ssl=1 2x"},"classes":[]},{"id":2857,"url":"https:\/\/www.grieta.org.mx\/index.php\/2015\/10\/20\/va-cimari-contra-ejidatarios\/","url_meta":{"origin":2863,"position":3},"title":"Va CIMARI contra ejidatarios","author":"grieta","date":"20 octubre, 2015","format":false,"excerpt":"General Cepeda, Coah.- La Audiencia de Formulaci\u00f3n de Imputaci\u00f3n por el delito de despojo contra campesinos que se apropiaron de los terrenos donde se construir\u00e1 el Centro Integral para el Manejo y Almacenamiento de Residuos Industriales (CIMARI), fue cancelada debido a la ausencia de los imputados, a quienes se les\u2026","rel":"","context":"En &quot;CINTILLO&quot;","block_context":{"text":"CINTILLO","link":"https:\/\/www.grieta.org.mx\/index.php\/category\/cintillo\/"},"img":{"alt_text":"","src":"https:\/\/i0.wp.com\/www.grieta.org.mx\/wp-content\/uploads\/2018\/03\/14524434_1106112876131411_958039263622046936_o.jpg?resize=350%2C200&ssl=1","width":350,"height":200,"srcset":"https:\/\/i0.wp.com\/www.grieta.org.mx\/wp-content\/uploads\/2018\/03\/14524434_1106112876131411_958039263622046936_o.jpg?resize=350%2C200&ssl=1 1x, https:\/\/i0.wp.com\/www.grieta.org.mx\/wp-content\/uploads\/2018\/03\/14524434_1106112876131411_958039263622046936_o.jpg?resize=525%2C300&ssl=1 1.5x, https:\/\/i0.wp.com\/www.grieta.org.mx\/wp-content\/uploads\/2018\/03\/14524434_1106112876131411_958039263622046936_o.jpg?resize=700%2C400&ssl=1 2x"},"classes":[]},{"id":2855,"url":"https:\/\/www.grieta.org.mx\/index.php\/2015\/10\/26\/va-semsa-contra-los-allanadores-del-cimari\/","url_meta":{"origin":2863,"position":4},"title":"Va SEMSA contra los allanadores del CIMARI","author":"grieta","date":"26 octubre, 2015","format":false,"excerpt":"General Cepeda.- Daniel Calvert Ram\u00edrez, titular de la Sociedad Ecol\u00f3gica Mexicana del Norte (SEMSA), empresa responsable de la construcci\u00f3n del Centro Integral para el Manejo de Residuos Industriales (CIMARI), asegur\u00f3 que la denuncia por despojo no va contra el obispo Ra\u00fal Vera L\u00f3pez, sino contra quienes resulten responsables del allanamiento\u2026","rel":"","context":"En &quot;CINTILLO&quot;","block_context":{"text":"CINTILLO","link":"https:\/\/www.grieta.org.mx\/index.php\/category\/cintillo\/"},"img":{"alt_text":"","src":"https:\/\/i0.wp.com\/www.grieta.org.mx\/wp-content\/uploads\/2018\/03\/14524434_1106112876131411_958039263622046936_o.jpg?resize=350%2C200&ssl=1","width":350,"height":200,"srcset":"https:\/\/i0.wp.com\/www.grieta.org.mx\/wp-content\/uploads\/2018\/03\/14524434_1106112876131411_958039263622046936_o.jpg?resize=350%2C200&ssl=1 1x, https:\/\/i0.wp.com\/www.grieta.org.mx\/wp-content\/uploads\/2018\/03\/14524434_1106112876131411_958039263622046936_o.jpg?resize=525%2C300&ssl=1 1.5x, https:\/\/i0.wp.com\/www.grieta.org.mx\/wp-content\/uploads\/2018\/03\/14524434_1106112876131411_958039263622046936_o.jpg?resize=700%2C400&ssl=1 2x"},"classes":[]},{"id":2944,"url":"https:\/\/www.grieta.org.mx\/index.php\/2015\/09\/04\/no-hay-marcha-atras-las-obras-del-cimari-no-se-detendran\/","url_meta":{"origin":2863,"position":5},"title":"No hay marcha atr\u00e1s, las obras del CIMARI no se detendr\u00e1n","author":"grieta","date":"4 septiembre, 2015","format":false,"excerpt":"Este viernes algunas manifestaciones se registraron en la presidencia municipal de General Cepeda, tras el inicio de la construcci\u00f3n del Centro Integral para el Manejo y Aprovechamiento de Residuos Industriales (CIMARI). Sin embargo, el alcalde de General Cepeda, Rodolfo Zamora, al parecer minimiz\u00f3 la situaci\u00f3n, pues sostuvo que los permisos\u2026","rel":"","context":"En &quot;CINTILLO&quot;","block_context":{"text":"CINTILLO","link":"https:\/\/www.grieta.org.mx\/index.php\/category\/cintillo\/"},"img":{"alt_text":"","src":"https:\/\/i0.wp.com\/www.grieta.org.mx\/wp-content\/uploads\/2018\/03\/14524434_1106112876131411_958039263622046936_o.jpg?resize=350%2C200&ssl=1","width":350,"height":200,"srcset":"https:\/\/i0.wp.com\/www.grieta.org.mx\/wp-content\/uploads\/2018\/03\/14524434_1106112876131411_958039263622046936_o.jpg?resize=350%2C200&ssl=1 1x, https:\/\/i0.wp.com\/www.grieta.org.mx\/wp-content\/uploads\/2018\/03\/14524434_1106112876131411_958039263622046936_o.jpg?resize=525%2C300&ssl=1 1.5x, https:\/\/i0.wp.com\/www.grieta.org.mx\/wp-content\/uploads\/2018\/03\/14524434_1106112876131411_958039263622046936_o.jpg?resize=700%2C400&ssl=1 2x"},"classes":[]}],"_links":{"self":[{"href":"https:\/\/www.grieta.org.mx\/index.php\/wp-json\/wp\/v2\/posts\/2863","targetHints":{"allow":["GET"]}}],"collection":[{"href":"https:\/\/www.grieta.org.mx\/index.php\/wp-json\/wp\/v2\/posts"}],"about":[{"href":"https:\/\/www.grieta.org.mx\/index.php\/wp-json\/wp\/v2\/types\/post"}],"author":[{"embeddable":true,"href":"https:\/\/www.grieta.org.mx\/index.php\/wp-json\/wp\/v2\/users\/2"}],"replies":[{"embeddable":true,"href":"https:\/\/www.grieta.org.mx\/index.php\/wp-json\/wp\/v2\/comments?post=2863"}],"version-history":[{"count":1,"href":"https:\/\/www.grieta.org.mx\/index.php\/wp-json\/wp\/v2\/posts\/2863\/revisions"}],"predecessor-version":[{"id":2866,"href":"https:\/\/www.grieta.org.mx\/index.php\/wp-json\/wp\/v2\/posts\/2863\/revisions\/2866"}],"wp:featuredmedia":[{"embeddable":true,"href":"https:\/\/www.grieta.org.mx\/index.php\/wp-json\/wp\/v2\/media\/21928"}],"wp:attachment":[{"href":"https:\/\/www.grieta.org.mx\/index.php\/wp-json\/wp\/v2\/media?parent=2863"}],"wp:term":[{"taxonomy":"category","embeddable":true,"href":"https:\/\/www.grieta.org.mx\/index.php\/wp-json\/wp\/v2\/categories?post=2863"},{"taxonomy":"post_tag","embeddable":true,"href":"https:\/\/www.grieta.org.mx\/index.php\/wp-json\/wp\/v2\/tags?post=2863"}],"curies":[{"name":"wp","href":"https:\/\/api.w.org\/{rel}","templated":true}]}}