{"id":28622,"date":"2019-01-27T23:44:04","date_gmt":"2019-01-28T05:44:04","guid":{"rendered":"http:\/\/www.grieta.org.mx\/?p=28622"},"modified":"2019-01-27T23:44:04","modified_gmt":"2019-01-28T05:44:04","slug":"juan-villafuerte-y-el-sjoiim-actuan-como-rompehuelgas-en-autoliv-tamaulipas","status":"publish","type":"post","link":"https:\/\/www.grieta.org.mx\/index.php\/2019\/01\/27\/juan-villafuerte-y-el-sjoiim-actuan-como-rompehuelgas-en-autoliv-tamaulipas\/","title":{"rendered":"Juan Villafuerte y el SJOIIM act\u00faan como rompehuelgas en Autoliv (Tamaulipas)"},"content":{"rendered":"<p>Javier Cast Aval \/ laizquierdadiario<\/p>\n<p>&nbsp;<\/p>\n<blockquote><p>En la madrugada de este 27 de Enero, el dirigente sindical del SJOIIM se present\u00f3 a la empresa Autoliv, en huelga, para llamar a los obreros a que vuelvan a trabajar. Declar\u00f3 haber recibido instrucciones del senador de Morena Ricardo Monreal.<\/p><\/blockquote>\n<p>Se cumplen ya 16 d\u00edas de lucha obrera en la ciudad de Matamoros e inicia el tercer d\u00eda de una huelga impulsada en m\u00e1s de 40 f\u00e1bricas, por m\u00e1s de 40 mil obreros maquiladores. Y una vez m\u00e1s los obreros han tenido que encarar las trampas de su dirigencia sindical traidora, la cual asegura esta vez que opera seg\u00fan las \u00f3rdenes del Senador Ricardo Monreal.<\/p>\n<p>Durante la madrugada de este domingo, cuando las guardias fuera de las f\u00e1bricas se encuentran m\u00e1s debilitadas num\u00e9ricamente y los trabajadores m\u00e1s agotados, Juan Villafuerte Morales, secretario general del Sindicato de Jornaleros y Obreros Industriales y de la Industria Maquiladora, perteneciente a la CTM, se present\u00f3 fuera de la empresa Autoliv. Ah\u00ed pidi\u00f3 a los obreros volver a trabajar y retirar las banderas rojinegras.<\/p>\n<p>El llamado a levantar la huelga fue a cambio, seg\u00fan Villafuerte, de \u201cllevar la negociaci\u00f3n a nivel federal\u201d, a una \u201cmesa al m\u00e1s alto nivel\u201d y por \u00f3rdenes del Senador Ricardo Monreal del Morena. Por supuesto, sin ofrecer respuesta alguna a sus demandas de aumento salarial y pago de bono anual.<\/p>\n<p>El abogado que acompa\u00f1aba al dirigente sindical acept\u00f3 que el levantamiento de la huelga era \u201cmoneda de cambio\u201d para la negociaci\u00f3n. Por si fuera poco, dijo que el llamado lo hac\u00eda &#8220;por la seguridad de todos&#8221;, a manera de intimidaci\u00f3n, al mismo tiempo que la polic\u00eda estatal aumentaba su presencia en los alrededores de la f\u00e1brica y en las entradas, en franca actitud amenazante.<\/p>\n<p>Una operaci\u00f3n m\u00e1s del charrismo y Morena contra la lucha<\/p>\n<p>No es la primera vez que el Morena act\u00faa contra los intereses y los justos reclamos de los obreros matamorenses, el presidente municipal de Matamoros neg\u00f3 desde el inicio la legitimidad de las exigencias de los trabajadores.<\/p>\n<p>Luego, horas antes de la huelga, el subsecretario de la Secretar\u00eda del Trabajo Alfredo Dom\u00ednguez, intent\u00f3 dar tiempo a las empresas, pidiendo al sindicato una pr\u00f3rroga de 10 d\u00edas para el estallamiento. Esto hubiese provocado desgastar a los obreros y dar margen a las empresas para seguir presionando a los trabajadores con despidos y la sustracci\u00f3n de maquinaria.<\/p>\n<p>Ahora, junto a los charros del SJOIIM- CTM, llaman a levantar la huelga a cambio de una negociaci\u00f3n a espaldas de los trabajadores en CDMX y sin garant\u00eda para sus exigencias. Esta vez, la trampa va acompa\u00f1ada del aumento de la intimidaci\u00f3n policial, de amenazas represivas.<\/p>\n<p>Hay que acompa\u00f1ar a los obreros en esta lucha y respaldar su decisi\u00f3n de continuar la huelga.<\/p>\n<p>Ante estas operaciones hechas contra los trabajadores y su Huelga, es indispensable que todos los sindicatos y organizaciones obreras, de izquierda, populares y estudiantiles respaldemos efectivamente la lucha de los compa\u00f1eros.<\/p>\n<p>Es necesario construir un fondo de lucha para que puedan encarar esta pr\u00f3xima etapa de huelga y rechazar cualquier amenaza represiva o intimidaci\u00f3n policial. No podemos dejar solos a los obreros de Matamoros que est\u00e1n dando un ejemplo hist\u00f3rico de lucha.<\/p>\n<p><a href=\"https:\/\/www.laizquierdadiario.mx\/Juan-Villafuerte-y-el-SJOIIM-actuan-como-rompehuelgas-en-Autoliv\" rel=\"noopener\" target=\"_blank\">https:\/\/www.laizquierdadiario.mx\/Juan-Villafuerte-y-el-SJOIIM-actuan-como-rompehuelgas-en-Autoliv<\/a><\/p>\n","protected":false},"excerpt":{"rendered":"<p>Javier Cast Aval \/ laizquierdadiario &nbsp; En la madrugada de este 27 de Enero, el dirigente sindical del SJOIIM se present\u00f3 a la empresa Autoliv, en huelga, para llamar a &hellip; <a href=\"https:\/\/www.grieta.org.mx\/index.php\/2019\/01\/27\/juan-villafuerte-y-el-sjoiim-actuan-como-rompehuelgas-en-autoliv-tamaulipas\/\" class=\"more-link\">Leer m\u00e1s<\/a><\/p>\n","protected":false},"author":2,"featured_media":21928,"comment_status":"closed","ping_status":"closed","sticky":false,"template":"","format":"standard","meta":{"ngg_post_thumbnail":0,"_jetpack_newsletter_access":"","_jetpack_dont_email_post_to_subs":false,"_jetpack_newsletter_tier_id":0,"_jetpack_memberships_contains_paywalled_content":false,"_jetpack_memberships_contains_paid_content":false,"footnotes":""},"categories":[80,910,1137,2011,2,33,259,83],"tags":[1291,104,326,2003,311,1958,1290,130,1323],"class_list":{"0":"post-28622","1":"post","2":"type-post","3":"status-publish","4":"format-standard","5":"has-post-thumbnail","6":"hentry","7":"category-cintillo","8":"category-explotacion-y-precariedad-laboral","9":"category-explotacion-y-precariedad-laboral-en-tamaulipas","10":"category-lucha-de-trabajadores-de-la-industria-maquiladora-en-tamaulipas","11":"category-noticias-nacionales","12":"category-tamaulipas","14":"category-temas-nacionales","15":"tag-explotacion-laboral","16":"tag-huelga","17":"tag-maquila","18":"tag-maquiladoras","19":"tag-matamoros","20":"tag-obrero","21":"tag-precariedad-laboral","22":"tag-represion","23":"tag-sindicato-corrupto","24":"entry"},"jetpack_featured_media_url":"https:\/\/www.grieta.org.mx\/wp-content\/uploads\/2018\/03\/14524434_1106112876131411_958039263622046936_o.jpg","jetpack_sharing_enabled":true,"jetpack_shortlink":"https:\/\/wp.me\/p7ZJR4-7rE","jetpack_likes_enabled":false,"jetpack-related-posts":[{"id":30585,"url":"https:\/\/www.grieta.org.mx\/index.php\/2019\/03\/12\/regresa-la-huelga-en-la-empresa-bulk-pack-en-matamoros-tamaulipas\/","url_meta":{"origin":28622,"position":0},"title":"Regresa la huelga en la empresa Bulk Pack en Matamoros (Tamaulipas)","author":"grieta","date":"12 marzo, 2019","format":false,"excerpt":"\u00c1ngel Arias \/ Hoy Tamaulipas La decisi\u00f3n se tom\u00f3 luego de que se present\u00f3 el despido de por lo menos 27 personas que participaron en el primer movimiento laboral, coment\u00f3 el l\u00edder sindical Juan Villafuerte Matamoros, Tamaulipas. - Las banderas rojinegras fueron instaladas de nueva cuenta en la empresa Bulk\u2026","rel":"","context":"En &quot;CINTILLO&quot;","block_context":{"text":"CINTILLO","link":"https:\/\/www.grieta.org.mx\/index.php\/category\/cintillo\/"},"img":{"alt_text":"","src":"https:\/\/i0.wp.com\/www.grieta.org.mx\/wp-content\/uploads\/2019\/03\/Regresa-la-huelga-en-la-empresa-Bulk-Pack-en-tama-mzo.jpg?resize=350%2C200","width":350,"height":200},"classes":[]},{"id":28793,"url":"https:\/\/www.grieta.org.mx\/index.php\/2019\/02\/04\/siguen-afuera-de-empresas-obreros-de-matamoros-que-aun-no-firman-contrato-tamaulipas\/","url_meta":{"origin":28622,"position":1},"title":"Siguen afuera de empresas obreros de Matamoros que a\u00fan no firman contrato (Tamaulipas)","author":"grieta","date":"4 febrero, 2019","format":false,"excerpt":"\u00c1ngel Arias \/ Hoy Tamaulipas Se tratan de las compa\u00f1\u00edas Varel de M\u00e9xico, Victoreen de M\u00e9xico, Kearfott Precisiones, Glasmex y Candados Universales, las que hasta el momento no han llegado a un acuerdo con el sindicato Matamoros, Tamaulipas.- En algunas empresas de Matamoros a\u00fan se puede observar a algunos obreros\u2026","rel":"","context":"En &quot;CINTILLO&quot;","block_context":{"text":"CINTILLO","link":"https:\/\/www.grieta.org.mx\/index.php\/category\/cintillo\/"},"img":{"alt_text":"","src":"https:\/\/i0.wp.com\/www.grieta.org.mx\/wp-content\/uploads\/2019\/02\/Siguen-afuera-de-empresas-obreros-de-Matamoros-que-aun-no-firman-contrato-feb.jpg?resize=350%2C200&ssl=1","width":350,"height":200,"srcset":"https:\/\/i0.wp.com\/www.grieta.org.mx\/wp-content\/uploads\/2019\/02\/Siguen-afuera-de-empresas-obreros-de-Matamoros-que-aun-no-firman-contrato-feb.jpg?resize=350%2C200&ssl=1 1x, https:\/\/i0.wp.com\/www.grieta.org.mx\/wp-content\/uploads\/2019\/02\/Siguen-afuera-de-empresas-obreros-de-Matamoros-que-aun-no-firman-contrato-feb.jpg?resize=525%2C300&ssl=1 1.5x, https:\/\/i0.wp.com\/www.grieta.org.mx\/wp-content\/uploads\/2019\/02\/Siguen-afuera-de-empresas-obreros-de-Matamoros-que-aun-no-firman-contrato-feb.jpg?resize=700%2C400&ssl=1 2x"},"classes":[]},{"id":28544,"url":"https:\/\/www.grieta.org.mx\/index.php\/2019\/01\/22\/matamoros-amanecio-con-marchas-de-obreros-tamaulipas\/","url_meta":{"origin":28622,"position":2},"title":"Matamoros amaneci\u00f3 con marchas de obreros (Tamaulipas)","author":"grieta","date":"22 enero, 2019","format":false,"excerpt":"\u00c1ngel Arias \/ hoytamaulipas Buscando presionar a los empresarios para que acepten el aumento del 20 por ciento que est\u00e1n pidiendo, los obreros volvieron a tomar las calles Matamoros, Tamaulipas.- Alrededor de dos mil trabajadores se la industria maquiladora marcharon al amanecer este lunes para presionar a los empresarios que\u2026","rel":"","context":"En &quot;CINTILLO&quot;","block_context":{"text":"CINTILLO","link":"https:\/\/www.grieta.org.mx\/index.php\/category\/cintillo\/"},"img":{"alt_text":"","src":"https:\/\/i0.wp.com\/www.grieta.org.mx\/wp-content\/uploads\/2019\/01\/Matamoros-amanecio-con-marchas-de-obreros.jpg?resize=350%2C200&ssl=1","width":350,"height":200,"srcset":"https:\/\/i0.wp.com\/www.grieta.org.mx\/wp-content\/uploads\/2019\/01\/Matamoros-amanecio-con-marchas-de-obreros.jpg?resize=350%2C200&ssl=1 1x, https:\/\/i0.wp.com\/www.grieta.org.mx\/wp-content\/uploads\/2019\/01\/Matamoros-amanecio-con-marchas-de-obreros.jpg?resize=525%2C300&ssl=1 1.5x, https:\/\/i0.wp.com\/www.grieta.org.mx\/wp-content\/uploads\/2019\/01\/Matamoros-amanecio-con-marchas-de-obreros.jpg?resize=700%2C400&ssl=1 2x"},"classes":[]},{"id":29209,"url":"https:\/\/www.grieta.org.mx\/index.php\/2019\/02\/18\/al-menos-700-trabajadores-de-coca-cola-en-matamoros-tamaulipas-tambien-se-van-a-huelga\/","url_meta":{"origin":28622,"position":3},"title":"Al menos 700 trabajadores de Coca Cola en Matamoros, Tamaulipas, tambi\u00e9n se van a huelga","author":"grieta","date":"18 febrero, 2019","format":false,"excerpt":"Redacci\u00f3n \/ Sin Embargo El pasado 14 de febrero, el Gobernador de Tamaulipas asegur\u00f3 que la estabilidad laboral en esa entidad, y en especial en la ciudad de Matamoros, \u201cse puede poner en riesgo\u201d por la huelga de maquiladoras registradas durante las \u00faltimas semanas. Ahora a este movimiento de protestas\u2026","rel":"","context":"En &quot;CINTILLO&quot;","block_context":{"text":"CINTILLO","link":"https:\/\/www.grieta.org.mx\/index.php\/category\/cintillo\/"},"img":{"alt_text":"","src":"https:\/\/i0.wp.com\/www.grieta.org.mx\/wp-content\/uploads\/2019\/02\/l-menos-700-trabajadores-de-Coca-Cola-en-Matamoros-Tamaulipas-tambi%C3%A9n-se-van-a-huelga-tama-feb.jpg?resize=350%2C200&ssl=1","width":350,"height":200,"srcset":"https:\/\/i0.wp.com\/www.grieta.org.mx\/wp-content\/uploads\/2019\/02\/l-menos-700-trabajadores-de-Coca-Cola-en-Matamoros-Tamaulipas-tambi%C3%A9n-se-van-a-huelga-tama-feb.jpg?resize=350%2C200&ssl=1 1x, https:\/\/i0.wp.com\/www.grieta.org.mx\/wp-content\/uploads\/2019\/02\/l-menos-700-trabajadores-de-Coca-Cola-en-Matamoros-Tamaulipas-tambi%C3%A9n-se-van-a-huelga-tama-feb.jpg?resize=525%2C300&ssl=1 1.5x, https:\/\/i0.wp.com\/www.grieta.org.mx\/wp-content\/uploads\/2019\/02\/l-menos-700-trabajadores-de-Coca-Cola-en-Matamoros-Tamaulipas-tambi%C3%A9n-se-van-a-huelga-tama-feb.jpg?resize=700%2C400&ssl=1 2x, https:\/\/i0.wp.com\/www.grieta.org.mx\/wp-content\/uploads\/2019\/02\/l-menos-700-trabajadores-de-Coca-Cola-en-Matamoros-Tamaulipas-tambi%C3%A9n-se-van-a-huelga-tama-feb.jpg?resize=1050%2C600&ssl=1 3x"},"classes":[]},{"id":28425,"url":"https:\/\/www.grieta.org.mx\/index.php\/2019\/01\/18\/despiden-a-obreros-de-matamoros-por-participar-en-huelga-tamaulipas\/","url_meta":{"origin":28622,"position":4},"title":"Despiden a obreros de Matamoros por participar en huelga (Tamaulipas)","author":"grieta","date":"18 enero, 2019","format":false,"excerpt":"\u00c1ngel Arias \/ hoytamaulipas Alrededor de 25 obreros de la empresa Cepillos fueron dados de baja por participar en el paro laboral, que es considerado ilegal por parte de los empresarios Matamoros, Tamaulipas. - Alrededor de 25 obreros de la empresa de Cepillos de Matamoros fueron despedidas tras participar en\u2026","rel":"","context":"En &quot;CINTILLO&quot;","block_context":{"text":"CINTILLO","link":"https:\/\/www.grieta.org.mx\/index.php\/category\/cintillo\/"},"img":{"alt_text":"","src":"https:\/\/i0.wp.com\/www.grieta.org.mx\/wp-content\/uploads\/2019\/01\/Despiden-a-obreros-de-Matamoros-por-participar-en-huelga.jpg?resize=350%2C200&ssl=1","width":350,"height":200,"srcset":"https:\/\/i0.wp.com\/www.grieta.org.mx\/wp-content\/uploads\/2019\/01\/Despiden-a-obreros-de-Matamoros-por-participar-en-huelga.jpg?resize=350%2C200&ssl=1 1x, https:\/\/i0.wp.com\/www.grieta.org.mx\/wp-content\/uploads\/2019\/01\/Despiden-a-obreros-de-Matamoros-por-participar-en-huelga.jpg?resize=525%2C300&ssl=1 1.5x, https:\/\/i0.wp.com\/www.grieta.org.mx\/wp-content\/uploads\/2019\/01\/Despiden-a-obreros-de-Matamoros-por-participar-en-huelga.jpg?resize=700%2C400&ssl=1 2x"},"classes":[]},{"id":29815,"url":"https:\/\/www.grieta.org.mx\/index.php\/2019\/03\/01\/suman-4-mil-obreros-dados-de-baja-en-maquiladoras-de-matamoros-tamaulipas\/","url_meta":{"origin":28622,"position":5},"title":"Suman 4 mil obreros dados de baja en maquiladoras de Matamoros (Tamaulipas)","author":"grieta","date":"1 marzo, 2019","format":false,"excerpt":"Miguel Jim\u00e9nez \/ El Ma\u00f1ana Tres empresas se mantienen firmes en salir tras los \u00b4paros locos\u00b4 Matamoros, Tam. La Confederaci\u00f3n Patronal de la Rep\u00fablica Mexicana (Coparmex), confirm\u00f3 que ya son cuatro mil los obreros que han sido dados de baja en la industria maquiladora luego de las huelgas y \"paros\u2026","rel":"","context":"En &quot;CINTILLO&quot;","block_context":{"text":"CINTILLO","link":"https:\/\/www.grieta.org.mx\/index.php\/category\/cintillo\/"},"img":{"alt_text":"","src":"https:\/\/i0.wp.com\/www.grieta.org.mx\/wp-content\/uploads\/2019\/03\/Suman-4-mil-obreros-dados-de-baja-en-maquiladoras-de-Matamoros-tama-mzo.jpg?resize=350%2C200","width":350,"height":200},"classes":[]}],"_links":{"self":[{"href":"https:\/\/www.grieta.org.mx\/index.php\/wp-json\/wp\/v2\/posts\/28622","targetHints":{"allow":["GET"]}}],"collection":[{"href":"https:\/\/www.grieta.org.mx\/index.php\/wp-json\/wp\/v2\/posts"}],"about":[{"href":"https:\/\/www.grieta.org.mx\/index.php\/wp-json\/wp\/v2\/types\/post"}],"author":[{"embeddable":true,"href":"https:\/\/www.grieta.org.mx\/index.php\/wp-json\/wp\/v2\/users\/2"}],"replies":[{"embeddable":true,"href":"https:\/\/www.grieta.org.mx\/index.php\/wp-json\/wp\/v2\/comments?post=28622"}],"version-history":[{"count":1,"href":"https:\/\/www.grieta.org.mx\/index.php\/wp-json\/wp\/v2\/posts\/28622\/revisions"}],"predecessor-version":[{"id":28623,"href":"https:\/\/www.grieta.org.mx\/index.php\/wp-json\/wp\/v2\/posts\/28622\/revisions\/28623"}],"wp:featuredmedia":[{"embeddable":true,"href":"https:\/\/www.grieta.org.mx\/index.php\/wp-json\/wp\/v2\/media\/21928"}],"wp:attachment":[{"href":"https:\/\/www.grieta.org.mx\/index.php\/wp-json\/wp\/v2\/media?parent=28622"}],"wp:term":[{"taxonomy":"category","embeddable":true,"href":"https:\/\/www.grieta.org.mx\/index.php\/wp-json\/wp\/v2\/categories?post=28622"},{"taxonomy":"post_tag","embeddable":true,"href":"https:\/\/www.grieta.org.mx\/index.php\/wp-json\/wp\/v2\/tags?post=28622"}],"curies":[{"name":"wp","href":"https:\/\/api.w.org\/{rel}","templated":true}]}}