{"id":2861,"date":"2015-10-18T19:36:00","date_gmt":"2015-10-18T19:36:00","guid":{"rendered":"http:\/\/50.22.11.12\/~grietaor\/?p=2861"},"modified":"2016-03-13T19:37:52","modified_gmt":"2016-03-13T19:37:52","slug":"ejidatarios-que-se-oponen-a-la-construccion-de-basurero-toxico-en-su-comunidad-son-acusados-de-despojo","status":"publish","type":"post","link":"https:\/\/www.grieta.org.mx\/index.php\/2015\/10\/18\/ejidatarios-que-se-oponen-a-la-construccion-de-basurero-toxico-en-su-comunidad-son-acusados-de-despojo\/","title":{"rendered":"Ejidatarios que se oponen a la construcci\u00f3n de basurero t\u00f3xico en su comunidad son acusados de despojo"},"content":{"rendered":"<p>(18 de octubre, 2015).-  Acusados por despojo de inmueble, al menos dos de los integrantes del movimiento en contra del confinamiento de residuos peligrosos en General Cepeda, Coahuila recibieron este viernes citatorios para una audiencia judicial.<\/p>\n<p>En julio pasado, Revoluci\u00f3n TRESPUNTOCERO dio a conocer que con amenazas, sabotajes a reuniones pac\u00edficas, d\u00e1divas y divisi\u00f3n entre los habitantes de General Cepeda, uno de los municipios m\u00e1s pobres de Coahuila, autoridades federales, estatales y el empresario Daniel Calvert buscaban imponer la construcci\u00f3n de un basurero t\u00f3xico.<\/p>\n<p>De concluirse el Centro Integral para el Manejo de Residuos Industriales (Cimari), de la empresa Sociedad Ecol\u00f3gica Mexicana del Norte, filial de Grupo Ecolimpio, que cuenta con accidentes industriales en su historial, se confinar\u00edan metales pesados y lodos impregnados con hidrocarburos, a tan s\u00f3lo 2.5 kil\u00f3metros del poblado m\u00e1s cercano.<\/p>\n<p>En su lucha contra el basurero t\u00f3xico, los habitantes del poblado han padecido la indiferencia de las autoridades locales y el tr\u00e1fico de influencias ha decir por ellos, adem\u00e1s de la presencia de polic\u00eda estatal y municipal a manera de intimidaci\u00f3n. Los citatorios son el m\u00e1s reciente recurso en contra del pueblo, aseguran los integrantes del movimiento, firmados por Olga Deyanira Fuentes Ramos, Juez de Primera Instancia en Materia Penal del Sistema Acusatorio y Oral de Saltillo, los documentos fueron entregados en el ejido Noria de la Sabina.<\/p>\n<p>En ese ejido cepedense, desde el 6 de octubre pasado un grupo de campesinos mantienen bloqueada la entrada al predio donde hasta ese momento se constru\u00eda el Cimari. Los documentos fueron dirigidos a Pedro Hern\u00e1ndez Delgado, ejidatario de Noria de la Sabina, y a Pedro Vielma Rodr\u00edguez, comisariado Ejidal de San Antonio del Jaral, otra de las comunidades que se oponen al confinamiento por considerar que contaminar\u00e1 la tierra y el agua de la regi\u00f3n.<\/p>\n<p>Los imputados fueron citados a una audiencia inicial el lunes 19 de octubre a las 11:00 horas. De acuerdo al documento est\u00e1n acusados del delito de despojo de inmueble y se les advierte que de no presentarse se podr\u00e1 girar una orden de comparecencia en su contra.<\/p>\n<p>\u201cYo no voy a ir porque no he hecho nada malo, no he cometido ni un error, no he robado ni matado, ni nada\u201d, expres\u00f3 Pedro Vielma, \u201cnosotros estamos defendiendo nuestras tierras, porque nosotros ah\u00ed vivimos, \u00bfy para d\u00f3nde vamos a agarrar si nos van a contaminar todo?\u201d.<\/p>\n<p>\u201cQue vengan aqu\u00ed ellos, que se presenten aqu\u00ed en el terreno, nosotros qu\u00e9 tenemos que ir a hacer en las oficinas de ellos\u201d, dijo por su parte Pedro Hern\u00e1ndez, \u201cnosotros estamos peleando nuestro terreno por eso estamos aqu\u00ed\u201d. Los campesinos expresaron que se trata de una forma de intimidaci\u00f3n, pero afirmaron que no los har\u00e1n claudicar en su lucha.<\/p>\n<p>\u201cSomos muchos\u201d, manifest\u00f3 Hern\u00e1ndez, \u201cyo no me mando solo, manda la gente, somos 20 ejidos a quienes nos van a perjudicar por lo pronto, ya despu\u00e9s van a ir contaminando m\u00e1s ejidos\u201d.<\/p>\n<p>Los campesinos insistieron en que no est\u00e1n invadiendo propiedad privada porque el camino donde se encuentra el campamento se \u201cvendi\u00f3\u201d de forma ilegal a Javier Calder\u00f3n, representante de la empresa Sociedad Ecol\u00f3gica Mexicana del Norte (SEMNSA).<\/p>\n<p>El tr\u00e1mite de redestino de las tierras ejidales, donde el camino pas\u00f3 de ser de uso com\u00fan a un predio parcelado y bajo la posesi\u00f3n de SEMNSA, se firm\u00f3 el 31 de agosto de 2014 con el aval de 28 de los 37 ejidatarios de Noria de la Sabina, m\u00e1s del 75 % requerido por la Procuradur\u00eda Agraria.<\/p>\n<p>No obstante, los inconformes aseguran que fueron enga\u00f1ados porque no se dijo que servir\u00eda para la construcci\u00f3n de un confinamiento de residuos peligrosos y que fueron vendidas 45 hect\u00e1reas a 2 mil pesos cada una.<\/p>\n<p>Entre las afectaciones a los 6 mil habitantes m\u00e1s pr\u00f3ximos al proyecto, los denunciantes prev\u00e9n la dispersi\u00f3n de t\u00f3xicos por aire, al ser una zona de viento; la contaminaci\u00f3n del agua, incluyendo a la presa El Tulillo, en una zona semides\u00e9rtica en la que los poblados dependen del abastecimiento de pozos artesianos; enfermedades por contaminaci\u00f3n que los campesinos no tendr\u00edan capacidad de afrontar econ\u00f3micamente, y la p\u00e9rdida de valor de las tierras y un consiguiente desplazamiento, pues de acuerdo con los pobladores, \u201cya nadie querr\u00eda invertir en donde hay un confinamiento t\u00f3xico\u201d.<\/p>\n<p>Los denunciantes se\u00f1alaron que la empresa consigui\u00f3 el permiso de la Secretar\u00eda del Medio Ambiente y Recursos Naturales (Semarnat) \u201cen lo oscurito\u201d. De la misma forma le fue otorgado el cambio de uso de suelo municipal; est\u00e1 pendiente el permiso de construcci\u00f3n municipal. Adem\u00e1s, precisaron, la empresa pas\u00f3 por alto la consulta previa que debe hacer.<\/p>\n<p>La ley ambiental establece que para poder realizar un proyecto como el Cimari es necesario promover una consulta p\u00fablica, y que el resumen del proyecto debe publicarse en un peri\u00f3dico de gran difusi\u00f3n. Grupo Ecolimpio lo hizo en un peri\u00f3dico de escas\u00edsima circulaci\u00f3n, El Heraldo de Saltillo. As\u00ed, el 18 de octubre de 2014 la Direcci\u00f3n General de Impacto y Riesgo Ambiental de la Semarnat otorg\u00f3 la autorizaci\u00f3n en materia de impacto ambiental. Hasta ahora, 22 autoridades ejidales han manifestado su oposici\u00f3n al proyecto.<\/p>\n<p>Los ejidatarios han lamentado que M\u00e9xico no cuente con regulaci\u00f3n estricta sobre residuos t\u00f3xicos ni con funcionarios competentes y honestos, adem\u00e1s de que por la corrupci\u00f3n existente \u201clo que hay queda en letra muerta\u201d.<\/p>\n<p><a href=\"http:\/\/revoluciontrespuntocero.com\/ejidatarios-que-se-oponen-a-la-construccion-de-basurero-toxico-en-su-comunidad-son-acusados-de-despojo\" target=\"_blank\">revoluciontrespuntocero.com\/ejidatarios-que-se-oponen-a-la-construccion-de-basurero-toxico-en-su-comunidad-son-acusados-de-despojo<\/a><\/p>\n","protected":false},"excerpt":{"rendered":"<p>(18 de octubre, 2015).- Acusados por despojo de inmueble, al menos dos de los integrantes del movimiento en contra del confinamiento de residuos peligrosos en General Cepeda, Coahuila recibieron este &hellip; <a href=\"https:\/\/www.grieta.org.mx\/index.php\/2015\/10\/18\/ejidatarios-que-se-oponen-a-la-construccion-de-basurero-toxico-en-su-comunidad-son-acusados-de-despojo\/\" class=\"more-link\">Leer m\u00e1s<\/a><\/p>\n","protected":false},"author":2,"featured_media":21928,"comment_status":"closed","ping_status":"open","sticky":false,"template":"","format":"standard","meta":{"ngg_post_thumbnail":0,"_jetpack_newsletter_access":"","_jetpack_dont_email_post_to_subs":false,"_jetpack_newsletter_tier_id":0,"_jetpack_memberships_contains_paywalled_content":false,"_jetpack_memberships_contains_paid_content":false,"footnotes":""},"categories":[80],"tags":[287,288,91,174],"class_list":["post-2861","post","type-post","status-publish","format-standard","has-post-thumbnail","hentry","category-cintillo","tag-basurero-toxico","tag-cimari","tag-contaminacion-ambiental","tag-derechos-humanos","entry"],"jetpack_featured_media_url":"https:\/\/www.grieta.org.mx\/wp-content\/uploads\/2018\/03\/14524434_1106112876131411_958039263622046936_o.jpg","jetpack_sharing_enabled":true,"jetpack_shortlink":"https:\/\/wp.me\/p7ZJR4-K9","jetpack_likes_enabled":false,"jetpack-related-posts":[{"id":6683,"url":"https:\/\/www.grieta.org.mx\/index.php\/2016\/02\/08\/coahuilenses-se-movilizan-para-detener-construccion-de-basurero-toxico\/","url_meta":{"origin":2861,"position":0},"title":"Coahuilenses se movilizan para detener construcci\u00f3n de basurero t\u00f3xico","author":"grieta","date":"8 febrero, 2016","format":false,"excerpt":"08\/02\/16. Marchan contra basurero t\u00f3xico Reforma 28\/10\/15. Contin\u00faa la lucha contra el Cimari en General Cepeda Vanguardia 27\/10\/15. Pobladores del norte de M\u00e9xico rechazan vivir con 64,000 toneladas de desechos t\u00f3xicos La opini\u00f3n 26\/10\/15. Va SEMSA contra los allanadores del CIMARI Z\u00f3calo Saltillo 20\/10\/15. Va CIMARI contra ejidatarios Z\u00f3calo Saltillo\u2026","rel":"","context":"En &quot;Coahuila&quot;","block_context":{"text":"Coahuila","link":"https:\/\/www.grieta.org.mx\/index.php\/category\/noticias-nacionales\/coahuila\/"},"img":{"alt_text":"","src":"https:\/\/i0.wp.com\/www.grieta.org.mx\/wp-content\/uploads\/2018\/03\/14524434_1106112876131411_958039263622046936_o.jpg?resize=350%2C200&ssl=1","width":350,"height":200,"srcset":"https:\/\/i0.wp.com\/www.grieta.org.mx\/wp-content\/uploads\/2018\/03\/14524434_1106112876131411_958039263622046936_o.jpg?resize=350%2C200&ssl=1 1x, https:\/\/i0.wp.com\/www.grieta.org.mx\/wp-content\/uploads\/2018\/03\/14524434_1106112876131411_958039263622046936_o.jpg?resize=525%2C300&ssl=1 1.5x, https:\/\/i0.wp.com\/www.grieta.org.mx\/wp-content\/uploads\/2018\/03\/14524434_1106112876131411_958039263622046936_o.jpg?resize=700%2C400&ssl=1 2x"},"classes":[]},{"id":2848,"url":"https:\/\/www.grieta.org.mx\/index.php\/2016\/02\/08\/marchan-contra-basurero-toxico\/","url_meta":{"origin":2861,"position":1},"title":"Marchan contra basurero t\u00f3xico","author":"grieta","date":"8 febrero, 2016","format":false,"excerpt":"Rolando Chac\u00f3n \/ Corresponsal Saltillo, M\u00e9xico (08 febrero 2016).- Cientos de campesinos de zonas rurales y habitantes del municipio de General Cepeda, Coahuila, marcharon durante tres d\u00edas unos 60 kil\u00f3metros para reiterar su rechazo a un basurero t\u00f3xico que est\u00e1 en construcci\u00f3n en el ejido Noria de la Sabina. Se\u2026","rel":"","context":"En &quot;CINTILLO&quot;","block_context":{"text":"CINTILLO","link":"https:\/\/www.grieta.org.mx\/index.php\/category\/cintillo\/"},"img":{"alt_text":"","src":"https:\/\/i0.wp.com\/www.grieta.org.mx\/wp-content\/uploads\/2018\/03\/14524434_1106112876131411_958039263622046936_o.jpg?resize=350%2C200&ssl=1","width":350,"height":200,"srcset":"https:\/\/i0.wp.com\/www.grieta.org.mx\/wp-content\/uploads\/2018\/03\/14524434_1106112876131411_958039263622046936_o.jpg?resize=350%2C200&ssl=1 1x, https:\/\/i0.wp.com\/www.grieta.org.mx\/wp-content\/uploads\/2018\/03\/14524434_1106112876131411_958039263622046936_o.jpg?resize=525%2C300&ssl=1 1.5x, https:\/\/i0.wp.com\/www.grieta.org.mx\/wp-content\/uploads\/2018\/03\/14524434_1106112876131411_958039263622046936_o.jpg?resize=700%2C400&ssl=1 2x"},"classes":[]},{"id":2952,"url":"https:\/\/www.grieta.org.mx\/index.php\/2015\/07\/26\/coahuila-seria-el-tiradero-toxico-de-todo-mexico\/","url_meta":{"origin":2861,"position":2},"title":"Coahuila ser\u00eda el tiradero t\u00f3xico de todo M\u00e9xico","author":"grieta","date":"26 julio, 2015","format":false,"excerpt":"Ramos Arizpe, Coahuila.- Con la construcci\u00f3n de un nuevo Centro Integral para el Manejo y Aprovechamiento de Residuos Industriales (CIMARI) en el municipio de General Cepeda, Coahuila se convertir\u00eda en el \u201ctiradero\u201d de residuos peligrosos del pa\u00eds, ya que ser\u00eda la \u00fanica entidad con dos centros de confinamiento en todo\u2026","rel":"","context":"En &quot;CINTILLO&quot;","block_context":{"text":"CINTILLO","link":"https:\/\/www.grieta.org.mx\/index.php\/category\/cintillo\/"},"img":{"alt_text":"","src":"https:\/\/i0.wp.com\/www.grieta.org.mx\/wp-content\/uploads\/2018\/03\/14524434_1106112876131411_958039263622046936_o.jpg?resize=350%2C200&ssl=1","width":350,"height":200,"srcset":"https:\/\/i0.wp.com\/www.grieta.org.mx\/wp-content\/uploads\/2018\/03\/14524434_1106112876131411_958039263622046936_o.jpg?resize=350%2C200&ssl=1 1x, https:\/\/i0.wp.com\/www.grieta.org.mx\/wp-content\/uploads\/2018\/03\/14524434_1106112876131411_958039263622046936_o.jpg?resize=525%2C300&ssl=1 1.5x, https:\/\/i0.wp.com\/www.grieta.org.mx\/wp-content\/uploads\/2018\/03\/14524434_1106112876131411_958039263622046936_o.jpg?resize=700%2C400&ssl=1 2x"},"classes":[]},{"id":2851,"url":"https:\/\/www.grieta.org.mx\/index.php\/2015\/10\/28\/continua-la-lucha-contra-el-cimari-en-general-cepeda\/","url_meta":{"origin":2861,"position":3},"title":"Contin\u00faa la lucha contra el Cimari en General Cepeda","author":"grieta","date":"28 octubre, 2015","format":false,"excerpt":"La lucha en oposici\u00f3n a la construcci\u00f3n del confinamiento de residuos peligrosos en General Cepeda se mantiene en pie, as\u00ed lo afirm\u00f3 a VANGUARDIA una de las manifestantes originaria de Noria de la Sabina quien prefiri\u00f3 no dar su nombre debido a que las represalias no se han hecho esperar.\u2026","rel":"","context":"En &quot;CINTILLO&quot;","block_context":{"text":"CINTILLO","link":"https:\/\/www.grieta.org.mx\/index.php\/category\/cintillo\/"},"img":{"alt_text":"","src":"https:\/\/i0.wp.com\/www.grieta.org.mx\/wp-content\/uploads\/2018\/03\/14524434_1106112876131411_958039263622046936_o.jpg?resize=350%2C200&ssl=1","width":350,"height":200,"srcset":"https:\/\/i0.wp.com\/www.grieta.org.mx\/wp-content\/uploads\/2018\/03\/14524434_1106112876131411_958039263622046936_o.jpg?resize=350%2C200&ssl=1 1x, https:\/\/i0.wp.com\/www.grieta.org.mx\/wp-content\/uploads\/2018\/03\/14524434_1106112876131411_958039263622046936_o.jpg?resize=525%2C300&ssl=1 1.5x, https:\/\/i0.wp.com\/www.grieta.org.mx\/wp-content\/uploads\/2018\/03\/14524434_1106112876131411_958039263622046936_o.jpg?resize=700%2C400&ssl=1 2x"},"classes":[]},{"id":2869,"url":"https:\/\/www.grieta.org.mx\/index.php\/2015\/10\/07\/protestan-pobladores-contra-instalacion-de-un-basurero-toxico-en-ejido-de-coahuila\/","url_meta":{"origin":2861,"position":4},"title":"Protestan pobladores contra instalaci\u00f3n de un basurero t\u00f3xico en ejido de Coahuila","author":"grieta","date":"7 octubre, 2015","format":false,"excerpt":"M\u00c9XICO, D.F. (apro).- Habitantes del municipio General Cepeda, Coahuila, bloquearon el acceso principal al ejido Noria de la Sabina, para evitar la instalaci\u00f3n del Centro Integral para el Manejo y Confinamiento de Residuos Industriales (Cimari) en ese lugar. Desde las 8 de la ma\u00f1ana de este mi\u00e9rcoles, un grupo de\u2026","rel":"","context":"En &quot;CINTILLO&quot;","block_context":{"text":"CINTILLO","link":"https:\/\/www.grieta.org.mx\/index.php\/category\/cintillo\/"},"img":{"alt_text":"","src":"https:\/\/i0.wp.com\/www.grieta.org.mx\/wp-content\/uploads\/2018\/03\/14524434_1106112876131411_958039263622046936_o.jpg?resize=350%2C200&ssl=1","width":350,"height":200,"srcset":"https:\/\/i0.wp.com\/www.grieta.org.mx\/wp-content\/uploads\/2018\/03\/14524434_1106112876131411_958039263622046936_o.jpg?resize=350%2C200&ssl=1 1x, https:\/\/i0.wp.com\/www.grieta.org.mx\/wp-content\/uploads\/2018\/03\/14524434_1106112876131411_958039263622046936_o.jpg?resize=525%2C300&ssl=1 1.5x, https:\/\/i0.wp.com\/www.grieta.org.mx\/wp-content\/uploads\/2018\/03\/14524434_1106112876131411_958039263622046936_o.jpg?resize=700%2C400&ssl=1 2x"},"classes":[]},{"id":2959,"url":"https:\/\/www.grieta.org.mx\/index.php\/2015\/07\/14\/toman-alcaldia-de-municipio-en-coahuila-exigen-revocar-permiso-a-basurero-toxico\/","url_meta":{"origin":2861,"position":5},"title":"Toman alcald\u00eda de municipio en Coahuila; exigen revocar permiso a basurero t\u00f3xico","author":"grieta","date":"14 julio, 2015","format":false,"excerpt":"GENERAL CEPEDA, Coah., (proceso.com.mx).- Un grupo de campesinos tom\u00f3 la alcald\u00eda de este municipio para exigir al edil negar un permiso de construcci\u00f3n a una empresa que pretende situar un confinamiento de desechos t\u00f3xicos en ese municipio. Alrededor de 300 ejidatarios de diversas comunidades arribaron la tarde del lunes a\u2026","rel":"","context":"En &quot;CINTILLO&quot;","block_context":{"text":"CINTILLO","link":"https:\/\/www.grieta.org.mx\/index.php\/category\/cintillo\/"},"img":{"alt_text":"","src":"https:\/\/i0.wp.com\/www.grieta.org.mx\/wp-content\/uploads\/2018\/03\/14524434_1106112876131411_958039263622046936_o.jpg?resize=350%2C200&ssl=1","width":350,"height":200,"srcset":"https:\/\/i0.wp.com\/www.grieta.org.mx\/wp-content\/uploads\/2018\/03\/14524434_1106112876131411_958039263622046936_o.jpg?resize=350%2C200&ssl=1 1x, https:\/\/i0.wp.com\/www.grieta.org.mx\/wp-content\/uploads\/2018\/03\/14524434_1106112876131411_958039263622046936_o.jpg?resize=525%2C300&ssl=1 1.5x, https:\/\/i0.wp.com\/www.grieta.org.mx\/wp-content\/uploads\/2018\/03\/14524434_1106112876131411_958039263622046936_o.jpg?resize=700%2C400&ssl=1 2x"},"classes":[]}],"_links":{"self":[{"href":"https:\/\/www.grieta.org.mx\/index.php\/wp-json\/wp\/v2\/posts\/2861","targetHints":{"allow":["GET"]}}],"collection":[{"href":"https:\/\/www.grieta.org.mx\/index.php\/wp-json\/wp\/v2\/posts"}],"about":[{"href":"https:\/\/www.grieta.org.mx\/index.php\/wp-json\/wp\/v2\/types\/post"}],"author":[{"embeddable":true,"href":"https:\/\/www.grieta.org.mx\/index.php\/wp-json\/wp\/v2\/users\/2"}],"replies":[{"embeddable":true,"href":"https:\/\/www.grieta.org.mx\/index.php\/wp-json\/wp\/v2\/comments?post=2861"}],"version-history":[{"count":1,"href":"https:\/\/www.grieta.org.mx\/index.php\/wp-json\/wp\/v2\/posts\/2861\/revisions"}],"predecessor-version":[{"id":2862,"href":"https:\/\/www.grieta.org.mx\/index.php\/wp-json\/wp\/v2\/posts\/2861\/revisions\/2862"}],"wp:featuredmedia":[{"embeddable":true,"href":"https:\/\/www.grieta.org.mx\/index.php\/wp-json\/wp\/v2\/media\/21928"}],"wp:attachment":[{"href":"https:\/\/www.grieta.org.mx\/index.php\/wp-json\/wp\/v2\/media?parent=2861"}],"wp:term":[{"taxonomy":"category","embeddable":true,"href":"https:\/\/www.grieta.org.mx\/index.php\/wp-json\/wp\/v2\/categories?post=2861"},{"taxonomy":"post_tag","embeddable":true,"href":"https:\/\/www.grieta.org.mx\/index.php\/wp-json\/wp\/v2\/tags?post=2861"}],"curies":[{"name":"wp","href":"https:\/\/api.w.org\/{rel}","templated":true}]}}