{"id":28608,"date":"2019-01-25T23:56:24","date_gmt":"2019-01-26T05:56:24","guid":{"rendered":"http:\/\/www.grieta.org.mx\/?p=28608"},"modified":"2019-01-25T23:59:56","modified_gmt":"2019-01-26T05:59:56","slug":"militares-le-disparan-a-una-joven-y-la-presionan-para-que-les-de-su-perdon-tamaulipas","status":"publish","type":"post","link":"https:\/\/www.grieta.org.mx\/index.php\/2019\/01\/25\/militares-le-disparan-a-una-joven-y-la-presionan-para-que-les-de-su-perdon-tamaulipas\/","title":{"rendered":"Militares le disparan a una joven y la presionan para que les d\u00e9 su \u201cperd\u00f3n\u201d (Tamaulipas)"},"content":{"rendered":"<p><img loading=\"lazy\" decoding=\"async\" data-attachment-id=\"28609\" data-permalink=\"https:\/\/www.grieta.org.mx\/index.php\/2019\/01\/25\/militares-le-disparan-a-una-joven-y-la-presionan-para-que-les-de-su-perdon-tamaulipas\/militares-le-disparan-a-una-joven-y-la-presionan-para-que-les-de-su-perdon-tamaulipas\/\" data-orig-file=\"https:\/\/www.grieta.org.mx\/wp-content\/uploads\/2019\/01\/Militares-le-disparan-a-una-joven-y-la-presionan-para-que-les-d\u00e9-su-\u201cperd\u00f3n\u201d-tamaulipas.jpg\" data-orig-size=\"1024,655\" data-comments-opened=\"0\" data-image-meta=\"{&quot;aperture&quot;:&quot;0&quot;,&quot;credit&quot;:&quot;&quot;,&quot;camera&quot;:&quot;&quot;,&quot;caption&quot;:&quot;&quot;,&quot;created_timestamp&quot;:&quot;0&quot;,&quot;copyright&quot;:&quot;&quot;,&quot;focal_length&quot;:&quot;0&quot;,&quot;iso&quot;:&quot;0&quot;,&quot;shutter_speed&quot;:&quot;0&quot;,&quot;title&quot;:&quot;&quot;,&quot;orientation&quot;:&quot;0&quot;}\" data-image-title=\"Militares le disparan a una joven y la presionan para que les d\u00e9 su \u201cperd\u00f3n\u201d tamaulipas\" data-image-description=\"\" data-image-caption=\"\" data-medium-file=\"https:\/\/www.grieta.org.mx\/wp-content\/uploads\/2019\/01\/Militares-le-disparan-a-una-joven-y-la-presionan-para-que-les-d\u00e9-su-\u201cperd\u00f3n\u201d-tamaulipas-300x192.jpg\" data-large-file=\"https:\/\/www.grieta.org.mx\/wp-content\/uploads\/2019\/01\/Militares-le-disparan-a-una-joven-y-la-presionan-para-que-les-d\u00e9-su-\u201cperd\u00f3n\u201d-tamaulipas-1024x655.jpg\" class=\"aligncenter wp-image-28609\" src=\"http:\/\/www.grieta.org.mx\/wp-content\/uploads\/2019\/01\/Militares-le-disparan-a-una-joven-y-la-presionan-para-que-les-d\u00e9-su-\u201cperd\u00f3n\u201d-tamaulipas.jpg\" alt=\"\" width=\"720\" height=\"461\" srcset=\"https:\/\/www.grieta.org.mx\/wp-content\/uploads\/2019\/01\/Militares-le-disparan-a-una-joven-y-la-presionan-para-que-les-d\u00e9-su-\u201cperd\u00f3n\u201d-tamaulipas.jpg 1024w, https:\/\/www.grieta.org.mx\/wp-content\/uploads\/2019\/01\/Militares-le-disparan-a-una-joven-y-la-presionan-para-que-les-d\u00e9-su-\u201cperd\u00f3n\u201d-tamaulipas-300x192.jpg 300w, https:\/\/www.grieta.org.mx\/wp-content\/uploads\/2019\/01\/Militares-le-disparan-a-una-joven-y-la-presionan-para-que-les-d\u00e9-su-\u201cperd\u00f3n\u201d-tamaulipas-768x491.jpg 768w, https:\/\/www.grieta.org.mx\/wp-content\/uploads\/2019\/01\/Militares-le-disparan-a-una-joven-y-la-presionan-para-que-les-d\u00e9-su-\u201cperd\u00f3n\u201d-tamaulipas-782x500.jpg 782w\" sizes=\"auto, (max-width: 720px) 100vw, 720px\" \/><\/p>\n<p>Gloria Leticia D\u00edaz \/ Proceso<\/p>\n<blockquote><p>Y\u00e9ssica Medrano, de 21 a\u00f1os, se vio atrapada en un tiroteo en Nuevo Laredo e intent\u00f3 escapar, pero un grupo de soldados la hiri\u00f3 y la captur\u00f3 despu\u00e9s de darle una golpiza. Una vez que le extrajeron una esquirla en el hospital se enter\u00f3 de que la Sedena la acusaba de portar armas. Durante su convalecencia comenzaron las presiones: bajo amenazas de encarcelarla, enviados del Ej\u00e9rcito le arrancaron una firma que qued\u00f3 plantada en un documento donde ella otorgaba el perd\u00f3n a los agresores.<\/p><\/blockquote>\n<p>NUEVO LAREDO, Tamps. (Proceso).- En cama, con dificultades de movilidad por el intenso dolor provocado por la incisi\u00f3n quir\u00fargica que le atraviesa el t\u00f3rax, Y\u00e9ssica Guadalupe Medrano Hern\u00e1ndez sostiene su acusaci\u00f3n contra elementos de la Secretar\u00eda de la Defensa Nacional (Sedena):<\/p>\n<p>\u201cMe dispararon sin motivo y cuando ca\u00ed llegaron a darme de patadas. Un param\u00e9dico de ellos lleg\u00f3 a ayudarme y otro soldado le grit\u00f3: \u2018\u00a1D\u00e9jala que se muera la perra, se la va a llevar la verga!\u2019. Tambi\u00e9n escuch\u00e9 a una se\u00f1ora que les dec\u00eda a los soldados que me dejaran, que no era animal\u201d, recuerda en entrevista la mujer de 21 a\u00f1os.<\/p>\n<p>En su casa, situada en un barrio popular, Y\u00e9ssica, madre soltera de dos ni\u00f1os, uno de cuatro a\u00f1os y otro de 15 meses, narra la agresi\u00f3n que sufri\u00f3 el 29 de diciembre a plena luz del d\u00eda, cuando ella y una amiga circulaban en su auto Honda gris; c\u00f3mo fue acusada de portar cartuchos y cargadores de arma de fuego y la forma en que oficiales de la Sedena la presionaron para \u201cotorgar el perd\u00f3n\u201d a los militares que la agredieron, tras reconocer el error de \u00e9stos.<\/p>\n<p>El ataque, que tuvo lugar los \u00faltimos d\u00edas de 2018 en Nuevo Laredo \u2013una de las ciudades con mayor presencia castrense en los \u00faltimos 12 a\u00f1os\u2013, ocurri\u00f3 en medio del debate por darle car\u00e1cter constitucional a la militarizaci\u00f3n de la seguridad p\u00fablica mediante la creaci\u00f3n de la Guardia Nacional.<\/p>\n<p>Acompa\u00f1ada por su mam\u00e1, Nancy Hern\u00e1ndez, Y\u00e9ssica rememora el 29 de diciembre: se sinti\u00f3 aterrada cuando escuch\u00f3 disparos y vio gente correr por las calles, por lo que ella y su amiga Rub\u00ed no dudaron en salir del auto para escapar.<\/p>\n<p>\u201cAl bajarme yo, me dicen los soldados que me pare. Cuando volteo, veo cuando uno de ellos se hinca para dispararme. Yo no tra\u00eda nada y empec\u00e9 a correr otra vez. A media cuadra siento que me pegan del lado derecho; ca\u00ed junto a un carro y me empezaron a pegar, quer\u00edan que prendiera un radio que ellos tra\u00edan en la mano y les dije que no: \u2018Eso no es m\u00edo, no lo voy a agarrar\u2019. Empezaron a darme patadas en el pecho\u201d, cuenta, a punto de llorar.<\/p>\n<p>Intervenida en el Hospital General de Nuevo Laredo para extraerle una esquirla del ri\u00f1\u00f3n, Y\u00e9ssica despert\u00f3 horas m\u00e1s tarde con un cambio radical en su vida: se le acusaba de transportar dos cargadores y 62 cartuchos calibre .223, cinco de ellos percutidos, por lo que estaba detenida. Esos cargos se los ley\u00f3 el titular de la Agencia Segunda Investigadora de la Procuradur\u00eda General de la Rep\u00fablica (PGR), Jorge Alberto Quintero Ponciano.<\/p>\n<p>Para formular la acusaci\u00f3n, el agente ministerial valid\u00f3 el parte firmado por el capit\u00e1n segundo de la Polic\u00eda Militar, Atalo Hern\u00e1ndez Hern\u00e1ndez, comandante de la Base de Operaciones Tango 41. En ese reporte, el oficial sostiene que, mientras realizaba actividades de patrullaje con 20 elementos de tropa y tres veh\u00edculos oficiales, fue detenido por una \u201cf\u00e9mina\u201d acompa\u00f1ada por un menor de cinco a\u00f1os, quien denunci\u00f3 que dos veh\u00edculos, \u201cun carro gris peque\u00f1o y sigui\u00e9ndolo una camioneta pick up oscura (\u2026) intercambiaban disparos entre los ocupantes de dichos veh\u00edculos\u201d.<\/p>\n<p>En el documento, al que tuvo acceso este semanario, el militar asegura que al circular por la calle Nuevo Le\u00f3n y llegar a la calle Guerrero, la principal de la ciudad, la patrulla militar dio alcance al autom\u00f3vil gris, del que bajaron dos ocupantes; el del lado del conductor, un hombre \u201cquien notoriamente porta un arma larga entre sus manos, quien efect\u00faa disparos hacia donde se encuentra el personal militar, adem\u00e1s de que hab\u00eda personas caminando quienes tambi\u00e9n quedaron en riesgo\u201d.<\/p>\n<p>Seg\u00fan el mismo reporte militar, del lado del copiloto descendi\u00f3 una mujer \u201cque caminaba lentamente\u201d, a la que dio alcance el \u201csoldado polic\u00eda militar Juan Jos\u00e9 Mart\u00ednez Cer\u00f3n\u201d, quien confirm\u00f3 que la mujer \u201cpresentaba una herida en el costado derecho en sus costillas (\u2026) solicitando el apoyo del servicio de sanidad para brindarle los primeros auxilios\u201d y llamar a una ambulancia.<\/p>\n<p>De acuerdo con los militares, buscaron al supuesto hombre armado, sin resultados, pero en el auto, el cual permaneci\u00f3 con las puertas abiertas, se observaba \u201cdesde el exterior con claridad la presencia de cargadores y cartuchos para arma de fuego\u201d, por lo que se puso a disposici\u00f3n del agente ministerial.<\/p>\n<p>El miedo<\/p>\n<p>Horas despu\u00e9s de ser intervenida quir\u00fargicamente y notificada de las acusaciones en su contra, Y\u00e9ssica recibi\u00f3 la visita de dos hombres con corte de pelo militar acompa\u00f1ados de una mujer, todos vestidos de civil, quienes sacaron a los dos polic\u00edas estatales que la custodiaban, cerraron la puerta y corrieron las cortinas.<\/p>\n<p>El que iba al mando se present\u00f3 como sargento y dijo que iba en representaci\u00f3n de los militares que la hirieron, en busca de su perd\u00f3n a cambio de una indemnizaci\u00f3n y de hacerse cargo de su salud, para lo cual tendr\u00eda que ser trasladada a un hospital militar en Monterrey, Nuevo Le\u00f3n.<\/p>\n<p>Ante la resistencia de la joven, quien hab\u00eda pedido al fiscal Quintero que se hicieran pruebas de radizonato y de dactiloscopia en los cartuchos que supuestamente encontraron en su veh\u00edculo, el militar recurri\u00f3 a otros m\u00e9todos.<\/p>\n<p>\u201cMe dice: \u2018Pi\u00e9nsalo, t\u00fa no sabes ahorita d\u00f3nde vas a parar, no sabes si vas a parar a la c\u00e1rcel. Piensa en tus hijos, en tu mam\u00e1\u2019. Tuve miedo, me sent\u00ed presionada. En pocas palabras, me dec\u00edan que si no hac\u00eda lo que \u00e9l dec\u00eda, iba a ir presa saliendo del hospital\u201d, sostiene Medrano Hern\u00e1ndez.<\/p>\n<p>No s\u00f3lo la presionaron a ella. Cuando la se\u00f1ora Nancy Hern\u00e1ndez dej\u00f3 el hospital para ir a su casa, el mencionado sargento la llam\u00f3 para pedirle que convenciera a su hija de darle el perd\u00f3n jur\u00eddico a los soldados, adscritos al 16 Regimiento de Caballer\u00eda Motorizada.<\/p>\n<p>El 31 de diciembre el agente Jorge Quintero pregunt\u00f3 a una doctora, que revisaba a Y\u00e9ssica en presencia de su madre, cu\u00e1ndo la dar\u00eda de alta. La doctora contest\u00f3 que en dos d\u00edas y la joven tuvo miedo de ir a prisi\u00f3n porque todav\u00eda no pod\u00eda incorporarse por s\u00ed misma sin dolor.<\/p>\n<p>Momentos despu\u00e9s llegaron los tres militares vestidos de civil, esta vez acompa\u00f1ados de dos uniformados, y reiteraron el ofrecimiento de atenci\u00f3n m\u00e9dica a cambio de dejar sin efecto las acusaciones.<\/p>\n<p>\u201cMe hicieron sentir que la \u00fanica salida eran ellos \u2013dice Y\u00e9ssica entre l\u00e1grimas\u2013, porque al fiscal se le dijo que para pasado ma\u00f1ana estaba bien, y no me sent\u00eda bien para salir del hospital. No sab\u00eda d\u00f3nde iba a parar. Y ellos dicen que me quitan los cargos y me llevan a Monterrey para que est\u00e9 bien\u2026 Entonces firm\u00e9.\u201d<\/p>\n<p>Pese a la protesta de los polic\u00edas que la resguardaban, a solicitud del agente del Ministerio P\u00fablico federal, el mismo d\u00eda la joven fue trasladada al Hospital Militar de Monterrey, donde permaneci\u00f3 hasta el 9 de enero.<\/p>\n<p>De acuerdo con la carpeta de investigaci\u00f3n 3471\/2018, el 31 de diciembre el agente Jorge Quintero firm\u00f3 un \u201cAcuerdo de Libertad Durante la Investigaci\u00f3n\u201d, debido a que \u201chasta el momento no se cuenta con informe alguno que acredite que Y\u00e9ssica Guadalupe Medrano Hern\u00e1ndez cuente con alg\u00fan mandamiento ministerial y\/o judicial pendiente de cumplimentarse\u201d.<\/p>\n<p>De regreso a Nuevo Laredo, apoyada en el testimonio de su acompa\u00f1ante y con la asesor\u00eda de Mart\u00edn Alvarado Garc\u00eda y Alejandro L\u00f3pez Z\u00e1rate, abogados del Comit\u00e9 de Derechos Humanos de Nuevo Laredo (CDHNL), el 12 de enero Y\u00e9ssica interpuso una querella formal en contra de los elementos de la Sedena que atentaron contra su vida.<\/p>\n<p>\u201cYo lo que quiero es justicia, porque los soldados no debieron dispararme. Si supiera que ese d\u00eda iba armada, \u00bfpara qu\u00e9 iba a poner una denuncia?\u201d, puntualiza.<br \/>\nSeg\u00fan L\u00f3pez Z\u00e1rate, le solicitaron a la autoridad ministerial las videograbaciones de c\u00e1maras de vigilancia de al menos seis negocios en el \u00e1rea donde la joven fue atacada, as\u00ed como la comparecencia de los militares que participaron en el operativo. \u201cPedimos a los negocios las grabaciones, porque con ellos podemos evidenciar que lo dicho por los soldados no est\u00e1 apegado a la verdad, y que atacaron a Y\u00e9ssica sin raz\u00f3n\u201d, explica el abogado.<\/p>\n<p>\u201cLa denuncia es por lesiones, tentativa de homicidio y lo que resulte. Estamos hablando de hechos graves que tienen que ser debidamente castigados; no pueden ser subsanados con un perd\u00f3n, es contra la ley\u201d, interviene Alvarado Garc\u00eda.<\/p>\n<p>Y agrega: \u201cLos militares le pusieron el cuadro del miedo, con tal de que no levantara ninguna denuncia de responsabilidad en contra de la Sedena. La amedrentaron con mandarla a la c\u00e1rcel, y aqu\u00ed en Nuevo Laredo todos sabemos que cualquier autoridad te puede sembrar cualquier delito. Y\u00e9ssica se vio orillada a firmar un documento, el perd\u00f3n, que no tiene validez porque los delitos son graves y los militares le metieron miedo\u201d.<\/p>\n<p><a href=\"https:\/\/www.proceso.com.mx\/568933\/militares-le-disparan-a-una-joven-y-la-presionan-para-que-les-de-su-perdon\" target=\"_blank\" rel=\"noopener\">https:\/\/www.proceso.com.mx\/568933\/militares-le-disparan-a-una-joven-y-la-presionan-para-que-les-de-su-perdon<\/a><\/p>\n","protected":false},"excerpt":{"rendered":"<p>Gloria Leticia D\u00edaz \/ Proceso Y\u00e9ssica Medrano, de 21 a\u00f1os, se vio atrapada en un tiroteo en Nuevo Laredo e intent\u00f3 escapar, pero un grupo de soldados la hiri\u00f3 y &hellip; <a href=\"https:\/\/www.grieta.org.mx\/index.php\/2019\/01\/25\/militares-le-disparan-a-una-joven-y-la-presionan-para-que-les-de-su-perdon-tamaulipas\/\" class=\"more-link\">Leer m\u00e1s<\/a><\/p>\n","protected":false},"author":2,"featured_media":28609,"comment_status":"closed","ping_status":"closed","sticky":false,"template":"","format":"standard","meta":{"ngg_post_thumbnail":0,"_jetpack_newsletter_access":"","_jetpack_dont_email_post_to_subs":false,"_jetpack_newsletter_tier_id":0,"_jetpack_memberships_contains_paywalled_content":false,"_jetpack_memberships_contains_paid_content":false,"footnotes":""},"categories":[80,1501,2009,2,259,33,1327,2008],"tags":[2001,614,1803],"class_list":{"0":"post-28608","1":"post","2":"type-post","3":"status-publish","4":"format-standard","5":"has-post-thumbnail","6":"hentry","7":"category-cintillo","8":"category-incremento-de-la-violencia-en-tamaulipas","9":"category-militarizacion-en-tamaulipas","10":"category-noticias-nacionales","11":"category-tamaulipas","13":"category-violencia-contra-mujeres-en-tamaulipas","14":"category-violencia-de-fuerzas-represivas-en-tamaulipas","15":"tag-abuso-autoridad","16":"tag-militarizacion","17":"tag-sedena","18":"entry"},"jetpack_featured_media_url":"https:\/\/www.grieta.org.mx\/wp-content\/uploads\/2019\/01\/Militares-le-disparan-a-una-joven-y-la-presionan-para-que-les-d\u00e9-su-\u201cperd\u00f3n\u201d-tamaulipas.jpg","jetpack_sharing_enabled":true,"jetpack_shortlink":"https:\/\/wp.me\/p7ZJR4-7rq","jetpack_likes_enabled":false,"jetpack-related-posts":[{"id":31583,"url":"https:\/\/www.grieta.org.mx\/index.php\/2019\/04\/02\/buscaran-desaparecidos-en-cuartel-de-la-marina-en-nuevo-laredo-tamaulipas\/","url_meta":{"origin":28608,"position":0},"title":"Buscar\u00e1n desaparecidos en cuartel de la Marina en Nuevo Laredo (Tamaulipas)","author":"grieta","date":"2 abril, 2019","format":false,"excerpt":"El Bravo El cuartel oper\u00f3 durante varios meses en el cruce de la calle Arteaga y avenida Leona Vicario, en la colonia Victoria. Personal de la Fiscal\u00eda General de Justicia de Tamaulipas (FGJE) realizar\u00e1 una inspecci\u00f3n con un binomio canino en lo que fue un cuartel que us\u00f3 personal de\u2026","rel":"","context":"En &quot;CINTILLO&quot;","block_context":{"text":"CINTILLO","link":"https:\/\/www.grieta.org.mx\/index.php\/category\/cintillo\/"},"img":{"alt_text":"","src":"https:\/\/i0.wp.com\/www.grieta.org.mx\/wp-content\/uploads\/2019\/04\/Buscar%C3%A1n-desaparecidos-en-cuartel-de-la-Marina-en-Nuevo-Laredo-tama-abr.jpg?resize=350%2C200&ssl=1","width":350,"height":200,"srcset":"https:\/\/i0.wp.com\/www.grieta.org.mx\/wp-content\/uploads\/2019\/04\/Buscar%C3%A1n-desaparecidos-en-cuartel-de-la-Marina-en-Nuevo-Laredo-tama-abr.jpg?resize=350%2C200&ssl=1 1x, https:\/\/i0.wp.com\/www.grieta.org.mx\/wp-content\/uploads\/2019\/04\/Buscar%C3%A1n-desaparecidos-en-cuartel-de-la-Marina-en-Nuevo-Laredo-tama-abr.jpg?resize=525%2C300&ssl=1 1.5x"},"classes":[]},{"id":39468,"url":"https:\/\/www.grieta.org.mx\/index.php\/2019\/09\/17\/soldados-y-policias-se-habrian-coordinado-para-matanza-en-tamaulipas\/","url_meta":{"origin":28608,"position":1},"title":"Soldados y polic\u00edas se habr\u00edan coordinado para matanza en Tamaulipas","author":"grieta","date":"17 septiembre, 2019","format":false,"excerpt":"Redacci\u00f3n \/ Z\u00f3calo Nuevo Laredo, Tamps.- Ante la matanza del jueves 5 de septiembre en Nuevo Laredo, Tamaulipas, en la que murieron ocho personas, el Comit\u00e9 de Derechos Humanos de Nuevo Laredo document\u00f3 que militares y polic\u00edas estatales realizaron un operativo criminal que intentaron disfrazar de enfrentamiento con narcos. Mediante\u2026","rel":"","context":"En &quot;Abuso policiaco y tortura en Tamaulipas&quot;","block_context":{"text":"Abuso policiaco y tortura en Tamaulipas","link":"https:\/\/www.grieta.org.mx\/index.php\/category\/noticias-nacionales\/tamaulipas\/abuso-policiaco-y-tortura-en-tamaulipas\/"},"img":{"alt_text":"","src":"https:\/\/i0.wp.com\/www.grieta.org.mx\/wp-content\/uploads\/2019\/09\/matanza-tamaulipas-621x354.jpg?resize=350%2C200&ssl=1","width":350,"height":200,"srcset":"https:\/\/i0.wp.com\/www.grieta.org.mx\/wp-content\/uploads\/2019\/09\/matanza-tamaulipas-621x354.jpg?resize=350%2C200&ssl=1 1x, https:\/\/i0.wp.com\/www.grieta.org.mx\/wp-content\/uploads\/2019\/09\/matanza-tamaulipas-621x354.jpg?resize=525%2C300&ssl=1 1.5x"},"classes":[]},{"id":61763,"url":"https:\/\/www.grieta.org.mx\/index.php\/2021\/09\/16\/fgr-investiga-cinco-ejecuciones-extrajudiciales-ocurridas-en-agosto-en-nuevo-laredo-tamaulipas\/","url_meta":{"origin":28608,"position":2},"title":"FGR investiga cinco ejecuciones extrajudiciales ocurridas en agosto en Nuevo Laredo (Tamaulipas)","author":"grieta","date":"16 septiembre, 2021","format":false,"excerpt":"Alberto Pradilla\/Animal Pol\u00edtico 16 septiembre 2021 La Fiscal\u00eda General de la Rep\u00fablica (FGR) tiene abierta una carpeta de investigaci\u00f3n por la presunta ejecuci\u00f3n extrajudicial de cinco personas el pasado 14 de agosto en la colonia Nueva Era de Nuevo Laredo, Tamaulipas. Familiares de las v\u00edctimas interpusieron denuncias tras ser informados\u2026","rel":"","context":"En &quot;CINTILLO&quot;","block_context":{"text":"CINTILLO","link":"https:\/\/www.grieta.org.mx\/index.php\/category\/cintillo\/"},"img":{"alt_text":"","src":"https:\/\/i0.wp.com\/www.grieta.org.mx\/wp-content\/uploads\/2021\/09\/ejercito.png?resize=350%2C200&ssl=1","width":350,"height":200,"srcset":"https:\/\/i0.wp.com\/www.grieta.org.mx\/wp-content\/uploads\/2021\/09\/ejercito.png?resize=350%2C200&ssl=1 1x, https:\/\/i0.wp.com\/www.grieta.org.mx\/wp-content\/uploads\/2021\/09\/ejercito.png?resize=525%2C300&ssl=1 1.5x, https:\/\/i0.wp.com\/www.grieta.org.mx\/wp-content\/uploads\/2021\/09\/ejercito.png?resize=700%2C400&ssl=1 2x"},"classes":[]},{"id":57922,"url":"https:\/\/www.grieta.org.mx\/index.php\/2021\/03\/24\/cdhnl-denuncia-nueva-ejecucion-arbitraria-a-manos-de-militares-en-nuevo-laredo-tamaulipas\/","url_meta":{"origin":28608,"position":3},"title":"CDHNL denuncia nueva ejecuci\u00f3n arbitraria a manos de militares en Nuevo Laredo (Tamaulipas)","author":"grieta","date":"24 marzo, 2021","format":false,"excerpt":"El Comit\u00e9 de Derechos Humanos de Nuevo Laredo (CDHNL) denunci\u00f3 una nueva ejecuci\u00f3n arbitraria atribuible a miembros de la Sedena, con lo que suman ocho v\u00edctimas de militares en la ciudad fronteriza en este sexenio. Gloria Leticia D\u00edaz\/ PROCESO CIUDAD DE M\u00c9XICO (apro).- El Comit\u00e9 de Derechos Humanos de Nuevo\u2026","rel":"","context":"En &quot;CINTILLO&quot;","block_context":{"text":"CINTILLO","link":"https:\/\/www.grieta.org.mx\/index.php\/category\/cintillo\/"},"img":{"alt_text":"","src":"https:\/\/i0.wp.com\/www.grieta.org.mx\/wp-content\/uploads\/2021\/03\/131103.jpg?resize=350%2C200&ssl=1","width":350,"height":200,"srcset":"https:\/\/i0.wp.com\/www.grieta.org.mx\/wp-content\/uploads\/2021\/03\/131103.jpg?resize=350%2C200&ssl=1 1x, https:\/\/i0.wp.com\/www.grieta.org.mx\/wp-content\/uploads\/2021\/03\/131103.jpg?resize=525%2C300&ssl=1 1.5x, https:\/\/i0.wp.com\/www.grieta.org.mx\/wp-content\/uploads\/2021\/03\/131103.jpg?resize=700%2C400&ssl=1 2x, https:\/\/i0.wp.com\/www.grieta.org.mx\/wp-content\/uploads\/2021\/03\/131103.jpg?resize=1050%2C600&ssl=1 3x"},"classes":[]},{"id":39526,"url":"https:\/\/www.grieta.org.mx\/index.php\/2019\/09\/26\/crece-militarizacion-en-tamaulipas\/","url_meta":{"origin":28608,"position":4},"title":"Crece militarizaci\u00f3n en Tamaulipas","author":"grieta","date":"26 septiembre, 2019","format":false,"excerpt":"Colectivo Grieta Seg\u00fan notas recientes, hay 8000 elementos de las fuerzas federales desplegados en el territorio de Tamaulipas. De estos, 1,500 son miembros de la Guardia Nacional. Sin embargo, tambi\u00e9n hay efectivos del Ej\u00e9rcito Mexicano, la Secretar\u00eda de Marina y la Polic\u00eda Federal. El argumento para este grado de militarizaci\u00f3n\u2026","rel":"","context":"En &quot;CINTILLO&quot;","block_context":{"text":"CINTILLO","link":"https:\/\/www.grieta.org.mx\/index.php\/category\/cintillo\/"},"img":{"alt_text":"","src":"https:\/\/i0.wp.com\/www.grieta.org.mx\/wp-content\/uploads\/2019\/09\/c1.1-6rluxlml1sjkzkbm9xqocbjvo9e00xe1ls1hmti2m5s.jpg?resize=350%2C200&ssl=1","width":350,"height":200,"srcset":"https:\/\/i0.wp.com\/www.grieta.org.mx\/wp-content\/uploads\/2019\/09\/c1.1-6rluxlml1sjkzkbm9xqocbjvo9e00xe1ls1hmti2m5s.jpg?resize=350%2C200&ssl=1 1x, https:\/\/i0.wp.com\/www.grieta.org.mx\/wp-content\/uploads\/2019\/09\/c1.1-6rluxlml1sjkzkbm9xqocbjvo9e00xe1ls1hmti2m5s.jpg?resize=525%2C300&ssl=1 1.5x, https:\/\/i0.wp.com\/www.grieta.org.mx\/wp-content\/uploads\/2019\/09\/c1.1-6rluxlml1sjkzkbm9xqocbjvo9e00xe1ls1hmti2m5s.jpg?resize=700%2C400&ssl=1 2x, https:\/\/i0.wp.com\/www.grieta.org.mx\/wp-content\/uploads\/2019\/09\/c1.1-6rluxlml1sjkzkbm9xqocbjvo9e00xe1ls1hmti2m5s.jpg?resize=1050%2C600&ssl=1 3x"},"classes":[]},{"id":14621,"url":"https:\/\/www.grieta.org.mx\/index.php\/2016\/01\/03\/tamaulipas-con-elevado-indice-de-homicidios-y-desapariciones-de-periodistas\/","url_meta":{"origin":28608,"position":5},"title":"Tamaulipas con elevado \u00edndice de homicidios y desapariciones de periodistas","author":"grieta","date":"3 enero, 2016","format":false,"excerpt":"Redacci\u00f3n\/Todo Noticias Desde el a\u00f1o 2000 a 2015 ocurrieron 20 homicidios y desapariciones de periodistas en Tamaulipas. Ciudad Victoria.- Tamaulipas, despu\u00e9s de Veracruz es la entidad con los m\u00e1s altos \u00edndices de homicidios contra periodistas en el pa\u00eds, seg\u00fan el informe de la Comisi\u00f3n Nacional de Derechos Humano dado a\u2026","rel":"","context":"En &quot;CINTILLO&quot;","block_context":{"text":"CINTILLO","link":"https:\/\/www.grieta.org.mx\/index.php\/category\/cintillo\/"},"img":{"alt_text":"","src":"https:\/\/i0.wp.com\/www.grieta.org.mx\/wp-content\/uploads\/2018\/03\/14524434_1106112876131411_958039263622046936_o.jpg?resize=350%2C200&ssl=1","width":350,"height":200,"srcset":"https:\/\/i0.wp.com\/www.grieta.org.mx\/wp-content\/uploads\/2018\/03\/14524434_1106112876131411_958039263622046936_o.jpg?resize=350%2C200&ssl=1 1x, https:\/\/i0.wp.com\/www.grieta.org.mx\/wp-content\/uploads\/2018\/03\/14524434_1106112876131411_958039263622046936_o.jpg?resize=525%2C300&ssl=1 1.5x, https:\/\/i0.wp.com\/www.grieta.org.mx\/wp-content\/uploads\/2018\/03\/14524434_1106112876131411_958039263622046936_o.jpg?resize=700%2C400&ssl=1 2x"},"classes":[]}],"_links":{"self":[{"href":"https:\/\/www.grieta.org.mx\/index.php\/wp-json\/wp\/v2\/posts\/28608","targetHints":{"allow":["GET"]}}],"collection":[{"href":"https:\/\/www.grieta.org.mx\/index.php\/wp-json\/wp\/v2\/posts"}],"about":[{"href":"https:\/\/www.grieta.org.mx\/index.php\/wp-json\/wp\/v2\/types\/post"}],"author":[{"embeddable":true,"href":"https:\/\/www.grieta.org.mx\/index.php\/wp-json\/wp\/v2\/users\/2"}],"replies":[{"embeddable":true,"href":"https:\/\/www.grieta.org.mx\/index.php\/wp-json\/wp\/v2\/comments?post=28608"}],"version-history":[{"count":1,"href":"https:\/\/www.grieta.org.mx\/index.php\/wp-json\/wp\/v2\/posts\/28608\/revisions"}],"predecessor-version":[{"id":28610,"href":"https:\/\/www.grieta.org.mx\/index.php\/wp-json\/wp\/v2\/posts\/28608\/revisions\/28610"}],"wp:featuredmedia":[{"embeddable":true,"href":"https:\/\/www.grieta.org.mx\/index.php\/wp-json\/wp\/v2\/media\/28609"}],"wp:attachment":[{"href":"https:\/\/www.grieta.org.mx\/index.php\/wp-json\/wp\/v2\/media?parent=28608"}],"wp:term":[{"taxonomy":"category","embeddable":true,"href":"https:\/\/www.grieta.org.mx\/index.php\/wp-json\/wp\/v2\/categories?post=28608"},{"taxonomy":"post_tag","embeddable":true,"href":"https:\/\/www.grieta.org.mx\/index.php\/wp-json\/wp\/v2\/tags?post=28608"}],"curies":[{"name":"wp","href":"https:\/\/api.w.org\/{rel}","templated":true}]}}