{"id":2853,"date":"2015-10-27T19:23:06","date_gmt":"2015-10-27T19:23:06","guid":{"rendered":"http:\/\/50.22.11.12\/~grietaor\/?p=2853"},"modified":"2016-03-13T19:25:47","modified_gmt":"2016-03-13T19:25:47","slug":"pobladores-del-norte-de-mexico-rechazan-vivir-con-64000-toneladas-de-desechos-toxicos","status":"publish","type":"post","link":"https:\/\/www.grieta.org.mx\/index.php\/2015\/10\/27\/pobladores-del-norte-de-mexico-rechazan-vivir-con-64000-toneladas-de-desechos-toxicos\/","title":{"rendered":"Pobladores del norte de M\u00e9xico rechazan vivir con 64,000 toneladas de desechos t\u00f3xicos"},"content":{"rendered":"<p>MEXICO \u2013 Los pobladores de General Cepeda, en el norte\u00f1o estado de Coahuila, no pueden dormir tranquilos por sue\u00f1os donde les nacen hijos ac\u00e9falos, con retrasos mentales, grandes tumores por el cuerpo y c\u00e1nceres de todo tipo como se han visto en otros estados donde se autorizaron tiraderos de desechos industriales como el que hoy se construye en sus tierras.<\/p>\n<p>Por eso salen a las calles en marchas por Saltillo, la capital de la entidad, con fotos muestra donde aparecen ni\u00f1os deformes; viajan a la ciudad de M\u00e9xico para dar conferencias de prensa y ya tomaron la alcald\u00eda en rechazo al Centro Integral para el Manejo de Aprovechamiento de Residuos Industriales (CIMARI).<\/p>\n<p>\u201cNo vamos a permitir que contaminen la tierra, cueste lo que cueste, muera quien muera\u201d, amenaz\u00f3 Jos\u00e9 Villarreal, uno de los 6,000 habitantes que dicen ser\u00e1n afectados.<\/p>\n<p>El problema es que ninguna de estas acciones les ha dado resultados para frenar el proyecto que pretende almacenar hasta 64,000 toneladas de desechos t\u00f3xicos, ni siquiera su \u00faltima apuesta de enviar una carta al presidente Enrique Pe\u00f1a, el pasado 28 de julio, en la que piden su intervenci\u00f3n a trav\u00e9s de la Secretar\u00eda de Medio Ambiente (Semarnat) federal.<\/p>\n<p>Seg\u00fan los pobladores, apoyados por la Di\u00f3cesis de Saltillo y el obispo Ra\u00fal Vera, la Semarnat local autoriz\u00f3 la construcci\u00f3n del tiradero t\u00f3xico porque el diputado Armando Luna (hijo de la secretaria de Medio Ambiente de Coahuila, Eglantina Canales) est\u00e1 en deuda con el due\u00f1o del proyecto Cimari, Daniel Carvet, porque \u00e9ste lo apoy\u00f3 en su campa\u00f1a por la curul.<\/p>\n<p>As\u00ed que el pasado 2 de septiembre, pese a la oposici\u00f3n de los lugare\u00f1os que se dedican al cultivo de lechuguilla, frijol y ma\u00edz, comenz\u00f3 la construcci\u00f3n del basurero bajo la escolta de polic\u00edas municipales y soldados que llegaron en caravana prestos a repeler cualquier oposici\u00f3n.<\/p>\n<p>En represalia, se han incrementado las protestas. \u201cSi quieren que me lleven a la encarcelen: yo seguir\u00e9 apoyando a los pobladores\u201d, dijo el obispo Ra\u00fal Vera frente al tercer tiradero t\u00f3xico que se busca instalar en la regi\u00f3n y por el que calcula contaminaci\u00f3n de agua, enfermedades y p\u00e9rdida del valor de las tierras.<\/p>\n<p>Cimari, por su parte, afirma que el proyecto busca dar cause a \u201ctoda la basura t\u00f3xica\u201d que no es procesada y que, por lo tanto est\u00e1 contaminando el medio ambiente sin una estrategia para el tratamiento.<\/p>\n<p>Es la segunda vez que una empresa intenta instalar en el municipio de General Zepeda un tiradero t\u00f3xico. Hace 20 a\u00f1os, un proyecto de la empresa Servicios Ambientales de Coahuila, presuntamente impulsada por el entonces gobernador Rogelio Montemayor, fue rechazada por los oriundos.<\/p>\n<p><a href=\"http:\/\/www.laopinion.com\/2015\/10\/27\/pobladores-del-norte-de-mexico-rechazan-vivir-con-64000-toneladas-de-desechos-toxicos\" target=\"_blank\">www.laopinion.com\/2015\/10\/27\/pobladores-del-norte-de-mexico-rechazan-vivir-con-64000-toneladas-de-desechos-toxicos<\/a><\/p>\n","protected":false},"excerpt":{"rendered":"<p>MEXICO \u2013 Los pobladores de General Cepeda, en el norte\u00f1o estado de Coahuila, no pueden dormir tranquilos por sue\u00f1os donde les nacen hijos ac\u00e9falos, con retrasos mentales, grandes tumores por &hellip; <a href=\"https:\/\/www.grieta.org.mx\/index.php\/2015\/10\/27\/pobladores-del-norte-de-mexico-rechazan-vivir-con-64000-toneladas-de-desechos-toxicos\/\" class=\"more-link\">Leer m\u00e1s<\/a><\/p>\n","protected":false},"author":2,"featured_media":21928,"comment_status":"closed","ping_status":"open","sticky":false,"template":"","format":"standard","meta":{"ngg_post_thumbnail":0,"_jetpack_newsletter_access":"","_jetpack_dont_email_post_to_subs":false,"_jetpack_newsletter_tier_id":0,"_jetpack_memberships_contains_paywalled_content":false,"_jetpack_memberships_contains_paid_content":false,"footnotes":""},"categories":[80],"tags":[287,288,91,284],"class_list":["post-2853","post","type-post","status-publish","format-standard","has-post-thumbnail","hentry","category-cintillo","tag-basurero-toxico","tag-cimari","tag-contaminacion-ambiental","tag-general-cepeda","entry"],"jetpack_featured_media_url":"https:\/\/www.grieta.org.mx\/wp-content\/uploads\/2018\/03\/14524434_1106112876131411_958039263622046936_o.jpg","jetpack_sharing_enabled":true,"jetpack_shortlink":"https:\/\/wp.me\/p7ZJR4-K1","jetpack_likes_enabled":false,"jetpack-related-posts":[{"id":6683,"url":"https:\/\/www.grieta.org.mx\/index.php\/2016\/02\/08\/coahuilenses-se-movilizan-para-detener-construccion-de-basurero-toxico\/","url_meta":{"origin":2853,"position":0},"title":"Coahuilenses se movilizan para detener construcci\u00f3n de basurero t\u00f3xico","author":"grieta","date":"8 febrero, 2016","format":false,"excerpt":"08\/02\/16. Marchan contra basurero t\u00f3xico Reforma 28\/10\/15. Contin\u00faa la lucha contra el Cimari en General Cepeda Vanguardia 27\/10\/15. Pobladores del norte de M\u00e9xico rechazan vivir con 64,000 toneladas de desechos t\u00f3xicos La opini\u00f3n 26\/10\/15. Va SEMSA contra los allanadores del CIMARI Z\u00f3calo Saltillo 20\/10\/15. Va CIMARI contra ejidatarios Z\u00f3calo Saltillo\u2026","rel":"","context":"En &quot;Coahuila&quot;","block_context":{"text":"Coahuila","link":"https:\/\/www.grieta.org.mx\/index.php\/category\/noticias-nacionales\/coahuila\/"},"img":{"alt_text":"","src":"https:\/\/i0.wp.com\/www.grieta.org.mx\/wp-content\/uploads\/2018\/03\/14524434_1106112876131411_958039263622046936_o.jpg?resize=350%2C200&ssl=1","width":350,"height":200,"srcset":"https:\/\/i0.wp.com\/www.grieta.org.mx\/wp-content\/uploads\/2018\/03\/14524434_1106112876131411_958039263622046936_o.jpg?resize=350%2C200&ssl=1 1x, https:\/\/i0.wp.com\/www.grieta.org.mx\/wp-content\/uploads\/2018\/03\/14524434_1106112876131411_958039263622046936_o.jpg?resize=525%2C300&ssl=1 1.5x, https:\/\/i0.wp.com\/www.grieta.org.mx\/wp-content\/uploads\/2018\/03\/14524434_1106112876131411_958039263622046936_o.jpg?resize=700%2C400&ssl=1 2x"},"classes":[]},{"id":2950,"url":"https:\/\/www.grieta.org.mx\/index.php\/2015\/08\/17\/piden-apoyo-contra-cimari\/","url_meta":{"origin":2853,"position":1},"title":"Piden apoyo contra Cimari","author":"grieta","date":"17 agosto, 2015","format":false,"excerpt":"Con el fin de que el presidente municipal de General Cepeda no ceda y revoque el cambio de uso de suelo para la instalaci\u00f3n de un dep\u00f3sito de desechos t\u00f3xicos, familias de los ejidos Noria de la Sabina y Pilar de Richardson acudieron a Saltillo y buscar apoyo ciudadano. El\u2026","rel":"","context":"En &quot;CINTILLO&quot;","block_context":{"text":"CINTILLO","link":"https:\/\/www.grieta.org.mx\/index.php\/category\/cintillo\/"},"img":{"alt_text":"","src":"https:\/\/i0.wp.com\/www.grieta.org.mx\/wp-content\/uploads\/2018\/03\/14524434_1106112876131411_958039263622046936_o.jpg?resize=350%2C200&ssl=1","width":350,"height":200,"srcset":"https:\/\/i0.wp.com\/www.grieta.org.mx\/wp-content\/uploads\/2018\/03\/14524434_1106112876131411_958039263622046936_o.jpg?resize=350%2C200&ssl=1 1x, https:\/\/i0.wp.com\/www.grieta.org.mx\/wp-content\/uploads\/2018\/03\/14524434_1106112876131411_958039263622046936_o.jpg?resize=525%2C300&ssl=1 1.5x, https:\/\/i0.wp.com\/www.grieta.org.mx\/wp-content\/uploads\/2018\/03\/14524434_1106112876131411_958039263622046936_o.jpg?resize=700%2C400&ssl=1 2x"},"classes":[]},{"id":2869,"url":"https:\/\/www.grieta.org.mx\/index.php\/2015\/10\/07\/protestan-pobladores-contra-instalacion-de-un-basurero-toxico-en-ejido-de-coahuila\/","url_meta":{"origin":2853,"position":2},"title":"Protestan pobladores contra instalaci\u00f3n de un basurero t\u00f3xico en ejido de Coahuila","author":"grieta","date":"7 octubre, 2015","format":false,"excerpt":"M\u00c9XICO, D.F. (apro).- Habitantes del municipio General Cepeda, Coahuila, bloquearon el acceso principal al ejido Noria de la Sabina, para evitar la instalaci\u00f3n del Centro Integral para el Manejo y Confinamiento de Residuos Industriales (Cimari) en ese lugar. Desde las 8 de la ma\u00f1ana de este mi\u00e9rcoles, un grupo de\u2026","rel":"","context":"En &quot;CINTILLO&quot;","block_context":{"text":"CINTILLO","link":"https:\/\/www.grieta.org.mx\/index.php\/category\/cintillo\/"},"img":{"alt_text":"","src":"https:\/\/i0.wp.com\/www.grieta.org.mx\/wp-content\/uploads\/2018\/03\/14524434_1106112876131411_958039263622046936_o.jpg?resize=350%2C200&ssl=1","width":350,"height":200,"srcset":"https:\/\/i0.wp.com\/www.grieta.org.mx\/wp-content\/uploads\/2018\/03\/14524434_1106112876131411_958039263622046936_o.jpg?resize=350%2C200&ssl=1 1x, https:\/\/i0.wp.com\/www.grieta.org.mx\/wp-content\/uploads\/2018\/03\/14524434_1106112876131411_958039263622046936_o.jpg?resize=525%2C300&ssl=1 1.5x, https:\/\/i0.wp.com\/www.grieta.org.mx\/wp-content\/uploads\/2018\/03\/14524434_1106112876131411_958039263622046936_o.jpg?resize=700%2C400&ssl=1 2x"},"classes":[]},{"id":2863,"url":"https:\/\/www.grieta.org.mx\/index.php\/2015\/10\/15\/competencia-detras-de-protesta-por-instalacion-del-cimari\/","url_meta":{"origin":2853,"position":3},"title":"Competencia detr\u00e1s de protesta por instalaci\u00f3n del Cimari","author":"grieta","date":"15 octubre, 2015","format":false,"excerpt":"La Sociedad Ecol\u00f3gica Mexicana del Norte S.A. (Semnsa) , interpuso denuncia penal ante la Procuradur\u00eda General de Justicia en el Estado (PGJE) contra las personas que tienen tomada la entrada a los terrenos donde se ubicar\u00e1 el Centro Integral para el Manejo Adecuado de Residuos Industriales (CIMARI) en el predio\u2026","rel":"","context":"En &quot;CINTILLO&quot;","block_context":{"text":"CINTILLO","link":"https:\/\/www.grieta.org.mx\/index.php\/category\/cintillo\/"},"img":{"alt_text":"","src":"https:\/\/i0.wp.com\/www.grieta.org.mx\/wp-content\/uploads\/2018\/03\/14524434_1106112876131411_958039263622046936_o.jpg?resize=350%2C200&ssl=1","width":350,"height":200,"srcset":"https:\/\/i0.wp.com\/www.grieta.org.mx\/wp-content\/uploads\/2018\/03\/14524434_1106112876131411_958039263622046936_o.jpg?resize=350%2C200&ssl=1 1x, https:\/\/i0.wp.com\/www.grieta.org.mx\/wp-content\/uploads\/2018\/03\/14524434_1106112876131411_958039263622046936_o.jpg?resize=525%2C300&ssl=1 1.5x, https:\/\/i0.wp.com\/www.grieta.org.mx\/wp-content\/uploads\/2018\/03\/14524434_1106112876131411_958039263622046936_o.jpg?resize=700%2C400&ssl=1 2x"},"classes":[]},{"id":2857,"url":"https:\/\/www.grieta.org.mx\/index.php\/2015\/10\/20\/va-cimari-contra-ejidatarios\/","url_meta":{"origin":2853,"position":4},"title":"Va CIMARI contra ejidatarios","author":"grieta","date":"20 octubre, 2015","format":false,"excerpt":"General Cepeda, Coah.- La Audiencia de Formulaci\u00f3n de Imputaci\u00f3n por el delito de despojo contra campesinos que se apropiaron de los terrenos donde se construir\u00e1 el Centro Integral para el Manejo y Almacenamiento de Residuos Industriales (CIMARI), fue cancelada debido a la ausencia de los imputados, a quienes se les\u2026","rel":"","context":"En &quot;CINTILLO&quot;","block_context":{"text":"CINTILLO","link":"https:\/\/www.grieta.org.mx\/index.php\/category\/cintillo\/"},"img":{"alt_text":"","src":"https:\/\/i0.wp.com\/www.grieta.org.mx\/wp-content\/uploads\/2018\/03\/14524434_1106112876131411_958039263622046936_o.jpg?resize=350%2C200&ssl=1","width":350,"height":200,"srcset":"https:\/\/i0.wp.com\/www.grieta.org.mx\/wp-content\/uploads\/2018\/03\/14524434_1106112876131411_958039263622046936_o.jpg?resize=350%2C200&ssl=1 1x, https:\/\/i0.wp.com\/www.grieta.org.mx\/wp-content\/uploads\/2018\/03\/14524434_1106112876131411_958039263622046936_o.jpg?resize=525%2C300&ssl=1 1.5x, https:\/\/i0.wp.com\/www.grieta.org.mx\/wp-content\/uploads\/2018\/03\/14524434_1106112876131411_958039263622046936_o.jpg?resize=700%2C400&ssl=1 2x"},"classes":[]},{"id":2952,"url":"https:\/\/www.grieta.org.mx\/index.php\/2015\/07\/26\/coahuila-seria-el-tiradero-toxico-de-todo-mexico\/","url_meta":{"origin":2853,"position":5},"title":"Coahuila ser\u00eda el tiradero t\u00f3xico de todo M\u00e9xico","author":"grieta","date":"26 julio, 2015","format":false,"excerpt":"Ramos Arizpe, Coahuila.- Con la construcci\u00f3n de un nuevo Centro Integral para el Manejo y Aprovechamiento de Residuos Industriales (CIMARI) en el municipio de General Cepeda, Coahuila se convertir\u00eda en el \u201ctiradero\u201d de residuos peligrosos del pa\u00eds, ya que ser\u00eda la \u00fanica entidad con dos centros de confinamiento en todo\u2026","rel":"","context":"En &quot;CINTILLO&quot;","block_context":{"text":"CINTILLO","link":"https:\/\/www.grieta.org.mx\/index.php\/category\/cintillo\/"},"img":{"alt_text":"","src":"https:\/\/i0.wp.com\/www.grieta.org.mx\/wp-content\/uploads\/2018\/03\/14524434_1106112876131411_958039263622046936_o.jpg?resize=350%2C200&ssl=1","width":350,"height":200,"srcset":"https:\/\/i0.wp.com\/www.grieta.org.mx\/wp-content\/uploads\/2018\/03\/14524434_1106112876131411_958039263622046936_o.jpg?resize=350%2C200&ssl=1 1x, https:\/\/i0.wp.com\/www.grieta.org.mx\/wp-content\/uploads\/2018\/03\/14524434_1106112876131411_958039263622046936_o.jpg?resize=525%2C300&ssl=1 1.5x, https:\/\/i0.wp.com\/www.grieta.org.mx\/wp-content\/uploads\/2018\/03\/14524434_1106112876131411_958039263622046936_o.jpg?resize=700%2C400&ssl=1 2x"},"classes":[]}],"_links":{"self":[{"href":"https:\/\/www.grieta.org.mx\/index.php\/wp-json\/wp\/v2\/posts\/2853","targetHints":{"allow":["GET"]}}],"collection":[{"href":"https:\/\/www.grieta.org.mx\/index.php\/wp-json\/wp\/v2\/posts"}],"about":[{"href":"https:\/\/www.grieta.org.mx\/index.php\/wp-json\/wp\/v2\/types\/post"}],"author":[{"embeddable":true,"href":"https:\/\/www.grieta.org.mx\/index.php\/wp-json\/wp\/v2\/users\/2"}],"replies":[{"embeddable":true,"href":"https:\/\/www.grieta.org.mx\/index.php\/wp-json\/wp\/v2\/comments?post=2853"}],"version-history":[{"count":1,"href":"https:\/\/www.grieta.org.mx\/index.php\/wp-json\/wp\/v2\/posts\/2853\/revisions"}],"predecessor-version":[{"id":2854,"href":"https:\/\/www.grieta.org.mx\/index.php\/wp-json\/wp\/v2\/posts\/2853\/revisions\/2854"}],"wp:featuredmedia":[{"embeddable":true,"href":"https:\/\/www.grieta.org.mx\/index.php\/wp-json\/wp\/v2\/media\/21928"}],"wp:attachment":[{"href":"https:\/\/www.grieta.org.mx\/index.php\/wp-json\/wp\/v2\/media?parent=2853"}],"wp:term":[{"taxonomy":"category","embeddable":true,"href":"https:\/\/www.grieta.org.mx\/index.php\/wp-json\/wp\/v2\/categories?post=2853"},{"taxonomy":"post_tag","embeddable":true,"href":"https:\/\/www.grieta.org.mx\/index.php\/wp-json\/wp\/v2\/tags?post=2853"}],"curies":[{"name":"wp","href":"https:\/\/api.w.org\/{rel}","templated":true}]}}