{"id":2851,"date":"2015-10-28T19:17:39","date_gmt":"2015-10-28T19:17:39","guid":{"rendered":"http:\/\/50.22.11.12\/~grietaor\/?p=2851"},"modified":"2016-03-13T19:22:20","modified_gmt":"2016-03-13T19:22:20","slug":"continua-la-lucha-contra-el-cimari-en-general-cepeda","status":"publish","type":"post","link":"https:\/\/www.grieta.org.mx\/index.php\/2015\/10\/28\/continua-la-lucha-contra-el-cimari-en-general-cepeda\/","title":{"rendered":"Contin\u00faa la lucha contra el Cimari en General Cepeda"},"content":{"rendered":"<p>La lucha en oposici\u00f3n a la construcci\u00f3n del confinamiento de residuos peligrosos en General Cepeda se mantiene en pie, as\u00ed lo afirm\u00f3 a VANGUARDIA una de las manifestantes originaria de Noria de la Sabina quien prefiri\u00f3 no dar su nombre debido a que las represalias no se han hecho esperar.<\/p>\n<p><strong>Inform\u00f3 que esta semana se realiz\u00f3 la segunda audiencia a la que fueron citados tres de los habitantes de General Cepeda que participaron en el bloqueo de la propiedad donde se construye el \u201cbasurero t\u00f3xico\u201d.<\/strong><\/p>\n<p>Acus\u00f3 a los agentes del Ministerio P\u00fablico de estar del lado de la empresa Sociedad Ecol\u00f3gica Mexicana del Norte ya que, asegura, intentaron convencer a los ejidatarios de que el confinamiento es positivo para la comunidad.<\/p>\n<p>\u201cY estaba la licenciada, la jueza de all\u00e1 de General Cepeda, que es mandada por la Chopa para que nos ataque\u201d.<\/p>\n<p>Relat\u00f3 tambi\u00e9n que la empresa amenaza con meterlos a la c\u00e1rcel por mantener bloqueados los trabajos de construcci\u00f3n del tiradero industrial, no obstante, asegur\u00f3 que los campesinos no van a abandonar la lucha pese a las consecuencias que esto tenga.<\/p>\n<p>La noche de ayer un grupo de campesinos de los ejidos Noria de la Sabina y Pilar de Richardson se presentaron en el novenario de San Judas Tadeo en Saltillo para exponer el problema que enfrentan.<\/p>\n<p><a href=\"http:\/\/www.vanguardia.com.mx\/articulo\/continua-la-lucha-contra-el-cimari-en-general-cepeda\" target=\"_blank\">www.vanguardia.com.mx\/articulo\/continua-la-lucha-contra-el-cimari-en-general-cepeda<\/a><\/p>\n","protected":false},"excerpt":{"rendered":"<p>La lucha en oposici\u00f3n a la construcci\u00f3n del confinamiento de residuos peligrosos en General Cepeda se mantiene en pie, as\u00ed lo afirm\u00f3 a VANGUARDIA una de las manifestantes originaria de &hellip; <a href=\"https:\/\/www.grieta.org.mx\/index.php\/2015\/10\/28\/continua-la-lucha-contra-el-cimari-en-general-cepeda\/\" class=\"more-link\">Leer m\u00e1s<\/a><\/p>\n","protected":false},"author":2,"featured_media":21928,"comment_status":"closed","ping_status":"open","sticky":false,"template":"","format":"standard","meta":{"ngg_post_thumbnail":0,"_jetpack_newsletter_access":"","_jetpack_dont_email_post_to_subs":false,"_jetpack_newsletter_tier_id":0,"_jetpack_memberships_contains_paywalled_content":false,"_jetpack_memberships_contains_paid_content":false,"footnotes":""},"categories":[80,250],"tags":[287,288,284],"class_list":["post-2851","post","type-post","status-publish","format-standard","has-post-thumbnail","hentry","category-cintillo","category-coahuila","tag-basurero-toxico","tag-cimari","tag-general-cepeda","entry"],"jetpack_featured_media_url":"https:\/\/www.grieta.org.mx\/wp-content\/uploads\/2018\/03\/14524434_1106112876131411_958039263622046936_o.jpg","jetpack_sharing_enabled":true,"jetpack_shortlink":"https:\/\/wp.me\/p7ZJR4-JZ","jetpack_likes_enabled":false,"jetpack-related-posts":[{"id":6683,"url":"https:\/\/www.grieta.org.mx\/index.php\/2016\/02\/08\/coahuilenses-se-movilizan-para-detener-construccion-de-basurero-toxico\/","url_meta":{"origin":2851,"position":0},"title":"Coahuilenses se movilizan para detener construcci\u00f3n de basurero t\u00f3xico","author":"grieta","date":"8 febrero, 2016","format":false,"excerpt":"08\/02\/16. Marchan contra basurero t\u00f3xico Reforma 28\/10\/15. Contin\u00faa la lucha contra el Cimari en General Cepeda Vanguardia 27\/10\/15. Pobladores del norte de M\u00e9xico rechazan vivir con 64,000 toneladas de desechos t\u00f3xicos La opini\u00f3n 26\/10\/15. Va SEMSA contra los allanadores del CIMARI Z\u00f3calo Saltillo 20\/10\/15. Va CIMARI contra ejidatarios Z\u00f3calo Saltillo\u2026","rel":"","context":"En &quot;Coahuila&quot;","block_context":{"text":"Coahuila","link":"https:\/\/www.grieta.org.mx\/index.php\/category\/noticias-nacionales\/coahuila\/"},"img":{"alt_text":"","src":"https:\/\/i0.wp.com\/www.grieta.org.mx\/wp-content\/uploads\/2018\/03\/14524434_1106112876131411_958039263622046936_o.jpg?resize=350%2C200&ssl=1","width":350,"height":200,"srcset":"https:\/\/i0.wp.com\/www.grieta.org.mx\/wp-content\/uploads\/2018\/03\/14524434_1106112876131411_958039263622046936_o.jpg?resize=350%2C200&ssl=1 1x, https:\/\/i0.wp.com\/www.grieta.org.mx\/wp-content\/uploads\/2018\/03\/14524434_1106112876131411_958039263622046936_o.jpg?resize=525%2C300&ssl=1 1.5x, https:\/\/i0.wp.com\/www.grieta.org.mx\/wp-content\/uploads\/2018\/03\/14524434_1106112876131411_958039263622046936_o.jpg?resize=700%2C400&ssl=1 2x"},"classes":[]},{"id":2848,"url":"https:\/\/www.grieta.org.mx\/index.php\/2016\/02\/08\/marchan-contra-basurero-toxico\/","url_meta":{"origin":2851,"position":1},"title":"Marchan contra basurero t\u00f3xico","author":"grieta","date":"8 febrero, 2016","format":false,"excerpt":"Rolando Chac\u00f3n \/ Corresponsal Saltillo, M\u00e9xico (08 febrero 2016).- Cientos de campesinos de zonas rurales y habitantes del municipio de General Cepeda, Coahuila, marcharon durante tres d\u00edas unos 60 kil\u00f3metros para reiterar su rechazo a un basurero t\u00f3xico que est\u00e1 en construcci\u00f3n en el ejido Noria de la Sabina. Se\u2026","rel":"","context":"En &quot;CINTILLO&quot;","block_context":{"text":"CINTILLO","link":"https:\/\/www.grieta.org.mx\/index.php\/category\/cintillo\/"},"img":{"alt_text":"","src":"https:\/\/i0.wp.com\/www.grieta.org.mx\/wp-content\/uploads\/2018\/03\/14524434_1106112876131411_958039263622046936_o.jpg?resize=350%2C200&ssl=1","width":350,"height":200,"srcset":"https:\/\/i0.wp.com\/www.grieta.org.mx\/wp-content\/uploads\/2018\/03\/14524434_1106112876131411_958039263622046936_o.jpg?resize=350%2C200&ssl=1 1x, https:\/\/i0.wp.com\/www.grieta.org.mx\/wp-content\/uploads\/2018\/03\/14524434_1106112876131411_958039263622046936_o.jpg?resize=525%2C300&ssl=1 1.5x, https:\/\/i0.wp.com\/www.grieta.org.mx\/wp-content\/uploads\/2018\/03\/14524434_1106112876131411_958039263622046936_o.jpg?resize=700%2C400&ssl=1 2x"},"classes":[]},{"id":2938,"url":"https:\/\/www.grieta.org.mx\/index.php\/2015\/09\/17\/basurero-toxico-danara-a-2500-personas\/","url_meta":{"origin":2851,"position":2},"title":"Basurero t\u00f3xico da\u00f1ar\u00e1 a 2,500 personas","author":"grieta","date":"17 septiembre, 2015","format":false,"excerpt":"Jos\u00e9 Luis Garc\u00eda, habitante de General Cepeda, indic\u00f3 que la lucha legal contin\u00faa para que los permisos sean revocados y se impida la instalaci\u00f3n del confinamiento. \u201cHicimos un censo pormenorizado, son dos mil 500 habitantes a los que se da\u00f1ar\u00eda con este basurero, hay personas que viven a dos kil\u00f3metros\u2026","rel":"","context":"En &quot;CINTILLO&quot;","block_context":{"text":"CINTILLO","link":"https:\/\/www.grieta.org.mx\/index.php\/category\/cintillo\/"},"img":{"alt_text":"","src":"https:\/\/i0.wp.com\/www.grieta.org.mx\/wp-content\/uploads\/2018\/03\/14524434_1106112876131411_958039263622046936_o.jpg?resize=350%2C200&ssl=1","width":350,"height":200,"srcset":"https:\/\/i0.wp.com\/www.grieta.org.mx\/wp-content\/uploads\/2018\/03\/14524434_1106112876131411_958039263622046936_o.jpg?resize=350%2C200&ssl=1 1x, https:\/\/i0.wp.com\/www.grieta.org.mx\/wp-content\/uploads\/2018\/03\/14524434_1106112876131411_958039263622046936_o.jpg?resize=525%2C300&ssl=1 1.5x, https:\/\/i0.wp.com\/www.grieta.org.mx\/wp-content\/uploads\/2018\/03\/14524434_1106112876131411_958039263622046936_o.jpg?resize=700%2C400&ssl=1 2x"},"classes":[]},{"id":2940,"url":"https:\/\/www.grieta.org.mx\/index.php\/2015\/09\/06\/la-lucha-contra-el-confinamiento-toxico-sera-legal\/","url_meta":{"origin":2851,"position":3},"title":"\u2018La lucha contra el confinamiento t\u00f3xico ser\u00e1 legal\u2019","author":"grieta","date":"6 septiembre, 2015","format":false,"excerpt":"Activistas de General Cepeda que se oponen a la construcci\u00f3n de un Confinamiento de Residuos T\u00f3xicos, indicaron que su lucha ser\u00e1 pac\u00edfica y por la v\u00eda legal. Los activistas Jos\u00e9 Luis Villarreal, Jos\u00e9 Luis Garc\u00eda y Sof\u00eda Ochoa indicaron que no realizaron llamados para cometer actos il\u00edcitos, como se inform\u00f3\u2026","rel":"","context":"En &quot;CINTILLO&quot;","block_context":{"text":"CINTILLO","link":"https:\/\/www.grieta.org.mx\/index.php\/category\/cintillo\/"},"img":{"alt_text":"","src":"https:\/\/i0.wp.com\/www.grieta.org.mx\/wp-content\/uploads\/2018\/03\/14524434_1106112876131411_958039263622046936_o.jpg?resize=350%2C200&ssl=1","width":350,"height":200,"srcset":"https:\/\/i0.wp.com\/www.grieta.org.mx\/wp-content\/uploads\/2018\/03\/14524434_1106112876131411_958039263622046936_o.jpg?resize=350%2C200&ssl=1 1x, https:\/\/i0.wp.com\/www.grieta.org.mx\/wp-content\/uploads\/2018\/03\/14524434_1106112876131411_958039263622046936_o.jpg?resize=525%2C300&ssl=1 1.5x, https:\/\/i0.wp.com\/www.grieta.org.mx\/wp-content\/uploads\/2018\/03\/14524434_1106112876131411_958039263622046936_o.jpg?resize=700%2C400&ssl=1 2x"},"classes":[]},{"id":2857,"url":"https:\/\/www.grieta.org.mx\/index.php\/2015\/10\/20\/va-cimari-contra-ejidatarios\/","url_meta":{"origin":2851,"position":4},"title":"Va CIMARI contra ejidatarios","author":"grieta","date":"20 octubre, 2015","format":false,"excerpt":"General Cepeda, Coah.- La Audiencia de Formulaci\u00f3n de Imputaci\u00f3n por el delito de despojo contra campesinos que se apropiaron de los terrenos donde se construir\u00e1 el Centro Integral para el Manejo y Almacenamiento de Residuos Industriales (CIMARI), fue cancelada debido a la ausencia de los imputados, a quienes se les\u2026","rel":"","context":"En &quot;CINTILLO&quot;","block_context":{"text":"CINTILLO","link":"https:\/\/www.grieta.org.mx\/index.php\/category\/cintillo\/"},"img":{"alt_text":"","src":"https:\/\/i0.wp.com\/www.grieta.org.mx\/wp-content\/uploads\/2018\/03\/14524434_1106112876131411_958039263622046936_o.jpg?resize=350%2C200&ssl=1","width":350,"height":200,"srcset":"https:\/\/i0.wp.com\/www.grieta.org.mx\/wp-content\/uploads\/2018\/03\/14524434_1106112876131411_958039263622046936_o.jpg?resize=350%2C200&ssl=1 1x, https:\/\/i0.wp.com\/www.grieta.org.mx\/wp-content\/uploads\/2018\/03\/14524434_1106112876131411_958039263622046936_o.jpg?resize=525%2C300&ssl=1 1.5x, https:\/\/i0.wp.com\/www.grieta.org.mx\/wp-content\/uploads\/2018\/03\/14524434_1106112876131411_958039263622046936_o.jpg?resize=700%2C400&ssl=1 2x"},"classes":[]},{"id":2869,"url":"https:\/\/www.grieta.org.mx\/index.php\/2015\/10\/07\/protestan-pobladores-contra-instalacion-de-un-basurero-toxico-en-ejido-de-coahuila\/","url_meta":{"origin":2851,"position":5},"title":"Protestan pobladores contra instalaci\u00f3n de un basurero t\u00f3xico en ejido de Coahuila","author":"grieta","date":"7 octubre, 2015","format":false,"excerpt":"M\u00c9XICO, D.F. (apro).- Habitantes del municipio General Cepeda, Coahuila, bloquearon el acceso principal al ejido Noria de la Sabina, para evitar la instalaci\u00f3n del Centro Integral para el Manejo y Confinamiento de Residuos Industriales (Cimari) en ese lugar. Desde las 8 de la ma\u00f1ana de este mi\u00e9rcoles, un grupo de\u2026","rel":"","context":"En &quot;CINTILLO&quot;","block_context":{"text":"CINTILLO","link":"https:\/\/www.grieta.org.mx\/index.php\/category\/cintillo\/"},"img":{"alt_text":"","src":"https:\/\/i0.wp.com\/www.grieta.org.mx\/wp-content\/uploads\/2018\/03\/14524434_1106112876131411_958039263622046936_o.jpg?resize=350%2C200&ssl=1","width":350,"height":200,"srcset":"https:\/\/i0.wp.com\/www.grieta.org.mx\/wp-content\/uploads\/2018\/03\/14524434_1106112876131411_958039263622046936_o.jpg?resize=350%2C200&ssl=1 1x, https:\/\/i0.wp.com\/www.grieta.org.mx\/wp-content\/uploads\/2018\/03\/14524434_1106112876131411_958039263622046936_o.jpg?resize=525%2C300&ssl=1 1.5x, https:\/\/i0.wp.com\/www.grieta.org.mx\/wp-content\/uploads\/2018\/03\/14524434_1106112876131411_958039263622046936_o.jpg?resize=700%2C400&ssl=1 2x"},"classes":[]}],"_links":{"self":[{"href":"https:\/\/www.grieta.org.mx\/index.php\/wp-json\/wp\/v2\/posts\/2851","targetHints":{"allow":["GET"]}}],"collection":[{"href":"https:\/\/www.grieta.org.mx\/index.php\/wp-json\/wp\/v2\/posts"}],"about":[{"href":"https:\/\/www.grieta.org.mx\/index.php\/wp-json\/wp\/v2\/types\/post"}],"author":[{"embeddable":true,"href":"https:\/\/www.grieta.org.mx\/index.php\/wp-json\/wp\/v2\/users\/2"}],"replies":[{"embeddable":true,"href":"https:\/\/www.grieta.org.mx\/index.php\/wp-json\/wp\/v2\/comments?post=2851"}],"version-history":[{"count":1,"href":"https:\/\/www.grieta.org.mx\/index.php\/wp-json\/wp\/v2\/posts\/2851\/revisions"}],"predecessor-version":[{"id":2852,"href":"https:\/\/www.grieta.org.mx\/index.php\/wp-json\/wp\/v2\/posts\/2851\/revisions\/2852"}],"wp:featuredmedia":[{"embeddable":true,"href":"https:\/\/www.grieta.org.mx\/index.php\/wp-json\/wp\/v2\/media\/21928"}],"wp:attachment":[{"href":"https:\/\/www.grieta.org.mx\/index.php\/wp-json\/wp\/v2\/media?parent=2851"}],"wp:term":[{"taxonomy":"category","embeddable":true,"href":"https:\/\/www.grieta.org.mx\/index.php\/wp-json\/wp\/v2\/categories?post=2851"},{"taxonomy":"post_tag","embeddable":true,"href":"https:\/\/www.grieta.org.mx\/index.php\/wp-json\/wp\/v2\/tags?post=2851"}],"curies":[{"name":"wp","href":"https:\/\/api.w.org\/{rel}","templated":true}]}}