{"id":2848,"date":"2016-02-08T19:14:10","date_gmt":"2016-02-08T19:14:10","guid":{"rendered":"http:\/\/50.22.11.12\/~grietaor\/?p=2848"},"modified":"2016-03-13T19:17:00","modified_gmt":"2016-03-13T19:17:00","slug":"marchan-contra-basurero-toxico","status":"publish","type":"post","link":"https:\/\/www.grieta.org.mx\/index.php\/2016\/02\/08\/marchan-contra-basurero-toxico\/","title":{"rendered":"Marchan contra basurero t\u00f3xico"},"content":{"rendered":"<figure id=\"attachment_2849\" aria-describedby=\"caption-attachment-2849\" style=\"width: 660px\" class=\"wp-caption aligncenter\"><img loading=\"lazy\" decoding=\"async\" data-attachment-id=\"2849\" data-permalink=\"https:\/\/www.grieta.org.mx\/index.php\/2016\/02\/08\/marchan-contra-basurero-toxico\/marcha-conta-basurero-toxico-general-cepeda-coahuila\/\" data-orig-file=\"https:\/\/www.grieta.org.mx\/wp-content\/uploads\/2016\/03\/Marcha-conta-basurero-toxico-general-cepeda-coahuila.jpg\" data-orig-size=\"660,440\" data-comments-opened=\"0\" data-image-meta=\"{&quot;aperture&quot;:&quot;0&quot;,&quot;credit&quot;:&quot;&quot;,&quot;camera&quot;:&quot;&quot;,&quot;caption&quot;:&quot;&quot;,&quot;created_timestamp&quot;:&quot;0&quot;,&quot;copyright&quot;:&quot;&quot;,&quot;focal_length&quot;:&quot;0&quot;,&quot;iso&quot;:&quot;0&quot;,&quot;shutter_speed&quot;:&quot;0&quot;,&quot;title&quot;:&quot;&quot;,&quot;orientation&quot;:&quot;0&quot;}\" data-image-title=\"Marcha conta basurero t\u00f3xico General Cepeda Coahuila\" data-image-description=\"\" data-image-caption=\"&lt;p&gt;Un grupo de manifestantes lleg\u00f3 ayer a la capital de Coahuila luego de tres d\u00edas de marcha en contra del Cimari que se construye en General Cepeda. Foto: Rolando Chac\u00f3n.&lt;\/p&gt;\n\" data-medium-file=\"https:\/\/www.grieta.org.mx\/wp-content\/uploads\/2016\/03\/Marcha-conta-basurero-toxico-general-cepeda-coahuila-300x200.jpg\" data-large-file=\"https:\/\/www.grieta.org.mx\/wp-content\/uploads\/2016\/03\/Marcha-conta-basurero-toxico-general-cepeda-coahuila.jpg\" class=\"wp-image-2849 size-full\" src=\"http:\/\/grieta.org.mx\/wp-content\/uploads\/2016\/03\/Marcha-conta-basurero-toxico-general-cepeda-coahuila.jpg\" alt=\"Un grupo de manifestantes lleg\u00f3 ayer a la capital de Coahuila luego de tres d\u00edas de marcha en contra del Cimari que se construye en General Cepeda. Foto: Rolando Chac\u00f3n.\" width=\"660\" height=\"440\" srcset=\"https:\/\/www.grieta.org.mx\/wp-content\/uploads\/2016\/03\/Marcha-conta-basurero-toxico-general-cepeda-coahuila.jpg 660w, https:\/\/www.grieta.org.mx\/wp-content\/uploads\/2016\/03\/Marcha-conta-basurero-toxico-general-cepeda-coahuila-300x200.jpg 300w\" sizes=\"auto, (max-width: 660px) 100vw, 660px\" \/><figcaption id=\"caption-attachment-2849\" class=\"wp-caption-text\">Un grupo de manifestantes lleg\u00f3 ayer a la capital de Coahuila luego de tres d\u00edas de marcha en contra del Cimari que se construye en General Cepeda. Foto: Rolando Chac\u00f3n.<\/figcaption><\/figure>\n<p>Rolando Chac\u00f3n \/ Corresponsal<\/p>\n<p>Saltillo, M\u00e9xico (08 febrero 2016).- Cientos de campesinos de zonas rurales y habitantes del municipio de General Cepeda, Coahuila, marcharon durante tres d\u00edas unos 60 kil\u00f3metros para reiterar su rechazo a un basurero t\u00f3xico que est\u00e1 en construcci\u00f3n en el ejido Noria de la Sabina.<\/p>\n<p>Se trata del Centro Integral para el Manejo de Residuos Industriales (Cimari), que desde el a\u00f1o pasado se planea llevar a cabo en un predio de 321 mil metros cuadrados, a 25 kil\u00f3metros de la cabecera municipal de esta localidad.<\/p>\n<p>Desde entonces, los ciudadanos han mantenido una oposici\u00f3n y han realizado manifestaciones en contra del confinamiento industrial promovido por el empresario saltillense Daniel Calvert, con su empresa Sociedad Ecol\u00f3gica Mexicana, S.A., (Semsa), sin embargo han sido ignoradas por los gobiernos federal, estatal y municipal.<\/p>\n<p>Con gritos como \u201cno al Cimari, s\u00ed a la vida\u201d, las familias llegaron a Saltillo por el poniente, descansaron unos momentos en la estatua de Francisco I. Madero, luego caminaron por varios kil\u00f3metros hasta la Alameda y de ah\u00ed al Palacio de Gobierno.<\/p>\n<p>Ah\u00ed, Pedro Jasso de Le\u00f3n, campesino y activista contra el basurero t\u00f3xico, llam\u00f3 a la conciencia de los integrantes del Congreso y el Gobierno del Estado.<\/p>\n<p>\u201cEsperamos de las autoridades que se concienticen, tanto el Congreso del Estado como el Gobierno del Estado y a ver si le pueden llamar la atenci\u00f3n al municipio que no quiere dar su brazo a torcer por ese permiso que dio para instalaci\u00f3n del confinamiento\u201d, dijo Jasso de Le\u00f3n.<\/p>\n<p>\u201cOjal\u00e1 y nos hicieran caso porque nuestros regidores del municipio de General Cepeda y el Alcalde dieron su \u00faltima palabra. El Alcalde dio su \u00faltima palabra diciendo que no da marcha atr\u00e1s y que rueden cabezas las que sean, que \u00e9l no se retracta del permiso que dio de cambio de uso de suelo\u201d.<\/p>\n<p><a href=\"http:\/\/www.reforma.com\/aplicaciones\/articulo\/default.aspx?id=761438\" target=\"_blank\">www.reforma.com\/aplicaciones\/articulo\/default.aspx?id=761438<\/a><\/p>\n","protected":false},"excerpt":{"rendered":"<p>Rolando Chac\u00f3n \/ Corresponsal Saltillo, M\u00e9xico (08 febrero 2016).- Cientos de campesinos de zonas rurales y habitantes del municipio de General Cepeda, Coahuila, marcharon durante tres d\u00edas unos 60 kil\u00f3metros &hellip; <a href=\"https:\/\/www.grieta.org.mx\/index.php\/2016\/02\/08\/marchan-contra-basurero-toxico\/\" class=\"more-link\">Leer m\u00e1s<\/a><\/p>\n","protected":false},"author":2,"featured_media":21928,"comment_status":"closed","ping_status":"open","sticky":false,"template":"","format":"standard","meta":{"ngg_post_thumbnail":0,"_jetpack_newsletter_access":"","_jetpack_dont_email_post_to_subs":false,"_jetpack_newsletter_tier_id":0,"_jetpack_memberships_contains_paywalled_content":false,"_jetpack_memberships_contains_paid_content":false,"footnotes":""},"categories":[80,250],"tags":[287,284,271],"class_list":["post-2848","post","type-post","status-publish","format-standard","has-post-thumbnail","hentry","category-cintillo","category-coahuila","tag-basurero-toxico","tag-general-cepeda","tag-marcha","entry"],"jetpack_featured_media_url":"https:\/\/www.grieta.org.mx\/wp-content\/uploads\/2018\/03\/14524434_1106112876131411_958039263622046936_o.jpg","jetpack_sharing_enabled":true,"jetpack_shortlink":"https:\/\/wp.me\/p7ZJR4-JW","jetpack_likes_enabled":false,"jetpack-related-posts":[{"id":6683,"url":"https:\/\/www.grieta.org.mx\/index.php\/2016\/02\/08\/coahuilenses-se-movilizan-para-detener-construccion-de-basurero-toxico\/","url_meta":{"origin":2848,"position":0},"title":"Coahuilenses se movilizan para detener construcci\u00f3n de basurero t\u00f3xico","author":"grieta","date":"8 febrero, 2016","format":false,"excerpt":"08\/02\/16. Marchan contra basurero t\u00f3xico Reforma 28\/10\/15. Contin\u00faa la lucha contra el Cimari en General Cepeda Vanguardia 27\/10\/15. Pobladores del norte de M\u00e9xico rechazan vivir con 64,000 toneladas de desechos t\u00f3xicos La opini\u00f3n 26\/10\/15. Va SEMSA contra los allanadores del CIMARI Z\u00f3calo Saltillo 20\/10\/15. Va CIMARI contra ejidatarios Z\u00f3calo Saltillo\u2026","rel":"","context":"En &quot;Coahuila&quot;","block_context":{"text":"Coahuila","link":"https:\/\/www.grieta.org.mx\/index.php\/category\/noticias-nacionales\/coahuila\/"},"img":{"alt_text":"","src":"https:\/\/i0.wp.com\/www.grieta.org.mx\/wp-content\/uploads\/2018\/03\/14524434_1106112876131411_958039263622046936_o.jpg?resize=350%2C200&ssl=1","width":350,"height":200,"srcset":"https:\/\/i0.wp.com\/www.grieta.org.mx\/wp-content\/uploads\/2018\/03\/14524434_1106112876131411_958039263622046936_o.jpg?resize=350%2C200&ssl=1 1x, https:\/\/i0.wp.com\/www.grieta.org.mx\/wp-content\/uploads\/2018\/03\/14524434_1106112876131411_958039263622046936_o.jpg?resize=525%2C300&ssl=1 1.5x, https:\/\/i0.wp.com\/www.grieta.org.mx\/wp-content\/uploads\/2018\/03\/14524434_1106112876131411_958039263622046936_o.jpg?resize=700%2C400&ssl=1 2x"},"classes":[]},{"id":2869,"url":"https:\/\/www.grieta.org.mx\/index.php\/2015\/10\/07\/protestan-pobladores-contra-instalacion-de-un-basurero-toxico-en-ejido-de-coahuila\/","url_meta":{"origin":2848,"position":1},"title":"Protestan pobladores contra instalaci\u00f3n de un basurero t\u00f3xico en ejido de Coahuila","author":"grieta","date":"7 octubre, 2015","format":false,"excerpt":"M\u00c9XICO, D.F. (apro).- Habitantes del municipio General Cepeda, Coahuila, bloquearon el acceso principal al ejido Noria de la Sabina, para evitar la instalaci\u00f3n del Centro Integral para el Manejo y Confinamiento de Residuos Industriales (Cimari) en ese lugar. Desde las 8 de la ma\u00f1ana de este mi\u00e9rcoles, un grupo de\u2026","rel":"","context":"En &quot;CINTILLO&quot;","block_context":{"text":"CINTILLO","link":"https:\/\/www.grieta.org.mx\/index.php\/category\/cintillo\/"},"img":{"alt_text":"","src":"https:\/\/i0.wp.com\/www.grieta.org.mx\/wp-content\/uploads\/2018\/03\/14524434_1106112876131411_958039263622046936_o.jpg?resize=350%2C200&ssl=1","width":350,"height":200,"srcset":"https:\/\/i0.wp.com\/www.grieta.org.mx\/wp-content\/uploads\/2018\/03\/14524434_1106112876131411_958039263622046936_o.jpg?resize=350%2C200&ssl=1 1x, https:\/\/i0.wp.com\/www.grieta.org.mx\/wp-content\/uploads\/2018\/03\/14524434_1106112876131411_958039263622046936_o.jpg?resize=525%2C300&ssl=1 1.5x, https:\/\/i0.wp.com\/www.grieta.org.mx\/wp-content\/uploads\/2018\/03\/14524434_1106112876131411_958039263622046936_o.jpg?resize=700%2C400&ssl=1 2x"},"classes":[]},{"id":2851,"url":"https:\/\/www.grieta.org.mx\/index.php\/2015\/10\/28\/continua-la-lucha-contra-el-cimari-en-general-cepeda\/","url_meta":{"origin":2848,"position":2},"title":"Contin\u00faa la lucha contra el Cimari en General Cepeda","author":"grieta","date":"28 octubre, 2015","format":false,"excerpt":"La lucha en oposici\u00f3n a la construcci\u00f3n del confinamiento de residuos peligrosos en General Cepeda se mantiene en pie, as\u00ed lo afirm\u00f3 a VANGUARDIA una de las manifestantes originaria de Noria de la Sabina quien prefiri\u00f3 no dar su nombre debido a que las represalias no se han hecho esperar.\u2026","rel":"","context":"En &quot;CINTILLO&quot;","block_context":{"text":"CINTILLO","link":"https:\/\/www.grieta.org.mx\/index.php\/category\/cintillo\/"},"img":{"alt_text":"","src":"https:\/\/i0.wp.com\/www.grieta.org.mx\/wp-content\/uploads\/2018\/03\/14524434_1106112876131411_958039263622046936_o.jpg?resize=350%2C200&ssl=1","width":350,"height":200,"srcset":"https:\/\/i0.wp.com\/www.grieta.org.mx\/wp-content\/uploads\/2018\/03\/14524434_1106112876131411_958039263622046936_o.jpg?resize=350%2C200&ssl=1 1x, https:\/\/i0.wp.com\/www.grieta.org.mx\/wp-content\/uploads\/2018\/03\/14524434_1106112876131411_958039263622046936_o.jpg?resize=525%2C300&ssl=1 1.5x, https:\/\/i0.wp.com\/www.grieta.org.mx\/wp-content\/uploads\/2018\/03\/14524434_1106112876131411_958039263622046936_o.jpg?resize=700%2C400&ssl=1 2x"},"classes":[]},{"id":2952,"url":"https:\/\/www.grieta.org.mx\/index.php\/2015\/07\/26\/coahuila-seria-el-tiradero-toxico-de-todo-mexico\/","url_meta":{"origin":2848,"position":3},"title":"Coahuila ser\u00eda el tiradero t\u00f3xico de todo M\u00e9xico","author":"grieta","date":"26 julio, 2015","format":false,"excerpt":"Ramos Arizpe, Coahuila.- Con la construcci\u00f3n de un nuevo Centro Integral para el Manejo y Aprovechamiento de Residuos Industriales (CIMARI) en el municipio de General Cepeda, Coahuila se convertir\u00eda en el \u201ctiradero\u201d de residuos peligrosos del pa\u00eds, ya que ser\u00eda la \u00fanica entidad con dos centros de confinamiento en todo\u2026","rel":"","context":"En &quot;CINTILLO&quot;","block_context":{"text":"CINTILLO","link":"https:\/\/www.grieta.org.mx\/index.php\/category\/cintillo\/"},"img":{"alt_text":"","src":"https:\/\/i0.wp.com\/www.grieta.org.mx\/wp-content\/uploads\/2018\/03\/14524434_1106112876131411_958039263622046936_o.jpg?resize=350%2C200&ssl=1","width":350,"height":200,"srcset":"https:\/\/i0.wp.com\/www.grieta.org.mx\/wp-content\/uploads\/2018\/03\/14524434_1106112876131411_958039263622046936_o.jpg?resize=350%2C200&ssl=1 1x, https:\/\/i0.wp.com\/www.grieta.org.mx\/wp-content\/uploads\/2018\/03\/14524434_1106112876131411_958039263622046936_o.jpg?resize=525%2C300&ssl=1 1.5x, https:\/\/i0.wp.com\/www.grieta.org.mx\/wp-content\/uploads\/2018\/03\/14524434_1106112876131411_958039263622046936_o.jpg?resize=700%2C400&ssl=1 2x"},"classes":[]},{"id":2872,"url":"https:\/\/www.grieta.org.mx\/index.php\/2015\/10\/06\/pobladores-de-general-cepeda-coahuila-impiden-construccion-del-basurero-toxico\/","url_meta":{"origin":2848,"position":4},"title":"Pobladores de General Cepeda, Coahuila, impiden construcci\u00f3n del \u201cbasurero t\u00f3xico\u201d","author":"grieta","date":"6 octubre, 2015","format":false,"excerpt":"Por Elisa Hern\u00e1ndez y Alejandro Montenegro Ciudad de M\u00e9xico, 6 de octubre (SinEmbargo\/Vanguardia).\u2013 Esta ma\u00f1ana ejidatarios de General Cepeda, Coahuila, que se oponen a la construcci\u00f3n del confinamiento de residuos peligrosos en el ejido Noria de la Sabina, tomaron las instalaciones donde actualmente se edifica el llamado \u2018basurero t\u00f3xico\u2019. Desde\u2026","rel":"","context":"En &quot;CINTILLO&quot;","block_context":{"text":"CINTILLO","link":"https:\/\/www.grieta.org.mx\/index.php\/category\/cintillo\/"},"img":{"alt_text":"","src":"https:\/\/i0.wp.com\/www.grieta.org.mx\/wp-content\/uploads\/2018\/03\/14524434_1106112876131411_958039263622046936_o.jpg?resize=350%2C200&ssl=1","width":350,"height":200,"srcset":"https:\/\/i0.wp.com\/www.grieta.org.mx\/wp-content\/uploads\/2018\/03\/14524434_1106112876131411_958039263622046936_o.jpg?resize=350%2C200&ssl=1 1x, https:\/\/i0.wp.com\/www.grieta.org.mx\/wp-content\/uploads\/2018\/03\/14524434_1106112876131411_958039263622046936_o.jpg?resize=525%2C300&ssl=1 1.5x, https:\/\/i0.wp.com\/www.grieta.org.mx\/wp-content\/uploads\/2018\/03\/14524434_1106112876131411_958039263622046936_o.jpg?resize=700%2C400&ssl=1 2x"},"classes":[]},{"id":2959,"url":"https:\/\/www.grieta.org.mx\/index.php\/2015\/07\/14\/toman-alcaldia-de-municipio-en-coahuila-exigen-revocar-permiso-a-basurero-toxico\/","url_meta":{"origin":2848,"position":5},"title":"Toman alcald\u00eda de municipio en Coahuila; exigen revocar permiso a basurero t\u00f3xico","author":"grieta","date":"14 julio, 2015","format":false,"excerpt":"GENERAL CEPEDA, Coah., (proceso.com.mx).- Un grupo de campesinos tom\u00f3 la alcald\u00eda de este municipio para exigir al edil negar un permiso de construcci\u00f3n a una empresa que pretende situar un confinamiento de desechos t\u00f3xicos en ese municipio. Alrededor de 300 ejidatarios de diversas comunidades arribaron la tarde del lunes a\u2026","rel":"","context":"En &quot;CINTILLO&quot;","block_context":{"text":"CINTILLO","link":"https:\/\/www.grieta.org.mx\/index.php\/category\/cintillo\/"},"img":{"alt_text":"","src":"https:\/\/i0.wp.com\/www.grieta.org.mx\/wp-content\/uploads\/2018\/03\/14524434_1106112876131411_958039263622046936_o.jpg?resize=350%2C200&ssl=1","width":350,"height":200,"srcset":"https:\/\/i0.wp.com\/www.grieta.org.mx\/wp-content\/uploads\/2018\/03\/14524434_1106112876131411_958039263622046936_o.jpg?resize=350%2C200&ssl=1 1x, https:\/\/i0.wp.com\/www.grieta.org.mx\/wp-content\/uploads\/2018\/03\/14524434_1106112876131411_958039263622046936_o.jpg?resize=525%2C300&ssl=1 1.5x, https:\/\/i0.wp.com\/www.grieta.org.mx\/wp-content\/uploads\/2018\/03\/14524434_1106112876131411_958039263622046936_o.jpg?resize=700%2C400&ssl=1 2x"},"classes":[]}],"_links":{"self":[{"href":"https:\/\/www.grieta.org.mx\/index.php\/wp-json\/wp\/v2\/posts\/2848","targetHints":{"allow":["GET"]}}],"collection":[{"href":"https:\/\/www.grieta.org.mx\/index.php\/wp-json\/wp\/v2\/posts"}],"about":[{"href":"https:\/\/www.grieta.org.mx\/index.php\/wp-json\/wp\/v2\/types\/post"}],"author":[{"embeddable":true,"href":"https:\/\/www.grieta.org.mx\/index.php\/wp-json\/wp\/v2\/users\/2"}],"replies":[{"embeddable":true,"href":"https:\/\/www.grieta.org.mx\/index.php\/wp-json\/wp\/v2\/comments?post=2848"}],"version-history":[{"count":1,"href":"https:\/\/www.grieta.org.mx\/index.php\/wp-json\/wp\/v2\/posts\/2848\/revisions"}],"predecessor-version":[{"id":2850,"href":"https:\/\/www.grieta.org.mx\/index.php\/wp-json\/wp\/v2\/posts\/2848\/revisions\/2850"}],"wp:featuredmedia":[{"embeddable":true,"href":"https:\/\/www.grieta.org.mx\/index.php\/wp-json\/wp\/v2\/media\/21928"}],"wp:attachment":[{"href":"https:\/\/www.grieta.org.mx\/index.php\/wp-json\/wp\/v2\/media?parent=2848"}],"wp:term":[{"taxonomy":"category","embeddable":true,"href":"https:\/\/www.grieta.org.mx\/index.php\/wp-json\/wp\/v2\/categories?post=2848"},{"taxonomy":"post_tag","embeddable":true,"href":"https:\/\/www.grieta.org.mx\/index.php\/wp-json\/wp\/v2\/tags?post=2848"}],"curies":[{"name":"wp","href":"https:\/\/api.w.org\/{rel}","templated":true}]}}