{"id":2828,"date":"2015-11-19T18:53:39","date_gmt":"2015-11-19T18:53:39","guid":{"rendered":"http:\/\/50.22.11.12\/~grietaor\/?p=2828"},"modified":"2016-03-13T18:56:55","modified_gmt":"2016-03-13T18:56:55","slug":"ademas-de-extraer-petroleo-ahora-bailleres-producira-electricidad-con-energia-eolica","status":"publish","type":"post","link":"https:\/\/www.grieta.org.mx\/index.php\/2015\/11\/19\/ademas-de-extraer-petroleo-ahora-bailleres-producira-electricidad-con-energia-eolica\/","title":{"rendered":"Adem\u00e1s de extraer petr\u00f3leo, ahora Bailleres producir\u00e1 electricidad con energ\u00eda e\u00f3lica"},"content":{"rendered":"<p><strong>Construir\u00e1 en Coahuila un parque con 95 aerogeneradores<\/strong><\/p>\n<figure id=\"attachment_2831\" aria-describedby=\"caption-attachment-2831\" style=\"width: 500px\" class=\"wp-caption aligncenter\"><img loading=\"lazy\" decoding=\"async\" data-attachment-id=\"2831\" data-permalink=\"https:\/\/www.grieta.org.mx\/index.php\/2015\/11\/19\/ademas-de-extraer-petroleo-ahora-bailleres-producira-electricidad-con-energia-eolica\/alberto-bailleres\/\" data-orig-file=\"https:\/\/www.grieta.org.mx\/wp-content\/uploads\/2016\/03\/alberto-bailleres.jpg\" data-orig-size=\"500,370\" data-comments-opened=\"0\" data-image-meta=\"{&quot;aperture&quot;:&quot;0&quot;,&quot;credit&quot;:&quot;&quot;,&quot;camera&quot;:&quot;&quot;,&quot;caption&quot;:&quot;&quot;,&quot;created_timestamp&quot;:&quot;0&quot;,&quot;copyright&quot;:&quot;&quot;,&quot;focal_length&quot;:&quot;0&quot;,&quot;iso&quot;:&quot;0&quot;,&quot;shutter_speed&quot;:&quot;0&quot;,&quot;title&quot;:&quot;&quot;,&quot;orientation&quot;:&quot;0&quot;}\" data-image-title=\"Alberto Billeres\" data-image-description=\"\" data-image-caption=\"&lt;p&gt;El empresario Alberto Bailleres, al momento de recibir la medalla Belisario Dom\u00ednguez en el Senado, el pasado 12 de noviembre.&lt;br \/&gt;\nFoto Marco Pel\u00e1ez&lt;\/p&gt;\n\" data-medium-file=\"https:\/\/www.grieta.org.mx\/wp-content\/uploads\/2016\/03\/alberto-bailleres-300x222.jpg\" data-large-file=\"https:\/\/www.grieta.org.mx\/wp-content\/uploads\/2016\/03\/alberto-bailleres.jpg\" class=\"wp-image-2831 size-full\" src=\"http:\/\/grieta.org.mx\/wp-content\/uploads\/2016\/03\/alberto-bailleres.jpg\" alt=\"El empresario Alberto Bailleres, al momento de recibir la medalla Belisario Dom\u00ednguez en el Senado, el pasado 12 de noviembre. Foto Marco Pel\u00e1ez\" width=\"500\" height=\"370\" srcset=\"https:\/\/www.grieta.org.mx\/wp-content\/uploads\/2016\/03\/alberto-bailleres.jpg 500w, https:\/\/www.grieta.org.mx\/wp-content\/uploads\/2016\/03\/alberto-bailleres-300x222.jpg 300w\" sizes=\"auto, (max-width: 500px) 100vw, 500px\" \/><figcaption id=\"caption-attachment-2831\" class=\"wp-caption-text\">El empresario Alberto Bailleres, al momento de recibir la medalla Belisario Dom\u00ednguez en el Senado, el pasado 12 de noviembre.<br \/> Foto Marco Pel\u00e1ez<\/figcaption><\/figure>\n<p>Susana Gonz\u00e1lez y Leopoldo Ramos<br \/>\nReportera y corresponsal<br \/>\nPeri\u00f3dico La Jornada<br \/>\nJueves 19 de noviembre de 2015, p. 27<\/p>\n<p>A trav\u00e9s de Industrias Pe\u00f1oles, el empresario Alberto Bailleres incrementar\u00e1 su participaci\u00f3n en el sector energ\u00e9tico con la construcci\u00f3n de un parque para producir energ\u00eda e\u00f3lica en Coahuila, en asociaci\u00f3n con la empresa Energ\u00edas de Portugal Renovables (EDP) y con una inversi\u00f3n de 350 millones de d\u00f3lares.<\/p>\n<p>A finales de septiembre y mediante el consorcio formado por su empresa Petrobal y la estadunidense Fieldwood Energy, Bailleres gan\u00f3 la adjudicaci\u00f3n del cuarto bloque de la segunda licitaci\u00f3n de la llamada ronda uno, ubicado en una extensi\u00f3n de 58 kil\u00f3metros cuadrados en el sureste de M\u00e9xico.<\/p>\n<p>El bloque, considerado el m\u00e1s atractivo de esa licitaci\u00f3n, comprende dos campos con reservas probadas y probables de crudo ligero (Ichalkil y Pokoch). Bailleres cre\u00f3 Petrobal en febrero de este a\u00f1o y nombr\u00f3 director general a Carlos Morales Gil, quien encabez\u00f3 Pemex Exploraci\u00f3n y Producci\u00f3n desde 2004 y hasta febrero de 2014, y renunci\u00f3 tres semanas antes de que se hiciera p\u00fablico el fraude de 400 millones de d\u00f3lares cometido en Oceanograf\u00eda.<\/p>\n<p>La v\u00edspera se anunci\u00f3 que Industrias Pe\u00f1oles y EDP crearon la empresa E\u00f3lica de Coahuila para construir el primer parque e\u00f3lico de esa entidad con 95 aerogeneradores en 4 mil 753 hect\u00e1reas al noroeste de Saltillo.<\/p>\n<p>Se prev\u00e9 que para finales de 2016 el parque e\u00f3lico produzca 200 megavatios (MW) de energ\u00eda limpia con la fuerza del viento, cantidad suficiente para iluminar 300 mil viviendas aunque ser\u00e1 utilizada por una planta de Pe\u00f1oles, el mayor productor de plata afinada en el mundo.<\/p>\n<p>Galardonado la semana pasada con la medalla Belisario Dom\u00ednguez por el Senado de la Rep\u00fablica, lo que gener\u00f3 controversia entre la oposici\u00f3n dado que la presea se ha otorgado a mujeres y hombres que se distinguen por su ciencia o virtud en grado eminente como servidores de la patria o de la humanidad, Alberto Bailleres es el tercer empresario m\u00e1s rico de M\u00e9xico, s\u00f3lo superado por Carlos Slim y Germ\u00e1n Larrea, seg\u00fan la revista Forbes.<\/p>\n<p>Hasta marzo de este a\u00f1o contaba con una fortuna calculada en 10 mil 400 millones de d\u00f3lares, que ha logrado en diferentes sectores como la Miner\u00eda a trav\u00e9s de Industrias Pe\u00f1oles, con la que obtuvo concesiones por m\u00e1s de 2 millones de hect\u00e1reas para la exploraci\u00f3n de oro y plata durante los sexenios de los panistas Vicente Fox y Felipe Calder\u00f3n.<\/p>\n<p>Tambi\u00e9n es due\u00f1o de El Palacio de Hierro, participa en los sectores asegurador y de pensiones con Grupo Nacional Provincial (GNP) y Grupo Profuturo, e incluso es accionista de Fomento Econ\u00f3mico Mexicano (Femsa), principal embotellador de Coca-Cola en Am\u00e9rica Latina y due\u00f1o de la cadena de las tiendas de conveniencia Oxxo.<\/p>\n<p>A todos esos negocios, agrega a partir de este a\u00f1o nuevas actividades en el sector energ\u00e9tico, pues gracias a la reforma incursiona en la extracci\u00f3n de petr\u00f3leo y la generaci\u00f3n de electricidad a trav\u00e9s de la energ\u00eda e\u00f3lica.<\/p>\n<p>Sobre el proyecto e\u00f3lico en Cohuila, el director general de EDP Renovables, Joan Manso Neto, asegur\u00f3 que ser\u00e1 ejemplar para todo M\u00e9xico. Se destac\u00f3 que ser\u00e1 uno de los m\u00e1s modernos del mundo toda vez que cada aerogenerador tendr\u00e1 una altura total de 137 metros, con una torre de 80 metros y aspas de 57 metros de longitud, &#8220;medidas que son superiores a las de un avi\u00f3n comercial, que permiten maximizar la generaci\u00f3n de electricidad&#8221;.<\/p>\n<p><a href=\"http:\/\/www.jornada.unam.mx\/2015\/11\/19\/economia\/027n2eco\" target=\"_blank\">www.jornada.unam.mx\/2015\/11\/19\/economia\/027n2eco<\/a><\/p>\n","protected":false},"excerpt":{"rendered":"<p>Construir\u00e1 en Coahuila un parque con 95 aerogeneradores Susana Gonz\u00e1lez y Leopoldo Ramos Reportera y corresponsal Peri\u00f3dico La Jornada Jueves 19 de noviembre de 2015, p. 27 A trav\u00e9s de &hellip; <a href=\"https:\/\/www.grieta.org.mx\/index.php\/2015\/11\/19\/ademas-de-extraer-petroleo-ahora-bailleres-producira-electricidad-con-energia-eolica\/\" class=\"more-link\">Leer m\u00e1s<\/a><\/p>\n","protected":false},"author":2,"featured_media":21928,"comment_status":"closed","ping_status":"open","sticky":false,"template":"","format":"standard","meta":{"ngg_post_thumbnail":0,"_jetpack_newsletter_access":"","_jetpack_dont_email_post_to_subs":false,"_jetpack_newsletter_tier_id":0,"_jetpack_memberships_contains_paywalled_content":false,"_jetpack_memberships_contains_paid_content":false,"footnotes":""},"categories":[80,250],"tags":[177,286],"class_list":["post-2828","post","type-post","status-publish","format-standard","has-post-thumbnail","hentry","category-cintillo","category-coahuila","tag-parque-eolico","tag-reforma-energetica","entry"],"jetpack_featured_media_url":"https:\/\/www.grieta.org.mx\/wp-content\/uploads\/2018\/03\/14524434_1106112876131411_958039263622046936_o.jpg","jetpack_sharing_enabled":true,"jetpack_shortlink":"https:\/\/wp.me\/p7ZJR4-JC","jetpack_likes_enabled":false,"jetpack-related-posts":[{"id":6669,"url":"https:\/\/www.grieta.org.mx\/index.php\/2016\/04\/16\/en-coahuila-proyectan-seis-parques-eolicos\/","url_meta":{"origin":2828,"position":0},"title":"En Coahuila proyectan seis parques e\u00f3licos","author":"grieta","date":"16 abril, 2016","format":false,"excerpt":"14\/04\/16. Coahuila con tres proyectos para generar energ\u00eda E\u00f3lica; dos est\u00e1n avanzados Vanguardia 02\/02\/16. Gamesa instalar\u00e1 aerogeneradores en Coahuila Milenio 19\/11\/15. M\u00e9xico posee condiciones para las energ\u00edas renovables REVE 19\/11\/15. Adem\u00e1s de extraer petr\u00f3leo, ahora Bailleres producir\u00e1 electricidad con energ\u00eda e\u00f3lica La Jornada","rel":"","context":"En &quot;Coahuila&quot;","block_context":{"text":"Coahuila","link":"https:\/\/www.grieta.org.mx\/index.php\/category\/noticias-nacionales\/coahuila\/"},"img":{"alt_text":"","src":"https:\/\/i0.wp.com\/www.grieta.org.mx\/wp-content\/uploads\/2018\/03\/14524434_1106112876131411_958039263622046936_o.jpg?resize=350%2C200&ssl=1","width":350,"height":200,"srcset":"https:\/\/i0.wp.com\/www.grieta.org.mx\/wp-content\/uploads\/2018\/03\/14524434_1106112876131411_958039263622046936_o.jpg?resize=350%2C200&ssl=1 1x, https:\/\/i0.wp.com\/www.grieta.org.mx\/wp-content\/uploads\/2018\/03\/14524434_1106112876131411_958039263622046936_o.jpg?resize=525%2C300&ssl=1 1.5x, https:\/\/i0.wp.com\/www.grieta.org.mx\/wp-content\/uploads\/2018\/03\/14524434_1106112876131411_958039263622046936_o.jpg?resize=700%2C400&ssl=1 2x"},"classes":[]},{"id":45570,"url":"https:\/\/www.grieta.org.mx\/index.php\/2020\/03\/04\/ejidatarios-denuncian-proteccion-de-la-gn-a-bailleres-en-mina-dipolos-video-coahuila\/","url_meta":{"origin":2828,"position":1},"title":"Ejidatarios denuncian protecci\u00f3n de la GN a Baill\u00e8res en Mina Dipolos (Video) (Coahuila)","author":"grieta","date":"4 marzo, 2020","format":false,"excerpt":"Juan Alberto Cedillo\/ PROCESO SALTILLO, Coah. (apro).- Ejidatarios de El Baj\u00edo de Caborca, Sonora, mantienen una protesta en la Mina Dipolos para exigir que la Guardia Nacional no se ponga al servicio del empresario Alberto Baill\u00e8res, quien \u2013afirmaron\u2013 mantiene la sustracci\u00f3n ilegal de oro de sus terrenos. Gregorio Meza Mendoza,\u2026","rel":"","context":"En &quot;CINTILLO&quot;","block_context":{"text":"CINTILLO","link":"https:\/\/www.grieta.org.mx\/index.php\/category\/cintillo\/"},"img":{"alt_text":"","src":"https:\/\/i0.wp.com\/www.grieta.org.mx\/wp-content\/uploads\/2020\/03\/estaes.png?resize=350%2C200&ssl=1","width":350,"height":200},"classes":[]},{"id":10459,"url":"https:\/\/www.grieta.org.mx\/index.php\/2016\/04\/14\/coahuila-con-tres-proyectos-para-generar-energia-eolica-dos-estan-avanzados\/","url_meta":{"origin":2828,"position":2},"title":"Coahuila con tres proyectos para generar energ\u00eda E\u00f3lica; dos est\u00e1n avanzados","author":"grieta","date":"14 abril, 2016","format":false,"excerpt":"El proyecto tiene una inversi\u00f3n de alrededor de 350 millones de d\u00f3lares, en este proyecto que se espera tener a finales de a\u00f1o. Piedras Negras.- Coahuila es de los estados donde los inversionistas le est\u00e1n apostando a la energ\u00eda renovable como es la E\u00f3lica, y en ello destacan tres proyectos;\u2026","rel":"","context":"En &quot;CINTILLO&quot;","block_context":{"text":"CINTILLO","link":"https:\/\/www.grieta.org.mx\/index.php\/category\/cintillo\/"},"img":{"alt_text":"","src":"https:\/\/i0.wp.com\/www.grieta.org.mx\/wp-content\/uploads\/2018\/03\/14524434_1106112876131411_958039263622046936_o.jpg?resize=350%2C200&ssl=1","width":350,"height":200,"srcset":"https:\/\/i0.wp.com\/www.grieta.org.mx\/wp-content\/uploads\/2018\/03\/14524434_1106112876131411_958039263622046936_o.jpg?resize=350%2C200&ssl=1 1x, https:\/\/i0.wp.com\/www.grieta.org.mx\/wp-content\/uploads\/2018\/03\/14524434_1106112876131411_958039263622046936_o.jpg?resize=525%2C300&ssl=1 1.5x, https:\/\/i0.wp.com\/www.grieta.org.mx\/wp-content\/uploads\/2018\/03\/14524434_1106112876131411_958039263622046936_o.jpg?resize=700%2C400&ssl=1 2x"},"classes":[]},{"id":3475,"url":"https:\/\/www.grieta.org.mx\/index.php\/2015\/12\/08\/minera-de-bailleres-derrama-450-toneladas-de-jales-de-plata-oro-y-plomo-en-zacatecas\/","url_meta":{"origin":2828,"position":3},"title":"Minera de Bailleres derrama 450 toneladas de jales de plata, oro y plomo en Zacatecas","author":"grieta","date":"8 diciembre, 2015","format":false,"excerpt":"La Redacci\u00f3n 8 de diciembre de 2015 M\u00c9XICO, D.F., (apro).- La ruptura en una tuber\u00eda de la empresa minera Saucito SA de CV, del empresario Alberto Bailleres, dedicada a la extracci\u00f3n de oro, plata y plomo en el Ejido Saucito del Poleo, municipio de Fresnillo, Zacatecas, provoc\u00f3 el derrame de\u2026","rel":"","context":"En &quot;CINTILLO&quot;","block_context":{"text":"CINTILLO","link":"https:\/\/www.grieta.org.mx\/index.php\/category\/cintillo\/"},"img":{"alt_text":"","src":"https:\/\/i0.wp.com\/www.grieta.org.mx\/wp-content\/uploads\/2018\/03\/14524434_1106112876131411_958039263622046936_o.jpg?resize=350%2C200&ssl=1","width":350,"height":200,"srcset":"https:\/\/i0.wp.com\/www.grieta.org.mx\/wp-content\/uploads\/2018\/03\/14524434_1106112876131411_958039263622046936_o.jpg?resize=350%2C200&ssl=1 1x, https:\/\/i0.wp.com\/www.grieta.org.mx\/wp-content\/uploads\/2018\/03\/14524434_1106112876131411_958039263622046936_o.jpg?resize=525%2C300&ssl=1 1.5x, https:\/\/i0.wp.com\/www.grieta.org.mx\/wp-content\/uploads\/2018\/03\/14524434_1106112876131411_958039263622046936_o.jpg?resize=700%2C400&ssl=1 2x"},"classes":[]},{"id":63224,"url":"https:\/\/www.grieta.org.mx\/index.php\/2022\/01\/20\/durazo-montano-alfil-de-alberto-bailleres-para-sostener-minera-a-cielo-abierto-en-sonora-acusan\/","url_meta":{"origin":2828,"position":4},"title":"Durazo Monta\u00f1o, alfil de Alberto Baill\u00e8res para sostener minera a cielo abierto en Sonora, acusan","author":"grieta","date":"20 enero, 2022","format":false,"excerpt":"El Ejido El Baj\u00edo ha resistido por d\u00e9cadas los ataques de la minera\u00a0Penmont, propiedad de Alberto Bailler\u00e8s; por ello ha sufrido ejecuciones extrajudiciales. El ejido acusa de que una de las v\u00edctimas pidi\u00f3 ayuda al gobernador Alfonso Durazo cuando era candidato, pero esta nunca lleg\u00f3 Texto: Kau Sirenio Fotos: Alexis\u2026","rel":"","context":"En &quot;Contaminaci\u00f3n ambiental por megaproyectos en Sonora&quot;","block_context":{"text":"Contaminaci\u00f3n ambiental por megaproyectos en Sonora","link":"https:\/\/www.grieta.org.mx\/index.php\/category\/noticias-nacionales\/sonora\/contaminacion-y-danos-a-la-naturaleza-por-megaproyectos\/"},"img":{"alt_text":"","src":"https:\/\/i0.wp.com\/www.grieta.org.mx\/wp-content\/uploads\/2022\/01\/Manuel_Hernandez_protesta_alexis-de-la-cruz_.jpg?resize=350%2C200&ssl=1","width":350,"height":200,"srcset":"https:\/\/i0.wp.com\/www.grieta.org.mx\/wp-content\/uploads\/2022\/01\/Manuel_Hernandez_protesta_alexis-de-la-cruz_.jpg?resize=350%2C200&ssl=1 1x, https:\/\/i0.wp.com\/www.grieta.org.mx\/wp-content\/uploads\/2022\/01\/Manuel_Hernandez_protesta_alexis-de-la-cruz_.jpg?resize=525%2C300&ssl=1 1.5x, https:\/\/i0.wp.com\/www.grieta.org.mx\/wp-content\/uploads\/2022\/01\/Manuel_Hernandez_protesta_alexis-de-la-cruz_.jpg?resize=700%2C400&ssl=1 2x"},"classes":[]},{"id":59315,"url":"https:\/\/www.grieta.org.mx\/index.php\/2021\/05\/05\/se-oponian-a-mina-de-bailleres-en-sonora-los-asesinaron-el-ejido-se-levanta-y-demanda-justicia\/","url_meta":{"origin":2828,"position":5},"title":"Se opon\u00edan a mina de Baill\u00e8res en Sonora. Los asesinaron. El ejido se levanta y demanda justicia","author":"grieta","date":"5 mayo, 2021","format":false,"excerpt":"SinEmbargo\/Dulce Olvera Los opositores asesinados, Jos\u00e9 de Jes\u00fas y Mar\u00eda de Jes\u00fas, luchaban contra la minera Penmont, una subsidiaria de Fresnillo, propiedad del magnate Alberto Baill\u00e8res, dedicada a la explotaci\u00f3n de oro a cielo abierto en el desierto de Sonora. Ciudad de M\u00e9xico, 3 de mayo (SinEmbargo).\u2013\u00a0Jos\u00e9 de Jes\u00fas Robledo\u2026","rel":"","context":"En &quot;CINTILLO&quot;","block_context":{"text":"CINTILLO","link":"https:\/\/www.grieta.org.mx\/index.php\/category\/cintillo\/"},"img":{"alt_text":"","src":"https:\/\/i0.wp.com\/www.grieta.org.mx\/wp-content\/uploads\/2021\/05\/desierto-sonora.jpg?resize=350%2C200&ssl=1","width":350,"height":200,"srcset":"https:\/\/i0.wp.com\/www.grieta.org.mx\/wp-content\/uploads\/2021\/05\/desierto-sonora.jpg?resize=350%2C200&ssl=1 1x, https:\/\/i0.wp.com\/www.grieta.org.mx\/wp-content\/uploads\/2021\/05\/desierto-sonora.jpg?resize=525%2C300&ssl=1 1.5x, https:\/\/i0.wp.com\/www.grieta.org.mx\/wp-content\/uploads\/2021\/05\/desierto-sonora.jpg?resize=700%2C400&ssl=1 2x, https:\/\/i0.wp.com\/www.grieta.org.mx\/wp-content\/uploads\/2021\/05\/desierto-sonora.jpg?resize=1050%2C600&ssl=1 3x"},"classes":[]}],"_links":{"self":[{"href":"https:\/\/www.grieta.org.mx\/index.php\/wp-json\/wp\/v2\/posts\/2828","targetHints":{"allow":["GET"]}}],"collection":[{"href":"https:\/\/www.grieta.org.mx\/index.php\/wp-json\/wp\/v2\/posts"}],"about":[{"href":"https:\/\/www.grieta.org.mx\/index.php\/wp-json\/wp\/v2\/types\/post"}],"author":[{"embeddable":true,"href":"https:\/\/www.grieta.org.mx\/index.php\/wp-json\/wp\/v2\/users\/2"}],"replies":[{"embeddable":true,"href":"https:\/\/www.grieta.org.mx\/index.php\/wp-json\/wp\/v2\/comments?post=2828"}],"version-history":[{"count":1,"href":"https:\/\/www.grieta.org.mx\/index.php\/wp-json\/wp\/v2\/posts\/2828\/revisions"}],"predecessor-version":[{"id":2832,"href":"https:\/\/www.grieta.org.mx\/index.php\/wp-json\/wp\/v2\/posts\/2828\/revisions\/2832"}],"wp:featuredmedia":[{"embeddable":true,"href":"https:\/\/www.grieta.org.mx\/index.php\/wp-json\/wp\/v2\/media\/21928"}],"wp:attachment":[{"href":"https:\/\/www.grieta.org.mx\/index.php\/wp-json\/wp\/v2\/media?parent=2828"}],"wp:term":[{"taxonomy":"category","embeddable":true,"href":"https:\/\/www.grieta.org.mx\/index.php\/wp-json\/wp\/v2\/categories?post=2828"},{"taxonomy":"post_tag","embeddable":true,"href":"https:\/\/www.grieta.org.mx\/index.php\/wp-json\/wp\/v2\/tags?post=2828"}],"curies":[{"name":"wp","href":"https:\/\/api.w.org\/{rel}","templated":true}]}}