{"id":2826,"date":"2015-11-19T18:50:00","date_gmt":"2015-11-19T18:50:00","guid":{"rendered":"http:\/\/50.22.11.12\/~grietaor\/?p=2826"},"modified":"2016-03-13T18:52:30","modified_gmt":"2016-03-13T18:52:30","slug":"mexico-posee-condiciones-para-las-energias-renovables","status":"publish","type":"post","link":"https:\/\/www.grieta.org.mx\/index.php\/2015\/11\/19\/mexico-posee-condiciones-para-las-energias-renovables\/","title":{"rendered":"M\u00e9xico posee condiciones para las energ\u00edas renovables"},"content":{"rendered":"<p>REVE<\/p>\n<p>M\u00e9xico tiene muchas condiciones para las energ\u00edas renovables, cuenta con mucha demanda el\u00e9ctrica y muy buenos recursos de vientos se\u00f1al\u00f3 el director general de EDP Renovables, Joao Manso Neto.<\/p>\n<p>Agreg\u00f3 que en el caso de la energ\u00eda e\u00f3lica, adem\u00e1s de ser m\u00e1s barata, tiene precios estables y fijos, lo que tambi\u00e9n da una seguridad muy grande a los empresarios, asimismo aunque hay otros puntos de M\u00e9xico que les interesa, descart\u00f3 dar a conocer esos lugares porque la pol\u00edtica de la empresa no es prometer, sino hacer.<\/p>\n<p>Por lo pronto, a\u00f1adi\u00f3 que Coahuila tiene condiciones para realizar inversiones y a\u00f1adi\u00f3 que nunca har\u00edan una inversi\u00f3n sino tuvieran la confianza de que existe seguridad, asimismo coment\u00f3 que son muy respetuosos de las leyes, as\u00ed como del medio ambiente.<\/p>\n<p>Este tipo de proyectos coment\u00f3 que genera empleos principalmente durante la construcci\u00f3n, sin embargo, despu\u00e9s genera energ\u00eda fiable y barata, lo que a su vez trae empleos industriales.<\/p>\n<p><strong>Se invertir\u00edan en Coahuila 2 mmdd en energ\u00eda verde<\/strong><\/p>\n<p>De concretarse los 4 proyectos que en energ\u00edas renovables que actualmente tienen Coahuila y sumando el que acaba de arrancar de Pe\u00f1oles, se estar\u00edan invirtiendo 2 mil millones de d\u00f3lares en la Entidad.<\/p>\n<p>El secretario de Desarrollo Econ\u00f3mico, Jos\u00e9 Antonio Guti\u00e9rrez Jard\u00f3n, inform\u00f3 que uno de ellos es un parque e\u00f3lico en Parras que contempla hasta 400 torres e\u00f3licas (1\u00aa etapa son 100) y representar\u00eda una inversi\u00f3n de mil mdd en sus 4 etapas.<\/p>\n<p>El 2\u00b0 proyecto es para la Zona Norte (Cd. Acu\u00f1a) de 100 aerogeneradores, con una inversi\u00f3n de 350 mdp; el 3\u00b0, para la zona de General Cepeda y el 4\u00b0 es un proyecto solar para Matamoros.<\/p>\n<p>El Secretario dijo que hay un 5\u00b0 para Cuatro Ci\u00e9negas, pero actualmente est\u00e1 en \u201cveremos\u201d.<\/p>\n<p><a href=\"http:\/\/www.evwind.com\/2015\/11\/19\/mexico-posee-condiciones-para-las-energias-renovables\" target=\"_blank\">www.evwind.com\/2015\/11\/19\/mexico-posee-condiciones-para-las-energias-renovables<\/a><\/p>\n","protected":false},"excerpt":{"rendered":"<p>REVE M\u00e9xico tiene muchas condiciones para las energ\u00edas renovables, cuenta con mucha demanda el\u00e9ctrica y muy buenos recursos de vientos se\u00f1al\u00f3 el director general de EDP Renovables, Joao Manso Neto. &hellip; <a href=\"https:\/\/www.grieta.org.mx\/index.php\/2015\/11\/19\/mexico-posee-condiciones-para-las-energias-renovables\/\" class=\"more-link\">Leer m\u00e1s<\/a><\/p>\n","protected":false},"author":2,"featured_media":21928,"comment_status":"closed","ping_status":"open","sticky":false,"template":"","format":"standard","meta":{"ngg_post_thumbnail":0,"_jetpack_newsletter_access":"","_jetpack_dont_email_post_to_subs":false,"_jetpack_newsletter_tier_id":0,"_jetpack_memberships_contains_paywalled_content":false,"_jetpack_memberships_contains_paid_content":false,"footnotes":""},"categories":[80],"tags":[264,214,284],"class_list":["post-2826","post","type-post","status-publish","format-standard","has-post-thumbnail","hentry","category-cintillo","tag-cuatro-cienegas","tag-eolicas","tag-general-cepeda","entry"],"jetpack_featured_media_url":"https:\/\/www.grieta.org.mx\/wp-content\/uploads\/2018\/03\/14524434_1106112876131411_958039263622046936_o.jpg","jetpack_sharing_enabled":true,"jetpack_shortlink":"https:\/\/wp.me\/p7ZJR4-JA","jetpack_likes_enabled":false,"jetpack-related-posts":[{"id":6669,"url":"https:\/\/www.grieta.org.mx\/index.php\/2016\/04\/16\/en-coahuila-proyectan-seis-parques-eolicos\/","url_meta":{"origin":2826,"position":0},"title":"En Coahuila proyectan seis parques e\u00f3licos","author":"grieta","date":"16 abril, 2016","format":false,"excerpt":"14\/04\/16. Coahuila con tres proyectos para generar energ\u00eda E\u00f3lica; dos est\u00e1n avanzados Vanguardia 02\/02\/16. Gamesa instalar\u00e1 aerogeneradores en Coahuila Milenio 19\/11\/15. M\u00e9xico posee condiciones para las energ\u00edas renovables REVE 19\/11\/15. Adem\u00e1s de extraer petr\u00f3leo, ahora Bailleres producir\u00e1 electricidad con energ\u00eda e\u00f3lica La Jornada","rel":"","context":"En &quot;Coahuila&quot;","block_context":{"text":"Coahuila","link":"https:\/\/www.grieta.org.mx\/index.php\/category\/noticias-nacionales\/coahuila\/"},"img":{"alt_text":"","src":"https:\/\/i0.wp.com\/www.grieta.org.mx\/wp-content\/uploads\/2018\/03\/14524434_1106112876131411_958039263622046936_o.jpg?resize=350%2C200&ssl=1","width":350,"height":200,"srcset":"https:\/\/i0.wp.com\/www.grieta.org.mx\/wp-content\/uploads\/2018\/03\/14524434_1106112876131411_958039263622046936_o.jpg?resize=350%2C200&ssl=1 1x, https:\/\/i0.wp.com\/www.grieta.org.mx\/wp-content\/uploads\/2018\/03\/14524434_1106112876131411_958039263622046936_o.jpg?resize=525%2C300&ssl=1 1.5x, https:\/\/i0.wp.com\/www.grieta.org.mx\/wp-content\/uploads\/2018\/03\/14524434_1106112876131411_958039263622046936_o.jpg?resize=700%2C400&ssl=1 2x"},"classes":[]},{"id":2798,"url":"https:\/\/www.grieta.org.mx\/index.php\/2015\/07\/11\/informa-adolfo-bonilla-que-en-zacatecas-hay-diversos-proyectos-de-energias-renovables\/","url_meta":{"origin":2826,"position":1},"title":"Informa Adolfo Bonilla que en Zacatecas hay diversos proyectos de energ\u00edas renovables.","author":"grieta","date":"11 julio, 2015","format":false,"excerpt":"11 de Julio de 2015 Raquel Ollaquindia ? No precis\u00f3 secretario de Econom\u00eda empresas ni ubicaciones Aunque sin precisar cu\u00e1les empresas y en qu\u00e9 ubicaciones, el secretario de Econom\u00eda Adolfo Bonilla G\u00f3mez inform\u00f3 que ya hay \u201cvarios\u201d proyectos relacionados con la explotaci\u00f3n de energ\u00edas renovables en el estado que \u201cse\u2026","rel":"","context":"En &quot;CINTILLO&quot;","block_context":{"text":"CINTILLO","link":"https:\/\/www.grieta.org.mx\/index.php\/category\/cintillo\/"},"img":{"alt_text":"","src":"https:\/\/i0.wp.com\/www.grieta.org.mx\/wp-content\/uploads\/2015\/07\/eolica-2.jpg?resize=350%2C200&ssl=1","width":350,"height":200,"srcset":"https:\/\/i0.wp.com\/www.grieta.org.mx\/wp-content\/uploads\/2015\/07\/eolica-2.jpg?resize=350%2C200&ssl=1 1x, https:\/\/i0.wp.com\/www.grieta.org.mx\/wp-content\/uploads\/2015\/07\/eolica-2.jpg?resize=525%2C300&ssl=1 1.5x"},"classes":[]},{"id":4342,"url":"https:\/\/www.grieta.org.mx\/index.php\/2015\/06\/22\/autorizan-parque-eolico-para-san-fernando-tamaulipas\/","url_meta":{"origin":2826,"position":2},"title":"Autorizan parque e\u00f3lico para San Fernando, Tamaulipas","author":"grieta","date":"22 junio, 2015","format":false,"excerpt":"La Prensa Mx Tamaulipas ofrece las mejores condiciones para los parques e\u00f3licos, se\u00f1al\u00f3 Eduardo Mart\u00ednez, Vicepresidente de Gemex Energ\u00edas Renovables. Todas las condiciones que ofrece Tamaulipas para los parques e\u00f3licos son las mejores de todo el pa\u00eds, desde las gestiones con los diferentes \u00f3rdenes de gobierno hasta los propietarios de\u2026","rel":"","context":"En &quot;CINTILLO&quot;","block_context":{"text":"CINTILLO","link":"https:\/\/www.grieta.org.mx\/index.php\/category\/cintillo\/"},"img":{"alt_text":"","src":"https:\/\/i0.wp.com\/www.grieta.org.mx\/wp-content\/uploads\/2018\/03\/14524434_1106112876131411_958039263622046936_o.jpg?resize=350%2C200&ssl=1","width":350,"height":200,"srcset":"https:\/\/i0.wp.com\/www.grieta.org.mx\/wp-content\/uploads\/2018\/03\/14524434_1106112876131411_958039263622046936_o.jpg?resize=350%2C200&ssl=1 1x, https:\/\/i0.wp.com\/www.grieta.org.mx\/wp-content\/uploads\/2018\/03\/14524434_1106112876131411_958039263622046936_o.jpg?resize=525%2C300&ssl=1 1.5x, https:\/\/i0.wp.com\/www.grieta.org.mx\/wp-content\/uploads\/2018\/03\/14524434_1106112876131411_958039263622046936_o.jpg?resize=700%2C400&ssl=1 2x"},"classes":[]},{"id":69456,"url":"https:\/\/www.grieta.org.mx\/index.php\/2024\/08\/18\/resistencia-maya-al-despojo-y-la-compleja-transicion-energetica-en-yucatan\/","url_meta":{"origin":2826,"position":3},"title":"Resistencia maya al despojo y la compleja transici\u00f3n energ\u00e9tica en Yucat\u00e1n","author":"grieta","date":"18 agosto, 2024","format":false,"excerpt":"Texto: Gonzalo Ortu\u00f1o \/ IPS \/ Foto de portada Pedro Uc \/ Pie de P\u00e1gina Por su riqueza natural, la pen\u00ednsula de Yucat\u00e1n es vista como potencial generadora de energ\u00eda solar y e\u00f3lica en M\u00e9xico. Sin embargo, la implementaci\u00f3n de la transici\u00f3n energ\u00e9tica ha implicado el despojo de tierras a\u2026","rel":"","context":"En &quot;Agroindustria&quot;","block_context":{"text":"Agroindustria","link":"https:\/\/www.grieta.org.mx\/index.php\/category\/megaproyectos\/agroindustria\/"},"img":{"alt_text":"","src":"https:\/\/i0.wp.com\/www.grieta.org.mx\/wp-content\/uploads\/2024\/08\/Resistencia-e1724697228476.jpg?resize=350%2C200&ssl=1","width":350,"height":200,"srcset":"https:\/\/i0.wp.com\/www.grieta.org.mx\/wp-content\/uploads\/2024\/08\/Resistencia-e1724697228476.jpg?resize=350%2C200&ssl=1 1x, https:\/\/i0.wp.com\/www.grieta.org.mx\/wp-content\/uploads\/2024\/08\/Resistencia-e1724697228476.jpg?resize=525%2C300&ssl=1 1.5x, https:\/\/i0.wp.com\/www.grieta.org.mx\/wp-content\/uploads\/2024\/08\/Resistencia-e1724697228476.jpg?resize=700%2C400&ssl=1 2x"},"classes":[]},{"id":1879,"url":"https:\/\/www.grieta.org.mx\/index.php\/2015\/06\/26\/sector-de-energia-eolica-en-mexico-atraera-dos-mil-mdd-anuales\/","url_meta":{"origin":2826,"position":4},"title":"Sector de energ\u00eda e\u00f3lica en M\u00e9xico atraer\u00e1 dos mil mdd anuales","author":"grieta","date":"26 junio, 2015","format":false,"excerpt":"EVwind. Redacci\u00f3n, Oaxaca.-El sector de la energ\u00eda e\u00f3lica en M\u00e9xico atraer\u00e1 dos mil millones de d\u00f3lares anuales durante los pr\u00f3ximos 25 a\u00f1os, con lo que se convertir\u00e1 en el rubro que mayor inversi\u00f3n recibir\u00e1 de la industria energ\u00e9tica, seg\u00fan Bloomberg New Energy Finance. En un informe difundido esta semana, la\u2026","rel":"","context":"En &quot;CINTILLO&quot;","block_context":{"text":"CINTILLO","link":"https:\/\/www.grieta.org.mx\/index.php\/category\/cintillo\/"},"img":{"alt_text":"","src":"https:\/\/i0.wp.com\/www.grieta.org.mx\/wp-content\/uploads\/2018\/03\/14524434_1106112876131411_958039263622046936_o.jpg?resize=350%2C200&ssl=1","width":350,"height":200,"srcset":"https:\/\/i0.wp.com\/www.grieta.org.mx\/wp-content\/uploads\/2018\/03\/14524434_1106112876131411_958039263622046936_o.jpg?resize=350%2C200&ssl=1 1x, https:\/\/i0.wp.com\/www.grieta.org.mx\/wp-content\/uploads\/2018\/03\/14524434_1106112876131411_958039263622046936_o.jpg?resize=525%2C300&ssl=1 1.5x, https:\/\/i0.wp.com\/www.grieta.org.mx\/wp-content\/uploads\/2018\/03\/14524434_1106112876131411_958039263622046936_o.jpg?resize=700%2C400&ssl=1 2x"},"classes":[]},{"id":62730,"url":"https:\/\/www.grieta.org.mx\/index.php\/2021\/11\/10\/el-lavado-verde-de-iberdrola-desde-el-istmo-hasta-glasgow-oaxaca\/","url_meta":{"origin":2826,"position":5},"title":"El lavado verde de Iberdrola desde el Istmo hasta Glasgow (Oaxaca)","author":"grieta","date":"10 noviembre, 2021","format":false,"excerpt":"Avispa Midia \/ Samantha Demby. M\u00e1s de una docena de rostros blancos recorren sin esfuerzo las laderas escocesas en bicicletas el\u00e9ctricas de alta gama. Sus uniformes, una paleta de tonos verdes, llevan el logotipo del gigante energ\u00e9tico espa\u00f1ol Iberdrola, junto al emblema de la Conferencia de las Naciones Unidas, com\u00fanmente\u2026","rel":"","context":"En &quot;CINTILLO&quot;","block_context":{"text":"CINTILLO","link":"https:\/\/www.grieta.org.mx\/index.php\/category\/cintillo\/"},"img":{"alt_text":"","src":"https:\/\/i0.wp.com\/www.grieta.org.mx\/wp-content\/uploads\/2021\/11\/1-3.jpg?resize=350%2C200&ssl=1","width":350,"height":200,"srcset":"https:\/\/i0.wp.com\/www.grieta.org.mx\/wp-content\/uploads\/2021\/11\/1-3.jpg?resize=350%2C200&ssl=1 1x, https:\/\/i0.wp.com\/www.grieta.org.mx\/wp-content\/uploads\/2021\/11\/1-3.jpg?resize=525%2C300&ssl=1 1.5x, https:\/\/i0.wp.com\/www.grieta.org.mx\/wp-content\/uploads\/2021\/11\/1-3.jpg?resize=700%2C400&ssl=1 2x"},"classes":[]}],"_links":{"self":[{"href":"https:\/\/www.grieta.org.mx\/index.php\/wp-json\/wp\/v2\/posts\/2826","targetHints":{"allow":["GET"]}}],"collection":[{"href":"https:\/\/www.grieta.org.mx\/index.php\/wp-json\/wp\/v2\/posts"}],"about":[{"href":"https:\/\/www.grieta.org.mx\/index.php\/wp-json\/wp\/v2\/types\/post"}],"author":[{"embeddable":true,"href":"https:\/\/www.grieta.org.mx\/index.php\/wp-json\/wp\/v2\/users\/2"}],"replies":[{"embeddable":true,"href":"https:\/\/www.grieta.org.mx\/index.php\/wp-json\/wp\/v2\/comments?post=2826"}],"version-history":[{"count":1,"href":"https:\/\/www.grieta.org.mx\/index.php\/wp-json\/wp\/v2\/posts\/2826\/revisions"}],"predecessor-version":[{"id":2827,"href":"https:\/\/www.grieta.org.mx\/index.php\/wp-json\/wp\/v2\/posts\/2826\/revisions\/2827"}],"wp:featuredmedia":[{"embeddable":true,"href":"https:\/\/www.grieta.org.mx\/index.php\/wp-json\/wp\/v2\/media\/21928"}],"wp:attachment":[{"href":"https:\/\/www.grieta.org.mx\/index.php\/wp-json\/wp\/v2\/media?parent=2826"}],"wp:term":[{"taxonomy":"category","embeddable":true,"href":"https:\/\/www.grieta.org.mx\/index.php\/wp-json\/wp\/v2\/categories?post=2826"},{"taxonomy":"post_tag","embeddable":true,"href":"https:\/\/www.grieta.org.mx\/index.php\/wp-json\/wp\/v2\/tags?post=2826"}],"curies":[{"name":"wp","href":"https:\/\/api.w.org\/{rel}","templated":true}]}}