{"id":28148,"date":"2019-01-07T12:26:55","date_gmt":"2019-01-07T18:26:55","guid":{"rendered":"http:\/\/www.grieta.org.mx\/?p=28148"},"modified":"2019-01-08T12:31:19","modified_gmt":"2019-01-08T18:31:19","slug":"puebla-capital-el-municipio-con-mas-ninos-desaparecidos-en-sexenio-de-epn","status":"publish","type":"post","link":"https:\/\/www.grieta.org.mx\/index.php\/2019\/01\/07\/puebla-capital-el-municipio-con-mas-ninos-desaparecidos-en-sexenio-de-epn\/","title":{"rendered":"Puebla capital, el municipio con m\u00e1s ni\u00f1os desaparecidos en sexenio de EPN"},"content":{"rendered":"<p><img loading=\"lazy\" decoding=\"async\" data-attachment-id=\"28149\" data-permalink=\"https:\/\/www.grieta.org.mx\/index.php\/2019\/01\/07\/puebla-capital-el-municipio-con-mas-ninos-desaparecidos-en-sexenio-de-epn\/ninos-desaparecidos\/\" data-orig-file=\"https:\/\/www.grieta.org.mx\/wp-content\/uploads\/2019\/01\/ni\u00f1os-desaparecidos.jpg\" data-orig-size=\"620,330\" data-comments-opened=\"0\" data-image-meta=\"{&quot;aperture&quot;:&quot;0&quot;,&quot;credit&quot;:&quot;&quot;,&quot;camera&quot;:&quot;&quot;,&quot;caption&quot;:&quot;&quot;,&quot;created_timestamp&quot;:&quot;0&quot;,&quot;copyright&quot;:&quot;&quot;,&quot;focal_length&quot;:&quot;0&quot;,&quot;iso&quot;:&quot;0&quot;,&quot;shutter_speed&quot;:&quot;0&quot;,&quot;title&quot;:&quot;&quot;,&quot;orientation&quot;:&quot;0&quot;}\" data-image-title=\"ni\u00f1os-desaparecidos\" data-image-description=\"\" data-image-caption=\"\" data-medium-file=\"https:\/\/www.grieta.org.mx\/wp-content\/uploads\/2019\/01\/ni\u00f1os-desaparecidos-300x160.jpg\" data-large-file=\"https:\/\/www.grieta.org.mx\/wp-content\/uploads\/2019\/01\/ni\u00f1os-desaparecidos.jpg\" class=\"aligncenter size-full wp-image-28149\" src=\"http:\/\/www.grieta.org.mx\/wp-content\/uploads\/2019\/01\/ni\u00f1os-desaparecidos.jpg\" alt=\"\" width=\"620\" height=\"330\" srcset=\"https:\/\/www.grieta.org.mx\/wp-content\/uploads\/2019\/01\/ni\u00f1os-desaparecidos.jpg 620w, https:\/\/www.grieta.org.mx\/wp-content\/uploads\/2019\/01\/ni\u00f1os-desaparecidos-300x160.jpg 300w\" sizes=\"auto, (max-width: 620px) 100vw, 620px\" \/><\/p>\n<p>Lorena Gonz\u00e1lez Guzm\u00e1n \/ \u00c1ngulo 7<\/p>\n<p>Durante el sexenio del expresidente Enrique Pe\u00f1a Nieto desaparecieron al menos 4 mil 980 ni\u00f1os y adolescentes, la capital poblana encabez\u00f3 la lista de los municipios con mayor n\u00famero de casos, con un total de 389 hechos, alert\u00f3 la organizaci\u00f3n Redim en su balance anual.<\/p>\n<p>La Red por los Derechos de la Infancia en M\u00e9xico (Redim) explic\u00f3 que este problema social se relaciona, principalmente a los delitos de trata de personas, o los relacionados con explotaci\u00f3n sexual, tr\u00e1fico de menores, as\u00ed como a la violencia ejercida por grupos armados y delincuencia organizada.<\/p>\n<p>Adem\u00e1s de la Angel\u00f3polis, otros municipios con mayor incidencia en menores extraviados fueron Tijuana (249), Ciudad Ju\u00e1rez (206); Monterrey (182); Hermosillo (160); Toluca (155); Culiac\u00e1n (132); Matamoros (131); Ecatepec (123) y Nezahualc\u00f3yotl (122).<\/p>\n<p>Tambi\u00e9n se se\u00f1al\u00f3 al estado como la tercera zona metropolitana m\u00e1s contaminada del pa\u00eds. La entidad destac\u00f3 por contaminaci\u00f3n de part\u00edculas suspendidas, muestra de ello es su capital en donde cada 24 horas existen en la atm\u00f3sfera 231 microgramos de PM 10 (part\u00edculas s\u00f3lidas o l\u00edquidas de polvo, cenizas, holl\u00edn, metal, cemento) por metro c\u00fabico.<\/p>\n<p>Este tipo de contaminaci\u00f3n se relaciona con enfermedades respiratorias y muertes prematuras, en infantes y adolescentes, las afectaciones m\u00e1s agudas quedan evidenciadas, por ejemplo, en las infecciones respiratorias agudas, que son la tercera causa de muerte de este grupo y cuyos casos pueden ser exacerbados de manera particular por part\u00edculas suspendidas, contaminantes que, a su vez, son comunes en varias ciudades del pa\u00eds\u201d.<\/p>\n<p>En informe indic\u00f3 que el Estado de M\u00e9xico y Puebla encabezaron a las entidades se\u00f1aladas con el mayor n\u00famero de desapariciones en menores de edad; ambas acumulan el 40.5 por ciento de los casos del pa\u00eds durante la administraci\u00f3n del priista Pe\u00f1a Nieto.<\/p>\n<p>Cabe mencionar que la situaci\u00f3n de la ni\u00f1ez en Puebla tambi\u00e9n enfrenta el trabajo infantil, pues de acuerdo con el Inegi, el estado ocup\u00f3 el noveno pelda\u00f1o con m\u00e1s menores en esta condici\u00f3n.<\/p>\n<p><a href=\"https:\/\/www.angulo7.com.mx\/2019\/01\/07\/puebla-capital-el-municipio-con-mas-ninos-desaparecidos-en-sexenio-de-epn\/\">https:\/\/www.angulo7.com.mx\/2019\/01\/07\/puebla-capital-el-municipio-con-mas-ninos-desaparecidos-en-sexenio-de-epn\/<\/a><\/p>\n","protected":false},"excerpt":{"rendered":"<p>Lorena Gonz\u00e1lez Guzm\u00e1n \/ \u00c1ngulo 7 Durante el sexenio del expresidente Enrique Pe\u00f1a Nieto desaparecieron al menos 4 mil 980 ni\u00f1os y adolescentes, la capital poblana encabez\u00f3 la lista de &hellip; <a href=\"https:\/\/www.grieta.org.mx\/index.php\/2019\/01\/07\/puebla-capital-el-municipio-con-mas-ninos-desaparecidos-en-sexenio-de-epn\/\" class=\"more-link\">Leer m\u00e1s<\/a><\/p>\n","protected":false},"author":2,"featured_media":28149,"comment_status":"closed","ping_status":"closed","sticky":false,"template":"","format":"standard","meta":{"ngg_post_thumbnail":0,"_jetpack_newsletter_access":"","_jetpack_dont_email_post_to_subs":false,"_jetpack_newsletter_tier_id":0,"_jetpack_memberships_contains_paywalled_content":false,"_jetpack_memberships_contains_paid_content":false,"footnotes":""},"categories":[80,1045,1254,1827,2,26,83],"tags":[91],"class_list":["post-28148","post","type-post","status-publish","format-standard","has-post-thumbnail","hentry","category-cintillo","category-desaparecidos-en-puebla","category-explotacion-y-abuso-infantil-en-puebla","category-la-ninez-en-la-tormenta-capitalista","category-noticias-nacionales","category-puebla","category-temas-nacionales","tag-contaminacion-ambiental","entry"],"jetpack_featured_media_url":"https:\/\/www.grieta.org.mx\/wp-content\/uploads\/2019\/01\/ni\u00f1os-desaparecidos.jpg","jetpack_sharing_enabled":true,"jetpack_shortlink":"https:\/\/wp.me\/p7ZJR4-7k0","jetpack_likes_enabled":false,"jetpack-related-posts":[{"id":38639,"url":"https:\/\/www.grieta.org.mx\/index.php\/2019\/08\/22\/epidemia-de-desaparicion-de-ninos-en-la-ciudad-de-puebla-es-primer-lugar-nacional\/","url_meta":{"origin":28148,"position":0},"title":"Epidemia de desaparici\u00f3n de ni\u00f1os en la ciudad de Puebla; es primer lugar nacional","author":"Admin","date":"22 agosto, 2019","format":false,"excerpt":"Yadira Llaven Anzures \/ La Jornada de Oriente Con 389 carpetas de investigaci\u00f3n abiertas, la Red por los Derechos de la Infancia en M\u00e9xico (Redim) ubic\u00f3 a la ciudad de Puebla como el primer lugar nacional con el mayor n\u00famero de ni\u00f1as, ni\u00f1os y adolescentes desaparecidos en el pa\u00eds. La\u2026","rel":"","context":"En &quot;CINTILLO&quot;","block_context":{"text":"CINTILLO","link":"https:\/\/www.grieta.org.mx\/index.php\/category\/cintillo\/"},"img":{"alt_text":"","src":"https:\/\/i0.wp.com\/www.grieta.org.mx\/wp-content\/uploads\/2019\/09\/6144-infancia.jpg?resize=350%2C200&ssl=1","width":350,"height":200,"srcset":"https:\/\/i0.wp.com\/www.grieta.org.mx\/wp-content\/uploads\/2019\/09\/6144-infancia.jpg?resize=350%2C200&ssl=1 1x, https:\/\/i0.wp.com\/www.grieta.org.mx\/wp-content\/uploads\/2019\/09\/6144-infancia.jpg?resize=525%2C300&ssl=1 1.5x, https:\/\/i0.wp.com\/www.grieta.org.mx\/wp-content\/uploads\/2019\/09\/6144-infancia.jpg?resize=700%2C400&ssl=1 2x, https:\/\/i0.wp.com\/www.grieta.org.mx\/wp-content\/uploads\/2019\/09\/6144-infancia.jpg?resize=1050%2C600&ssl=1 3x"},"classes":[]},{"id":26962,"url":"https:\/\/www.grieta.org.mx\/index.php\/2018\/10\/03\/uno-de-cuatro-ninos-desaparecio-durante-el-sexenio-de-pena-nieto\/","url_meta":{"origin":28148,"position":1},"title":"Uno de cuatro ni\u00f1os desapareci\u00f3 durante el sexenio de Pe\u00f1a Nieto","author":"grieta","date":"3 octubre, 2018","format":false,"excerpt":"Regeneraci\u00f3n 03 de octubre de 2018.- En lo que va del sexenio de Enrique Pe\u00f1a Nieto, han desaparecido 4 mil 980 infantes; un tema que es invisible y que en otros pa\u00edses ser\u00eda un esc\u00e1ndalo, pero en M\u00e9xico no lo es indicaron desde la Conferencia Nacional por los derechos de\u2026","rel":"","context":"En &quot;CINTILLO&quot;","block_context":{"text":"CINTILLO","link":"https:\/\/www.grieta.org.mx\/index.php\/category\/cintillo\/"},"img":{"alt_text":"","src":"https:\/\/i0.wp.com\/www.grieta.org.mx\/wp-content\/uploads\/2018\/10\/ni%C3%B1oas.jpg?resize=350%2C200&ssl=1","width":350,"height":200,"srcset":"https:\/\/i0.wp.com\/www.grieta.org.mx\/wp-content\/uploads\/2018\/10\/ni%C3%B1oas.jpg?resize=350%2C200&ssl=1 1x, https:\/\/i0.wp.com\/www.grieta.org.mx\/wp-content\/uploads\/2018\/10\/ni%C3%B1oas.jpg?resize=525%2C300&ssl=1 1.5x"},"classes":[]},{"id":28079,"url":"https:\/\/www.grieta.org.mx\/index.php\/2019\/01\/03\/en-seis-anos-mas-de-3-mil-ninas-han-desaparecido-en-mexico\/","url_meta":{"origin":28148,"position":2},"title":"En seis a\u00f1os, m\u00e1s de 3 mil ni\u00f1as han desaparecido en M\u00e9xico","author":"grieta","date":"3 enero, 2019","format":false,"excerpt":"Redacci\u00f3n \/Animal Pol\u00edtico Durante el sexenio de Enrique Pe\u00f1a Nieto desaparecieron al menos 4,980 menores y adolescentes, de las cuales 3,067 fueron ni\u00f1as (61.6 %), alert\u00f3 a Red por los Derechos de la Infancia en M\u00e9xico (REDIM). Las organizaciones se\u00f1alaron que por cada cuatro desapariciones de menores (tanto ni\u00f1as y\u2026","rel":"","context":"En &quot;CINTILLO&quot;","block_context":{"text":"CINTILLO","link":"https:\/\/www.grieta.org.mx\/index.php\/category\/cintillo\/"},"img":{"alt_text":"","src":"https:\/\/i0.wp.com\/www.grieta.org.mx\/wp-content\/uploads\/2019\/01\/PGR_Desaparecidos-2-960x500.jpg?resize=350%2C200&ssl=1","width":350,"height":200,"srcset":"https:\/\/i0.wp.com\/www.grieta.org.mx\/wp-content\/uploads\/2019\/01\/PGR_Desaparecidos-2-960x500.jpg?resize=350%2C200&ssl=1 1x, https:\/\/i0.wp.com\/www.grieta.org.mx\/wp-content\/uploads\/2019\/01\/PGR_Desaparecidos-2-960x500.jpg?resize=525%2C300&ssl=1 1.5x, https:\/\/i0.wp.com\/www.grieta.org.mx\/wp-content\/uploads\/2019\/01\/PGR_Desaparecidos-2-960x500.jpg?resize=700%2C400&ssl=1 2x"},"classes":[]},{"id":27267,"url":"https:\/\/www.grieta.org.mx\/index.php\/2018\/10\/04\/es-puebla-el-segundo-estado-con-mas-ninos-desaparecidos-del-pais\/","url_meta":{"origin":28148,"position":3},"title":"Es Puebla el segundo estado con m\u00e1s ni\u00f1os desaparecidos del pa\u00eds","author":"grieta","date":"4 octubre, 2018","format":false,"excerpt":"Puebla es el segundo estado del pa\u00eds con m\u00e1s casos de ni\u00f1os y adolescentes desaparecidos desde 2007 a la fecha, al registrar 787 casos, que superan a Tamaulipas, Sonora y Nuevo Le\u00f3n, de acuerdo con un informe de la Red por los Derechos de la Infancia en M\u00e9xico. Ah\u00ed se\u2026","rel":"","context":"En &quot;CINTILLO&quot;","block_context":{"text":"CINTILLO","link":"https:\/\/www.grieta.org.mx\/index.php\/category\/cintillo\/"},"img":{"alt_text":"","src":"https:\/\/i0.wp.com\/www.grieta.org.mx\/wp-content\/uploads\/2018\/10\/desparecidosnino.jpg?resize=350%2C200&ssl=1","width":350,"height":200,"srcset":"https:\/\/i0.wp.com\/www.grieta.org.mx\/wp-content\/uploads\/2018\/10\/desparecidosnino.jpg?resize=350%2C200&ssl=1 1x, https:\/\/i0.wp.com\/www.grieta.org.mx\/wp-content\/uploads\/2018\/10\/desparecidosnino.jpg?resize=525%2C300&ssl=1 1.5x"},"classes":[]},{"id":28103,"url":"https:\/\/www.grieta.org.mx\/index.php\/2019\/01\/06\/del-sur-del-estado-a-la-frontera-con-veracruz-crecen-las-desapariciones-en-puebla\/","url_meta":{"origin":28148,"position":4},"title":"Del sur del estado a la frontera con Veracruz: crecen las desapariciones en Puebla","author":"grieta","date":"6 enero, 2019","format":false,"excerpt":"Aranzaz\u00fa Ayala Mart\u00ednez \/ Lado B Nadia Guadalupe Morales Rosales ten\u00eda 17 a\u00f1os la \u00faltima vez que su mam\u00e1, Victoria Rosales, la vio. El 27 de octubre de 2017 Victoria la acompa\u00f1\u00f3 a la parada del autob\u00fas para ir a la escuela, en la ciudad de Puebla. Nadia no lleg\u00f3\u2026","rel":"","context":"En &quot;CINTILLO&quot;","block_context":{"text":"CINTILLO","link":"https:\/\/www.grieta.org.mx\/index.php\/category\/cintillo\/"},"img":{"alt_text":"","src":"https:\/\/i0.wp.com\/www.grieta.org.mx\/wp-content\/uploads\/2019\/01\/Desaparecidxs-3.jpg?resize=350%2C200&ssl=1","width":350,"height":200,"srcset":"https:\/\/i0.wp.com\/www.grieta.org.mx\/wp-content\/uploads\/2019\/01\/Desaparecidxs-3.jpg?resize=350%2C200&ssl=1 1x, https:\/\/i0.wp.com\/www.grieta.org.mx\/wp-content\/uploads\/2019\/01\/Desaparecidxs-3.jpg?resize=525%2C300&ssl=1 1.5x, https:\/\/i0.wp.com\/www.grieta.org.mx\/wp-content\/uploads\/2019\/01\/Desaparecidxs-3.jpg?resize=700%2C400&ssl=1 2x"},"classes":[]},{"id":24418,"url":"https:\/\/www.grieta.org.mx\/index.php\/2017\/02\/24\/desaparicion-de-mujeres-adolescentes-crecio-974-en-cuatro-anos-alerta-redim\/","url_meta":{"origin":28148,"position":5},"title":"Desaparici\u00f3n de mujeres adolescentes creci\u00f3 974% en cuatro a\u00f1os, alerta Redim","author":"grieta","date":"24 febrero, 2017","format":false,"excerpt":"Hazel Zamora Vendieta\/Proceso CIUDAD DE M\u00c9XICO (apro-cimac).- La desaparici\u00f3n de mujeres adolescentes en el pa\u00eds est\u00e1 relacionada con grupos criminales vinculados a la trata de personas con fines de explotaci\u00f3n sexual comercial, y el fen\u00f3meno va en aumento, report\u00f3 la Red por los Derechos de la Infancia en M\u00e9xico (Redim).\u2026","rel":"","context":"En &quot;Baja California&quot;","block_context":{"text":"Baja California","link":"https:\/\/www.grieta.org.mx\/index.php\/category\/noticias-nacionales\/baja-california\/"},"img":{"alt_text":"","src":"https:\/\/i0.wp.com\/www.grieta.org.mx\/wp-content\/uploads\/2018\/07\/IMG_1652-1-c-702x468.jpg?resize=350%2C200&ssl=1","width":350,"height":200,"srcset":"https:\/\/i0.wp.com\/www.grieta.org.mx\/wp-content\/uploads\/2018\/07\/IMG_1652-1-c-702x468.jpg?resize=350%2C200&ssl=1 1x, https:\/\/i0.wp.com\/www.grieta.org.mx\/wp-content\/uploads\/2018\/07\/IMG_1652-1-c-702x468.jpg?resize=525%2C300&ssl=1 1.5x, https:\/\/i0.wp.com\/www.grieta.org.mx\/wp-content\/uploads\/2018\/07\/IMG_1652-1-c-702x468.jpg?resize=700%2C400&ssl=1 2x"},"classes":[]}],"_links":{"self":[{"href":"https:\/\/www.grieta.org.mx\/index.php\/wp-json\/wp\/v2\/posts\/28148","targetHints":{"allow":["GET"]}}],"collection":[{"href":"https:\/\/www.grieta.org.mx\/index.php\/wp-json\/wp\/v2\/posts"}],"about":[{"href":"https:\/\/www.grieta.org.mx\/index.php\/wp-json\/wp\/v2\/types\/post"}],"author":[{"embeddable":true,"href":"https:\/\/www.grieta.org.mx\/index.php\/wp-json\/wp\/v2\/users\/2"}],"replies":[{"embeddable":true,"href":"https:\/\/www.grieta.org.mx\/index.php\/wp-json\/wp\/v2\/comments?post=28148"}],"version-history":[{"count":1,"href":"https:\/\/www.grieta.org.mx\/index.php\/wp-json\/wp\/v2\/posts\/28148\/revisions"}],"predecessor-version":[{"id":28150,"href":"https:\/\/www.grieta.org.mx\/index.php\/wp-json\/wp\/v2\/posts\/28148\/revisions\/28150"}],"wp:featuredmedia":[{"embeddable":true,"href":"https:\/\/www.grieta.org.mx\/index.php\/wp-json\/wp\/v2\/media\/28149"}],"wp:attachment":[{"href":"https:\/\/www.grieta.org.mx\/index.php\/wp-json\/wp\/v2\/media?parent=28148"}],"wp:term":[{"taxonomy":"category","embeddable":true,"href":"https:\/\/www.grieta.org.mx\/index.php\/wp-json\/wp\/v2\/categories?post=28148"},{"taxonomy":"post_tag","embeddable":true,"href":"https:\/\/www.grieta.org.mx\/index.php\/wp-json\/wp\/v2\/tags?post=28148"}],"curies":[{"name":"wp","href":"https:\/\/api.w.org\/{rel}","templated":true}]}}