{"id":28122,"date":"2015-08-31T00:39:43","date_gmt":"2015-08-31T05:39:43","guid":{"rendered":"http:\/\/www.grieta.org.mx\/?p=28122"},"modified":"2019-01-08T00:54:33","modified_gmt":"2019-01-08T06:54:33","slug":"yaquis-los-combatientes-de-la-primera-guerra-del-agua-en-mexico-sonora","status":"publish","type":"post","link":"https:\/\/www.grieta.org.mx\/index.php\/2015\/08\/31\/yaquis-los-combatientes-de-la-primera-guerra-del-agua-en-mexico-sonora\/","title":{"rendered":"Yaquis: los combatientes de la primera guerra del agua en M\u00e9xico (Sonora)"},"content":{"rendered":"<blockquote><p>Desde hace cientos de a\u00f1os los yaquis han vivido en rebeld\u00eda. Pero ahora enfrentan la lucha decisiva por su sobrevivencia: defender sus reservas de agua de un pol\u00e9mico acueducto.<\/p><\/blockquote>\n<p><img loading=\"lazy\" decoding=\"async\" data-attachment-id=\"28123\" data-permalink=\"https:\/\/www.grieta.org.mx\/index.php\/2015\/08\/31\/yaquis-los-combatientes-de-la-primera-guerra-del-agua-en-mexico-sonora\/yaquis_624x351_getty_nocredit-960x500\/\" data-orig-file=\"https:\/\/www.grieta.org.mx\/wp-content\/uploads\/2019\/01\/yaquis_624x351_getty_nocredit-960x500.jpg\" data-orig-size=\"960,500\" data-comments-opened=\"0\" data-image-meta=\"{&quot;aperture&quot;:&quot;0&quot;,&quot;credit&quot;:&quot;&quot;,&quot;camera&quot;:&quot;&quot;,&quot;caption&quot;:&quot;&quot;,&quot;created_timestamp&quot;:&quot;0&quot;,&quot;copyright&quot;:&quot;&quot;,&quot;focal_length&quot;:&quot;0&quot;,&quot;iso&quot;:&quot;0&quot;,&quot;shutter_speed&quot;:&quot;0&quot;,&quot;title&quot;:&quot;&quot;,&quot;orientation&quot;:&quot;0&quot;}\" data-image-title=\"yaquis_624x351_getty_nocredit-960&amp;#215;500\" data-image-description=\"\" data-image-caption=\"\" data-medium-file=\"https:\/\/www.grieta.org.mx\/wp-content\/uploads\/2019\/01\/yaquis_624x351_getty_nocredit-960x500-300x156.jpg\" data-large-file=\"https:\/\/www.grieta.org.mx\/wp-content\/uploads\/2019\/01\/yaquis_624x351_getty_nocredit-960x500.jpg\" class=\"aligncenter size-full wp-image-28123\" src=\"http:\/\/www.grieta.org.mx\/wp-content\/uploads\/2019\/01\/yaquis_624x351_getty_nocredit-960x500.jpg\" alt=\"\" width=\"960\" height=\"500\" srcset=\"https:\/\/www.grieta.org.mx\/wp-content\/uploads\/2019\/01\/yaquis_624x351_getty_nocredit-960x500.jpg 960w, https:\/\/www.grieta.org.mx\/wp-content\/uploads\/2019\/01\/yaquis_624x351_getty_nocredit-960x500-300x156.jpg 300w, https:\/\/www.grieta.org.mx\/wp-content\/uploads\/2019\/01\/yaquis_624x351_getty_nocredit-960x500-768x400.jpg 768w\" sizes=\"auto, (max-width: 960px) 100vw, 960px\" \/><\/p>\n<p>BBC MUNDO<\/p>\n<p>A lo largo de su historia, el pueblo Yaqui \u2013asentado en el estado de Sonora, en el noreste de M\u00e9xico\u2013 ha sobrevivido a destierros, esclavitud y ataques militares.<br \/>\nPero ahora enfrenta la que muchos creen podr\u00eda ser una batalla definitiva por su sobrevivencia: los yaquis luchan por conservar sus reservas de agua, en riesgo por la operaci\u00f3n de un acueducto.<\/p>\n<p>Los ind\u00edgenas dicen que, si pierden, deber\u00e1n abandonar sus tierras, en una zona des\u00e9rtica en el norte del estado.<\/p>\n<p>\u201cQuitarnos el agua condenar\u00eda nuestra existencia en el corto y mediano plazo\u201d, le dice a BBC Mundo Tom\u00e1s Rojas, vocero de la tribu.<\/p>\n<p>\u201cTendr\u00edamos que salir de nuestras tierras. Si pensamos mal vemos una pol\u00edtica de exterminio contra nosotros\u201d, denuncia.<\/p>\n<p><img loading=\"lazy\" decoding=\"async\" data-attachment-id=\"28125\" data-permalink=\"https:\/\/www.grieta.org.mx\/index.php\/2015\/08\/31\/yaquis-los-combatientes-de-la-primera-guerra-del-agua-en-mexico-sonora\/150831095539_water_drought_sequia_agua_624x351_thinkstock_nocredit\/\" data-orig-file=\"https:\/\/www.grieta.org.mx\/wp-content\/uploads\/2019\/01\/150831095539_water_drought_sequia_agua_624x351_thinkstock_nocredit.jpg\" data-orig-size=\"624,351\" data-comments-opened=\"0\" data-image-meta=\"{&quot;aperture&quot;:&quot;0&quot;,&quot;credit&quot;:&quot;&quot;,&quot;camera&quot;:&quot;&quot;,&quot;caption&quot;:&quot;&quot;,&quot;created_timestamp&quot;:&quot;0&quot;,&quot;copyright&quot;:&quot;&quot;,&quot;focal_length&quot;:&quot;0&quot;,&quot;iso&quot;:&quot;0&quot;,&quot;shutter_speed&quot;:&quot;0&quot;,&quot;title&quot;:&quot;&quot;,&quot;orientation&quot;:&quot;0&quot;}\" data-image-title=\"150831095539_water_drought_sequia_agua_624x351_thinkstock_nocredit\" data-image-description=\"\" data-image-caption=\"\" data-medium-file=\"https:\/\/www.grieta.org.mx\/wp-content\/uploads\/2019\/01\/150831095539_water_drought_sequia_agua_624x351_thinkstock_nocredit-300x169.jpg\" data-large-file=\"https:\/\/www.grieta.org.mx\/wp-content\/uploads\/2019\/01\/150831095539_water_drought_sequia_agua_624x351_thinkstock_nocredit.jpg\" class=\"aligncenter size-full wp-image-28125\" src=\"http:\/\/www.grieta.org.mx\/wp-content\/uploads\/2019\/01\/150831095539_water_drought_sequia_agua_624x351_thinkstock_nocredit.jpg\" alt=\"\" width=\"624\" height=\"351\" srcset=\"https:\/\/www.grieta.org.mx\/wp-content\/uploads\/2019\/01\/150831095539_water_drought_sequia_agua_624x351_thinkstock_nocredit.jpg 624w, https:\/\/www.grieta.org.mx\/wp-content\/uploads\/2019\/01\/150831095539_water_drought_sequia_agua_624x351_thinkstock_nocredit-300x169.jpg 300w\" sizes=\"auto, (max-width: 624px) 100vw, 624px\" \/><\/p>\n<p>El gobierno de Sonora, sin embargo, sostiene que el acueducto \u2013llamado \u201cIndependencia\u201d\u2013 es fundamental para abastecer a la capital de Sonora, Hermosillo.<\/p>\n<p>\u201cNo se afecta a nadie, no se le quita una gota de agua a nadie y en cambio se resuelve el problema de escasez\u201d, asegura Carlos Espinosa Guerrero, secretario de la Divisi\u00f3n Jur\u00eddica del gobierno del estado.<\/p>\n<p>Problema nacional<br \/>\nEl problema supera el \u00e1mbito estatal: acad\u00e9micos y organizaciones civiles dicen que la disputa entre yaquis y el gobierno de Sonora es, de hecho, la primera guerra por el agua en la historia de M\u00e9xico.<\/p>\n<p>Y puede haber m\u00e1s.<\/p>\n<p>\u201cExiste un conflicto por el agua, es un recurso escaso en M\u00e9xico\u201d, le dice a BBC Mundo Andrea Cerami, abogado de la organizaci\u00f3n civil Centro Mexicano de Derecho Ambiental.<\/p>\n<p><img loading=\"lazy\" decoding=\"async\" data-attachment-id=\"28126\" data-permalink=\"https:\/\/www.grieta.org.mx\/index.php\/2015\/08\/31\/yaquis-los-combatientes-de-la-primera-guerra-del-agua-en-mexico-sonora\/150831102203_rio_sonora_mexico_624x351_afp_nocredit\/\" data-orig-file=\"https:\/\/www.grieta.org.mx\/wp-content\/uploads\/2019\/01\/150831102203_rio_sonora_mexico_624x351_afp_nocredit.jpg\" data-orig-size=\"624,351\" data-comments-opened=\"0\" data-image-meta=\"{&quot;aperture&quot;:&quot;0&quot;,&quot;credit&quot;:&quot;&quot;,&quot;camera&quot;:&quot;&quot;,&quot;caption&quot;:&quot;&quot;,&quot;created_timestamp&quot;:&quot;0&quot;,&quot;copyright&quot;:&quot;&quot;,&quot;focal_length&quot;:&quot;0&quot;,&quot;iso&quot;:&quot;0&quot;,&quot;shutter_speed&quot;:&quot;0&quot;,&quot;title&quot;:&quot;&quot;,&quot;orientation&quot;:&quot;0&quot;}\" data-image-title=\"150831102203_rio_sonora_mexico_624x351_afp_nocredit\" data-image-description=\"\" data-image-caption=\"\" data-medium-file=\"https:\/\/www.grieta.org.mx\/wp-content\/uploads\/2019\/01\/150831102203_rio_sonora_mexico_624x351_afp_nocredit-300x169.jpg\" data-large-file=\"https:\/\/www.grieta.org.mx\/wp-content\/uploads\/2019\/01\/150831102203_rio_sonora_mexico_624x351_afp_nocredit.jpg\" src=\"http:\/\/www.grieta.org.mx\/wp-content\/uploads\/2019\/01\/150831102203_rio_sonora_mexico_624x351_afp_nocredit.jpg\" alt=\"\" width=\"624\" height=\"351\" class=\"aligncenter size-full wp-image-28126\" srcset=\"https:\/\/www.grieta.org.mx\/wp-content\/uploads\/2019\/01\/150831102203_rio_sonora_mexico_624x351_afp_nocredit.jpg 624w, https:\/\/www.grieta.org.mx\/wp-content\/uploads\/2019\/01\/150831102203_rio_sonora_mexico_624x351_afp_nocredit-300x169.jpg 300w\" sizes=\"auto, (max-width: 624px) 100vw, 624px\" \/><\/p>\n<p>\u201cEl 95% de los r\u00edos est\u00e1n contaminados y la mayor\u00eda de las cuencas son sobre explotadas\u201d.<\/p>\n<p>Hasta ahora, dice, no se ha logrado conciliar el uso intensivo del agua con el derecho que tienen las comunidades, como los yaquis, a utilizarla para sobrevivir.<\/p>\n<p>Es un tema que frecuentemente provoca conflictos en el pa\u00eds.<\/p>\n<p>Juicios<br \/>\nEl problema en Sonora va m\u00e1s all\u00e1 del acueducto, que lleva el agua desde la presa El Novillo, dentro del territorio yaqui.<\/p>\n<p>Un decreto presidencial de 1940 le asign\u00f3 al pueblo la mitad del caudal del r\u00edo Yaqui, el m\u00e1s importante de la regi\u00f3n.<\/p>\n<p><img loading=\"lazy\" decoding=\"async\" data-attachment-id=\"28127\" data-permalink=\"https:\/\/www.grieta.org.mx\/index.php\/2015\/08\/31\/yaquis-los-combatientes-de-la-primera-guerra-del-agua-en-mexico-sonora\/150828215426_yaquis_mexico_protesta_credit_624x351\/\" data-orig-file=\"https:\/\/www.grieta.org.mx\/wp-content\/uploads\/2019\/01\/150828215426_yaquis_mexico_protesta_credit_624x351.jpg\" data-orig-size=\"624,351\" data-comments-opened=\"0\" data-image-meta=\"{&quot;aperture&quot;:&quot;0&quot;,&quot;credit&quot;:&quot;&quot;,&quot;camera&quot;:&quot;&quot;,&quot;caption&quot;:&quot;&quot;,&quot;created_timestamp&quot;:&quot;0&quot;,&quot;copyright&quot;:&quot;&quot;,&quot;focal_length&quot;:&quot;0&quot;,&quot;iso&quot;:&quot;0&quot;,&quot;shutter_speed&quot;:&quot;0&quot;,&quot;title&quot;:&quot;&quot;,&quot;orientation&quot;:&quot;0&quot;}\" data-image-title=\"150828215426_yaquis_mexico_protesta_credit_624x351\" data-image-description=\"\" data-image-caption=\"\" data-medium-file=\"https:\/\/www.grieta.org.mx\/wp-content\/uploads\/2019\/01\/150828215426_yaquis_mexico_protesta_credit_624x351-300x169.jpg\" data-large-file=\"https:\/\/www.grieta.org.mx\/wp-content\/uploads\/2019\/01\/150828215426_yaquis_mexico_protesta_credit_624x351.jpg\" src=\"http:\/\/www.grieta.org.mx\/wp-content\/uploads\/2019\/01\/150828215426_yaquis_mexico_protesta_credit_624x351.jpg\" alt=\"\" width=\"624\" height=\"351\" class=\"aligncenter size-full wp-image-28127\" srcset=\"https:\/\/www.grieta.org.mx\/wp-content\/uploads\/2019\/01\/150828215426_yaquis_mexico_protesta_credit_624x351.jpg 624w, https:\/\/www.grieta.org.mx\/wp-content\/uploads\/2019\/01\/150828215426_yaquis_mexico_protesta_credit_624x351-300x169.jpg 300w\" sizes=\"auto, (max-width: 624px) 100vw, 624px\" \/><\/p>\n<p>A\u00f1os m\u00e1s tarde, cuando crecieron las ciudades y aument\u00f3 la agricultura en la zona, se estableci\u00f3 a la tribu una cuota de 250 millones de metros c\u00fabicos al a\u00f1o.<\/p>\n<p>Pero en realidad nunca se les ha garantizado el uso de este volumen, afirma el abogado Cerami.<\/p>\n<p>La mayor parte del recurso se utiliza en campos agr\u00edcolas de la zona y recientemente en 2010 inici\u00f3 la construcci\u00f3n del acueducto para abastecer a la capital del estado.<\/p>\n<p>La obra fue impugnada desde el inicio. Los yaquis argumentan que el gobierno estatal se apropi\u00f3 irregularmente de permisos para aprovechar el recurso.<\/p>\n<p>Las autoridades afirman que la asignaci\u00f3n de estas concesiones es legal, algo quela Suprema Corte de Justicia de la Naci\u00f3n (SCJN) valid\u00f3 en enero pasado.<\/p>\n<p><img loading=\"lazy\" decoding=\"async\" data-attachment-id=\"28128\" data-permalink=\"https:\/\/www.grieta.org.mx\/index.php\/2015\/08\/31\/yaquis-los-combatientes-de-la-primera-guerra-del-agua-en-mexico-sonora\/150828215521_mexico_yaquis_sonora_credit_624x351\/\" data-orig-file=\"https:\/\/www.grieta.org.mx\/wp-content\/uploads\/2019\/01\/150828215521_mexico_yaquis_sonora_credit_624x351.jpg\" data-orig-size=\"624,351\" data-comments-opened=\"0\" data-image-meta=\"{&quot;aperture&quot;:&quot;0&quot;,&quot;credit&quot;:&quot;&quot;,&quot;camera&quot;:&quot;&quot;,&quot;caption&quot;:&quot;&quot;,&quot;created_timestamp&quot;:&quot;0&quot;,&quot;copyright&quot;:&quot;&quot;,&quot;focal_length&quot;:&quot;0&quot;,&quot;iso&quot;:&quot;0&quot;,&quot;shutter_speed&quot;:&quot;0&quot;,&quot;title&quot;:&quot;&quot;,&quot;orientation&quot;:&quot;0&quot;}\" data-image-title=\"150828215521_mexico_yaquis_sonora_credit_624x351\" data-image-description=\"\" data-image-caption=\"\" data-medium-file=\"https:\/\/www.grieta.org.mx\/wp-content\/uploads\/2019\/01\/150828215521_mexico_yaquis_sonora_credit_624x351-300x169.jpg\" data-large-file=\"https:\/\/www.grieta.org.mx\/wp-content\/uploads\/2019\/01\/150828215521_mexico_yaquis_sonora_credit_624x351.jpg\" src=\"http:\/\/www.grieta.org.mx\/wp-content\/uploads\/2019\/01\/150828215521_mexico_yaquis_sonora_credit_624x351.jpg\" alt=\"\" width=\"624\" height=\"351\" class=\"aligncenter size-full wp-image-28128\" srcset=\"https:\/\/www.grieta.org.mx\/wp-content\/uploads\/2019\/01\/150828215521_mexico_yaquis_sonora_credit_624x351.jpg 624w, https:\/\/www.grieta.org.mx\/wp-content\/uploads\/2019\/01\/150828215521_mexico_yaquis_sonora_credit_624x351-300x169.jpg 300w\" sizes=\"auto, (max-width: 624px) 100vw, 624px\" \/><\/p>\n<p>Pero esta decisi\u00f3n no termina con el conflicto, indica el abogado de Cemda.<\/p>\n<p>El acueducto se construy\u00f3 sin consultar debidamente a la tribu, adem\u00e1s que las autoridades no acataron \u00f3rdenes de jueces federales que ordenaron suspenderlo.<\/p>\n<p>En mayo pasado, un tribunal orden\u00f3 que se realice una consulta sobre el impacto de la obra en el medio ambiente de la zona, algo que puede demostrar el posible da\u00f1o que sufrir\u00eda el pueblo.<\/p>\n<p>La consulta est\u00e1 en proceso.<\/p>\n<p>\u201cEs una guerra de baja intensidad\u201d<br \/>\nPara defender el agua, los yaquis bloquearon durante meses la principal autopista del noroeste y realizaron caravanas a Ciudad de M\u00e9xico.<\/p>\n<p>Tambi\u00e9n promovieron varios juicios en tribunales y la Suprema Corte.<\/p>\n<p>El gobierno sigue con la operaci\u00f3n del acueducto. Dos de los voceros de la tribu fueron encarcelados, acusados de secuestro.<\/p>\n<p>Uno de ellos fue liberado pero el otro, Fernando Jim\u00e9nez, sigue en prisi\u00f3n.<\/p>\n<p>Las protestas siguen, aunque con menor intensidad a las de 2013 y 2014, cuando se realizaron los bloqueos de carreteras.<\/p>\n<p>\u201cEs una guerra de baja intensidad\u201d, subraya Tom\u00e1s Rojo.<\/p>\n<p>\u201cCualquier acci\u00f3n que vaya destinada a desaparecer, agredir o agraviar a los pueblos es una forma de guerra\u201d.<\/p>\n<p>Hasta ahora, no queda claro si el acueducto dejar\u00e1 de funcionar, pues el proceso legal a\u00fan no termina.<\/p>\n<p>La tribu denuncia que unas 5.000 hect\u00e1reas de su territorio est\u00e1n virtualmente muertas por una profunda salinizaci\u00f3n y el cauce del r\u00edo Yaqui se redujo dram\u00e1ticamente.<\/p>\n<p>Historia rebelde<br \/>\nGuerra o no, lo cierto es que desde hace cientos de a\u00f1os los yaquis han vivido en rebeld\u00eda.<\/p>\n<p>Entre 1876 y 1909 sostuvieron un conflicto con el gobierno del entonces presidente Porfirio D\u00edaz, quien seg\u00fan historiadores pretendi\u00f3 favorecer a terratenientes que quer\u00edan apoderarse del territorio de la tribu.<\/p>\n<p>Incluso m\u00e1s de la mitad del pueblo fue enviado, en condiciones de esclavitud, a los campos de henequ\u00e9n en Yucat\u00e1n, en el sureste del pa\u00eds.<\/p>\n<p><img loading=\"lazy\" decoding=\"async\" data-attachment-id=\"28129\" data-permalink=\"https:\/\/www.grieta.org.mx\/index.php\/2015\/08\/31\/yaquis-los-combatientes-de-la-primera-guerra-del-agua-en-mexico-sonora\/150831102804_yaquis__624x351_getty_nocredit\/\" data-orig-file=\"https:\/\/www.grieta.org.mx\/wp-content\/uploads\/2019\/01\/150831102804_yaquis__624x351_getty_nocredit.jpg\" data-orig-size=\"624,351\" data-comments-opened=\"0\" data-image-meta=\"{&quot;aperture&quot;:&quot;0&quot;,&quot;credit&quot;:&quot;&quot;,&quot;camera&quot;:&quot;&quot;,&quot;caption&quot;:&quot;&quot;,&quot;created_timestamp&quot;:&quot;0&quot;,&quot;copyright&quot;:&quot;&quot;,&quot;focal_length&quot;:&quot;0&quot;,&quot;iso&quot;:&quot;0&quot;,&quot;shutter_speed&quot;:&quot;0&quot;,&quot;title&quot;:&quot;&quot;,&quot;orientation&quot;:&quot;0&quot;}\" data-image-title=\"150831102804_yaquis__624x351_getty_nocredit\" data-image-description=\"\" data-image-caption=\"\" data-medium-file=\"https:\/\/www.grieta.org.mx\/wp-content\/uploads\/2019\/01\/150831102804_yaquis__624x351_getty_nocredit-300x169.jpg\" data-large-file=\"https:\/\/www.grieta.org.mx\/wp-content\/uploads\/2019\/01\/150831102804_yaquis__624x351_getty_nocredit.jpg\" src=\"http:\/\/www.grieta.org.mx\/wp-content\/uploads\/2019\/01\/150831102804_yaquis__624x351_getty_nocredit.jpg\" alt=\"\" width=\"624\" height=\"351\" class=\"aligncenter size-full wp-image-28129\" srcset=\"https:\/\/www.grieta.org.mx\/wp-content\/uploads\/2019\/01\/150831102804_yaquis__624x351_getty_nocredit.jpg 624w, https:\/\/www.grieta.org.mx\/wp-content\/uploads\/2019\/01\/150831102804_yaquis__624x351_getty_nocredit-300x169.jpg 300w\" sizes=\"auto, (max-width: 624px) 100vw, 624px\" \/><\/p>\n<p>M\u00e1s de 25.000 personas, entre ellas mujeres y ni\u00f1os, murieron en esa \u00e9poca.<\/p>\n<p>En las primeras d\u00e9cadas del siglo pasado, el pueblo sufri\u00f3 varios intentos de despojo a sus recursos, afirma Rojo.<\/p>\n<p>\u201cLa historia de nuestro pueblo siempre ha sido la lucha por la tierra y el agua\u201d, recuerda.<\/p>\n<p>\u201cFue el agua que nos llev\u00f3 a esos territorios, la que hizo que floreci\u00e9ramos all\u00ed y siempre nos ha mantenido en esas tierras\u201d.<\/p>\n<p><a href=\"https:\/\/www.animalpolitico.com\/2015\/08\/yaquis-los-combatientes-de-la-primera-guerra-del-agua-en-mexico\/\" rel=\"noopener\" target=\"_blank\">https:\/\/www.animalpolitico.com\/2015\/08\/yaquis-los-combatientes-de-la-primera-guerra-del-agua-en-mexico\/<\/a><\/p>\n","protected":false},"excerpt":{"rendered":"<p>Desde hace cientos de a\u00f1os los yaquis han vivido en rebeld\u00eda. Pero ahora enfrentan la lucha decisiva por su sobrevivencia: defender sus reservas de agua de un pol\u00e9mico acueducto. BBC &hellip; <a href=\"https:\/\/www.grieta.org.mx\/index.php\/2015\/08\/31\/yaquis-los-combatientes-de-la-primera-guerra-del-agua-en-mexico-sonora\/\" class=\"more-link\">Leer m\u00e1s<\/a><\/p>\n","protected":false},"author":2,"featured_media":28123,"comment_status":"closed","ping_status":"closed","sticky":false,"template":"","format":"standard","meta":{"ngg_post_thumbnail":0,"_jetpack_newsletter_access":"","_jetpack_dont_email_post_to_subs":false,"_jetpack_newsletter_tier_id":0,"_jetpack_memberships_contains_paywalled_content":false,"_jetpack_memberships_contains_paid_content":false,"footnotes":""},"categories":[65,80,914,1278,979,1,954,1405,1406,922,947,2,31,83],"tags":[463,764,1408,462,251],"class_list":["post-28122","post","type-post","status-publish","format-standard","has-post-thumbnail","hentry","category-21-yaquis","category-cintillo","category-privatizacion-del-agua","category-despojo-de-tierras-y-territorios","category-esp-sonora","category-espejos-de-la-resistencia","category-espejos-estados","category-lucha-y-resistencia-de-los-pueblos-originarios-en-sonora","category-lucha-y-resistencia-del-pueblo-yaqui","category-megaproyectos-estados","category-mp-sonora","category-noticias-nacionales","category-sonora","category-temas-nacionales","tag-defensa-del-agua","tag-privatizacion-del-agua","tag-pueblo-yoreme","tag-tribu-yaqui","tag-yaquis","entry"],"jetpack_featured_media_url":"https:\/\/www.grieta.org.mx\/wp-content\/uploads\/2019\/01\/yaquis_624x351_getty_nocredit-960x500.jpg","jetpack_sharing_enabled":true,"jetpack_shortlink":"https:\/\/wp.me\/p7ZJR4-7jA","jetpack_likes_enabled":false,"jetpack-related-posts":[{"id":9051,"url":"https:\/\/www.grieta.org.mx\/index.php\/2016\/08\/24\/lucha-y-resistencia-de-la-tribu-yaqui\/","url_meta":{"origin":28122,"position":0},"title":"Lucha y resistencia de la tribu yaqui","author":"Admin","date":"24 agosto, 2016","format":false,"excerpt":"IEnova despoja tierras de la reserva ind\u00edgena yaqui para construcci\u00f3n de Gasoducto Sonora 24\/08\/16. Gasoducto divide a los yaquis El Universal Lucha de la tribu Yaqui en defensa del agua y contra el Acueducto Independencia 22\/02\/16. Contin\u00faa la lucha del agua de la Tribu Yaqui Contral\u00ednea 07\/12\/15. Liberan yaquis carretera\u2026","rel":"","context":"En &quot;21. Yaquis&quot;","block_context":{"text":"21. Yaquis","link":"https:\/\/www.grieta.org.mx\/index.php\/category\/espejos-de-la-resistencia\/21-yaquis\/"},"img":{"alt_text":"","src":"https:\/\/i0.wp.com\/www.grieta.org.mx\/wp-content\/uploads\/2018\/03\/14524434_1106112876131411_958039263622046936_o.jpg?resize=350%2C200&ssl=1","width":350,"height":200,"srcset":"https:\/\/i0.wp.com\/www.grieta.org.mx\/wp-content\/uploads\/2018\/03\/14524434_1106112876131411_958039263622046936_o.jpg?resize=350%2C200&ssl=1 1x, https:\/\/i0.wp.com\/www.grieta.org.mx\/wp-content\/uploads\/2018\/03\/14524434_1106112876131411_958039263622046936_o.jpg?resize=525%2C300&ssl=1 1.5x, https:\/\/i0.wp.com\/www.grieta.org.mx\/wp-content\/uploads\/2018\/03\/14524434_1106112876131411_958039263622046936_o.jpg?resize=700%2C400&ssl=1 2x"},"classes":[]},{"id":62535,"url":"https:\/\/www.grieta.org.mx\/index.php\/2021\/10\/27\/62535\/","url_meta":{"origin":28122,"position":1},"title":"Familias de yaquis desaparecidos exigen certeza cient\u00edfica sobre restos hallados en Sonora","author":"grieta","date":"27 octubre, 2021","format":false,"excerpt":"Familias\u00a0de los 10\u00a0yaquis desaparecidos\u00a0exigieron\u00a0certeza cient\u00edfica\u00a0que\u00a0comprueben la identidad\u00a0de los\u00a0restos hallados\u00a0por la Fiscal\u00eda General del Estado (FGE) de Sonora. En conferencia de prensa, al cumplirse 105 d\u00edas de la desaparici\u00f3n de los 10 ind\u00edgenas de la\u00a0comunidad\u00a0yaqui, sus familias exigieron\u00a0evidencia cient\u00edfica\u00a0de que los restos encontrados pertenecen a sus seres queridos. Lo anterior, con\u2026","rel":"","context":"En &quot;Desaparecidos en Sonora&quot;","block_context":{"text":"Desaparecidos en Sonora","link":"https:\/\/www.grieta.org.mx\/index.php\/category\/noticias-nacionales\/sonora\/desaparecidos-en-sonora\/"},"img":{"alt_text":"","src":"https:\/\/i0.wp.com\/www.grieta.org.mx\/wp-content\/uploads\/2021\/10\/ZRJOKIIFGFC3NJXXH5DT5S24JA.jpeg?resize=350%2C200&ssl=1","width":350,"height":200,"srcset":"https:\/\/i0.wp.com\/www.grieta.org.mx\/wp-content\/uploads\/2021\/10\/ZRJOKIIFGFC3NJXXH5DT5S24JA.jpeg?resize=350%2C200&ssl=1 1x, https:\/\/i0.wp.com\/www.grieta.org.mx\/wp-content\/uploads\/2021\/10\/ZRJOKIIFGFC3NJXXH5DT5S24JA.jpeg?resize=525%2C300&ssl=1 1.5x"},"classes":[]},{"id":28118,"url":"https:\/\/www.grieta.org.mx\/index.php\/2018\/11\/30\/se-intensifican-las-amenazas-contra-opositores-al-gasoducto-en-comunidad-yaqui-de-sonora\/","url_meta":{"origin":28122,"position":2},"title":"Se intensifican las amenazas contra opositores al gasoducto en comunidad yaqui de Sonora","author":"grieta","date":"30 noviembre, 2018","format":false,"excerpt":"Habitantes de la localidad Loma de B\u00e1cum reciben constantes advertencias de que ser\u00e1n agredidos si no cesan su resistencia a la operaci\u00f3n del gasoducto Sonora. En las \u00faltimas semanas las amenazas incluyen fechas: los \u00faltimos d\u00edas de noviembre ser\u00e1n atacados si no aceptan el proyecto. \/ANIMAL POL\u00ccTICO Las amenazas contra\u2026","rel":"","context":"En &quot;21. Yaquis&quot;","block_context":{"text":"21. Yaquis","link":"https:\/\/www.grieta.org.mx\/index.php\/category\/espejos-de-la-resistencia\/21-yaquis\/"},"img":{"alt_text":"","src":"https:\/\/i0.wp.com\/www.grieta.org.mx\/wp-content\/uploads\/2019\/01\/gasoducto.jpg?resize=350%2C200&ssl=1","width":350,"height":200,"srcset":"https:\/\/i0.wp.com\/www.grieta.org.mx\/wp-content\/uploads\/2019\/01\/gasoducto.jpg?resize=350%2C200&ssl=1 1x, https:\/\/i0.wp.com\/www.grieta.org.mx\/wp-content\/uploads\/2019\/01\/gasoducto.jpg?resize=525%2C300&ssl=1 1.5x, https:\/\/i0.wp.com\/www.grieta.org.mx\/wp-content\/uploads\/2019\/01\/gasoducto.jpg?resize=700%2C400&ssl=1 2x"},"classes":[]},{"id":61662,"url":"https:\/\/www.grieta.org.mx\/index.php\/2021\/09\/12\/mujeres-yaquis-de-loma-de-bacum-marcharan-por-familiares-desaparecidos-no-hay-noticias-de-su-paradero-sonora\/","url_meta":{"origin":28122,"position":3},"title":"Mujeres yaquis de Loma de B\u00e1cum marchar\u00e1n por familiares desaparecidos; no hay noticias de su paradero (Sonora)","author":"grieta","date":"12 septiembre, 2021","format":false,"excerpt":"Loma de B\u00e1cum, Sonora.- Las mujeres yaquis de Loma de B\u00e1cum marchar\u00e1n este lunes para exigir la presentaci\u00f3n con vida de sus siete familiares desaparecidos y otros tres hombres cercanos a la etnia que fueron privados de la libertad hace dos meses. Madres, esposas, hermanas, primas y familiares de los\u2026","rel":"","context":"En &quot;Desaparecidos en Sonora&quot;","block_context":{"text":"Desaparecidos en Sonora","link":"https:\/\/www.grieta.org.mx\/index.php\/category\/noticias-nacionales\/sonora\/desaparecidos-en-sonora\/"},"img":{"alt_text":"","src":"https:\/\/i0.wp.com\/www.grieta.org.mx\/wp-content\/uploads\/2021\/09\/E_HzaL_XMAI2VSd.jpg?resize=350%2C200&ssl=1","width":350,"height":200,"srcset":"https:\/\/i0.wp.com\/www.grieta.org.mx\/wp-content\/uploads\/2021\/09\/E_HzaL_XMAI2VSd.jpg?resize=350%2C200&ssl=1 1x, https:\/\/i0.wp.com\/www.grieta.org.mx\/wp-content\/uploads\/2021\/09\/E_HzaL_XMAI2VSd.jpg?resize=525%2C300&ssl=1 1.5x"},"classes":[]},{"id":62060,"url":"https:\/\/www.grieta.org.mx\/index.php\/2021\/09\/29\/en-manifestacion-niegan-dialogo-con-amlo-a-familiares-de-yaquis-desaparecidos-sonora\/","url_meta":{"origin":28122,"position":4},"title":"En manifestaci\u00f3n, niegan di\u00e1logo con AMLO a familiares de yaquis desaparecidos (Sonora)","author":"grieta","date":"29 septiembre, 2021","format":false,"excerpt":"Proyecto Puente\/Juan Pedro Maytorena \u00a0 Hermosillo, Sonora.- \u00a0 Familiares, amigos y compa\u00f1eros de los 10 yaquis desaparecidos el pasado 14 de julio, se manifestaron pac\u00edficamente este martes en el evento de presentaci\u00f3n del Plan de Justicia para la tribu presidido por Andr\u00e9s Manuel L\u00f3pez Obrador. Portando lonas y estandartes con\u2026","rel":"","context":"En &quot;Desaparecidos en Sonora&quot;","block_context":{"text":"Desaparecidos en Sonora","link":"https:\/\/www.grieta.org.mx\/index.php\/category\/noticias-nacionales\/sonora\/desaparecidos-en-sonora\/"},"img":{"alt_text":"","src":"https:\/\/i0.wp.com\/www.grieta.org.mx\/wp-content\/uploads\/2021\/09\/desaparicion-indigenas-yaquis-sonora.jpg?resize=350%2C200&ssl=1","width":350,"height":200,"srcset":"https:\/\/i0.wp.com\/www.grieta.org.mx\/wp-content\/uploads\/2021\/09\/desaparicion-indigenas-yaquis-sonora.jpg?resize=350%2C200&ssl=1 1x, https:\/\/i0.wp.com\/www.grieta.org.mx\/wp-content\/uploads\/2021\/09\/desaparicion-indigenas-yaquis-sonora.jpg?resize=525%2C300&ssl=1 1.5x, https:\/\/i0.wp.com\/www.grieta.org.mx\/wp-content\/uploads\/2021\/09\/desaparicion-indigenas-yaquis-sonora.jpg?resize=700%2C400&ssl=1 2x"},"classes":[]},{"id":60941,"url":"https:\/\/www.grieta.org.mx\/index.php\/2021\/08\/09\/mexico-la-permanente-batalla-de-los-yaquis-contra-el-despojo\/","url_meta":{"origin":28122,"position":5},"title":"M\u00e9xico: la permanente batalla de los yaquis contra el despojo","author":"grieta","date":"9 agosto, 2021","format":false,"excerpt":"Las constantes denuncias de represi\u00f3n, asesinatos y desaparici\u00f3n forzada que padecen los yaquis no encuentran eco entre las autoridades mexicanas, las cuales se limitan a registrar los hechos y abrir carpetas de investigaci\u00f3n con escasos resultados. Archivo Cuartoscuro PorCarmen Garc\u00eda Bermejo | Mongabay Latam \u00a08 de agosto, 2021 Hablar de\u2026","rel":"","context":"En &quot;Desaparecidos en Sonora&quot;","block_context":{"text":"Desaparecidos en Sonora","link":"https:\/\/www.grieta.org.mx\/index.php\/category\/noticias-nacionales\/sonora\/desaparecidos-en-sonora\/"},"img":{"alt_text":"","src":"https:\/\/i0.wp.com\/www.grieta.org.mx\/wp-content\/uploads\/2021\/08\/cuartoscuro_771020_digital.jpeg?resize=350%2C200&ssl=1","width":350,"height":200,"srcset":"https:\/\/i0.wp.com\/www.grieta.org.mx\/wp-content\/uploads\/2021\/08\/cuartoscuro_771020_digital.jpeg?resize=350%2C200&ssl=1 1x, https:\/\/i0.wp.com\/www.grieta.org.mx\/wp-content\/uploads\/2021\/08\/cuartoscuro_771020_digital.jpeg?resize=525%2C300&ssl=1 1.5x, https:\/\/i0.wp.com\/www.grieta.org.mx\/wp-content\/uploads\/2021\/08\/cuartoscuro_771020_digital.jpeg?resize=700%2C400&ssl=1 2x, https:\/\/i0.wp.com\/www.grieta.org.mx\/wp-content\/uploads\/2021\/08\/cuartoscuro_771020_digital.jpeg?resize=1050%2C600&ssl=1 3x"},"classes":[]}],"_links":{"self":[{"href":"https:\/\/www.grieta.org.mx\/index.php\/wp-json\/wp\/v2\/posts\/28122","targetHints":{"allow":["GET"]}}],"collection":[{"href":"https:\/\/www.grieta.org.mx\/index.php\/wp-json\/wp\/v2\/posts"}],"about":[{"href":"https:\/\/www.grieta.org.mx\/index.php\/wp-json\/wp\/v2\/types\/post"}],"author":[{"embeddable":true,"href":"https:\/\/www.grieta.org.mx\/index.php\/wp-json\/wp\/v2\/users\/2"}],"replies":[{"embeddable":true,"href":"https:\/\/www.grieta.org.mx\/index.php\/wp-json\/wp\/v2\/comments?post=28122"}],"version-history":[{"count":1,"href":"https:\/\/www.grieta.org.mx\/index.php\/wp-json\/wp\/v2\/posts\/28122\/revisions"}],"predecessor-version":[{"id":28130,"href":"https:\/\/www.grieta.org.mx\/index.php\/wp-json\/wp\/v2\/posts\/28122\/revisions\/28130"}],"wp:featuredmedia":[{"embeddable":true,"href":"https:\/\/www.grieta.org.mx\/index.php\/wp-json\/wp\/v2\/media\/28123"}],"wp:attachment":[{"href":"https:\/\/www.grieta.org.mx\/index.php\/wp-json\/wp\/v2\/media?parent=28122"}],"wp:term":[{"taxonomy":"category","embeddable":true,"href":"https:\/\/www.grieta.org.mx\/index.php\/wp-json\/wp\/v2\/categories?post=28122"},{"taxonomy":"post_tag","embeddable":true,"href":"https:\/\/www.grieta.org.mx\/index.php\/wp-json\/wp\/v2\/tags?post=28122"}],"curies":[{"name":"wp","href":"https:\/\/api.w.org\/{rel}","templated":true}]}}