{"id":28118,"date":"2018-11-30T00:24:17","date_gmt":"2018-11-30T06:24:17","guid":{"rendered":"http:\/\/www.grieta.org.mx\/?p=28118"},"modified":"2019-01-08T00:42:58","modified_gmt":"2019-01-08T06:42:58","slug":"se-intensifican-las-amenazas-contra-opositores-al-gasoducto-en-comunidad-yaqui-de-sonora","status":"publish","type":"post","link":"https:\/\/www.grieta.org.mx\/index.php\/2018\/11\/30\/se-intensifican-las-amenazas-contra-opositores-al-gasoducto-en-comunidad-yaqui-de-sonora\/","title":{"rendered":"Se intensifican las amenazas contra opositores al gasoducto en comunidad yaqui de Sonora"},"content":{"rendered":"<blockquote><p>Habitantes de la localidad Loma de B\u00e1cum reciben constantes advertencias de que ser\u00e1n agredidos si no cesan su resistencia a la operaci\u00f3n del gasoducto Sonora. En las \u00faltimas semanas las amenazas incluyen fechas: los \u00faltimos d\u00edas de noviembre ser\u00e1n atacados si no aceptan el proyecto.<\/p><\/blockquote>\n<p><figure id=\"attachment_28119\" aria-describedby=\"caption-attachment-28119\" style=\"width: 960px\" class=\"wp-caption aligncenter\"><img loading=\"lazy\" decoding=\"async\" data-attachment-id=\"28119\" data-permalink=\"https:\/\/www.grieta.org.mx\/index.php\/2018\/11\/30\/se-intensifican-las-amenazas-contra-opositores-al-gasoducto-en-comunidad-yaqui-de-sonora\/gasoducto\/\" data-orig-file=\"https:\/\/www.grieta.org.mx\/wp-content\/uploads\/2019\/01\/gasoducto.jpg\" data-orig-size=\"960,500\" data-comments-opened=\"0\" data-image-meta=\"{&quot;aperture&quot;:&quot;0&quot;,&quot;credit&quot;:&quot;&quot;,&quot;camera&quot;:&quot;&quot;,&quot;caption&quot;:&quot;&quot;,&quot;created_timestamp&quot;:&quot;0&quot;,&quot;copyright&quot;:&quot;&quot;,&quot;focal_length&quot;:&quot;0&quot;,&quot;iso&quot;:&quot;0&quot;,&quot;shutter_speed&quot;:&quot;0&quot;,&quot;title&quot;:&quot;&quot;,&quot;orientation&quot;:&quot;0&quot;}\" data-image-title=\"gasoducto\" data-image-description=\"\" data-image-caption=\"&lt;p&gt;La CNDH ha emitido recomendaciones por violaciones al derecho a la consulta previa, libre e informada de comunidades ind\u00edgenas.&lt;\/p&gt;\n\" data-medium-file=\"https:\/\/www.grieta.org.mx\/wp-content\/uploads\/2019\/01\/gasoducto-300x156.jpg\" data-large-file=\"https:\/\/www.grieta.org.mx\/wp-content\/uploads\/2019\/01\/gasoducto.jpg\" class=\"size-full wp-image-28119\" src=\"http:\/\/www.grieta.org.mx\/wp-content\/uploads\/2019\/01\/gasoducto.jpg\" alt=\"\" width=\"960\" height=\"500\" srcset=\"https:\/\/www.grieta.org.mx\/wp-content\/uploads\/2019\/01\/gasoducto.jpg 960w, https:\/\/www.grieta.org.mx\/wp-content\/uploads\/2019\/01\/gasoducto-300x156.jpg 300w, https:\/\/www.grieta.org.mx\/wp-content\/uploads\/2019\/01\/gasoducto-768x400.jpg 768w\" sizes=\"auto, (max-width: 960px) 100vw, 960px\" \/><figcaption id=\"caption-attachment-28119\" class=\"wp-caption-text\">La CNDH ha emitido recomendaciones por violaciones al derecho a la consulta previa, libre e informada de comunidades ind\u00edgenas.<\/figcaption><\/figure><br \/>\n\/ANIMAL POL\u00ccTICO<\/p>\n<p>Las amenazas contra los habitantes de la comunidad yaqui Lomas de B\u00e1cum, quienes han protestado desde hace cuatro a\u00f1os contra la construcci\u00f3n del gasoducto Sonora, se han intensificado en el \u00faltimo mes, de acuerdo con pobladores amenazados.<\/p>\n<p>Los ind\u00edgenas yaquis han recibido amenazas de ataques por parte de otras comunidades vecinas que est\u00e1n a favor del proyecto, que presuntamente ocurrir\u00e1n entre la \u00faltima semana de noviembre y la primera de diciembre, si no aceptan el proyecto.<\/p>\n<p>B\u00e1cum es el \u00fanico de los ocho pueblos -que se encuentran a lo largo de los 90 kil\u00f3metros del segmento Guaymas, El Oro,- por los que atravesar\u00eda el gasoducto que se oponen al proyecto; sin su aprobaci\u00f3n, la construcci\u00f3n no se puede realizar.<\/p>\n<p>En abril de 2016, los pobladores de B\u00e1cum obtuvieron un amparo del Juzgado s\u00e9ptimo de Distrito con sede en Ciudad Obreg\u00f3n contra la construcci\u00f3n del gasoducto, por lo cual la obra, que inici\u00f3 en 2013 por parte de la empresa Infraestructura Energ\u00e9tica Nova (IEnova), se encuentra suspendida y el proyecto no ha podido operar a la fecha.<\/p>\n<p>Los ind\u00edgenas opositores al proyecto han denunciado que no fueron consultados antes de iniciar el proyecto, adem\u00e1s, est\u00e1n en contra en vivir cerca de un conducto de gas.<\/p>\n<p>De acuerdo con un video realizado por los opositores del proyecto y un comunicado de la CNDH, el pasado 21 de octubre se registr\u00f3 un enfrentamiento en B\u00e1cum, con un saldo de un muerto, ocurrido entre las personas que est\u00e1n a favor y en contra de la construcci\u00f3n de gasoducto, por lo que la Comisi\u00f3n recomend\u00f3 resolver este conflicto pac\u00edficamente.<\/p>\n<p>Adem\u00e1s, otros cinco opositores clave que realizaban gestiones y representaban a los cerca de 30 mil yaquis que rechazan el proyecto, han sido asesinados en supuestos \u201casaltos\u201d, mientras que otros opositores han sido secuestrados para presionarlos. Adem\u00e1s, en abril de 2017 se incendi\u00f3 un trigal en B\u00e1cum, donde muri\u00f3 un joven de 18 a\u00f1os opositor al gasoducto y una mujer recibi\u00f3 un tiro en la pierna por una \u201cbala perdida\u201d.<\/p>\n<p><a href=\"http:\/\/La construcci\u00f3n de un gasoducto genera violencia en una comunidad yaqui\" target=\"_blank\" rel=\"noopener\"> La construcci\u00f3n de un gasoducto genera violencia en una comunidad yaqui<\/a><\/p>\n<p>\u201cNos mandan decir que no sabemos lo que nos espera\u2026 que hay unos sicarios dispuestos a callarnos\u201d, dijo en entrevista una de las habitantes de Lomas de B\u00e1cum, quien solicit\u00f3 omitir su nombre.<\/p>\n<p>\u201cSiempre hemos tenido amenazas de gente que nos encuentra en la calle y nos dice que nos van a mandar levantar, todos los meses tenemos una que otra, pero estos \u00faltimos d\u00edas han sido recurrentes, es demasiada la gente que est\u00e1 haciendo esto, por eso nos preocupa\u201d, dijo.<\/p>\n<p>Los yaquis tienen una forma de gobierno comunitario en la que las autoridades son definidas por ellos mismos y todas las decisiones se toman por unanimidad: si un pueblo no firma, el proyecto no puede continuar, aunque el resto lo apruebe, explic\u00f3 a Animal Pol\u00edtico el activista Thor Morales, quien ha trabajado durante ocho a\u00f1os en proyectos de divulgaci\u00f3n con las mujeres yaquis opositoras al gasoducto.<\/p>\n<p>\u201cO todos o ninguno\u201d, explic\u00f3 Morales, y agreg\u00f3 que los territorios de la comunidad yaqui no pueden ser administrados por separado, pues a diferencia de la mayor\u00eda de los pueblos ind\u00edgenas, no es un ejido donde cada uno tenga el t\u00edtulo de su propiedad, sino que es un territorio comunal. \u201cPor eso si un pueblo dice que no, en t\u00e9rminos del gobierno comunitario (y a nivel institucional)\u2026 no prospera\u201d.<\/p>\n<p>De acuerdo con Morales, los yaquis de B\u00e1cum son amenazados bajo una t\u00e9cnica que calific\u00f3 de \u201cterrorista\u201d, porque se esparcen rumores para crear un estado de p\u00e1nico.<\/p>\n<p>El activista explic\u00f3 que, aunque las autoridades de los otros siete pueblos han dado su aprobaci\u00f3n para el gasoducto, a los habitantes de B\u00e1cum les consta que los pobladores de esos otros pueblos no est\u00e1n de acuerdo con sus representantes, ya que tampoco quieren el gasoducto.<\/p>\n<p>Ante el constante riesgo, los yaquis opositores al gasoducto presentaron una queja ante la CNDH, instancia que ha solicitado medidas de protecci\u00f3n para ellos, y en junio de 2018 emiti\u00f3 una recomendaci\u00f3n dirigida al secretario de Energ\u00eda, Pedro Joaqu\u00edn Coldwell, en la que le exigi\u00f3 reparar el da\u00f1o a las comunidades yaquis por las constantes violaciones a sus derechos humanos. Pese a esto, las amenazas contin\u00faan.<\/p>\n<p><a href=\"https:\/\/www.animalpolitico.com\/2018\/11\/amenazas-yaqui-gasoducto-sonora\/\" target=\"_blank\" rel=\"noopener\">https:\/\/www.animalpolitico.com\/2018\/11\/amenazas-yaqui-gasoducto-sonora\/<\/a><\/p>\n","protected":false},"excerpt":{"rendered":"<p>Habitantes de la localidad Loma de B\u00e1cum reciben constantes advertencias de que ser\u00e1n agredidos si no cesan su resistencia a la operaci\u00f3n del gasoducto Sonora. En las \u00faltimas semanas las &hellip; <a href=\"https:\/\/www.grieta.org.mx\/index.php\/2018\/11\/30\/se-intensifican-las-amenazas-contra-opositores-al-gasoducto-en-comunidad-yaqui-de-sonora\/\" class=\"more-link\">Leer m\u00e1s<\/a><\/p>\n","protected":false},"author":2,"featured_media":28119,"comment_status":"closed","ping_status":"closed","sticky":false,"template":"","format":"standard","meta":{"ngg_post_thumbnail":0,"_jetpack_newsletter_access":"","_jetpack_dont_email_post_to_subs":false,"_jetpack_newsletter_tier_id":0,"_jetpack_memberships_contains_paywalled_content":false,"_jetpack_memberships_contains_paid_content":false,"footnotes":""},"categories":[65,80,914,1278,979,1,954,1405,1406,922,947,2,31,83],"tags":[903,764,1408,1917,462,251],"class_list":["post-28118","post","type-post","status-publish","format-standard","has-post-thumbnail","hentry","category-21-yaquis","category-cintillo","category-privatizacion-del-agua","category-despojo-de-tierras-y-territorios","category-esp-sonora","category-espejos-de-la-resistencia","category-espejos-estados","category-lucha-y-resistencia-de-los-pueblos-originarios-en-sonora","category-lucha-y-resistencia-del-pueblo-yaqui","category-megaproyectos-estados","category-mp-sonora","category-noticias-nacionales","category-sonora","category-temas-nacionales","tag-gasoducto-sonora","tag-privatizacion-del-agua","tag-pueblo-yoreme","tag-represion-contra-el-pueblo-yaqui","tag-tribu-yaqui","tag-yaquis","entry"],"jetpack_featured_media_url":"https:\/\/www.grieta.org.mx\/wp-content\/uploads\/2019\/01\/gasoducto.jpg","jetpack_sharing_enabled":true,"jetpack_shortlink":"https:\/\/wp.me\/p7ZJR4-7jw","jetpack_likes_enabled":false,"jetpack-related-posts":[{"id":9051,"url":"https:\/\/www.grieta.org.mx\/index.php\/2016\/08\/24\/lucha-y-resistencia-de-la-tribu-yaqui\/","url_meta":{"origin":28118,"position":0},"title":"Lucha y resistencia de la tribu yaqui","author":"Admin","date":"24 agosto, 2016","format":false,"excerpt":"IEnova despoja tierras de la reserva ind\u00edgena yaqui para construcci\u00f3n de Gasoducto Sonora 24\/08\/16. Gasoducto divide a los yaquis El Universal Lucha de la tribu Yaqui en defensa del agua y contra el Acueducto Independencia 22\/02\/16. Contin\u00faa la lucha del agua de la Tribu Yaqui Contral\u00ednea 07\/12\/15. Liberan yaquis carretera\u2026","rel":"","context":"En &quot;21. Yaquis&quot;","block_context":{"text":"21. Yaquis","link":"https:\/\/www.grieta.org.mx\/index.php\/category\/espejos-de-la-resistencia\/21-yaquis\/"},"img":{"alt_text":"","src":"https:\/\/i0.wp.com\/www.grieta.org.mx\/wp-content\/uploads\/2018\/03\/14524434_1106112876131411_958039263622046936_o.jpg?resize=350%2C200&ssl=1","width":350,"height":200,"srcset":"https:\/\/i0.wp.com\/www.grieta.org.mx\/wp-content\/uploads\/2018\/03\/14524434_1106112876131411_958039263622046936_o.jpg?resize=350%2C200&ssl=1 1x, https:\/\/i0.wp.com\/www.grieta.org.mx\/wp-content\/uploads\/2018\/03\/14524434_1106112876131411_958039263622046936_o.jpg?resize=525%2C300&ssl=1 1.5x, https:\/\/i0.wp.com\/www.grieta.org.mx\/wp-content\/uploads\/2018\/03\/14524434_1106112876131411_958039263622046936_o.jpg?resize=700%2C400&ssl=1 2x"},"classes":[]},{"id":60941,"url":"https:\/\/www.grieta.org.mx\/index.php\/2021\/08\/09\/mexico-la-permanente-batalla-de-los-yaquis-contra-el-despojo\/","url_meta":{"origin":28118,"position":1},"title":"M\u00e9xico: la permanente batalla de los yaquis contra el despojo","author":"grieta","date":"9 agosto, 2021","format":false,"excerpt":"Las constantes denuncias de represi\u00f3n, asesinatos y desaparici\u00f3n forzada que padecen los yaquis no encuentran eco entre las autoridades mexicanas, las cuales se limitan a registrar los hechos y abrir carpetas de investigaci\u00f3n con escasos resultados. Archivo Cuartoscuro PorCarmen Garc\u00eda Bermejo | Mongabay Latam \u00a08 de agosto, 2021 Hablar de\u2026","rel":"","context":"En &quot;Desaparecidos en Sonora&quot;","block_context":{"text":"Desaparecidos en Sonora","link":"https:\/\/www.grieta.org.mx\/index.php\/category\/noticias-nacionales\/sonora\/desaparecidos-en-sonora\/"},"img":{"alt_text":"","src":"https:\/\/i0.wp.com\/www.grieta.org.mx\/wp-content\/uploads\/2021\/08\/cuartoscuro_771020_digital.jpeg?resize=350%2C200&ssl=1","width":350,"height":200,"srcset":"https:\/\/i0.wp.com\/www.grieta.org.mx\/wp-content\/uploads\/2021\/08\/cuartoscuro_771020_digital.jpeg?resize=350%2C200&ssl=1 1x, https:\/\/i0.wp.com\/www.grieta.org.mx\/wp-content\/uploads\/2021\/08\/cuartoscuro_771020_digital.jpeg?resize=525%2C300&ssl=1 1.5x, https:\/\/i0.wp.com\/www.grieta.org.mx\/wp-content\/uploads\/2021\/08\/cuartoscuro_771020_digital.jpeg?resize=700%2C400&ssl=1 2x, https:\/\/i0.wp.com\/www.grieta.org.mx\/wp-content\/uploads\/2021\/08\/cuartoscuro_771020_digital.jpeg?resize=1050%2C600&ssl=1 3x"},"classes":[]},{"id":37483,"url":"https:\/\/www.grieta.org.mx\/index.php\/2019\/07\/12\/niega-juzgado-amparo-a-habitantes-de-loma-de-bacum-para-que-no-se-instale-gasoducto-impugnaran-resolutivo-sonora\/","url_meta":{"origin":28118,"position":2},"title":"Niega juzgado amparo a habitantes de Loma de B\u00e1cum para que no se instale gasoducto; impugnar\u00e1n resolutivo (Sonora)","author":"grieta","date":"12 julio, 2019","format":false,"excerpt":"Astrid Arellano\/ PROYECTO PUENTE Loma de B\u00e1cum impugnar\u00e1 el resolutivo del Juzgado S\u00e9ptimo de Distrito que les neg\u00f3 el amparo en contra de la consulta al pueblo ind\u00edgena; lo que validaba la instalaci\u00f3n del gasoducto de la compa\u00f1\u00eda IENova al sur de Sonora, pero \u201cir\u00e1n hasta las \u00faltimas consecuencias en\u2026","rel":"","context":"En &quot;CINTILLO&quot;","block_context":{"text":"CINTILLO","link":"https:\/\/www.grieta.org.mx\/index.php\/category\/cintillo\/"},"img":{"alt_text":"","src":"https:\/\/i0.wp.com\/www.grieta.org.mx\/wp-content\/uploads\/2018\/03\/14524434_1106112876131411_958039263622046936_o.jpg?resize=350%2C200&ssl=1","width":350,"height":200,"srcset":"https:\/\/i0.wp.com\/www.grieta.org.mx\/wp-content\/uploads\/2018\/03\/14524434_1106112876131411_958039263622046936_o.jpg?resize=350%2C200&ssl=1 1x, https:\/\/i0.wp.com\/www.grieta.org.mx\/wp-content\/uploads\/2018\/03\/14524434_1106112876131411_958039263622046936_o.jpg?resize=525%2C300&ssl=1 1.5x, https:\/\/i0.wp.com\/www.grieta.org.mx\/wp-content\/uploads\/2018\/03\/14524434_1106112876131411_958039263622046936_o.jpg?resize=700%2C400&ssl=1 2x"},"classes":[]},{"id":62535,"url":"https:\/\/www.grieta.org.mx\/index.php\/2021\/10\/27\/62535\/","url_meta":{"origin":28118,"position":3},"title":"Familias de yaquis desaparecidos exigen certeza cient\u00edfica sobre restos hallados en Sonora","author":"grieta","date":"27 octubre, 2021","format":false,"excerpt":"Familias\u00a0de los 10\u00a0yaquis desaparecidos\u00a0exigieron\u00a0certeza cient\u00edfica\u00a0que\u00a0comprueben la identidad\u00a0de los\u00a0restos hallados\u00a0por la Fiscal\u00eda General del Estado (FGE) de Sonora. En conferencia de prensa, al cumplirse 105 d\u00edas de la desaparici\u00f3n de los 10 ind\u00edgenas de la\u00a0comunidad\u00a0yaqui, sus familias exigieron\u00a0evidencia cient\u00edfica\u00a0de que los restos encontrados pertenecen a sus seres queridos. Lo anterior, con\u2026","rel":"","context":"En &quot;Desaparecidos en Sonora&quot;","block_context":{"text":"Desaparecidos en Sonora","link":"https:\/\/www.grieta.org.mx\/index.php\/category\/noticias-nacionales\/sonora\/desaparecidos-en-sonora\/"},"img":{"alt_text":"","src":"https:\/\/i0.wp.com\/www.grieta.org.mx\/wp-content\/uploads\/2021\/10\/ZRJOKIIFGFC3NJXXH5DT5S24JA.jpeg?resize=350%2C200&ssl=1","width":350,"height":200,"srcset":"https:\/\/i0.wp.com\/www.grieta.org.mx\/wp-content\/uploads\/2021\/10\/ZRJOKIIFGFC3NJXXH5DT5S24JA.jpeg?resize=350%2C200&ssl=1 1x, https:\/\/i0.wp.com\/www.grieta.org.mx\/wp-content\/uploads\/2021\/10\/ZRJOKIIFGFC3NJXXH5DT5S24JA.jpeg?resize=525%2C300&ssl=1 1.5x"},"classes":[]},{"id":28122,"url":"https:\/\/www.grieta.org.mx\/index.php\/2015\/08\/31\/yaquis-los-combatientes-de-la-primera-guerra-del-agua-en-mexico-sonora\/","url_meta":{"origin":28118,"position":4},"title":"Yaquis: los combatientes de la primera guerra del agua en M\u00e9xico (Sonora)","author":"grieta","date":"31 agosto, 2015","format":false,"excerpt":"Desde hace cientos de a\u00f1os los yaquis han vivido en rebeld\u00eda. Pero ahora enfrentan la lucha decisiva por su sobrevivencia: defender sus reservas de agua de un pol\u00e9mico acueducto. BBC MUNDO A lo largo de su historia, el pueblo Yaqui \u2013asentado en el estado de Sonora, en el noreste de\u2026","rel":"","context":"En &quot;21. Yaquis&quot;","block_context":{"text":"21. Yaquis","link":"https:\/\/www.grieta.org.mx\/index.php\/category\/espejos-de-la-resistencia\/21-yaquis\/"},"img":{"alt_text":"","src":"https:\/\/i0.wp.com\/www.grieta.org.mx\/wp-content\/uploads\/2019\/01\/yaquis_624x351_getty_nocredit-960x500.jpg?resize=350%2C200&ssl=1","width":350,"height":200,"srcset":"https:\/\/i0.wp.com\/www.grieta.org.mx\/wp-content\/uploads\/2019\/01\/yaquis_624x351_getty_nocredit-960x500.jpg?resize=350%2C200&ssl=1 1x, https:\/\/i0.wp.com\/www.grieta.org.mx\/wp-content\/uploads\/2019\/01\/yaquis_624x351_getty_nocredit-960x500.jpg?resize=525%2C300&ssl=1 1.5x, https:\/\/i0.wp.com\/www.grieta.org.mx\/wp-content\/uploads\/2019\/01\/yaquis_624x351_getty_nocredit-960x500.jpg?resize=700%2C400&ssl=1 2x"},"classes":[]},{"id":24271,"url":"https:\/\/www.grieta.org.mx\/index.php\/2017\/07\/26\/los-enganaron-con-el-acueducto-y-despues-con-gasoducto-extranjero-yaquis-estan-hartos\/","url_meta":{"origin":28118,"position":5},"title":"Los enga\u00f1aron con el Acueducto y, despu\u00e9s, con gasoducto extranjero; yaquis est\u00e1n hartos (Sonora)","author":"grieta","date":"26 julio, 2017","format":false,"excerpt":"? Dulce Olvera\/ Sin Embargo \u201cA nuestros ancestros les toc\u00f3 cuidar la tierra y ahora nosotros somos los responsables\u201d, dicen habitantes de la comunidad ind\u00edgena de Loma Bac\u00fam, Sonora, una de las ocho [C\u00f3corit, T\u00f3rim, V\u00edcam, P\u00f3tam, Huibiris, Rahum y Bel\u00e9n], que se han levantado en contra la construcci\u00f3n del\u2026","rel":"","context":"En &quot;21. Yaquis&quot;","block_context":{"text":"21. Yaquis","link":"https:\/\/www.grieta.org.mx\/index.php\/category\/espejos-de-la-resistencia\/21-yaquis\/"},"img":{"alt_text":"","src":"https:\/\/i0.wp.com\/www.grieta.org.mx\/wp-content\/uploads\/2018\/07\/loma-bacum01-700.jpg?resize=350%2C200&ssl=1","width":350,"height":200,"srcset":"https:\/\/i0.wp.com\/www.grieta.org.mx\/wp-content\/uploads\/2018\/07\/loma-bacum01-700.jpg?resize=350%2C200&ssl=1 1x, https:\/\/i0.wp.com\/www.grieta.org.mx\/wp-content\/uploads\/2018\/07\/loma-bacum01-700.jpg?resize=525%2C300&ssl=1 1.5x, https:\/\/i0.wp.com\/www.grieta.org.mx\/wp-content\/uploads\/2018\/07\/loma-bacum01-700.jpg?resize=700%2C400&ssl=1 2x"},"classes":[]}],"_links":{"self":[{"href":"https:\/\/www.grieta.org.mx\/index.php\/wp-json\/wp\/v2\/posts\/28118","targetHints":{"allow":["GET"]}}],"collection":[{"href":"https:\/\/www.grieta.org.mx\/index.php\/wp-json\/wp\/v2\/posts"}],"about":[{"href":"https:\/\/www.grieta.org.mx\/index.php\/wp-json\/wp\/v2\/types\/post"}],"author":[{"embeddable":true,"href":"https:\/\/www.grieta.org.mx\/index.php\/wp-json\/wp\/v2\/users\/2"}],"replies":[{"embeddable":true,"href":"https:\/\/www.grieta.org.mx\/index.php\/wp-json\/wp\/v2\/comments?post=28118"}],"version-history":[{"count":1,"href":"https:\/\/www.grieta.org.mx\/index.php\/wp-json\/wp\/v2\/posts\/28118\/revisions"}],"predecessor-version":[{"id":28124,"href":"https:\/\/www.grieta.org.mx\/index.php\/wp-json\/wp\/v2\/posts\/28118\/revisions\/28124"}],"wp:featuredmedia":[{"embeddable":true,"href":"https:\/\/www.grieta.org.mx\/index.php\/wp-json\/wp\/v2\/media\/28119"}],"wp:attachment":[{"href":"https:\/\/www.grieta.org.mx\/index.php\/wp-json\/wp\/v2\/media?parent=28118"}],"wp:term":[{"taxonomy":"category","embeddable":true,"href":"https:\/\/www.grieta.org.mx\/index.php\/wp-json\/wp\/v2\/categories?post=28118"},{"taxonomy":"post_tag","embeddable":true,"href":"https:\/\/www.grieta.org.mx\/index.php\/wp-json\/wp\/v2\/tags?post=28118"}],"curies":[{"name":"wp","href":"https:\/\/api.w.org\/{rel}","templated":true}]}}