{"id":28102,"date":"2016-05-14T13:52:23","date_gmt":"2016-05-14T18:52:23","guid":{"rendered":"http:\/\/www.grieta.org.mx\/?p=28102"},"modified":"2019-01-07T14:08:58","modified_gmt":"2019-01-07T20:08:58","slug":"las-cifras-las-comunidades-y-las-causas-del-desplazamiento-forzado-interno-en-mexico","status":"publish","type":"post","link":"https:\/\/www.grieta.org.mx\/index.php\/2016\/05\/14\/las-cifras-las-comunidades-y-las-causas-del-desplazamiento-forzado-interno-en-mexico\/","title":{"rendered":"Las cifras, las comunidades y las causas del desplazamiento forzado interno en M\u00e9xico"},"content":{"rendered":"<p>Manu Ureste \/ Animal Politico<\/p>\n<p><img loading=\"lazy\" decoding=\"async\" data-attachment-id=\"28106\" data-permalink=\"https:\/\/www.grieta.org.mx\/index.php\/2016\/05\/14\/las-cifras-las-comunidades-y-las-causas-del-desplazamiento-forzado-interno-en-mexico\/desplazamiento-960x500\/\" data-orig-file=\"https:\/\/www.grieta.org.mx\/wp-content\/uploads\/2019\/01\/Desplazamiento-960x500.jpg\" data-orig-size=\"960,500\" data-comments-opened=\"0\" data-image-meta=\"{&quot;aperture&quot;:&quot;0&quot;,&quot;credit&quot;:&quot;&quot;,&quot;camera&quot;:&quot;&quot;,&quot;caption&quot;:&quot;&quot;,&quot;created_timestamp&quot;:&quot;0&quot;,&quot;copyright&quot;:&quot;&quot;,&quot;focal_length&quot;:&quot;0&quot;,&quot;iso&quot;:&quot;0&quot;,&quot;shutter_speed&quot;:&quot;0&quot;,&quot;title&quot;:&quot;&quot;,&quot;orientation&quot;:&quot;0&quot;}\" data-image-title=\"Desplazamiento-960&amp;#215;500\" data-image-description=\"\" data-image-caption=\"\" data-medium-file=\"https:\/\/www.grieta.org.mx\/wp-content\/uploads\/2019\/01\/Desplazamiento-960x500-300x156.jpg\" data-large-file=\"https:\/\/www.grieta.org.mx\/wp-content\/uploads\/2019\/01\/Desplazamiento-960x500.jpg\" src=\"http:\/\/www.grieta.org.mx\/wp-content\/uploads\/2019\/01\/Desplazamiento-960x500.jpg\" alt=\"\" width=\"960\" height=\"500\" class=\"aligncenter size-full wp-image-28106\" srcset=\"https:\/\/www.grieta.org.mx\/wp-content\/uploads\/2019\/01\/Desplazamiento-960x500.jpg 960w, https:\/\/www.grieta.org.mx\/wp-content\/uploads\/2019\/01\/Desplazamiento-960x500-300x156.jpg 300w, https:\/\/www.grieta.org.mx\/wp-content\/uploads\/2019\/01\/Desplazamiento-960x500-768x400.jpg 768w\" sizes=\"auto, (max-width: 960px) 100vw, 960px\" \/><\/p>\n<blockquote><p>\nSinaloa, Michoac\u00e1n, Guerrero y Chihuahua, son las entidades que acumulan el mayor n\u00famero de municipio y comunidades expulsoras de personas como consecuencia de la delincuencia en el pa\u00eds. As\u00ed lo apunta Comisi\u00f3n Nacional de Derechos Humanos (CNDH) en un informe.<br \/>\nLas cifras, las comunidades y las causas del desplazamiento forzado interno en M\u00e9xico<\/p><\/blockquote>\n<p>En M\u00e9xico, la violencia es la principal causa del desplazamiento forzado interno de miles de ciudadanos que abandonan sus hogares en busca de protecci\u00f3n. <\/p>\n<p>As\u00ed lo expone la Comisi\u00f3n Nacional de Derechos Humanos (CNDH) en su primer Informe Especial sobre Desplazamiento Forzado Interno, en el que autoridades estatales y locales le reportaron que en la actualidad hay 35 mil 433 personas que son v\u00edctimas de desplazamiento forzado.<\/p>\n<p>Tamaulipas es la entidad con mayor n\u00famero de v\u00edctimas, con 20 mil. O en otras palabras, s\u00f3lo la entidad tamaulipeca acumula el 60% del total de casos reportados por las autoridades a la CNDH.<\/p>\n<p>No obstante, la comisi\u00f3n precisa que la cifra de 20 mil desplazados en Tamaulipas, que abarca de 2001 a 2012, fue emitida por un funcionario p\u00fablico municipal de Nuevo Laredo, sin que \u00e9ste mostrara un registro a los funcionarios de la Comisi\u00f3n, por lo que dicha cifra \u201cest\u00e1 sujeta a corroboraci\u00f3n\u201d. No obstante, la CNDH considera que el dato de 20 mil desplazados s\u00ed \u201cpodr\u00eda encontrar sustento\u201d en numerosas notas informativas que dan cuenta de municipios fantasma en la entidad, como Ciudad Mier.<\/p>\n<p>En segundo lugar le sigue Guerrero, con 2 mil 165 casos reportados hasta la fecha;  Chihuahua, con 2 mil 008 casos; y en tercer lugar, Veracruz con mil 131.<\/p>\n<p><img loading=\"lazy\" decoding=\"async\" data-attachment-id=\"28111\" data-permalink=\"https:\/\/www.grieta.org.mx\/index.php\/2016\/05\/14\/las-cifras-las-comunidades-y-las-causas-del-desplazamiento-forzado-interno-en-mexico\/grafico-desplazados-1\/\" data-orig-file=\"https:\/\/www.grieta.org.mx\/wp-content\/uploads\/2019\/01\/grafico-desplazados-1.png\" data-orig-size=\"1344,1396\" data-comments-opened=\"0\" data-image-meta=\"{&quot;aperture&quot;:&quot;0&quot;,&quot;credit&quot;:&quot;&quot;,&quot;camera&quot;:&quot;&quot;,&quot;caption&quot;:&quot;&quot;,&quot;created_timestamp&quot;:&quot;0&quot;,&quot;copyright&quot;:&quot;&quot;,&quot;focal_length&quot;:&quot;0&quot;,&quot;iso&quot;:&quot;0&quot;,&quot;shutter_speed&quot;:&quot;0&quot;,&quot;title&quot;:&quot;&quot;,&quot;orientation&quot;:&quot;0&quot;}\" data-image-title=\"grafico-desplazados-1\" data-image-description=\"\" data-image-caption=\"\" data-medium-file=\"https:\/\/www.grieta.org.mx\/wp-content\/uploads\/2019\/01\/grafico-desplazados-1-289x300.png\" data-large-file=\"https:\/\/www.grieta.org.mx\/wp-content\/uploads\/2019\/01\/grafico-desplazados-1-986x1024.png\" src=\"http:\/\/www.grieta.org.mx\/wp-content\/uploads\/2019\/01\/grafico-desplazados-1-986x1024.png\" alt=\"\" width=\"986\" height=\"1024\" class=\"aligncenter size-large wp-image-28111\" srcset=\"https:\/\/www.grieta.org.mx\/wp-content\/uploads\/2019\/01\/grafico-desplazados-1-986x1024.png 986w, https:\/\/www.grieta.org.mx\/wp-content\/uploads\/2019\/01\/grafico-desplazados-1-289x300.png 289w, https:\/\/www.grieta.org.mx\/wp-content\/uploads\/2019\/01\/grafico-desplazados-1-768x798.png 768w, https:\/\/www.grieta.org.mx\/wp-content\/uploads\/2019\/01\/grafico-desplazados-1-481x500.png 481w, https:\/\/www.grieta.org.mx\/wp-content\/uploads\/2019\/01\/grafico-desplazados-1.png 1344w\" sizes=\"auto, (max-width: 986px) 100vw, 986px\" \/><\/p>\n<p>En cuanto a las causas del desplazamiento interno, pr\u00e1cticamente el 100% huy\u00f3 por la violencia: 35 mil 344 v\u00edctimas. S\u00f3lo 89 se desplazaron por desastres naturales.<\/p>\n<p>Dentro del apartado violencia, la CNDH apunta que la delincuencia abarc\u00f3 el 90% de las v\u00edctimas: 31 mil 898 casos. La extorsi\u00f3n, las amenazas, la destrucci\u00f3n de casa habitaci\u00f3n, asesinato y secuestro, fueron las principales manifestaciones de violencia de las que se\u00f1alaron haber sido v\u00edctimas personas desplazadas o sus conocidos que se desplazaron.<\/p>\n<p>\u201cEn el caso de la extorsi\u00f3n, se advirti\u00f3 que se manifiesta principalmente a trav\u00e9s del cobro de piso o rentas, las cuales las hac\u00edan las personas sin importar el oficio que tuvieran, grado acad\u00e9mico o n\u00famero de propiedades\u201d, apunta el informe de la CNDH.<\/p>\n<p>El conflicto por tierras, con 920 v\u00edctimas \u2013el 2.6%-; el conflicto entre familias y el conflicto religioso, con 130 y 128 v\u00edctimas respectivamente, son las otras causas de desplazamiento forzado por violencia.<\/p>\n<p><img loading=\"lazy\" decoding=\"async\" data-attachment-id=\"28113\" data-permalink=\"https:\/\/www.grieta.org.mx\/index.php\/2016\/05\/14\/las-cifras-las-comunidades-y-las-causas-del-desplazamiento-forzado-interno-en-mexico\/grafico-desplazados-2\/\" data-orig-file=\"https:\/\/www.grieta.org.mx\/wp-content\/uploads\/2019\/01\/grafico-desplazados-2.png\" data-orig-size=\"1344,1313\" data-comments-opened=\"0\" data-image-meta=\"{&quot;aperture&quot;:&quot;0&quot;,&quot;credit&quot;:&quot;&quot;,&quot;camera&quot;:&quot;&quot;,&quot;caption&quot;:&quot;&quot;,&quot;created_timestamp&quot;:&quot;0&quot;,&quot;copyright&quot;:&quot;&quot;,&quot;focal_length&quot;:&quot;0&quot;,&quot;iso&quot;:&quot;0&quot;,&quot;shutter_speed&quot;:&quot;0&quot;,&quot;title&quot;:&quot;&quot;,&quot;orientation&quot;:&quot;0&quot;}\" data-image-title=\"grafico-desplazados-2\" data-image-description=\"\" data-image-caption=\"\" data-medium-file=\"https:\/\/www.grieta.org.mx\/wp-content\/uploads\/2019\/01\/grafico-desplazados-2-300x293.png\" data-large-file=\"https:\/\/www.grieta.org.mx\/wp-content\/uploads\/2019\/01\/grafico-desplazados-2-1024x1000.png\" src=\"http:\/\/www.grieta.org.mx\/wp-content\/uploads\/2019\/01\/grafico-desplazados-2-1024x1000.png\" alt=\"\" width=\"1024\" height=\"1000\" class=\"aligncenter size-large wp-image-28113\" srcset=\"https:\/\/www.grieta.org.mx\/wp-content\/uploads\/2019\/01\/grafico-desplazados-2-1024x1000.png 1024w, https:\/\/www.grieta.org.mx\/wp-content\/uploads\/2019\/01\/grafico-desplazados-2-300x293.png 300w, https:\/\/www.grieta.org.mx\/wp-content\/uploads\/2019\/01\/grafico-desplazados-2-768x750.png 768w, https:\/\/www.grieta.org.mx\/wp-content\/uploads\/2019\/01\/grafico-desplazados-2-512x500.png 512w, https:\/\/www.grieta.org.mx\/wp-content\/uploads\/2019\/01\/grafico-desplazados-2.png 1344w\" sizes=\"auto, (max-width: 1024px) 100vw, 1024px\" \/><\/p>\n<p>l margen de las cifras reportadas por autoridades estatales y locales a la CNDH, la comisi\u00f3n subraya en su informe que tambi\u00e9n hizo una encuesta a mil personas en 65 municipios del pa\u00eds, para conocer a trav\u00e9s de un muestreo el estado actual del desplazamiento forzado como consecuencia de la inseguridad y el crimen organizado. <\/p>\n<p>En el reporte, Sinaloa es la entidad en la que la Comisi\u00f3n identific\u00f3 m\u00e1s comunidades expulsoras de personas por la violencia con 10 municipios, entre los que cita a Culiac\u00e1n, Mazatl\u00e1n, Badiguarato, Choix, y Angostura, entre otros.<\/p>\n<p>Le sigue Michoac\u00e1n con seis municipios, entre los que est\u00e1n Apatzing\u00e1n y Tepalcatepec, los cuales a\u00fan enfrentan problemas derivados de enfrentamientos entre autodefensas y el crimen organizado.<\/p>\n<p>El tercer lugar lo comparten Chihuahua y Guerrero con cuatro municipios cada uno, entre los que est\u00e1n Praxedis Guerrero y Ahumada (Chihuahua) y Chilapa de \u00c1lvarez y San Miguel Totolapan (Guerrero).<\/p>\n<p>En Tamaulipas, los dos municipios identificados como expulsores por la violencia son Ciudad Mier y Nuevo Laredo.<\/p>\n<p>En el estudio realizado por la CNDH tambi\u00e9n se documentan situaciones parad\u00f3gicas, como que municipios expulsores de personas por la violencia, como Mazatl\u00e1n y Choix en Sinaloa, o Nuevo Laredo en Tamaulipas, tambi\u00e9n son receptores de v\u00edctimas que huyen de la inseguridad.<\/p>\n<p>Por otra parte, como resultado de su encuesta a mil personas, la CNDH se\u00f1al\u00f3 que el 80.9% dijo tener miedo de ser v\u00edctima del crimen organizado; el 72% que conoce a alguien que fue extorsionado; el 25% que conoce a una persona desplazada; y el 22% que fueron v\u00edctimas en sus propiedades, tierras o ganado; o que conoce casos de secuestro.<\/p>\n<p><img loading=\"lazy\" decoding=\"async\" data-attachment-id=\"28114\" data-permalink=\"https:\/\/www.grieta.org.mx\/index.php\/2016\/05\/14\/las-cifras-las-comunidades-y-las-causas-del-desplazamiento-forzado-interno-en-mexico\/grafico-desplazados-3\/\" data-orig-file=\"https:\/\/www.grieta.org.mx\/wp-content\/uploads\/2019\/01\/grafico-desplazados-3.png\" data-orig-size=\"1344,2250\" data-comments-opened=\"0\" data-image-meta=\"{&quot;aperture&quot;:&quot;0&quot;,&quot;credit&quot;:&quot;&quot;,&quot;camera&quot;:&quot;&quot;,&quot;caption&quot;:&quot;&quot;,&quot;created_timestamp&quot;:&quot;0&quot;,&quot;copyright&quot;:&quot;&quot;,&quot;focal_length&quot;:&quot;0&quot;,&quot;iso&quot;:&quot;0&quot;,&quot;shutter_speed&quot;:&quot;0&quot;,&quot;title&quot;:&quot;&quot;,&quot;orientation&quot;:&quot;0&quot;}\" data-image-title=\"grafico-desplazados-3\" data-image-description=\"\" data-image-caption=\"\" data-medium-file=\"https:\/\/www.grieta.org.mx\/wp-content\/uploads\/2019\/01\/grafico-desplazados-3-179x300.png\" data-large-file=\"https:\/\/www.grieta.org.mx\/wp-content\/uploads\/2019\/01\/grafico-desplazados-3-612x1024.png\" src=\"http:\/\/www.grieta.org.mx\/wp-content\/uploads\/2019\/01\/grafico-desplazados-3-612x1024.png\" alt=\"\" width=\"612\" height=\"1024\" class=\"aligncenter size-large wp-image-28114\" srcset=\"https:\/\/www.grieta.org.mx\/wp-content\/uploads\/2019\/01\/grafico-desplazados-3-612x1024.png 612w, https:\/\/www.grieta.org.mx\/wp-content\/uploads\/2019\/01\/grafico-desplazados-3-179x300.png 179w, https:\/\/www.grieta.org.mx\/wp-content\/uploads\/2019\/01\/grafico-desplazados-3-768x1286.png 768w, https:\/\/www.grieta.org.mx\/wp-content\/uploads\/2019\/01\/grafico-desplazados-3-299x500.png 299w, https:\/\/www.grieta.org.mx\/wp-content\/uploads\/2019\/01\/grafico-desplazados-3.png 1344w\" sizes=\"auto, (max-width: 612px) 100vw, 612px\" \/><\/p>\n<p><img loading=\"lazy\" decoding=\"async\" data-attachment-id=\"28115\" data-permalink=\"https:\/\/www.grieta.org.mx\/index.php\/2016\/05\/14\/las-cifras-las-comunidades-y-las-causas-del-desplazamiento-forzado-interno-en-mexico\/grafico-desplazados-4\/\" data-orig-file=\"https:\/\/www.grieta.org.mx\/wp-content\/uploads\/2019\/01\/grafico-desplazados-4.png\" data-orig-size=\"1344,1521\" data-comments-opened=\"0\" data-image-meta=\"{&quot;aperture&quot;:&quot;0&quot;,&quot;credit&quot;:&quot;&quot;,&quot;camera&quot;:&quot;&quot;,&quot;caption&quot;:&quot;&quot;,&quot;created_timestamp&quot;:&quot;0&quot;,&quot;copyright&quot;:&quot;&quot;,&quot;focal_length&quot;:&quot;0&quot;,&quot;iso&quot;:&quot;0&quot;,&quot;shutter_speed&quot;:&quot;0&quot;,&quot;title&quot;:&quot;&quot;,&quot;orientation&quot;:&quot;0&quot;}\" data-image-title=\"grafico-desplazados-4\" data-image-description=\"\" data-image-caption=\"\" data-medium-file=\"https:\/\/www.grieta.org.mx\/wp-content\/uploads\/2019\/01\/grafico-desplazados-4-265x300.png\" data-large-file=\"https:\/\/www.grieta.org.mx\/wp-content\/uploads\/2019\/01\/grafico-desplazados-4-905x1024.png\" src=\"http:\/\/www.grieta.org.mx\/wp-content\/uploads\/2019\/01\/grafico-desplazados-4-905x1024.png\" alt=\"\" width=\"905\" height=\"1024\" class=\"aligncenter size-large wp-image-28115\" srcset=\"https:\/\/www.grieta.org.mx\/wp-content\/uploads\/2019\/01\/grafico-desplazados-4-905x1024.png 905w, https:\/\/www.grieta.org.mx\/wp-content\/uploads\/2019\/01\/grafico-desplazados-4-265x300.png 265w, https:\/\/www.grieta.org.mx\/wp-content\/uploads\/2019\/01\/grafico-desplazados-4-768x869.png 768w, https:\/\/www.grieta.org.mx\/wp-content\/uploads\/2019\/01\/grafico-desplazados-4-442x500.png 442w, https:\/\/www.grieta.org.mx\/wp-content\/uploads\/2019\/01\/grafico-desplazados-4.png 1344w\" sizes=\"auto, (max-width: 905px) 100vw, 905px\" \/><\/p>\n<p>Sobre las cifras que presenta el reporte, en el que tambi\u00e9n se dan cuenta de numerosos testimonios de desplazamiento interno forzado, el ombudsman nacional, Luis Ra\u00fal Gonz\u00e1lez, admiti\u00f3 que se trata solo de un \u201cmuestreo\u201d para \u201cllamar la atenci\u00f3n\u201d de las autoridades ante la problem\u00e1tica que existe en el pa\u00eds. Ya que, subray\u00f3 durante la presentaci\u00f3n del informe, la cifra negra de desplazados en el pa\u00eds podr\u00eda ser mucho mayor.<\/p>\n<p>Por ello, la CNDH adelant\u00f3 que ya cuenta con una propuesta de Protocolo de Atenci\u00f3n a las personas v\u00edctimas de Desaparici\u00f3n Forzada Interna, que presentar\u00e1 \u201cen breve\u201d a las autoridades.<\/p>\n<p>Ante la falta de datos y estad\u00edsticas oficiales precisas sobre este problema, el ombudsman llam\u00f3 a crear \u201cun diagn\u00f3stico nacional y oficial\u201d sobre el desplazamiento forzado interno en M\u00e9xico.<\/p>\n<p>\u201cLa realizaci\u00f3n de un levantamiento censal que contemple el desplazamiento forzado interno y sus causas ser\u00eda de gran relevancia\u201d, afirm\u00f3 Ra\u00fal Gonz\u00e1lez.<\/p>\n<p>Aqu\u00ed puedes leer el informe completo:<\/p>\n<p><a href=\"http:\/\/Cndh Informe Dfi 09.05.2016\">Cndh Informe Dfi 09.05.2016<\/a><\/p>\n<p><a href=\"https:\/\/www.animalpolitico.com\/2016\/05\/las-cifras-las-comunidades-y-las-causas-del-desplazamiento-forzado-interno-en-mexico\/\">https:\/\/www.animalpolitico.com\/2016\/05\/las-cifras-las-comunidades-y-las-causas-del-desplazamiento-forzado-interno-en-mexico\/<\/a><\/p>\n","protected":false},"excerpt":{"rendered":"<p>Manu Ureste \/ Animal Politico Sinaloa, Michoac\u00e1n, Guerrero y Chihuahua, son las entidades que acumulan el mayor n\u00famero de municipio y comunidades expulsoras de personas como consecuencia de la delincuencia &hellip; <a href=\"https:\/\/www.grieta.org.mx\/index.php\/2016\/05\/14\/las-cifras-las-comunidades-y-las-causas-del-desplazamiento-forzado-interno-en-mexico\/\" class=\"more-link\">Leer m\u00e1s<\/a><\/p>\n","protected":false},"author":2,"featured_media":28106,"comment_status":"closed","ping_status":"closed","sticky":false,"template":"","format":"standard","meta":{"ngg_post_thumbnail":0,"_jetpack_newsletter_access":"","_jetpack_dont_email_post_to_subs":false,"_jetpack_newsletter_tier_id":0,"_jetpack_memberships_contains_paywalled_content":false,"_jetpack_memberships_contains_paid_content":false,"footnotes":""},"categories":[1342,1303,18,2,35],"tags":[232],"class_list":["post-28102","post","type-post","status-publish","format-standard","has-post-thumbnail","hentry","category-desplazados-por-violencia-en-guerrero","category-desplazados-por-violencia-en-veracruz","category-guerrero","category-noticias-nacionales","category-veracruz","tag-desplazados","entry"],"jetpack_featured_media_url":"https:\/\/www.grieta.org.mx\/wp-content\/uploads\/2019\/01\/Desplazamiento-960x500.jpg","jetpack_sharing_enabled":true,"jetpack_shortlink":"https:\/\/wp.me\/p7ZJR4-7jg","jetpack_likes_enabled":false,"jetpack-related-posts":[{"id":35705,"url":"https:\/\/www.grieta.org.mx\/index.php\/2019\/06\/10\/hubo-en-michoacan-240-desplazados-en-2018\/","url_meta":{"origin":28102,"position":0},"title":"Hubo en Michoac\u00e1n 240 desplazados en 2018","author":"Admin","date":"10 junio, 2019","format":false,"excerpt":"Los municipios afectados fueron Par\u00e1cuaro, Buenavista y Aguililla Gilbert Gil Y\u00e1\u00f1ez \/ El Sol de Zamora, 10 de junio de 2019 Entre enero de 2016 y diciembre de 2018, en el estado de Michoac\u00e1n han sido desplazadas 11 mil 590 personas en seis episodios de violencia y amenazas del crimen\u2026","rel":"","context":"En &quot;CINTILLO&quot;","block_context":{"text":"CINTILLO","link":"https:\/\/www.grieta.org.mx\/index.php\/category\/cintillo\/"},"img":{"alt_text":"","src":"https:\/\/i0.wp.com\/www.grieta.org.mx\/wp-content\/uploads\/2019\/07\/DESPLAZAMIENTOS.jpg?resize=350%2C200&ssl=1","width":350,"height":200,"srcset":"https:\/\/i0.wp.com\/www.grieta.org.mx\/wp-content\/uploads\/2019\/07\/DESPLAZAMIENTOS.jpg?resize=350%2C200&ssl=1 1x, https:\/\/i0.wp.com\/www.grieta.org.mx\/wp-content\/uploads\/2019\/07\/DESPLAZAMIENTOS.jpg?resize=525%2C300&ssl=1 1.5x, https:\/\/i0.wp.com\/www.grieta.org.mx\/wp-content\/uploads\/2019\/07\/DESPLAZAMIENTOS.jpg?resize=700%2C400&ssl=1 2x"},"classes":[]},{"id":21375,"url":"https:\/\/www.grieta.org.mx\/index.php\/2016\/09\/12\/detectan-a-victimas-de-desplazamiento-forzado-en-aguascalientes\/","url_meta":{"origin":28102,"position":1},"title":"Detectan a v\u00edctimas de desplazamiento forzado en Aguascalientes","author":"grieta","date":"12 septiembre, 2016","format":false,"excerpt":"Hilda Hermosillo, Aguascalientes. La Comisi\u00f3n Estatal de Derechos Humanos en Aguascalientes (Cedha) tiene conocimiento del arribo a la entidad de v\u00edctimas de desplazamiento forzado interno, quienes dejaron sus hogares a causa de la violencia generalizada, los conflictos con el gobierno y las violaciones a sus derechos humanos en otras partes\u2026","rel":"","context":"En &quot;Aguascalientes&quot;","block_context":{"text":"Aguascalientes","link":"https:\/\/www.grieta.org.mx\/index.php\/category\/noticias-nacionales\/aguascalientes\/"},"img":{"alt_text":"","src":"https:\/\/i0.wp.com\/www.grieta.org.mx\/wp-content\/uploads\/2018\/03\/14524434_1106112876131411_958039263622046936_o.jpg?resize=350%2C200&ssl=1","width":350,"height":200,"srcset":"https:\/\/i0.wp.com\/www.grieta.org.mx\/wp-content\/uploads\/2018\/03\/14524434_1106112876131411_958039263622046936_o.jpg?resize=350%2C200&ssl=1 1x, https:\/\/i0.wp.com\/www.grieta.org.mx\/wp-content\/uploads\/2018\/03\/14524434_1106112876131411_958039263622046936_o.jpg?resize=525%2C300&ssl=1 1.5x, https:\/\/i0.wp.com\/www.grieta.org.mx\/wp-content\/uploads\/2018\/03\/14524434_1106112876131411_958039263622046936_o.jpg?resize=700%2C400&ssl=1 2x"},"classes":[]},{"id":18376,"url":"https:\/\/www.grieta.org.mx\/index.php\/2016\/07\/29\/violencia-expulsa-de-sus-estados-a-mas-de-281-mil-sinaloa\/","url_meta":{"origin":28102,"position":2},"title":"Violencia expulsa de sus estados a m\u00e1s de 281 mil","author":"grieta","date":"29 julio, 2016","format":false,"excerpt":"Victor Ch\u00e1vez, Ciudad de M\u00e9xico. CIUDAD DE M\u00c9XICO.- La corrupci\u00f3n, complicidad e incapacidad de los gobiernos para combatir la violencia del crimen organizado, ha provocado la expulsi\u00f3n y desplazamiento de alrededor de 281 mil 400 personas de sus entidades, reportados tan s\u00f3lo en los \u00faltimos 4 a\u00f1os, alerta una investigaci\u00f3n\u2026","rel":"","context":"En &quot;CINTILLO&quot;","block_context":{"text":"CINTILLO","link":"https:\/\/www.grieta.org.mx\/index.php\/category\/cintillo\/"},"img":{"alt_text":"","src":"https:\/\/i0.wp.com\/www.grieta.org.mx\/wp-content\/uploads\/2018\/03\/14524434_1106112876131411_958039263622046936_o.jpg?resize=350%2C200&ssl=1","width":350,"height":200,"srcset":"https:\/\/i0.wp.com\/www.grieta.org.mx\/wp-content\/uploads\/2018\/03\/14524434_1106112876131411_958039263622046936_o.jpg?resize=350%2C200&ssl=1 1x, https:\/\/i0.wp.com\/www.grieta.org.mx\/wp-content\/uploads\/2018\/03\/14524434_1106112876131411_958039263622046936_o.jpg?resize=525%2C300&ssl=1 1.5x, https:\/\/i0.wp.com\/www.grieta.org.mx\/wp-content\/uploads\/2018\/03\/14524434_1106112876131411_958039263622046936_o.jpg?resize=700%2C400&ssl=1 2x"},"classes":[]},{"id":4050,"url":"https:\/\/www.grieta.org.mx\/index.php\/2016\/03\/17\/coahuilenses-fueron-desplazados-durante-lucha-contra-delincuencia\/","url_meta":{"origin":28102,"position":3},"title":"Coahuilenses fueron desplazados durante lucha contra delincuencia","author":"grieta","date":"17 marzo, 2016","format":false,"excerpt":"Durante los \u00faltimos a\u00f1os Coahuila y Durango se encontraron entre los 14 estados que sufrieron mayor n\u00famero de desplazamiento de ciudadanos, quienes decidieron dejar sus hogares durante la \"lucha\" de las autoridades de seguridad contra delincuencia organizada. El informe denominado Situaci\u00f3n de los Derechos Humanos en M\u00e9xico, publicado por el\u2026","rel":"","context":"En &quot;CINTILLO&quot;","block_context":{"text":"CINTILLO","link":"https:\/\/www.grieta.org.mx\/index.php\/category\/cintillo\/"},"img":{"alt_text":"","src":"https:\/\/i0.wp.com\/www.grieta.org.mx\/wp-content\/uploads\/2018\/03\/14524434_1106112876131411_958039263622046936_o.jpg?resize=350%2C200&ssl=1","width":350,"height":200,"srcset":"https:\/\/i0.wp.com\/www.grieta.org.mx\/wp-content\/uploads\/2018\/03\/14524434_1106112876131411_958039263622046936_o.jpg?resize=350%2C200&ssl=1 1x, https:\/\/i0.wp.com\/www.grieta.org.mx\/wp-content\/uploads\/2018\/03\/14524434_1106112876131411_958039263622046936_o.jpg?resize=525%2C300&ssl=1 1.5x, https:\/\/i0.wp.com\/www.grieta.org.mx\/wp-content\/uploads\/2018\/03\/14524434_1106112876131411_958039263622046936_o.jpg?resize=700%2C400&ssl=1 2x"},"classes":[]},{"id":23101,"url":"https:\/\/www.grieta.org.mx\/index.php\/2018\/05\/11\/urge-la-cndh-a-tomar-acciones-para-frenar-la-violencia-en-guerrero\/","url_meta":{"origin":28102,"position":4},"title":"Urge la CNDH a tomar \u201cacciones\u201d para frenar la violencia en Guerrero","author":"grieta","date":"11 mayo, 2018","format":false,"excerpt":"Texto: Apro \/ Foto? Archivo El Sur- Jes\u00fas Eduardo Guerrero Ciudad de M\u00e9xico, 11 de mayo de 2018. La Comisi\u00f3n Nacional de los Derechos Humanos (CNDH) hizo este viernes un en\u00e9rgico llamado a los tres niveles de gobierno a fin de aplicar acciones urgentes tendientes a frenar la ola de\u2026","rel":"","context":"En &quot;CINTILLO&quot;","block_context":{"text":"CINTILLO","link":"https:\/\/www.grieta.org.mx\/index.php\/category\/cintillo\/"},"img":{"alt_text":"","src":"https:\/\/i0.wp.com\/www.grieta.org.mx\/wp-content\/uploads\/2018\/05\/03-rr-2.jpg?resize=350%2C200&ssl=1","width":350,"height":200,"srcset":"https:\/\/i0.wp.com\/www.grieta.org.mx\/wp-content\/uploads\/2018\/05\/03-rr-2.jpg?resize=350%2C200&ssl=1 1x, https:\/\/i0.wp.com\/www.grieta.org.mx\/wp-content\/uploads\/2018\/05\/03-rr-2.jpg?resize=525%2C300&ssl=1 1.5x, https:\/\/i0.wp.com\/www.grieta.org.mx\/wp-content\/uploads\/2018\/05\/03-rr-2.jpg?resize=700%2C400&ssl=1 2x, https:\/\/i0.wp.com\/www.grieta.org.mx\/wp-content\/uploads\/2018\/05\/03-rr-2.jpg?resize=1050%2C600&ssl=1 3x, https:\/\/i0.wp.com\/www.grieta.org.mx\/wp-content\/uploads\/2018\/05\/03-rr-2.jpg?resize=1400%2C800&ssl=1 4x"},"classes":[]},{"id":29427,"url":"https:\/\/www.grieta.org.mx\/index.php\/2019\/02\/21\/violencia-en-mexico-causa-mas-de-87-millones-de-desplazados-internos\/","url_meta":{"origin":28102,"position":5},"title":"Violencia en M\u00e9xico causa m\u00e1s de 8,7 millones de desplazados internos","author":"grieta","date":"21 febrero, 2019","format":false,"excerpt":"Spuntnik CIUDAD DE M\u00c9XICO (Sputnik) \u2014 M\u00e1s de 8,7 millones de personas dejaron sus hogares y se desplazaron internamente en busca de protecci\u00f3n ante la violencia entre 2011 y 2017, seg\u00fan dos informes presentados por la Comisi\u00f3n Mexicana de Defensa y Promoci\u00f3n de los Derechos Humanos (CMDPDH). Los datos de\u2026","rel":"","context":"En &quot;CINTILLO&quot;","block_context":{"text":"CINTILLO","link":"https:\/\/www.grieta.org.mx\/index.php\/category\/cintillo\/"},"img":{"alt_text":"","src":"https:\/\/i0.wp.com\/www.grieta.org.mx\/wp-content\/uploads\/2019\/02\/1066442509.jpg?resize=350%2C200&ssl=1","width":350,"height":200,"srcset":"https:\/\/i0.wp.com\/www.grieta.org.mx\/wp-content\/uploads\/2019\/02\/1066442509.jpg?resize=350%2C200&ssl=1 1x, https:\/\/i0.wp.com\/www.grieta.org.mx\/wp-content\/uploads\/2019\/02\/1066442509.jpg?resize=525%2C300&ssl=1 1.5x, https:\/\/i0.wp.com\/www.grieta.org.mx\/wp-content\/uploads\/2019\/02\/1066442509.jpg?resize=700%2C400&ssl=1 2x"},"classes":[]}],"_links":{"self":[{"href":"https:\/\/www.grieta.org.mx\/index.php\/wp-json\/wp\/v2\/posts\/28102","targetHints":{"allow":["GET"]}}],"collection":[{"href":"https:\/\/www.grieta.org.mx\/index.php\/wp-json\/wp\/v2\/posts"}],"about":[{"href":"https:\/\/www.grieta.org.mx\/index.php\/wp-json\/wp\/v2\/types\/post"}],"author":[{"embeddable":true,"href":"https:\/\/www.grieta.org.mx\/index.php\/wp-json\/wp\/v2\/users\/2"}],"replies":[{"embeddable":true,"href":"https:\/\/www.grieta.org.mx\/index.php\/wp-json\/wp\/v2\/comments?post=28102"}],"version-history":[{"count":1,"href":"https:\/\/www.grieta.org.mx\/index.php\/wp-json\/wp\/v2\/posts\/28102\/revisions"}],"predecessor-version":[{"id":28117,"href":"https:\/\/www.grieta.org.mx\/index.php\/wp-json\/wp\/v2\/posts\/28102\/revisions\/28117"}],"wp:featuredmedia":[{"embeddable":true,"href":"https:\/\/www.grieta.org.mx\/index.php\/wp-json\/wp\/v2\/media\/28106"}],"wp:attachment":[{"href":"https:\/\/www.grieta.org.mx\/index.php\/wp-json\/wp\/v2\/media?parent=28102"}],"wp:term":[{"taxonomy":"category","embeddable":true,"href":"https:\/\/www.grieta.org.mx\/index.php\/wp-json\/wp\/v2\/categories?post=28102"},{"taxonomy":"post_tag","embeddable":true,"href":"https:\/\/www.grieta.org.mx\/index.php\/wp-json\/wp\/v2\/tags?post=28102"}],"curies":[{"name":"wp","href":"https:\/\/api.w.org\/{rel}","templated":true}]}}