{"id":27938,"date":"2018-12-20T00:47:14","date_gmt":"2018-12-20T06:47:14","guid":{"rendered":"http:\/\/www.grieta.org.mx\/?p=27938"},"modified":"2018-12-20T00:48:43","modified_gmt":"2018-12-20T06:48:43","slug":"comuneros-advierten-que-resistiran-a-la-apropiacion-ilegal-de-sus-tierras-denuncian-intereses-de-gobierno-del-estado-san-luis-potosi","status":"publish","type":"post","link":"https:\/\/www.grieta.org.mx\/index.php\/2018\/12\/20\/comuneros-advierten-que-resistiran-a-la-apropiacion-ilegal-de-sus-tierras-denuncian-intereses-de-gobierno-del-estado-san-luis-potosi\/","title":{"rendered":"Comuneros advierten que resistir\u00e1n a la apropiaci\u00f3n ilegal de sus tierras; denuncian intereses de Gobierno del Estado (San Luis Potos\u00ed)"},"content":{"rendered":"<p><img loading=\"lazy\" decoding=\"async\" data-attachment-id=\"27939\" data-permalink=\"https:\/\/www.grieta.org.mx\/index.php\/2018\/12\/20\/comuneros-advierten-que-resistiran-a-la-apropiacion-ilegal-de-sus-tierras-denuncian-intereses-de-gobierno-del-estado-san-luis-potosi\/comuneros-advierten-que-resistiran-a-la-apropiacion-ilegal-de-sus-tierras-denuncian-intereses-de-gobierno-del-estado\/\" data-orig-file=\"https:\/\/www.grieta.org.mx\/wp-content\/uploads\/2018\/12\/Comuneros-advierten-que-resistir\u00e1n-a-la-apropiaci\u00f3n-ilegal-de-sus-tierras-denuncian-intereses-de-Gobierno-del-Estado.jpeg\" data-orig-size=\"1280,960\" data-comments-opened=\"0\" data-image-meta=\"{&quot;aperture&quot;:&quot;0&quot;,&quot;credit&quot;:&quot;&quot;,&quot;camera&quot;:&quot;&quot;,&quot;caption&quot;:&quot;&quot;,&quot;created_timestamp&quot;:&quot;0&quot;,&quot;copyright&quot;:&quot;&quot;,&quot;focal_length&quot;:&quot;0&quot;,&quot;iso&quot;:&quot;0&quot;,&quot;shutter_speed&quot;:&quot;0&quot;,&quot;title&quot;:&quot;&quot;,&quot;orientation&quot;:&quot;0&quot;}\" data-image-title=\"Comuneros advierten que resistir\u00e1n a la apropiaci\u00f3n ilegal de sus tierras; denuncian intereses de Gobierno del Estado\" data-image-description=\"\" data-image-caption=\"\" data-medium-file=\"https:\/\/www.grieta.org.mx\/wp-content\/uploads\/2018\/12\/Comuneros-advierten-que-resistir\u00e1n-a-la-apropiaci\u00f3n-ilegal-de-sus-tierras-denuncian-intereses-de-Gobierno-del-Estado-300x225.jpeg\" data-large-file=\"https:\/\/www.grieta.org.mx\/wp-content\/uploads\/2018\/12\/Comuneros-advierten-que-resistir\u00e1n-a-la-apropiaci\u00f3n-ilegal-de-sus-tierras-denuncian-intereses-de-Gobierno-del-Estado-1024x768.jpeg\" class=\"aligncenter  wp-image-27939\" src=\"http:\/\/www.grieta.org.mx\/wp-content\/uploads\/2018\/12\/Comuneros-advierten-que-resistir\u00e1n-a-la-apropiaci\u00f3n-ilegal-de-sus-tierras-denuncian-intereses-de-Gobierno-del-Estado-1024x768.jpeg\" alt=\"\" width=\"616\" height=\"462\" srcset=\"https:\/\/www.grieta.org.mx\/wp-content\/uploads\/2018\/12\/Comuneros-advierten-que-resistir\u00e1n-a-la-apropiaci\u00f3n-ilegal-de-sus-tierras-denuncian-intereses-de-Gobierno-del-Estado-1024x768.jpeg 1024w, https:\/\/www.grieta.org.mx\/wp-content\/uploads\/2018\/12\/Comuneros-advierten-que-resistir\u00e1n-a-la-apropiaci\u00f3n-ilegal-de-sus-tierras-denuncian-intereses-de-Gobierno-del-Estado-300x225.jpeg 300w, https:\/\/www.grieta.org.mx\/wp-content\/uploads\/2018\/12\/Comuneros-advierten-que-resistir\u00e1n-a-la-apropiaci\u00f3n-ilegal-de-sus-tierras-denuncian-intereses-de-Gobierno-del-Estado-768x576.jpeg 768w, https:\/\/www.grieta.org.mx\/wp-content\/uploads\/2018\/12\/Comuneros-advierten-que-resistir\u00e1n-a-la-apropiaci\u00f3n-ilegal-de-sus-tierras-denuncian-intereses-de-Gobierno-del-Estado-667x500.jpeg 667w, https:\/\/www.grieta.org.mx\/wp-content\/uploads\/2018\/12\/Comuneros-advierten-que-resistir\u00e1n-a-la-apropiaci\u00f3n-ilegal-de-sus-tierras-denuncian-intereses-de-Gobierno-del-Estado.jpeg 1280w\" sizes=\"auto, (max-width: 616px) 100vw, 616px\" \/><\/p>\n<p>Leticia Vaca \/ Astrolabio<\/p>\n<p>Comuneros de los ejidos de La Pila, San Juan de Guadalupe y el ejido Rodrigo, se dieron cita en la Procuradur\u00eda Agraria para exigir que se les d\u00e9 un informe del porqu\u00e9 esta dependencia se neg\u00f3 a dar opini\u00f3n en el conflicto de la entrega de tierras a los desarrolladores que, seg\u00fan dijeron, de manera ilegal pretenden formalizar el pr\u00f3ximo 23 de diciembre, mediante una asamblea.<\/p>\n<p>\u201cDe acuerdo a lo que la misma Procuradur\u00eda nos inform\u00f3 est\u00e1s inmobiliarias no cumplieron con los requisitos que era un objetivo de privatizar m\u00e1s de 2 mil hect\u00e1reas de la Sierra de San Miguelito y al parecer, afortunadamente, la Procuradur\u00eda no les otorg\u00f3 la opini\u00f3n que ellos necesitaban para llevar a cabo el d\u00eda 23 de diciembre de este a\u00f1o (\u2026) no hay un aval\u00fao, est\u00e1 mal integrado el expediente, no cuenta con los elementos jur\u00eddicos y t\u00e9cnicos; lo m\u00e1s importante no tienen el permiso de uso de suelo\u201d, asegur\u00f3 Carlos Covarrubias Rend\u00f3n, uno de los asesores de los comuneros.<\/p>\n<p>Agreg\u00f3 que los Comisarios Ejidales, coludidos con Gobierno del Estado y las \u201cviejas autoridades\u201d quieren entregar las tierras a los desarrolladores sin mediar una opini\u00f3n t\u00e9cnica; de los 330 comuneros solo 50 est\u00e1n a favor a quienes \u201cles ofrecieron 5 mil pesos por voto para que aprobar\u00e1n la entrega de las tierras, \u00bfde d\u00f3nde sali\u00f3 ese dinero? (\u2026) les prometieron 65 mil pesos para que aceptaran (\u2026) les quieren pagar a 5 pesos el metro cuadrado\u201d.<\/p>\n<p>Otro de los puntos a tratar es el conflicto en el ejido La Pila, del cual inform\u00f3 que tuvo una certificaci\u00f3n irregular hace algunas semanas (el 18 de noviembre), con la intervenci\u00f3n del entonces delegado Felipe Aurelio Torres, del cual se pretende que m\u00e1s de 6 mil hect\u00e1reas sean incorporadas a proyectos inmobiliarios e industriales.<\/p>\n<p>\u201cHay una gran cantidad de ejidatarios que no est\u00e1n de acuerdo y no se les ha entregado informaci\u00f3n, sin embargo, hay una estrategia de resistencia muy importante, por eso el d\u00eda de hoy venimos por informaci\u00f3n\u201d.<\/p>\n<p>Otro tema importante es el tema del despojo de la se\u00f1ora Florina, en el ejido San Jos\u00e9 de Buena Vista, en el que la Secretar\u00eda de Comunicaciones y Transportes asegur\u00f3 que ellos no autorizaron la ocupaci\u00f3n, ni el Tribunal Agrario dio autorizaci\u00f3n \u201d se est\u00e1 utilizando la fuerza p\u00fablica, un desplegado para tratar de destrabar el problema para que pueda funcionar el libramiento y los Tribunales deben resolver\u201d.<\/p>\n<p>En el caso del ejido Rodrigo, advirti\u00f3 que es un asunto que le da muchos nervios al secretario general de Gobierno, Alejandro Leal Tov\u00edas, porque hay muchos intereses del Estado, \u201ces un negociazo de ventas que se est\u00e1n haciendo de un terreno en conflicto y que no tienen el dominio pleno, siguen siendo tierras ejidales y se siguen vendiendo lotes por cantidades millonarias\u201d.<\/p>\n<p>Finalmente, Covarrubias Rend\u00f3n dijo que esperan que con los nuevos delegados se logre dar una soluci\u00f3n, asimismo pedir\u00e1n al alcalde Xavier Nava Palacios que no autorice el permiso de uso de suelo en estas \u00e1reas. \u201cVamos a pedirle al Gobierno del Estado que no intervenga con el uso de la fuerza p\u00fablica y vamos a pedir observaci\u00f3n de la Comisi\u00f3n Estatal de Derechos Humanos, es un desacato, tr\u00e1fico de tierras, est\u00e1n incurriendo en un il\u00edcito, tanto los comisarios ejidales como los empresarios\u201d.<\/p>\n<p><a href=\"http:\/\/www.astrolabio.com.mx\/comuneros-advierten-que-resistiran-a-la-apropiacion-ilegal-de-sus-tierras-denuncian-intereses-de-gobierno-del-estado\/\" target=\"_blank\" rel=\"noopener\">http:\/\/www.astrolabio.com.mx\/comuneros-advierten-que-resistiran-a-la-apropiacion-ilegal-de-sus-tierras-denuncian-intereses-de-gobierno-del-estado\/<\/a><\/p>\n","protected":false},"excerpt":{"rendered":"<p>Leticia Vaca \/ Astrolabio Comuneros de los ejidos de La Pila, San Juan de Guadalupe y el ejido Rodrigo, se dieron cita en la Procuradur\u00eda Agraria para exigir que se &hellip; <a href=\"https:\/\/www.grieta.org.mx\/index.php\/2018\/12\/20\/comuneros-advierten-que-resistiran-a-la-apropiacion-ilegal-de-sus-tierras-denuncian-intereses-de-gobierno-del-estado-san-luis-potosi\/\" class=\"more-link\">Leer m\u00e1s<\/a><\/p>\n","protected":false},"author":2,"featured_media":27939,"comment_status":"closed","ping_status":"closed","sticky":false,"template":"","format":"standard","meta":{"ngg_post_thumbnail":0,"_jetpack_newsletter_access":"","_jetpack_dont_email_post_to_subs":false,"_jetpack_newsletter_tier_id":0,"_jetpack_memberships_contains_paywalled_content":false,"_jetpack_memberships_contains_paid_content":false,"footnotes":""},"categories":[80,1608,1278,1530,2,29,83],"tags":[136,1210,184,1907,1904,1905,1903,1906],"class_list":["post-27938","post","type-post","status-publish","format-standard","has-post-thumbnail","hentry","category-cintillo","category-conflictos-por-el-territorio-en-san-luis-potosi","category-despojo-de-tierras-y-territorios","category-despojo-en-san-luis-potosi","category-noticias-nacionales","category-san-luis-potosi","category-temas-nacionales","tag-comuneros","tag-conflictos-por-desarrollos-inmobiliarios","tag-despojo","tag-ejido-rodrigo","tag-inmobiliaria","tag-la-pila","tag-procuraduria-agraria","tag-san-juan-de-guadalupe","entry"],"jetpack_featured_media_url":"https:\/\/www.grieta.org.mx\/wp-content\/uploads\/2018\/12\/Comuneros-advierten-que-resistir\u00e1n-a-la-apropiaci\u00f3n-ilegal-de-sus-tierras-denuncian-intereses-de-Gobierno-del-Estado.jpeg","jetpack_sharing_enabled":true,"jetpack_shortlink":"https:\/\/wp.me\/p7ZJR4-7gC","jetpack_likes_enabled":false,"jetpack-related-posts":[{"id":31669,"url":"https:\/\/www.grieta.org.mx\/index.php\/2019\/04\/01\/no-cesa-el-conflicto-de-san-juan-de-guadalupe-san-luis-potosi\/","url_meta":{"origin":27938,"position":0},"title":"No cesa el conflicto de San Juan de Guadalupe (San Luis Potos\u00ed)","author":"grieta","date":"1 abril, 2019","format":false,"excerpt":"El Heraldo de San Luis Potos\u00ed El grupo que pretende hacer una aportaci\u00f3n a los desarrolladores inmobiliarios no han cumplido con los reglamentos y normas legales para poder entregar las tierras: Aniceto Jasso Bravo Aniceto Jasso Bravo, comunero del n\u00facleo agrario de San Juan de Guadalupe, afirm\u00f3 que el grupo\u2026","rel":"","context":"En &quot;CINTILLO&quot;","block_context":{"text":"CINTILLO","link":"https:\/\/www.grieta.org.mx\/index.php\/category\/cintillo\/"},"img":{"alt_text":"","src":"https:\/\/i0.wp.com\/www.grieta.org.mx\/wp-content\/uploads\/2019\/04\/No-cesa-el-conflicto-de-San-Juan-de-Guadalupe-slp-abr-268x300.jpg?resize=350%2C200","width":350,"height":200},"classes":[]},{"id":30565,"url":"https:\/\/www.grieta.org.mx\/index.php\/2019\/02\/27\/comuneros-denuncian-a-empresarios-por-supuesto-desalojo-de-tierras-san-luis-potosi\/","url_meta":{"origin":27938,"position":1},"title":"Comuneros denuncian a empresarios por supuesto desalojo de tierras (San Luis Potos\u00ed)","author":"grieta","date":"27 febrero, 2019","format":false,"excerpt":"Antena San Luis Hoy por la ma\u00f1ana se pod\u00eda leer en una p\u00e1gina de Facebook denominada \u201cComunidad de San Juan de Guadalupe en Resistencia\u201d una publicaci\u00f3n en la que denuncian que comuneros de Mexquitic fueron desalojados de su propia tierra, situaci\u00f3n que se\u00f1alaron no tolerar\u00e1n y defender\u00e1n \u201ccon la vida\u201d.\u2026","rel":"","context":"En &quot;CINTILLO&quot;","block_context":{"text":"CINTILLO","link":"https:\/\/www.grieta.org.mx\/index.php\/category\/cintillo\/"},"img":{"alt_text":"","src":"https:\/\/i0.wp.com\/www.grieta.org.mx\/wp-content\/uploads\/2019\/03\/Comuneros-denuncian-a-empresarios-por-supuesto-desalojo-de-tierras-slp-mzo.jpeg?resize=350%2C200&ssl=1","width":350,"height":200,"srcset":"https:\/\/i0.wp.com\/www.grieta.org.mx\/wp-content\/uploads\/2019\/03\/Comuneros-denuncian-a-empresarios-por-supuesto-desalojo-de-tierras-slp-mzo.jpeg?resize=350%2C200&ssl=1 1x, https:\/\/i0.wp.com\/www.grieta.org.mx\/wp-content\/uploads\/2019\/03\/Comuneros-denuncian-a-empresarios-por-supuesto-desalojo-de-tierras-slp-mzo.jpeg?resize=525%2C300&ssl=1 1.5x, https:\/\/i0.wp.com\/www.grieta.org.mx\/wp-content\/uploads\/2019\/03\/Comuneros-denuncian-a-empresarios-por-supuesto-desalojo-de-tierras-slp-mzo.jpeg?resize=700%2C400&ssl=1 2x"},"classes":[]},{"id":43204,"url":"https:\/\/www.grieta.org.mx\/index.php\/2020\/01\/14\/se-manifestaran-comuneros-de-san-juan-de-guadalupe-san-luis-potosi\/","url_meta":{"origin":27938,"position":2},"title":"Se manifestar\u00e1n comuneros de San Juan de Guadalupe (San Luis Potos\u00ed)","author":"grieta","date":"14 enero, 2020","format":false,"excerpt":"Lo que se plantea es un despojo de tierras, y no lo vamos a permitir: Comisariado Emanuel Landeros\/El Sol de San Luis 14 enero 2020 La Comunidad de San Juan de Guadalupe no est\u00e1 de acuerdo con las decisiones del Ayuntamiento de San Luis Potos\u00ed, por lo que se manifestar\u00e1\u2026","rel":"","context":"En &quot;CINTILLO&quot;","block_context":{"text":"CINTILLO","link":"https:\/\/www.grieta.org.mx\/index.php\/category\/cintillo\/"},"img":{"alt_text":"","src":"https:\/\/i0.wp.com\/www.grieta.org.mx\/wp-content\/uploads\/2020\/01\/poblado-de-La-Rivera-comuneros-ejidatarios-ejido.jpg?resize=350%2C200&ssl=1","width":350,"height":200,"srcset":"https:\/\/i0.wp.com\/www.grieta.org.mx\/wp-content\/uploads\/2020\/01\/poblado-de-La-Rivera-comuneros-ejidatarios-ejido.jpg?resize=350%2C200&ssl=1 1x, https:\/\/i0.wp.com\/www.grieta.org.mx\/wp-content\/uploads\/2020\/01\/poblado-de-La-Rivera-comuneros-ejidatarios-ejido.jpg?resize=525%2C300&ssl=1 1.5x, https:\/\/i0.wp.com\/www.grieta.org.mx\/wp-content\/uploads\/2020\/01\/poblado-de-La-Rivera-comuneros-ejidatarios-ejido.jpg?resize=700%2C400&ssl=1 2x"},"classes":[]},{"id":27016,"url":"https:\/\/www.grieta.org.mx\/index.php\/2018\/10\/05\/fraccionadores-intentan-invadir-nuestras-tierras-denuncian-ejidatarios-san-luis-potosi\/","url_meta":{"origin":27938,"position":3},"title":"Fraccionadores intentan invadir nuestras tierras, denuncian ejidatarios (San Luis Potos\u00ed)","author":"grieta","date":"5 octubre, 2018","format":false,"excerpt":"Leticia Vaca \/ Astrolabio Durante sesi\u00f3n ordinaria del Congreso del Estado, comuneros de los ejidos de Valle de San Juan de Guadalupe, San Luis Potos\u00ed, Guadalupe Victoria, Mexquitic, ejido Rodrigo, Villa de Reyes, comunidad Vicente Guerrero de Charcas, Garita de Jalisco y Cerro de San Pedro, se manifestaron en el\u2026","rel":"","context":"En &quot;CINTILLO&quot;","block_context":{"text":"CINTILLO","link":"https:\/\/www.grieta.org.mx\/index.php\/category\/cintillo\/"},"img":{"alt_text":"","src":"https:\/\/i0.wp.com\/www.grieta.org.mx\/wp-content\/uploads\/2018\/10\/Fraccionadores-intentan-invadir-nuestras-tierras-denuncian-ejidatarios.jpeg?resize=350%2C200&ssl=1","width":350,"height":200,"srcset":"https:\/\/i0.wp.com\/www.grieta.org.mx\/wp-content\/uploads\/2018\/10\/Fraccionadores-intentan-invadir-nuestras-tierras-denuncian-ejidatarios.jpeg?resize=350%2C200&ssl=1 1x, https:\/\/i0.wp.com\/www.grieta.org.mx\/wp-content\/uploads\/2018\/10\/Fraccionadores-intentan-invadir-nuestras-tierras-denuncian-ejidatarios.jpeg?resize=525%2C300&ssl=1 1.5x, https:\/\/i0.wp.com\/www.grieta.org.mx\/wp-content\/uploads\/2018\/10\/Fraccionadores-intentan-invadir-nuestras-tierras-denuncian-ejidatarios.jpeg?resize=700%2C400&ssl=1 2x, https:\/\/i0.wp.com\/www.grieta.org.mx\/wp-content\/uploads\/2018\/10\/Fraccionadores-intentan-invadir-nuestras-tierras-denuncian-ejidatarios.jpeg?resize=1050%2C600&ssl=1 3x"},"classes":[]},{"id":33109,"url":"https:\/\/www.grieta.org.mx\/index.php\/2019\/05\/06\/en-noviembre-de-2018-se-realizo-en-la-pila-una-asamblea-para-legitimar-el-despojo-san-luis-potosi\/","url_meta":{"origin":27938,"position":4},"title":"En noviembre de 2018 se realiz\u00f3 en La Pila una asamblea para legitimar el despojo (San Luis Potos\u00ed)","author":"grieta","date":"6 mayo, 2019","format":false,"excerpt":"El Heraldo de San Luis Potos\u00ed Polic\u00edas por aire y tierra trataron de intimidar a ejidatarios, acusan. Adem\u00e1s de la Comunidad de San Juan de Guadalupe, del Ejido Escalerillas y de la Comunidad de San Jos\u00e9 de Buenavista, el Ejido La Pila es uno de los objetivos prioritarios para los\u2026","rel":"","context":"En &quot;CINTILLO&quot;","block_context":{"text":"CINTILLO","link":"https:\/\/www.grieta.org.mx\/index.php\/category\/cintillo\/"},"img":{"alt_text":"","src":"https:\/\/i0.wp.com\/www.grieta.org.mx\/wp-content\/uploads\/2019\/05\/En-noviembre-de-2018-se-realiz%C3%B3-en-La-Pila-una-asamblea-para-legitimar-el-despojo-slp-may.jpg?resize=350%2C200","width":350,"height":200},"classes":[]},{"id":28630,"url":"https:\/\/www.grieta.org.mx\/index.php\/2019\/01\/28\/comuneros-se-preparan-para-evitar-el-despojo-de-sus-tierras-san-luis-potosi\/","url_meta":{"origin":27938,"position":5},"title":"Comuneros se preparan para evitar el despojo de sus tierras (San Luis Potos\u00ed)","author":"grieta","date":"28 enero, 2019","format":false,"excerpt":"Patricia Azuara \/ elsoldesanluis La compra ilegal y muy por debajo de su costo real, es el mayor problema al que se enfrentan decenas de ejidatarios Reunidos en el Anexo las Cruces y Carmona de la Comunidad de Suspiro Picacho, comuneros acordaron prep\u00e1rese para evitar acciones de despojo del territorio;\u2026","rel":"","context":"En &quot;CINTILLO&quot;","block_context":{"text":"CINTILLO","link":"https:\/\/www.grieta.org.mx\/index.php\/category\/cintillo\/"},"img":{"alt_text":"","src":"https:\/\/i0.wp.com\/www.grieta.org.mx\/wp-content\/uploads\/2019\/01\/Comuneros-se-preparan-para-evitar-el-despojo-de-sus-tierras.jpeg?resize=350%2C200&ssl=1","width":350,"height":200,"srcset":"https:\/\/i0.wp.com\/www.grieta.org.mx\/wp-content\/uploads\/2019\/01\/Comuneros-se-preparan-para-evitar-el-despojo-de-sus-tierras.jpeg?resize=350%2C200&ssl=1 1x, https:\/\/i0.wp.com\/www.grieta.org.mx\/wp-content\/uploads\/2019\/01\/Comuneros-se-preparan-para-evitar-el-despojo-de-sus-tierras.jpeg?resize=525%2C300&ssl=1 1.5x, https:\/\/i0.wp.com\/www.grieta.org.mx\/wp-content\/uploads\/2019\/01\/Comuneros-se-preparan-para-evitar-el-despojo-de-sus-tierras.jpeg?resize=700%2C400&ssl=1 2x"},"classes":[]}],"_links":{"self":[{"href":"https:\/\/www.grieta.org.mx\/index.php\/wp-json\/wp\/v2\/posts\/27938","targetHints":{"allow":["GET"]}}],"collection":[{"href":"https:\/\/www.grieta.org.mx\/index.php\/wp-json\/wp\/v2\/posts"}],"about":[{"href":"https:\/\/www.grieta.org.mx\/index.php\/wp-json\/wp\/v2\/types\/post"}],"author":[{"embeddable":true,"href":"https:\/\/www.grieta.org.mx\/index.php\/wp-json\/wp\/v2\/users\/2"}],"replies":[{"embeddable":true,"href":"https:\/\/www.grieta.org.mx\/index.php\/wp-json\/wp\/v2\/comments?post=27938"}],"version-history":[{"count":1,"href":"https:\/\/www.grieta.org.mx\/index.php\/wp-json\/wp\/v2\/posts\/27938\/revisions"}],"predecessor-version":[{"id":27941,"href":"https:\/\/www.grieta.org.mx\/index.php\/wp-json\/wp\/v2\/posts\/27938\/revisions\/27941"}],"wp:featuredmedia":[{"embeddable":true,"href":"https:\/\/www.grieta.org.mx\/index.php\/wp-json\/wp\/v2\/media\/27939"}],"wp:attachment":[{"href":"https:\/\/www.grieta.org.mx\/index.php\/wp-json\/wp\/v2\/media?parent=27938"}],"wp:term":[{"taxonomy":"category","embeddable":true,"href":"https:\/\/www.grieta.org.mx\/index.php\/wp-json\/wp\/v2\/categories?post=27938"},{"taxonomy":"post_tag","embeddable":true,"href":"https:\/\/www.grieta.org.mx\/index.php\/wp-json\/wp\/v2\/tags?post=27938"}],"curies":[{"name":"wp","href":"https:\/\/api.w.org\/{rel}","templated":true}]}}