{"id":2789,"date":"2016-03-08T15:51:05","date_gmt":"2016-03-08T15:51:05","guid":{"rendered":"http:\/\/50.22.11.12\/~grietaor\/?p=2789"},"modified":"2016-04-23T18:21:45","modified_gmt":"2016-04-23T18:21:45","slug":"termoelectrica-dejo-de-usar-gas-natural-y-vuelve-al-contaminante-combustoleo","status":"publish","type":"post","link":"https:\/\/www.grieta.org.mx\/index.php\/2016\/03\/08\/termoelectrica-dejo-de-usar-gas-natural-y-vuelve-al-contaminante-combustoleo\/","title":{"rendered":"Termoel\u00e9ctrica dej\u00f3 de usar gas natural y vuelve al contaminante combust\u00f3leo"},"content":{"rendered":"<p>Edgar Cazares<\/p>\n<p>Manzanillo.- En la administraci\u00f3n del entonces presidente Felipe Calder\u00f3n Hinojosa, uno de los principales argumentos para la instalaci\u00f3n de la planta regasificadora en el puerto de Manzanillo fue que esto permitir\u00eda que la Termoel\u00e9ctrica migrara de combust\u00f3leo a gas natural y as\u00ed se eliminar\u00eda la contaminaci\u00f3n en el puerto, pero esto ya qued\u00f3 en el pasado y en letra muerta.<\/p>\n<p>Y es que los altos precios del gas natural licuado han obligado a que la Comisi\u00f3n Federal de Electricidad (CFE) deje de usar el gas natural y vuelva al contaminante combust\u00f3leo.<\/p>\n<p>En entrevista con AFmedios el secretario de Fomento Econ\u00f3mico de Gobierno del Estado, Carlos Dom\u00ednguez Ahedo, explic\u00f3 que la compra y traslado de gas hacia dicho complejo ha planteado muchas dificultades entre ellas su costo excesivo.<\/p>\n<p>Inform\u00f3 que el precio del gas en el pac\u00edfico mexicano ronda los 20 d\u00f3lares por Unidades T\u00e9rmicas Brit\u00e1nicas (BTU por sus siglas en ingl\u00e9s); esta puede ser tra\u00edda por buque aunque su precio es un tanto inaccesible seg\u00fan las autoridades; otra forma es acceder al suministro es recurriendo al mercado en el norte del pa\u00eds, donde el precio del gas ronda los 4 d\u00f3lares pero la inexistencia de un gasoducto hace imposible aspirar a dicha opci\u00f3n.<\/p>\n<p>Mientras tanto la mancha contaminante que sale de la termoel\u00e9ctrica ubicada en la comunidad de Campos ha vuelto a ser una postal permanente del puerto colimense, debido a que dicho complejo volvi\u00f3 al combust\u00f3leo en lugar de gas natural, cuyo manejo hab\u00eda reflejado en a\u00f1os recientes una reducci\u00f3n dr\u00e1stica de las emisiones contaminantes.<\/p>\n<p>Dominguez Ahedo se\u00f1al\u00f3 que la correcci\u00f3n de este asunto corresponde a la Comisi\u00f3n Federal de Electricidad (CFE) por lo que buscar\u00e1 un acercamiento con la paraestatal para analizar opciones, buscando no s\u00f3lo resolver el aspecto energ\u00e9tico sino de evitar el impacto ecol\u00f3gico que esta dificultad ha provocado aparentemente sobre la zona.<\/p>\n<p>Dijo que que un punto de avance es que la planta ya tiene el mecanismo \u2013a trav\u00e9s de un mecanismo de repotencializaci\u00f3n- para disminuir los \u00edndices de emisiones contaminantes, para lo cual en su momento la federaci\u00f3n destin\u00f3 fuertes inversiones.<\/p>\n<p>En agosto del 2013, las autoridades federales inauguraron la primera etapa de la repotencializaci\u00f3n de la termoel\u00e9ctrica de Manzanillo lo que supon\u00eda que este complejo dejara de usar combust\u00f3leo para operar y por ende reducir las emisiones contaminantes.<\/p>\n<p>En ese mismo proyecto se contempl\u00f3 la habilitaci\u00f3n de seis hornos, de los cuales tres usar\u00e1n gas natural para la generaci\u00f3n de energ\u00eda, mediante ciclo combinado, obra que implic\u00f3 una inversi\u00f3n de 982 millones de d\u00f3lares.<\/p>\n<p><a href=\"http:\/\/www.afmedios.com\/2016\/03\/termoelectrica-dejo-de-usar-gas-natural-y-vuelve-al-contaminante-combustoleo\/\" target=\"_blank\">http:\/\/www.afmedios.com\/2016\/03\/termoelectrica-dejo-de-usar-gas-natural-y-vuelve-al-contaminante-combustoleo\/<\/a><\/p>\n","protected":false},"excerpt":{"rendered":"<p>Edgar Cazares Manzanillo.- En la administraci\u00f3n del entonces presidente Felipe Calder\u00f3n Hinojosa, uno de los principales argumentos para la instalaci\u00f3n de la planta regasificadora en el puerto de Manzanillo fue &hellip; <a href=\"https:\/\/www.grieta.org.mx\/index.php\/2016\/03\/08\/termoelectrica-dejo-de-usar-gas-natural-y-vuelve-al-contaminante-combustoleo\/\" class=\"more-link\">Leer m\u00e1s<\/a><\/p>\n","protected":false},"author":2,"featured_media":21928,"comment_status":"closed","ping_status":"open","sticky":false,"template":"","format":"standard","meta":{"ngg_post_thumbnail":0,"_jetpack_newsletter_access":"","_jetpack_dont_email_post_to_subs":false,"_jetpack_newsletter_tier_id":0,"_jetpack_memberships_contains_paywalled_content":false,"_jetpack_memberships_contains_paid_content":false,"footnotes":""},"categories":[80,108],"tags":[154,91,280],"class_list":["post-2789","post","type-post","status-publish","format-standard","has-post-thumbnail","hentry","category-cintillo","category-colima","tag-areas-naturales-protegidas","tag-contaminacion-ambiental","tag-proyecto-puerto-cuyutlan","entry"],"jetpack_featured_media_url":"https:\/\/www.grieta.org.mx\/wp-content\/uploads\/2018\/03\/14524434_1106112876131411_958039263622046936_o.jpg","jetpack_sharing_enabled":true,"jetpack_shortlink":"https:\/\/wp.me\/p7ZJR4-IZ","jetpack_likes_enabled":false,"jetpack-related-posts":[{"id":2028,"url":"https:\/\/www.grieta.org.mx\/index.php\/2016\/07\/01\/2028\/","url_meta":{"origin":2789,"position":0},"title":"Proyecto Puerto de Cuyutl\u00e1n","author":"grieta","date":"1 julio, 2016","format":false,"excerpt":"01\/07\/16. Colima prepara una ampliaci\u00f3n en el puerto de Manzanillo para 2020Obras Web 30\/06\/16. Industria automotriz y Gobierno de Colima insisten en Cuyutl\u00e1nRevista T21 08\/03\/16. Termoel\u00e9ctrica dej\u00f3 de usar gas natural y vuelve al contaminante combust\u00f3leoAF Medios 03\/01\/16. Crecimiento del Puerto de Manzanillo debe ser hacia Cuyutl\u00e1n Manzanillo News 28\/07\/14.\u2026","rel":"","context":"En &quot;\u00c1reas naturales protegidas&quot;","block_context":{"text":"\u00c1reas naturales protegidas","link":"https:\/\/www.grieta.org.mx\/index.php\/category\/megaproyectos\/areas-naturales-protegidas\/"},"img":{"alt_text":"","src":"https:\/\/i0.wp.com\/www.grieta.org.mx\/wp-content\/uploads\/2018\/03\/14524434_1106112876131411_958039263622046936_o.jpg?resize=350%2C200&ssl=1","width":350,"height":200,"srcset":"https:\/\/i0.wp.com\/www.grieta.org.mx\/wp-content\/uploads\/2018\/03\/14524434_1106112876131411_958039263622046936_o.jpg?resize=350%2C200&ssl=1 1x, https:\/\/i0.wp.com\/www.grieta.org.mx\/wp-content\/uploads\/2018\/03\/14524434_1106112876131411_958039263622046936_o.jpg?resize=525%2C300&ssl=1 1.5x, https:\/\/i0.wp.com\/www.grieta.org.mx\/wp-content\/uploads\/2018\/03\/14524434_1106112876131411_958039263622046936_o.jpg?resize=700%2C400&ssl=1 2x"},"classes":[]},{"id":19264,"url":"https:\/\/www.grieta.org.mx\/index.php\/2016\/08\/04\/fuga-de-hidrocarburo-en-manzanillo-en-instalaciones-de-ferromex\/","url_meta":{"origin":2789,"position":1},"title":"Fuga de hidrocarburo en Manzanillo, en instalaciones de Ferromex","author":"grieta","date":"4 agosto, 2016","format":false,"excerpt":"Notimex El derrame de hidrocarburo en el puerto de Manzanillo tuvo su origen en instalaciones de Ferrocarril Mexicano (Ferromex), asegur\u00f3 la Comisi\u00f3n Federal de Electricidad (CFE). \u201cSe tiene registro de que la falla en la infraestructura que transporta combust\u00f3leo ocurri\u00f3 en las instalaciones de Ferromex, en un \u00e1rea cercana a\u2026","rel":"","context":"En &quot;CINTILLO&quot;","block_context":{"text":"CINTILLO","link":"https:\/\/www.grieta.org.mx\/index.php\/category\/cintillo\/"},"img":{"alt_text":"","src":"https:\/\/i0.wp.com\/www.grieta.org.mx\/wp-content\/uploads\/2018\/03\/14524434_1106112876131411_958039263622046936_o.jpg?resize=350%2C200&ssl=1","width":350,"height":200,"srcset":"https:\/\/i0.wp.com\/www.grieta.org.mx\/wp-content\/uploads\/2018\/03\/14524434_1106112876131411_958039263622046936_o.jpg?resize=350%2C200&ssl=1 1x, https:\/\/i0.wp.com\/www.grieta.org.mx\/wp-content\/uploads\/2018\/03\/14524434_1106112876131411_958039263622046936_o.jpg?resize=525%2C300&ssl=1 1.5x, https:\/\/i0.wp.com\/www.grieta.org.mx\/wp-content\/uploads\/2018\/03\/14524434_1106112876131411_958039263622046936_o.jpg?resize=700%2C400&ssl=1 2x"},"classes":[]},{"id":7013,"url":"https:\/\/www.grieta.org.mx\/index.php\/2015\/10\/14\/construiran-dos-termoelectricas-en-sinaloa-con-1200-mdd\/","url_meta":{"origin":2789,"position":2},"title":"Construir\u00e1n dos termoel\u00e9ctricas en Sinaloa con 1,200 mdd","author":"grieta","date":"14 octubre, 2015","format":false,"excerpt":"Irene S\u00e1nchez, Sinaloa Mazatl\u00e1n, Sin., Sinaloa contar\u00e1 con dos termoel\u00e9ctricas m\u00e1s que se construir\u00e1n en Topolobampo, con una inversi\u00f3n de mil 200 millones de d\u00f3lares, adem\u00e1s de otra en Mazatl\u00e1n y una m\u00e1s en Ahome, que ser\u00e1n reconvertidas a ciclo combinado, con una inversi\u00f3n de 70 millones de d\u00f3lares, para\u2026","rel":"","context":"En &quot;CINTILLO&quot;","block_context":{"text":"CINTILLO","link":"https:\/\/www.grieta.org.mx\/index.php\/category\/cintillo\/"},"img":{"alt_text":"","src":"https:\/\/i0.wp.com\/www.grieta.org.mx\/wp-content\/uploads\/2018\/03\/14524434_1106112876131411_958039263622046936_o.jpg?resize=350%2C200&ssl=1","width":350,"height":200,"srcset":"https:\/\/i0.wp.com\/www.grieta.org.mx\/wp-content\/uploads\/2018\/03\/14524434_1106112876131411_958039263622046936_o.jpg?resize=350%2C200&ssl=1 1x, https:\/\/i0.wp.com\/www.grieta.org.mx\/wp-content\/uploads\/2018\/03\/14524434_1106112876131411_958039263622046936_o.jpg?resize=525%2C300&ssl=1 1.5x, https:\/\/i0.wp.com\/www.grieta.org.mx\/wp-content\/uploads\/2018\/03\/14524434_1106112876131411_958039263622046936_o.jpg?resize=700%2C400&ssl=1 2x"},"classes":[]},{"id":19267,"url":"https:\/\/www.grieta.org.mx\/index.php\/2016\/08\/09\/a-17-dias-del-derrame-de-combustoleo-nadie-quiere-hacerse-responsable-por-los-danos\/","url_meta":{"origin":2789,"position":3},"title":"A 17 d\u00edas del derrame de combust\u00f3leo nadie quiere hacerse responsable por los da\u00f1os","author":"grieta","date":"9 agosto, 2016","format":false,"excerpt":"Redacci\u00f3n Manzanillo TV El 23 de julio, se derram\u00f3 alrededor de 80 mil litros de combust\u00f3leo a unos metros del vaso 2 de la laguna de Cuyutl\u00e1n. Ayer, la lluvia ocasion\u00f3 la filtraci\u00f3n del combust\u00f3leo a las aguas de la laguna. Un litro de aceite puede contaminar hasta mil litros\u2026","rel":"","context":"En &quot;CINTILLO&quot;","block_context":{"text":"CINTILLO","link":"https:\/\/www.grieta.org.mx\/index.php\/category\/cintillo\/"},"img":{"alt_text":"","src":"https:\/\/i0.wp.com\/www.grieta.org.mx\/wp-content\/uploads\/2018\/03\/14524434_1106112876131411_958039263622046936_o.jpg?resize=350%2C200&ssl=1","width":350,"height":200,"srcset":"https:\/\/i0.wp.com\/www.grieta.org.mx\/wp-content\/uploads\/2018\/03\/14524434_1106112876131411_958039263622046936_o.jpg?resize=350%2C200&ssl=1 1x, https:\/\/i0.wp.com\/www.grieta.org.mx\/wp-content\/uploads\/2018\/03\/14524434_1106112876131411_958039263622046936_o.jpg?resize=525%2C300&ssl=1 1.5x, https:\/\/i0.wp.com\/www.grieta.org.mx\/wp-content\/uploads\/2018\/03\/14524434_1106112876131411_958039263622046936_o.jpg?resize=700%2C400&ssl=1 2x"},"classes":[]},{"id":18717,"url":"https:\/\/www.grieta.org.mx\/index.php\/2016\/08\/09\/danos-ambientales-por-derrame-de-hidrocarburos-en-colima\/","url_meta":{"origin":2789,"position":4},"title":"Da\u00f1os ambientales por derrame de hidrocarburos en Colima","author":"grieta","date":"9 agosto, 2016","format":false,"excerpt":"09\/08\/16. A 17 d\u00edas del derrame de combust\u00f3leo nadie quiere hacerse responsable por los da\u00f1osManzanillo TV 04\/08\/16. Fuga de hidrocarburo en Manzanillo, en instalaciones de Ferromex20 minutos 04\/08\/16. No se sabe lo que provoc\u00f3 el derrame de combust\u00f3leo: IMEXManzanillo TV 03\/08\/16. Fuga de Pemex causa desastre ecol\u00f3gico en lagunaCorreo de\u2026","rel":"","context":"En &quot;Colima&quot;","block_context":{"text":"Colima","link":"https:\/\/www.grieta.org.mx\/index.php\/category\/noticias-nacionales\/colima\/"},"img":{"alt_text":"","src":"https:\/\/i0.wp.com\/www.grieta.org.mx\/wp-content\/uploads\/2018\/03\/14524434_1106112876131411_958039263622046936_o.jpg?resize=350%2C200&ssl=1","width":350,"height":200,"srcset":"https:\/\/i0.wp.com\/www.grieta.org.mx\/wp-content\/uploads\/2018\/03\/14524434_1106112876131411_958039263622046936_o.jpg?resize=350%2C200&ssl=1 1x, https:\/\/i0.wp.com\/www.grieta.org.mx\/wp-content\/uploads\/2018\/03\/14524434_1106112876131411_958039263622046936_o.jpg?resize=525%2C300&ssl=1 1.5x, https:\/\/i0.wp.com\/www.grieta.org.mx\/wp-content\/uploads\/2018\/03\/14524434_1106112876131411_958039263622046936_o.jpg?resize=700%2C400&ssl=1 2x"},"classes":[]},{"id":19261,"url":"https:\/\/www.grieta.org.mx\/index.php\/2016\/08\/04\/no-se-sabe-lo-que-provoco-el-derrame-de-combustoleo-imex\/","url_meta":{"origin":2789,"position":5},"title":"No se sabe lo que provoc\u00f3 el derrame de combust\u00f3leo: IMEX","author":"grieta","date":"4 agosto, 2016","format":false,"excerpt":"Redacci\u00f3n Manzanillo TV Entrevistado en el marco de una reuni\u00f3n entre autoridades de los 3 niveles de gobierno, PEMEX, CFE, y Ferromex, el director general de Intermodal M\u00e9xico, H\u00e9ctor Cuevas, dijo que a\u00fan no se sabe que es lo que provoc\u00f3 el derrame de entre 50 mil y 80 mil\u2026","rel":"","context":"En &quot;CINTILLO&quot;","block_context":{"text":"CINTILLO","link":"https:\/\/www.grieta.org.mx\/index.php\/category\/cintillo\/"},"img":{"alt_text":"","src":"https:\/\/i0.wp.com\/www.grieta.org.mx\/wp-content\/uploads\/2018\/03\/14524434_1106112876131411_958039263622046936_o.jpg?resize=350%2C200&ssl=1","width":350,"height":200,"srcset":"https:\/\/i0.wp.com\/www.grieta.org.mx\/wp-content\/uploads\/2018\/03\/14524434_1106112876131411_958039263622046936_o.jpg?resize=350%2C200&ssl=1 1x, https:\/\/i0.wp.com\/www.grieta.org.mx\/wp-content\/uploads\/2018\/03\/14524434_1106112876131411_958039263622046936_o.jpg?resize=525%2C300&ssl=1 1.5x, https:\/\/i0.wp.com\/www.grieta.org.mx\/wp-content\/uploads\/2018\/03\/14524434_1106112876131411_958039263622046936_o.jpg?resize=700%2C400&ssl=1 2x"},"classes":[]}],"_links":{"self":[{"href":"https:\/\/www.grieta.org.mx\/index.php\/wp-json\/wp\/v2\/posts\/2789","targetHints":{"allow":["GET"]}}],"collection":[{"href":"https:\/\/www.grieta.org.mx\/index.php\/wp-json\/wp\/v2\/posts"}],"about":[{"href":"https:\/\/www.grieta.org.mx\/index.php\/wp-json\/wp\/v2\/types\/post"}],"author":[{"embeddable":true,"href":"https:\/\/www.grieta.org.mx\/index.php\/wp-json\/wp\/v2\/users\/2"}],"replies":[{"embeddable":true,"href":"https:\/\/www.grieta.org.mx\/index.php\/wp-json\/wp\/v2\/comments?post=2789"}],"version-history":[{"count":1,"href":"https:\/\/www.grieta.org.mx\/index.php\/wp-json\/wp\/v2\/posts\/2789\/revisions"}],"predecessor-version":[{"id":10719,"href":"https:\/\/www.grieta.org.mx\/index.php\/wp-json\/wp\/v2\/posts\/2789\/revisions\/10719"}],"wp:featuredmedia":[{"embeddable":true,"href":"https:\/\/www.grieta.org.mx\/index.php\/wp-json\/wp\/v2\/media\/21928"}],"wp:attachment":[{"href":"https:\/\/www.grieta.org.mx\/index.php\/wp-json\/wp\/v2\/media?parent=2789"}],"wp:term":[{"taxonomy":"category","embeddable":true,"href":"https:\/\/www.grieta.org.mx\/index.php\/wp-json\/wp\/v2\/categories?post=2789"},{"taxonomy":"post_tag","embeddable":true,"href":"https:\/\/www.grieta.org.mx\/index.php\/wp-json\/wp\/v2\/tags?post=2789"}],"curies":[{"name":"wp","href":"https:\/\/api.w.org\/{rel}","templated":true}]}}