{"id":27862,"date":"2018-12-08T21:14:37","date_gmt":"2018-12-09T03:14:37","guid":{"rendered":"http:\/\/www.grieta.org.mx\/?p=27862"},"modified":"2018-12-17T21:23:08","modified_gmt":"2018-12-18T03:23:08","slug":"registran-organizaciones-11-procesos-de-despojo-por-proyectos-extractivos-puebla","status":"publish","type":"post","link":"https:\/\/www.grieta.org.mx\/index.php\/2018\/12\/08\/registran-organizaciones-11-procesos-de-despojo-por-proyectos-extractivos-puebla\/","title":{"rendered":"Registran organizaciones 11 procesos de despojo por proyectos extractivos (Puebla)"},"content":{"rendered":"<p><img loading=\"lazy\" decoding=\"async\" data-attachment-id=\"27863\" data-permalink=\"https:\/\/www.grieta.org.mx\/index.php\/2018\/12\/08\/registran-organizaciones-11-procesos-de-despojo-por-proyectos-extractivos-puebla\/meztli-sarabia\/\" data-orig-file=\"https:\/\/www.grieta.org.mx\/wp-content\/uploads\/2018\/12\/meztli-sarabia.jpg\" data-orig-size=\"768,479\" data-comments-opened=\"0\" data-image-meta=\"{&quot;aperture&quot;:&quot;0&quot;,&quot;credit&quot;:&quot;&quot;,&quot;camera&quot;:&quot;&quot;,&quot;caption&quot;:&quot;&quot;,&quot;created_timestamp&quot;:&quot;0&quot;,&quot;copyright&quot;:&quot;&quot;,&quot;focal_length&quot;:&quot;0&quot;,&quot;iso&quot;:&quot;0&quot;,&quot;shutter_speed&quot;:&quot;0&quot;,&quot;title&quot;:&quot;&quot;,&quot;orientation&quot;:&quot;0&quot;}\" data-image-title=\"meztli sarabia\" data-image-description=\"\" data-image-caption=\"\" data-medium-file=\"https:\/\/www.grieta.org.mx\/wp-content\/uploads\/2018\/12\/meztli-sarabia-300x187.jpg\" data-large-file=\"https:\/\/www.grieta.org.mx\/wp-content\/uploads\/2018\/12\/meztli-sarabia.jpg\" src=\"http:\/\/www.grieta.org.mx\/wp-content\/uploads\/2018\/12\/meztli-sarabia.jpg\" alt=\"\" width=\"702\" height=\"468\" class=\"aligncenter size-full wp-image-27863\" \/><\/p>\n<p>Maritza Mena \/ El Sol de Puebla<\/p>\n<p>En Puebla se documentaron 11 casos desde el 2014 de despojo del territorio por proyectos extractivos y de infraestructura para favorecer a empresas multinacionales, adem\u00e1s del asesinato de defensores de los derechos humamos de los pueblos ind\u00edgenas, de acuerdo con el Informe de los Derechos Econ\u00f3micos, Sociales, Culturales y Ambientales (DESCA) presentado en la Universidad Iberoamericana (Ibero).<\/p>\n<p>El reporte, coment\u00f3 Rosario Arrambide, responsable de Orientaci\u00f3n Jur\u00eddica y Psicosocial del Instituto de Derechos Humanos Ignacio Ellacur\u00eda de la Ibero, forma parte de las acciones colectivas que se llevar\u00e1n a cabo en lo sucesivo en defensa del derecho a la tierra y el agua.<\/p>\n<p>Los casos expuestos son el asesinato de Antonio Esteban Cruz frente al proyecto hidroel\u00e9ctrico Cuamono en Cuetzalan, agresiones a los defensores y comunidades en Atzala por el sistema hidroel\u00e9ctrico Coyolapa-Atzalan, la criminalizaci\u00f3n de activistas ind\u00edgenas por la l\u00ednea de alta tensi\u00f3n de Cuetzalan entronque con Teziutl\u00e1n, el intento de privatizaci\u00f3n del agua de Ocotepec por la empresa Living Water y la criminalizaci\u00f3n y asesinato de Manuel Gaspar Rodr\u00edguez, defensor de los derechos ind\u00edgenas y opositor de proyectos extractivos en la Sierra Norte de Puebla.<\/p>\n<p>Violeta Vald\u00e9s Alc\u00e1ntara, del Centro de Derechos Humanos Antonio Esteban A.C., coment\u00f3 que a pesar de que el informe ha documentado casos de 2014 a 2018, existen otros relacionados con la defensa del territorio, como la desaparici\u00f3n del activista Sergio Rivera, adem\u00e1s de tres asesinatos antes de 2014 y por otro tipo de defensa como el de Meztli Sarabia.<\/p>\n<p>Sobre el homicidio de Gaspar inform\u00f3 que este jueves la Fiscal\u00eda de Puebla ofreci\u00f3 una conferencia de prensa para revelar que fue detenido el responsable de los hechos, y declar\u00f3 que los motivos fueron personales, sin embargo, Vald\u00e9s critic\u00f3 que se desechara \u201cde facto\u201d la l\u00ednea de investigaci\u00f3n por su labor en defensa de las comunidades ind\u00edgenas de su territorio por un proyecto promovido por la Comisi\u00f3n Federal de Electricidad (CFE).<\/p>\n<p>Los dem\u00e1s casos documentados son las afectaciones por el aumento de tarifas de agua en Atlixco, el proyecto Hidroel\u00e9ctrico Puebla 1, el proyecto minero de Ixtacamaxtitl\u00e1n, la explosi\u00f3n del ducto de Pemex en San Mart\u00edn Texmelucan y sus afectos ambientales, as\u00ed como el Libramiento Norte Puebla-Tlaxcala.<\/p>\n<p><a href=\"https:\/\/www.elsoldepuebla.com.mx\/local\/registran-organizaciones-11-procesos-de-despojo-por-proyectos-extractivos-puebla-2773836.html\">https:\/\/www.elsoldepuebla.com.mx\/local\/registran-organizaciones-11-procesos-de-despojo-por-proyectos-extractivos-puebla-2773836.html<\/a><\/p>\n","protected":false},"excerpt":{"rendered":"<p>Maritza Mena \/ El Sol de Puebla En Puebla se documentaron 11 casos desde el 2014 de despojo del territorio por proyectos extractivos y de infraestructura para favorecer a empresas &hellip; <a href=\"https:\/\/www.grieta.org.mx\/index.php\/2018\/12\/08\/registran-organizaciones-11-procesos-de-despojo-por-proyectos-extractivos-puebla\/\" class=\"more-link\">Leer m\u00e1s<\/a><\/p>\n","protected":false},"author":2,"featured_media":27863,"comment_status":"closed","ping_status":"closed","sticky":false,"template":"","format":"standard","meta":{"ngg_post_thumbnail":0,"_jetpack_newsletter_access":"","_jetpack_dont_email_post_to_subs":false,"_jetpack_newsletter_tier_id":0,"_jetpack_memberships_contains_paywalled_content":false,"_jetpack_memberships_contains_paid_content":false,"footnotes":""},"categories":[70,80,1259,974,1,954,1480,1443,3,922,942,2,1245,38,26],"tags":[1834,459,1832],"class_list":["post-27862","post","type-post","status-publish","format-standard","has-post-thumbnail","hentry","category-26-sierra-puebla","category-cintillo","category-conflictos-con-la-cfe-en-puebla","category-esp-puebla","category-espejos-de-la-resistencia","category-espejos-estados","category-hidroelectrica-coyolapa","category-hidroelectrica-puebla-1","category-megaproyectos","category-megaproyectos-estados","category-mp-puebla","category-noticias-nacionales","category-oposicion-a-las-hidroelectricas-en-puebla","category-proyectos-hidricos","category-puebla","tag-asesinato-de-lideres-indigenas","tag-ataques-a-defensores-ambientales","tag-violencia-contra-defensores-del-medio-ambiente","entry"],"jetpack_featured_media_url":"https:\/\/www.grieta.org.mx\/wp-content\/uploads\/2018\/12\/meztli-sarabia.jpg","jetpack_sharing_enabled":true,"jetpack_shortlink":"https:\/\/wp.me\/p7ZJR4-7fo","jetpack_likes_enabled":false,"jetpack-related-posts":[{"id":40240,"url":"https:\/\/www.grieta.org.mx\/index.php\/2019\/10\/14\/piden-cancelar-proyectos-que-van-contra-la-voluntad-de-pueblos-indigenas-puebla\/","url_meta":{"origin":27862,"position":0},"title":"Piden cancelar proyectos que van contra la voluntad de pueblos ind\u00edgenas (Puebla)","author":"Admin","date":"14 octubre, 2019","format":false,"excerpt":"Redacci\u00f3n \/ e-consulta Organizaciones sociales y defensores de derechos humanos advirtieron de la necesidad de cancelar los proyectos hidroel\u00e9ctricos que no consideraron el derecho a la libre determinaci\u00f3n de los pueblos ind\u00edgenas en Puebla, evitar la emisi\u00f3n de concesiones y permisos de uso de agua con fines empresariales y, garantizar\u2026","rel":"","context":"En &quot;26. Sierra Puebla&quot;","block_context":{"text":"26. Sierra Puebla","link":"https:\/\/www.grieta.org.mx\/index.php\/category\/espejos-de-la-resistencia\/26-sierra-puebla\/"},"img":{"alt_text":"","src":"https:\/\/i0.wp.com\/www.grieta.org.mx\/wp-content\/uploads\/2019\/10\/hidros.jpg?resize=350%2C200&ssl=1","width":350,"height":200,"srcset":"https:\/\/i0.wp.com\/www.grieta.org.mx\/wp-content\/uploads\/2019\/10\/hidros.jpg?resize=350%2C200&ssl=1 1x, https:\/\/i0.wp.com\/www.grieta.org.mx\/wp-content\/uploads\/2019\/10\/hidros.jpg?resize=525%2C300&ssl=1 1.5x"},"classes":[]},{"id":27865,"url":"https:\/\/www.grieta.org.mx\/index.php\/2018\/12\/09\/policias-de-tepatlan-hostigaron-al-activista-galindo-trinidad-puebla\/","url_meta":{"origin":27862,"position":1},"title":"Polic\u00edas de Tepatl\u00e1n hostigaron al activista Galindo Trinidad (Puebla)","author":"grieta","date":"9 diciembre, 2018","format":false,"excerpt":"Redacci\u00f3n \/ Municipios Puebla San Felipe Tepatl\u00e1n, Pue.- Polic\u00edas municipales de San Felipe Tepatl\u00e1n hostigaron al activista Jos\u00e9 Galindo Trinidad por oponerse al proyecto hidroel\u00e9ctrico Puebla 1 de la empresa brit\u00e1nica Comexhidro-Deselec 1, el cual afecta al r\u00edo Ajajalpan en la Sierra Norte del estado. Fue el pasado primero de\u2026","rel":"","context":"En &quot;26. Sierra Puebla&quot;","block_context":{"text":"26. Sierra Puebla","link":"https:\/\/www.grieta.org.mx\/index.php\/category\/espejos-de-la-resistencia\/26-sierra-puebla\/"},"img":{"alt_text":"","src":"https:\/\/i0.wp.com\/www.grieta.org.mx\/wp-content\/uploads\/2018\/12\/whatsapp_image_2017-01-16_at_4.jpg?resize=350%2C200&ssl=1","width":350,"height":200,"srcset":"https:\/\/i0.wp.com\/www.grieta.org.mx\/wp-content\/uploads\/2018\/12\/whatsapp_image_2017-01-16_at_4.jpg?resize=350%2C200&ssl=1 1x, https:\/\/i0.wp.com\/www.grieta.org.mx\/wp-content\/uploads\/2018\/12\/whatsapp_image_2017-01-16_at_4.jpg?resize=525%2C300&ssl=1 1.5x, https:\/\/i0.wp.com\/www.grieta.org.mx\/wp-content\/uploads\/2018\/12\/whatsapp_image_2017-01-16_at_4.jpg?resize=700%2C400&ssl=1 2x, https:\/\/i0.wp.com\/www.grieta.org.mx\/wp-content\/uploads\/2018\/12\/whatsapp_image_2017-01-16_at_4.jpg?resize=1050%2C600&ssl=1 3x"},"classes":[]},{"id":27932,"url":"https:\/\/www.grieta.org.mx\/index.php\/2018\/12\/11\/entre-asesinatos-desapariciones-y-represion-asi-viven-los-defensores-del-territorio-en-puebla\/","url_meta":{"origin":27862,"position":2},"title":"Entre asesinatos, desapariciones y represi\u00f3n: as\u00ed viven los defensores del territorio en Puebla","author":"grieta","date":"11 diciembre, 2018","format":false,"excerpt":"Aranzaz\u00fa Ayala Mart\u00ednez \/Lado B La violencia contra quienes defienden el territorio y se oponen a megaproyectos extractivos y energ\u00e9ticos en Puebla es gradual: primero se empieza con mensajes, llamadas, tratando de amedrentar y meter miedo. La mesa de Derechos Econ\u00f3micos, Sociales, Culturales y Ambientales del Instituto de Derechos Humanos\u2026","rel":"","context":"En &quot;26. Sierra Puebla&quot;","block_context":{"text":"26. Sierra Puebla","link":"https:\/\/www.grieta.org.mx\/index.php\/category\/espejos-de-la-resistencia\/26-sierra-puebla\/"},"img":{"alt_text":"","src":"https:\/\/i0.wp.com\/www.grieta.org.mx\/wp-content\/uploads\/2018\/12\/direct-2.jpg?resize=350%2C200&ssl=1","width":350,"height":200},"classes":[]},{"id":25911,"url":"https:\/\/www.grieta.org.mx\/index.php\/2018\/08\/24\/sergio-rivera-activista-indigena-y-opositor-de-hidroelectrica-es-reportado-como-desaparecido-en-puebla\/","url_meta":{"origin":27862,"position":3},"title":"Sergio Rivera, activista ind\u00edgena y opositor de hidroel\u00e9ctrica, es reportado como desaparecido en Puebla","author":"grieta","date":"24 agosto, 2018","format":false,"excerpt":"Redacci\u00f3n \/ Sinembargo \/ Peri\u00f3dico Central Sergio Rivera Hern\u00e1ndez, integrante del movimiento de comunidades en resistencia contra el proyecto hidroel\u00e9ctrico Coyolapa \u2013 Atlzal\u00e1, Puebla, y miembro de Movimiento Agrario Ind\u00edgena Zapatista, es reportado como desaparecido. De acuerdo con testigos y con la denuncia presentada ante las autoridades, el 23 de\u2026","rel":"","context":"En &quot;26. Sierra Puebla&quot;","block_context":{"text":"26. Sierra Puebla","link":"https:\/\/www.grieta.org.mx\/index.php\/category\/espejos-de-la-resistencia\/26-sierra-puebla\/"},"img":{"alt_text":"","src":"https:\/\/i0.wp.com\/www.grieta.org.mx\/wp-content\/uploads\/2018\/08\/activistadesaparecidopuebla.jpg?resize=350%2C200&ssl=1","width":350,"height":200,"srcset":"https:\/\/i0.wp.com\/www.grieta.org.mx\/wp-content\/uploads\/2018\/08\/activistadesaparecidopuebla.jpg?resize=350%2C200&ssl=1 1x, https:\/\/i0.wp.com\/www.grieta.org.mx\/wp-content\/uploads\/2018\/08\/activistadesaparecidopuebla.jpg?resize=525%2C300&ssl=1 1.5x, https:\/\/i0.wp.com\/www.grieta.org.mx\/wp-content\/uploads\/2018\/08\/activistadesaparecidopuebla.jpg?resize=700%2C400&ssl=1 2x, https:\/\/i0.wp.com\/www.grieta.org.mx\/wp-content\/uploads\/2018\/08\/activistadesaparecidopuebla.jpg?resize=1050%2C600&ssl=1 3x"},"classes":[]},{"id":33300,"url":"https:\/\/www.grieta.org.mx\/index.php\/2019\/05\/10\/asesinan-a-opositor-de-hidroelectrica-en-zacapoaxtla-puebla\/","url_meta":{"origin":27862,"position":4},"title":"Asesinan a opositor de hidroel\u00e9ctrica en Zacapoaxtla (Puebla)","author":"Admin","date":"10 mayo, 2019","format":false,"excerpt":"GABRIELA HERN\u00c1NDEZ \/ Proceso PUEBLA, Pue. (apro).- Leonel D\u00edaz Urbano, activista opositor al proyecto de la construcci\u00f3n de una hidroel\u00e9ctrica sobre el r\u00edo Apulco, fue asesinado a balazos la noche del 9 de mayo. Seg\u00fan los reportes policiacos, D\u00edaz Urbano fue asesinado aparentemente mientras dorm\u00eda en su domicilio en la\u2026","rel":"","context":"En &quot;26. Sierra Puebla&quot;","block_context":{"text":"26. Sierra Puebla","link":"https:\/\/www.grieta.org.mx\/index.php\/category\/espejos-de-la-resistencia\/26-sierra-puebla\/"},"img":{"alt_text":"","src":"https:\/\/i0.wp.com\/www.grieta.org.mx\/wp-content\/uploads\/2019\/05\/vivenda1-1078x709.jpg?resize=350%2C200&ssl=1","width":350,"height":200,"srcset":"https:\/\/i0.wp.com\/www.grieta.org.mx\/wp-content\/uploads\/2019\/05\/vivenda1-1078x709.jpg?resize=350%2C200&ssl=1 1x, https:\/\/i0.wp.com\/www.grieta.org.mx\/wp-content\/uploads\/2019\/05\/vivenda1-1078x709.jpg?resize=525%2C300&ssl=1 1.5x, https:\/\/i0.wp.com\/www.grieta.org.mx\/wp-content\/uploads\/2019\/05\/vivenda1-1078x709.jpg?resize=700%2C400&ssl=1 2x, https:\/\/i0.wp.com\/www.grieta.org.mx\/wp-content\/uploads\/2019\/05\/vivenda1-1078x709.jpg?resize=1050%2C600&ssl=1 3x"},"classes":[]},{"id":36703,"url":"https:\/\/www.grieta.org.mx\/index.php\/2019\/07\/18\/reconoce-juez-federal-irregularidades-en-permisos-de-hidroelectrica-puebla\/","url_meta":{"origin":27862,"position":5},"title":"Reconoce juez federal irregularidades en permisos de hidroel\u00e9ctrica (Puebla)","author":"Admin","date":"18 julio, 2019","format":false,"excerpt":"Laura Ruiz \/ e-consulta Comunidades totonacas de Puebla lograron que un juez federal reconociera como inv\u00e1lidos los permisos para el Proyecto Hidroel\u00e9ctrica Puebla 1. El amparo fue promovido por habitantes de San Felipe Tepatl\u00e1n, Altica y San Mateo Tlacotepec, junto con el Consejo Tiyat Tlali. Seg\u00fan la sentencia se deber\u00eda\u2026","rel":"","context":"En &quot;26. Sierra Puebla&quot;","block_context":{"text":"26. Sierra Puebla","link":"https:\/\/www.grieta.org.mx\/index.php\/category\/espejos-de-la-resistencia\/26-sierra-puebla\/"},"img":{"alt_text":"","src":"https:\/\/i0.wp.com\/www.grieta.org.mx\/wp-content\/uploads\/2019\/07\/hidro_7_0.jpg?resize=350%2C200&ssl=1","width":350,"height":200,"srcset":"https:\/\/i0.wp.com\/www.grieta.org.mx\/wp-content\/uploads\/2019\/07\/hidro_7_0.jpg?resize=350%2C200&ssl=1 1x, https:\/\/i0.wp.com\/www.grieta.org.mx\/wp-content\/uploads\/2019\/07\/hidro_7_0.jpg?resize=525%2C300&ssl=1 1.5x"},"classes":[]}],"_links":{"self":[{"href":"https:\/\/www.grieta.org.mx\/index.php\/wp-json\/wp\/v2\/posts\/27862","targetHints":{"allow":["GET"]}}],"collection":[{"href":"https:\/\/www.grieta.org.mx\/index.php\/wp-json\/wp\/v2\/posts"}],"about":[{"href":"https:\/\/www.grieta.org.mx\/index.php\/wp-json\/wp\/v2\/types\/post"}],"author":[{"embeddable":true,"href":"https:\/\/www.grieta.org.mx\/index.php\/wp-json\/wp\/v2\/users\/2"}],"replies":[{"embeddable":true,"href":"https:\/\/www.grieta.org.mx\/index.php\/wp-json\/wp\/v2\/comments?post=27862"}],"version-history":[{"count":1,"href":"https:\/\/www.grieta.org.mx\/index.php\/wp-json\/wp\/v2\/posts\/27862\/revisions"}],"predecessor-version":[{"id":27864,"href":"https:\/\/www.grieta.org.mx\/index.php\/wp-json\/wp\/v2\/posts\/27862\/revisions\/27864"}],"wp:featuredmedia":[{"embeddable":true,"href":"https:\/\/www.grieta.org.mx\/index.php\/wp-json\/wp\/v2\/media\/27863"}],"wp:attachment":[{"href":"https:\/\/www.grieta.org.mx\/index.php\/wp-json\/wp\/v2\/media?parent=27862"}],"wp:term":[{"taxonomy":"category","embeddable":true,"href":"https:\/\/www.grieta.org.mx\/index.php\/wp-json\/wp\/v2\/categories?post=27862"},{"taxonomy":"post_tag","embeddable":true,"href":"https:\/\/www.grieta.org.mx\/index.php\/wp-json\/wp\/v2\/tags?post=27862"}],"curies":[{"name":"wp","href":"https:\/\/api.w.org\/{rel}","templated":true}]}}