{"id":27822,"date":"2018-11-12T17:28:49","date_gmt":"2018-11-12T23:28:49","guid":{"rendered":"http:\/\/www.grieta.org.mx\/?p=27822"},"modified":"2018-12-08T17:42:51","modified_gmt":"2018-12-08T23:42:51","slug":"a-donde-van-los-desaparecidos-el-mapa-de-las-fosas-clandestinas-en-mexico","status":"publish","type":"post","link":"https:\/\/www.grieta.org.mx\/index.php\/2018\/11\/12\/a-donde-van-los-desaparecidos-el-mapa-de-las-fosas-clandestinas-en-mexico\/","title":{"rendered":"\u00bfA d\u00f3nde van los desaparecidos? El mapa de las fosas clandestinas en M\u00e9xico"},"content":{"rendered":"<p><a href=\"http:\/\/www.grieta.org.mx\/wp-content\/uploads\/2018\/12\/desapariciones_18.jpg\"><img loading=\"lazy\" decoding=\"async\" data-attachment-id=\"27823\" data-permalink=\"https:\/\/www.grieta.org.mx\/index.php\/2018\/11\/12\/a-donde-van-los-desaparecidos-el-mapa-de-las-fosas-clandestinas-en-mexico\/desapariciones_18\/\" data-orig-file=\"https:\/\/www.grieta.org.mx\/wp-content\/uploads\/2018\/12\/desapariciones_18.jpg\" data-orig-size=\"640,427\" data-comments-opened=\"0\" data-image-meta=\"{&quot;aperture&quot;:&quot;0&quot;,&quot;credit&quot;:&quot;&quot;,&quot;camera&quot;:&quot;&quot;,&quot;caption&quot;:&quot;&quot;,&quot;created_timestamp&quot;:&quot;0&quot;,&quot;copyright&quot;:&quot;&quot;,&quot;focal_length&quot;:&quot;0&quot;,&quot;iso&quot;:&quot;0&quot;,&quot;shutter_speed&quot;:&quot;0&quot;,&quot;title&quot;:&quot;&quot;,&quot;orientation&quot;:&quot;0&quot;}\" data-image-title=\"desapariciones_18\" data-image-description=\"\" data-image-caption=\"\" data-medium-file=\"https:\/\/www.grieta.org.mx\/wp-content\/uploads\/2018\/12\/desapariciones_18-300x200.jpg\" data-large-file=\"https:\/\/www.grieta.org.mx\/wp-content\/uploads\/2018\/12\/desapariciones_18.jpg\" class=\"aligncenter size-full wp-image-27823\" src=\"http:\/\/www.grieta.org.mx\/wp-content\/uploads\/2018\/12\/desapariciones_18.jpg\" alt=\"\" width=\"640\" height=\"427\" srcset=\"https:\/\/www.grieta.org.mx\/wp-content\/uploads\/2018\/12\/desapariciones_18.jpg 640w, https:\/\/www.grieta.org.mx\/wp-content\/uploads\/2018\/12\/desapariciones_18-300x200.jpg 300w\" sizes=\"auto, (max-width: 640px) 100vw, 640px\" \/><\/a><\/p>\n<p>Por Redacci\u00f3n, <em>e-consulta<\/em><\/p>\n<p>Entre 2006 y 2016 en 24 de los estados de la rep\u00fablica se han hallado casi 2 mil fosas clandestinas en las que criminales enterraron personas. La plataforma \u201cA d\u00f3nde van los desaparecidos\u201d recoge y dimensiona la barbarie que desde hace doce a\u00f1os se vive en nuestro pa\u00eds tras el inicio de la guerra contra el narcotr\u00e1fico, impulsada por Felipe Calder\u00f3n.<\/p>\n<p>En esta investigaci\u00f3n presentada la ma\u00f1ana de este lunes 12 de noviembre se presenta la documentaci\u00f3n de los m\u00e1s de mil 978 entierros clandestinos en 24 estados del pa\u00eds, las historias de las familias rotas y de los cientos de omisiones y deficiencias de las fiscal\u00edas estatales para investigar los casos. Los n\u00fameros son escalofriantes, uno de cada siete estados tiene, al menos, una fosa clandestina y las casi dos mil equivalen a un entierro clandestino hallado cada dos d\u00edas.<\/p>\n<p>De acuerdo con la investigaci\u00f3n coordinada por las periodistas independientes Alejandra Guill\u00e9n, Mago Torres y Marcela Turati, de estas fosas se han recuperado 2 mil 884 cuerpos, 324 cr\u00e1neos, 217 osamentas, 799 restos \u00f3seos y miles de restos y fragmentos de huesos cuyas identidades a\u00fan no han podido ser identificadas. De ese n\u00famero de restos, solo se han podido identificar a mil 738 v\u00edctimas.<\/p>\n<p>El sitio en el que se expone la investigaci\u00f3n cuenta con un mapa detallado en el que se ubican cada una de las fosas reconocidas por las autoridades, las cuales comenzaron a subir exponencialmente a partir del 2006, pasando de 2 a 10 en un solo a\u00f1o, mientras que para 2010 los lugares en los que criminales escondieron cad\u00e1veres de v\u00edctimas lleg\u00f3 a 105 en 14 estados. En 2012 el n\u00famero lleg\u00f3 a 375 en 20 entidades y a partir del 2012 la cifra no ha sido menor a 245.<\/p>\n<p>Los datos que se pueden encontrar en el mapa de fosas fueron recabados de solicitudes de acceso a la informaci\u00f3n realizadas a 24 fiscal\u00edas estatales, dejando fuera a ocho estados de la rep\u00fablica que respondieron que ah\u00ed no se hab\u00eda encontrado ninguna fosa ilegal. Los estados que, seg\u00fan la informaci\u00f3n de las fiscal\u00edas estatales no tienen fosas son: Baja California, Chiapas, Ciudad de M\u00e9xico, Guanajuato, Hidalgo, Puebla, Quer\u00e9taro y Yucat\u00e1n.<\/p>\n<p>Por otro lado, los estados que encabezan el n\u00famero de fosas halladas en su territorio son: Veracruz con 332, Tamaulipas con 280, Guerrero con 216, Chihuahua con 194, Sinaloa con 139, Zacatecas con 138, Jalisco con 137, Nuevo Le\u00f3n con 114, Sonora con 86, Michoac\u00e1n con 76 y San Luis Potos\u00ed con 65.<\/p>\n<p>Aunque en Puebla la Fiscal\u00eda General del Estado no report\u00f3 ning\u00fan entierro ilegal, de acuerdo con el mapa que se puede ver en <a href=\"https:\/\/data.adondevanlosdesaparecidos.org\/\">https:\/\/data.adondevanlosdesaparecidos.org\/<\/a> si aparecen fosas en las zonas lim\u00edtrofes de la entidad, como las dos halladas en San pablo del Monte, Tlaxcala y las de Castillo de Teallo, Ixhuac\u00e1n de los Reyes, Perote y de Tihuatl\u00e1n, en el estado de Veracruz.<\/p>\n<p>Foto \/ Noticieron grem<\/p>\n<p><a href=\"http:\/\/www.m.e-consulta.com\/nota\/2018-11-12\/sociedad\/donde-van-los-desaparecidos-el-mapa-de-las-fosas-clandestinas-en-mexico\">http:\/\/www.m.e-consulta.com\/nota\/2018-11-12\/sociedad\/donde-van-los-desaparecidos-el-mapa-de-las-fosas-clandestinas-en-mexico<\/a><\/p>\n","protected":false},"excerpt":{"rendered":"<p>Por Redacci\u00f3n, e-consulta Entre 2006 y 2016 en 24 de los estados de la rep\u00fablica se han hallado casi 2 mil fosas clandestinas en las que criminales enterraron personas. La &hellip; <a href=\"https:\/\/www.grieta.org.mx\/index.php\/2018\/11\/12\/a-donde-van-los-desaparecidos-el-mapa-de-las-fosas-clandestinas-en-mexico\/\" class=\"more-link\">Leer m\u00e1s<\/a><\/p>\n","protected":false},"author":1,"featured_media":27823,"comment_status":"closed","ping_status":"closed","sticky":false,"template":"","format":"standard","meta":{"ngg_post_thumbnail":0,"_jetpack_newsletter_access":"","_jetpack_dont_email_post_to_subs":false,"_jetpack_newsletter_tier_id":0,"_jetpack_memberships_contains_paywalled_content":false,"_jetpack_memberships_contains_paid_content":false,"footnotes":""},"categories":[80,87,83],"tags":[121,856],"class_list":["post-27822","post","type-post","status-publish","format-standard","has-post-thumbnail","hentry","category-cintillo","category-desaparecidos","category-temas-nacionales","tag-desaparecidos","tag-fosas-clandestinas","entry"],"jetpack_featured_media_url":"https:\/\/www.grieta.org.mx\/wp-content\/uploads\/2018\/12\/desapariciones_18.jpg","jetpack_sharing_enabled":true,"jetpack_shortlink":"https:\/\/wp.me\/p7ZJR4-7eK","jetpack_likes_enabled":false,"jetpack-related-posts":[{"id":34620,"url":"https:\/\/www.grieta.org.mx\/index.php\/2019\/06\/10\/destaca-tamaulipas-por-fosas-clandestinas\/","url_meta":{"origin":27822,"position":0},"title":"\u201cDestaca\u201d Tamaulipas por fosas clandestinas.","author":"grieta","date":"10 junio, 2019","format":false,"excerpt":"Noticentro Tamaulipas encabeza un grupo de cinco Estados donde se ha localizado el mayor n\u00famero de fosas clandestinas en el pa\u00eds. De acuerdo con una investigaci\u00f3n realizada por la Comisi\u00f3n Mexicana de Defensa y Promoci\u00f3n de los Derechos Humanos, denominada, \u201cSituaci\u00f3n de las Fosas Clandestinas\u201d en M\u00e9xico, esas mismas cinco\u2026","rel":"","context":"En &quot;CINTILLO&quot;","block_context":{"text":"CINTILLO","link":"https:\/\/www.grieta.org.mx\/index.php\/category\/cintillo\/"},"img":{"alt_text":"","src":"https:\/\/i0.wp.com\/www.grieta.org.mx\/wp-content\/uploads\/2019\/06\/%E2%80%9CDestaca%E2%80%9D-Tamaulipas-por-fosas-clandestinas.-tama-jun.jpg?resize=350%2C200&ssl=1","width":350,"height":200,"srcset":"https:\/\/i0.wp.com\/www.grieta.org.mx\/wp-content\/uploads\/2019\/06\/%E2%80%9CDestaca%E2%80%9D-Tamaulipas-por-fosas-clandestinas.-tama-jun.jpg?resize=350%2C200&ssl=1 1x, https:\/\/i0.wp.com\/www.grieta.org.mx\/wp-content\/uploads\/2019\/06\/%E2%80%9CDestaca%E2%80%9D-Tamaulipas-por-fosas-clandestinas.-tama-jun.jpg?resize=525%2C300&ssl=1 1.5x"},"classes":[]},{"id":66880,"url":"https:\/\/www.grieta.org.mx\/index.php\/2023\/04\/29\/tecoman-el-municipio-con-mas-fosas-clandestinas-colima\/","url_meta":{"origin":27822,"position":1},"title":"Tecom\u00e1n, el municipio con m\u00e1s fosas clandestinas (Colima)","author":"grieta","date":"29 abril, 2023","format":false,"excerpt":"Imagen: El Comentario de Colima Con el reciente hallazgo anunciado por la Fiscal\u00eda General del Estado (FGE), de\u00a010 fosas clandestinas\u00a0encontradas en la comunidad de Cerro de Ortega en el municipio de Tecom\u00e1n, donde fueron exhumados 26 restos \u00f3seos y la entidad suma 29\u00a0fosas clandestinas\u00a0encontradas y 44 cad\u00e1veres y un resto\u2026","rel":"","context":"En &quot;CINTILLO&quot;","block_context":{"text":"CINTILLO","link":"https:\/\/www.grieta.org.mx\/index.php\/category\/cintillo\/"},"img":{"alt_text":"","src":"https:\/\/i0.wp.com\/www.grieta.org.mx\/wp-content\/uploads\/2023\/04\/LOCAL-6-3-780x470-1.jpg?resize=350%2C200&ssl=1","width":350,"height":200,"srcset":"https:\/\/i0.wp.com\/www.grieta.org.mx\/wp-content\/uploads\/2023\/04\/LOCAL-6-3-780x470-1.jpg?resize=350%2C200&ssl=1 1x, https:\/\/i0.wp.com\/www.grieta.org.mx\/wp-content\/uploads\/2023\/04\/LOCAL-6-3-780x470-1.jpg?resize=525%2C300&ssl=1 1.5x, https:\/\/i0.wp.com\/www.grieta.org.mx\/wp-content\/uploads\/2023\/04\/LOCAL-6-3-780x470-1.jpg?resize=700%2C400&ssl=1 2x"},"classes":[]},{"id":40908,"url":"https:\/\/www.grieta.org.mx\/index.php\/2019\/10\/11\/las-mujeres-y-ninas-arrojadas-a-fosas-clandestinas-morelos\/","url_meta":{"origin":27822,"position":2},"title":"Las mujeres y ni\u00f1as arrojadas a fosas clandestinas (Morelos)","author":"grieta","date":"11 octubre, 2019","format":false,"excerpt":"Redacci\u00f3n \/ La Silla Rota Son los expedientes de los colectivos de b\u00fasqueda quienes tienen mayor informaci\u00f3n de los cuerpos y sus pertenencias que fueron encontrados en fosas clandestinas. Las personas dibujan la ropa que encontraron ah\u00ed. \u201cFue hasta que revis\u00e9 El expediente Jojutla y vi la cantidad de brasieres\u2026","rel":"","context":"En &quot;CINTILLO&quot;","block_context":{"text":"CINTILLO","link":"https:\/\/www.grieta.org.mx\/index.php\/category\/cintillo\/"},"img":{"alt_text":"","src":"https:\/\/i0.wp.com\/www.grieta.org.mx\/wp-content\/uploads\/2019\/11\/Screenshot_2019-11-04-Las-mujeres-y-ni%C3%B1as-arrojadas-a-fosas-clandestinas.png?resize=350%2C200&ssl=1","width":350,"height":200,"srcset":"https:\/\/i0.wp.com\/www.grieta.org.mx\/wp-content\/uploads\/2019\/11\/Screenshot_2019-11-04-Las-mujeres-y-ni%C3%B1as-arrojadas-a-fosas-clandestinas.png?resize=350%2C200&ssl=1 1x, https:\/\/i0.wp.com\/www.grieta.org.mx\/wp-content\/uploads\/2019\/11\/Screenshot_2019-11-04-Las-mujeres-y-ni%C3%B1as-arrojadas-a-fosas-clandestinas.png?resize=525%2C300&ssl=1 1.5x, https:\/\/i0.wp.com\/www.grieta.org.mx\/wp-content\/uploads\/2019\/11\/Screenshot_2019-11-04-Las-mujeres-y-ni%C3%B1as-arrojadas-a-fosas-clandestinas.png?resize=700%2C400&ssl=1 2x"},"classes":[]},{"id":65142,"url":"https:\/\/www.grieta.org.mx\/index.php\/2022\/09\/05\/tecoman-el-municipio-con-mas-fosas-clandestinas-en-el-pais-colima\/","url_meta":{"origin":27822,"position":3},"title":"Tecom\u00e1n, el municipio con m\u00e1s fosas clandestinas en el pa\u00eds (Colima)","author":"grieta","date":"5 septiembre, 2022","format":false,"excerpt":"Imagen: Diario Avanzada Redacci\u00f3n \/ Diario Avanzada Colima, M\u00e9xico, Avanzada (05\/09\/2022).- Este fin de semana, la Fiscal\u00eda General del Estado reconoci\u00f3 la localizaci\u00f3n de seis cuerpos sin vida y restos humanos en fosas clandestinas en la comunidad de Caleras,\u00a0en el municipio de Tecom\u00e1n. Unos meses antes,\u00a0en Tecolapa, en el mismo\u2026","rel":"","context":"En &quot;CINTILLO&quot;","block_context":{"text":"CINTILLO","link":"https:\/\/www.grieta.org.mx\/index.php\/category\/cintillo\/"},"img":{"alt_text":"","src":"https:\/\/i0.wp.com\/www.grieta.org.mx\/wp-content\/uploads\/2022\/09\/Fosas-Clandestinas.jpg?resize=350%2C200&ssl=1","width":350,"height":200,"srcset":"https:\/\/i0.wp.com\/www.grieta.org.mx\/wp-content\/uploads\/2022\/09\/Fosas-Clandestinas.jpg?resize=350%2C200&ssl=1 1x, https:\/\/i0.wp.com\/www.grieta.org.mx\/wp-content\/uploads\/2022\/09\/Fosas-Clandestinas.jpg?resize=525%2C300&ssl=1 1.5x, https:\/\/i0.wp.com\/www.grieta.org.mx\/wp-content\/uploads\/2022\/09\/Fosas-Clandestinas.jpg?resize=700%2C400&ssl=1 2x"},"classes":[]},{"id":60405,"url":"https:\/\/www.grieta.org.mx\/index.php\/2021\/07\/09\/encontraron-188-cadaveres-en-fosas-clandestinas-en-tecoman-en-tres-anos-colima\/","url_meta":{"origin":27822,"position":4},"title":"Encontraron 188 cad\u00e1veres en fosas clandestinas en Tecom\u00e1n en tres a\u00f1os (Colima)","author":"grieta","date":"9 julio, 2021","format":false,"excerpt":"Foto: Diario Avanzada Heidi de Le\u00f3n Guti\u00e9rrez \/ Diario Avanzada Colima, M\u00e9xico, Avanzada (09\/07\/2021).- Los municipios que concentran el mayor n\u00famero de cuerpos encontrados en fosas clandestinas en el periodo de diciembre de 2018 \u2013 junio de 2021, se encuentran en los estados de Jalisco, Colima, Sinaloa, Guanajuato y Sonora.\u2026","rel":"","context":"En &quot;CINTILLO&quot;","block_context":{"text":"CINTILLO","link":"https:\/\/www.grieta.org.mx\/index.php\/category\/cintillo\/"},"img":{"alt_text":"","src":"https:\/\/i0.wp.com\/www.grieta.org.mx\/wp-content\/uploads\/2021\/07\/Fosas-Clandestinas.jpg?resize=350%2C200&ssl=1","width":350,"height":200,"srcset":"https:\/\/i0.wp.com\/www.grieta.org.mx\/wp-content\/uploads\/2021\/07\/Fosas-Clandestinas.jpg?resize=350%2C200&ssl=1 1x, https:\/\/i0.wp.com\/www.grieta.org.mx\/wp-content\/uploads\/2021\/07\/Fosas-Clandestinas.jpg?resize=525%2C300&ssl=1 1.5x, https:\/\/i0.wp.com\/www.grieta.org.mx\/wp-content\/uploads\/2021\/07\/Fosas-Clandestinas.jpg?resize=700%2C400&ssl=1 2x"},"classes":[]},{"id":38380,"url":"https:\/\/www.grieta.org.mx\/index.php\/2019\/08\/01\/tamaulipas-con-2-mil-cuerpos-sin-identificar-en-fosas-clandestinas\/","url_meta":{"origin":27822,"position":5},"title":"Tamaulipas, con 2 mil cuerpos sin identificar en fosas clandestinas","author":"grieta","date":"1 agosto, 2019","format":false,"excerpt":"Arnoldo Garc\u00eda \/ La Silla Rota Cd. Victoria, Tam.- Los trabajos de b\u00fasqueda de cuerpos y restos humanos en fosas clandestinas son in\u00fatiles cuando existen en Tamaulipas m\u00e1s de dos mil cuerpos sin identificar en fosas comunes. Este d\u00eda se inici\u00f3 en Reynosa la b\u00fasqueda de desaparecidos por parte de\u2026","rel":"","context":"En &quot;CINTILLO&quot;","block_context":{"text":"CINTILLO","link":"https:\/\/www.grieta.org.mx\/index.php\/category\/cintillo\/"},"img":{"alt_text":"","src":"https:\/\/i0.wp.com\/www.grieta.org.mx\/wp-content\/uploads\/2019\/08\/tamaulipas-focus-0-0-983-557.jpg?resize=350%2C200&ssl=1","width":350,"height":200,"srcset":"https:\/\/i0.wp.com\/www.grieta.org.mx\/wp-content\/uploads\/2019\/08\/tamaulipas-focus-0-0-983-557.jpg?resize=350%2C200&ssl=1 1x, https:\/\/i0.wp.com\/www.grieta.org.mx\/wp-content\/uploads\/2019\/08\/tamaulipas-focus-0-0-983-557.jpg?resize=525%2C300&ssl=1 1.5x, https:\/\/i0.wp.com\/www.grieta.org.mx\/wp-content\/uploads\/2019\/08\/tamaulipas-focus-0-0-983-557.jpg?resize=700%2C400&ssl=1 2x"},"classes":[]}],"_links":{"self":[{"href":"https:\/\/www.grieta.org.mx\/index.php\/wp-json\/wp\/v2\/posts\/27822","targetHints":{"allow":["GET"]}}],"collection":[{"href":"https:\/\/www.grieta.org.mx\/index.php\/wp-json\/wp\/v2\/posts"}],"about":[{"href":"https:\/\/www.grieta.org.mx\/index.php\/wp-json\/wp\/v2\/types\/post"}],"author":[{"embeddable":true,"href":"https:\/\/www.grieta.org.mx\/index.php\/wp-json\/wp\/v2\/users\/1"}],"replies":[{"embeddable":true,"href":"https:\/\/www.grieta.org.mx\/index.php\/wp-json\/wp\/v2\/comments?post=27822"}],"version-history":[{"count":1,"href":"https:\/\/www.grieta.org.mx\/index.php\/wp-json\/wp\/v2\/posts\/27822\/revisions"}],"predecessor-version":[{"id":27824,"href":"https:\/\/www.grieta.org.mx\/index.php\/wp-json\/wp\/v2\/posts\/27822\/revisions\/27824"}],"wp:featuredmedia":[{"embeddable":true,"href":"https:\/\/www.grieta.org.mx\/index.php\/wp-json\/wp\/v2\/media\/27823"}],"wp:attachment":[{"href":"https:\/\/www.grieta.org.mx\/index.php\/wp-json\/wp\/v2\/media?parent=27822"}],"wp:term":[{"taxonomy":"category","embeddable":true,"href":"https:\/\/www.grieta.org.mx\/index.php\/wp-json\/wp\/v2\/categories?post=27822"},{"taxonomy":"post_tag","embeddable":true,"href":"https:\/\/www.grieta.org.mx\/index.php\/wp-json\/wp\/v2\/tags?post=27822"}],"curies":[{"name":"wp","href":"https:\/\/api.w.org\/{rel}","templated":true}]}}