{"id":27782,"date":"2018-11-09T17:22:31","date_gmt":"2018-11-09T23:22:31","guid":{"rendered":"http:\/\/www.grieta.org.mx\/?p=27782"},"modified":"2018-12-03T17:29:28","modified_gmt":"2018-12-03T23:29:28","slug":"inauguran-bastion-de-sedena-en-ixtepec-oaxaca","status":"publish","type":"post","link":"https:\/\/www.grieta.org.mx\/index.php\/2018\/11\/09\/inauguran-bastion-de-sedena-en-ixtepec-oaxaca\/","title":{"rendered":"Inauguran basti\u00f3n de Sedena en Ixtepec, Oaxaca"},"content":{"rendered":"<p>Noticias.<\/p>\n<p>Luis Alberto Mojica,<\/p>\n<p>Ciudad Ixtepec, Oaxaca.- El Secretario de la Defensa Nacional (Sedena), Salvador Cienfuegos Zepeda, inaugur\u00f3 este jueves las nuevas instalaciones de la 46 Zona Militar, las cuales tuvieron que ser reparadas luego de las afectaciones que sufrieron el a\u00f1o pasado a causa del terremoto del 7 de septiembre y sus r\u00e9plicas.<\/p>\n<p>En una r\u00e1pida ceremonia que no dur\u00f3 m\u00e1s de 30 minutos, enlistaron una serie de obras de remodelaciones que se realizaron posteriores al sismo.<\/p>\n<p><img loading=\"lazy\" decoding=\"async\" data-attachment-id=\"27783\" data-permalink=\"https:\/\/www.grieta.org.mx\/index.php\/2018\/11\/09\/inauguran-bastion-de-sedena-en-ixtepec-oaxaca\/image_28_232\/\" data-orig-file=\"https:\/\/www.grieta.org.mx\/wp-content\/uploads\/2018\/12\/image_28_232.jpg\" data-orig-size=\"1144,645\" data-comments-opened=\"0\" data-image-meta=\"{&quot;aperture&quot;:&quot;0&quot;,&quot;credit&quot;:&quot;&quot;,&quot;camera&quot;:&quot;&quot;,&quot;caption&quot;:&quot;&quot;,&quot;created_timestamp&quot;:&quot;0&quot;,&quot;copyright&quot;:&quot;&quot;,&quot;focal_length&quot;:&quot;0&quot;,&quot;iso&quot;:&quot;0&quot;,&quot;shutter_speed&quot;:&quot;0&quot;,&quot;title&quot;:&quot;&quot;,&quot;orientation&quot;:&quot;0&quot;}\" data-image-title=\"image_28_232\" data-image-description=\"\" data-image-caption=\"\" data-medium-file=\"https:\/\/www.grieta.org.mx\/wp-content\/uploads\/2018\/12\/image_28_232-300x169.jpg\" data-large-file=\"https:\/\/www.grieta.org.mx\/wp-content\/uploads\/2018\/12\/image_28_232-1024x577.jpg\" src=\"http:\/\/www.grieta.org.mx\/wp-content\/uploads\/2018\/12\/image_28_232-300x169.jpg\" alt=\"\" width=\"300\" height=\"169\" class=\"aligncenter size-medium wp-image-27783\" srcset=\"https:\/\/www.grieta.org.mx\/wp-content\/uploads\/2018\/12\/image_28_232-300x169.jpg 300w, https:\/\/www.grieta.org.mx\/wp-content\/uploads\/2018\/12\/image_28_232-768x433.jpg 768w, https:\/\/www.grieta.org.mx\/wp-content\/uploads\/2018\/12\/image_28_232-1024x577.jpg 1024w, https:\/\/www.grieta.org.mx\/wp-content\/uploads\/2018\/12\/image_28_232-887x500.jpg 887w, https:\/\/www.grieta.org.mx\/wp-content\/uploads\/2018\/12\/image_28_232.jpg 1144w\" sizes=\"auto, (max-width: 300px) 100vw, 300px\" \/><br \/>\nEl titular de la Sedena se reuni\u00f3 con autoridades estatales para la inauguraci\u00f3n de la obra.<\/p>\n<p>El General Salvador Cienfuegos salud\u00f3 a la tropa y posteriormente cort\u00f3 el list\u00f3n inaugural de las obras, para luego realizar un recorrido en las instalaciones, sin ofrecer a la prensa presente una entrevista y tampoco permiti\u00f3 que los reporteros registraran su recorrido.<\/p>\n<p>En tanto, el titular de la Octava Regi\u00f3n Militar en Oaxaca, el General Alfonso Duarte M\u00fajica, enumer\u00f3 las obras que se estar\u00edan inaugurando en los siguientes d\u00edas: reparaci\u00f3n del cuartel general de zona en esta ciudad, reparaci\u00f3n del 13 regimiento de caballer\u00eda motorizado, reparaci\u00f3n de la unidad habitacional 3A, reparaci\u00f3n del hospital regional de zona, reparaci\u00f3n general de la granja Sedena n\u00famero 2, reparaci\u00f3n de las instalaciones de la Base A\u00e9rea Militar n\u00famero 2<\/p>\n<p>Resalt\u00f3 que las instalaciones reparadas son acordes a sus necesidades las cuales les permiten actuar con celeridad destreza y eficacia, encaminadas siempre al servicio de M\u00e9xico.<\/p>\n<p>Resalt\u00f3 que estas obras han influido en la moral de todo el personal militar y de sus familias.<\/p>\n<p>Legado<\/p>\n<p>Uno de los edificios emblem\u00e1ticos e hist\u00f3ricos de Ciudad Ixtepec fue el del 98 Batall\u00f3n de Infanter\u00eda, construido en 1911 y ubicado en la Calle de Joaqu\u00edn Amaro de este mismo municipio, que guargaba para los habitantes parte del pasado de su comunidad.<\/p>\n<p>Debido al sismo de 8.2 grados del 7 de septiembre de 2017 y a las cientos de r\u00e9plicas que se han suscitado, estas instalaciones resultaron seriamente da\u00f1adas, por lo que la Sedena decidi\u00f3 demoler este antiguo basti\u00f3n de las Fuerzas Armadas.<\/p>\n<p>Por esta raz\u00f3n la reconstrucci\u00f3n de esta edificaci\u00f3n a petici\u00f3n de los pobladores de la zona fue con un aspecto muy similar a la anterior, a fin de guardar el aspecto hist\u00f3rico estructural del lugar, adem\u00e1s que ahora ser\u00e1 sede de la 46 Zona Militar.<\/p>\n<p><a href=\"https:\/\/www.nvinoticias.com\/nota\/104825\/inauguran-bastion-de-sedena-en-ixtepec-oaxaca\" rel=\"noopener\" target=\"_blank\">https:\/\/www.nvinoticias.com\/nota\/104825\/inauguran-bastion-de-sedena-en-ixtepec-oaxaca<\/a><\/p>\n","protected":false},"excerpt":{"rendered":"<p>Noticias. Luis Alberto Mojica, Ciudad Ixtepec, Oaxaca.- El Secretario de la Defensa Nacional (Sedena), Salvador Cienfuegos Zepeda, inaugur\u00f3 este jueves las nuevas instalaciones de la 46 Zona Militar, las cuales &hellip; <a href=\"https:\/\/www.grieta.org.mx\/index.php\/2018\/11\/09\/inauguran-bastion-de-sedena-en-ixtepec-oaxaca\/\" class=\"more-link\">Leer m\u00e1s<\/a><\/p>\n","protected":false},"author":2,"featured_media":27783,"comment_status":"closed","ping_status":"closed","sticky":false,"template":"","format":"standard","meta":{"ngg_post_thumbnail":0,"_jetpack_newsletter_access":"","_jetpack_dont_email_post_to_subs":false,"_jetpack_newsletter_tier_id":0,"_jetpack_memberships_contains_paywalled_content":false,"_jetpack_memberships_contains_paid_content":false,"footnotes":""},"categories":[80,1606,2,25],"tags":[],"class_list":["post-27782","post","type-post","status-publish","format-standard","has-post-thumbnail","hentry","category-cintillo","category-militarizacion-en-oaxaca","category-noticias-nacionales","category-oaxaca","entry"],"jetpack_featured_media_url":"https:\/\/www.grieta.org.mx\/wp-content\/uploads\/2018\/12\/image_28_232.jpg","jetpack_sharing_enabled":true,"jetpack_shortlink":"https:\/\/wp.me\/p7ZJR4-7e6","jetpack_likes_enabled":false,"jetpack-related-posts":[{"id":13392,"url":"https:\/\/www.grieta.org.mx\/index.php\/2016\/05\/25\/supervisan-nuevo-cuartel-militar-en-guachochi\/","url_meta":{"origin":27782,"position":0},"title":"Supervisan nuevo cuartel militar en Guachochi","author":"grieta","date":"25 mayo, 2016","format":false,"excerpt":"El Diario Orlando Ch\u00e1vez En gira de trabajo por la zona serrana el gobernador C\u00e9sar Duarte y el secretario de la Defensa Nacional (Sedena), Salvador Cienfuegos Zepeda, realizaron ayer al mediod\u00eda una supervisi\u00f3n de las nuevas instalaciones militares, en el municipio de Guachochi. En su mensaje, el titular del Ejecutivo\u2026","rel":"","context":"En &quot;chihuahua&quot;","block_context":{"text":"chihuahua","link":"https:\/\/www.grieta.org.mx\/index.php\/category\/chihuahua\/"},"img":{"alt_text":"","src":"https:\/\/i0.wp.com\/www.grieta.org.mx\/wp-content\/uploads\/2018\/03\/14524434_1106112876131411_958039263622046936_o.jpg?resize=350%2C200&ssl=1","width":350,"height":200,"srcset":"https:\/\/i0.wp.com\/www.grieta.org.mx\/wp-content\/uploads\/2018\/03\/14524434_1106112876131411_958039263622046936_o.jpg?resize=350%2C200&ssl=1 1x, https:\/\/i0.wp.com\/www.grieta.org.mx\/wp-content\/uploads\/2018\/03\/14524434_1106112876131411_958039263622046936_o.jpg?resize=525%2C300&ssl=1 1.5x, https:\/\/i0.wp.com\/www.grieta.org.mx\/wp-content\/uploads\/2018\/03\/14524434_1106112876131411_958039263622046936_o.jpg?resize=700%2C400&ssl=1 2x"},"classes":[]},{"id":14568,"url":"https:\/\/www.grieta.org.mx\/index.php\/2016\/06\/18\/pobladores-enfrentan-a-granaderos-en-ciudad-ixtepec-oax\/","url_meta":{"origin":27782,"position":1},"title":"Pobladores enfrentan a granaderos en Ciudad Ixtepec (Oaxaca)","author":"grieta","date":"18 junio, 2016","format":false,"excerpt":"Istmopress. Mart\u00edn Vargas, Ixtepec, Oaxaca.- Pobladores de Ciudad Ixtepec encapsularon a elementos de la Polic\u00eda Estatal que se dirig\u00edan a desactivar el bloqueo en la supercarretera que conecta este municipio con Salina Cruz. Los pobladores llegaron en apoyo de maestros y padres de familia que quedaron en medio de fuerzas\u2026","rel":"","context":"En &quot;CINTILLO&quot;","block_context":{"text":"CINTILLO","link":"https:\/\/www.grieta.org.mx\/index.php\/category\/cintillo\/"},"img":{"alt_text":"","src":"https:\/\/i0.wp.com\/www.grieta.org.mx\/wp-content\/uploads\/2018\/03\/14524434_1106112876131411_958039263622046936_o.jpg?resize=350%2C200&ssl=1","width":350,"height":200,"srcset":"https:\/\/i0.wp.com\/www.grieta.org.mx\/wp-content\/uploads\/2018\/03\/14524434_1106112876131411_958039263622046936_o.jpg?resize=350%2C200&ssl=1 1x, https:\/\/i0.wp.com\/www.grieta.org.mx\/wp-content\/uploads\/2018\/03\/14524434_1106112876131411_958039263622046936_o.jpg?resize=525%2C300&ssl=1 1.5x, https:\/\/i0.wp.com\/www.grieta.org.mx\/wp-content\/uploads\/2018\/03\/14524434_1106112876131411_958039263622046936_o.jpg?resize=700%2C400&ssl=1 2x"},"classes":[]},{"id":67643,"url":"https:\/\/www.grieta.org.mx\/index.php\/2023\/08\/23\/salvador-cienfuegos-reaparece-en-ceremonia-militar-en-veracruz\/","url_meta":{"origin":27782,"position":2},"title":"Salvador Cienfuegos reaparece en ceremonia militar en Veracruz","author":"grieta","date":"23 agosto, 2023","format":false,"excerpt":"El general fue uno de los invitados de honor en la ceremonia por el Bicentenario del Heroico Colegio Militar, realizada en la Fotaleza de San Carlos Marcelo L. Bermudez \/ La silla rota VERACRUZ, VER. - El exsecretario de la Defensa Nacional, Salvador Cienfuego Zepeda, estuvo presente en la ceremonia\u2026","rel":"","context":"En &quot;CINTILLO&quot;","block_context":{"text":"CINTILLO","link":"https:\/\/www.grieta.org.mx\/index.php\/category\/cintillo\/"},"img":{"alt_text":"","src":"https:\/\/i0.wp.com\/www.grieta.org.mx\/wp-content\/uploads\/2023\/09\/f960x540-480887_554962_0.jpg?resize=350%2C200&ssl=1","width":350,"height":200,"srcset":"https:\/\/i0.wp.com\/www.grieta.org.mx\/wp-content\/uploads\/2023\/09\/f960x540-480887_554962_0.jpg?resize=350%2C200&ssl=1 1x, https:\/\/i0.wp.com\/www.grieta.org.mx\/wp-content\/uploads\/2023\/09\/f960x540-480887_554962_0.jpg?resize=525%2C300&ssl=1 1.5x, https:\/\/i0.wp.com\/www.grieta.org.mx\/wp-content\/uploads\/2023\/09\/f960x540-480887_554962_0.jpg?resize=700%2C400&ssl=1 2x"},"classes":[]},{"id":13215,"url":"https:\/\/www.grieta.org.mx\/index.php\/2016\/05\/26\/padres-y-madres-de-familia-continuan-solidarizandose-con-el-magisterio-en-el-istmo\/","url_meta":{"origin":27782,"position":3},"title":"Padres y madres de familia contin\u00faan solidariz\u00e1ndose con el magisterio en el Istmo","author":"grieta","date":"26 mayo, 2016","format":false,"excerpt":"Pagina 3. Diana Manzo, Oaxaca. Ixtepec, Oaxaca.- Padres de familia, estudiantes y organizaciones sociales de las localidades de Ixtepec, Matias Romero y El Barrio de la Soledad marcharon para solidarizarse con los maestros de la secci\u00f3n 22 de la CNTE quienes encabezaron un paro de labores desde el pasado 15\u2026","rel":"","context":"En &quot;CINTILLO&quot;","block_context":{"text":"CINTILLO","link":"https:\/\/www.grieta.org.mx\/index.php\/category\/cintillo\/"},"img":{"alt_text":"","src":"https:\/\/i0.wp.com\/www.grieta.org.mx\/wp-content\/uploads\/2018\/03\/14524434_1106112876131411_958039263622046936_o.jpg?resize=350%2C200&ssl=1","width":350,"height":200,"srcset":"https:\/\/i0.wp.com\/www.grieta.org.mx\/wp-content\/uploads\/2018\/03\/14524434_1106112876131411_958039263622046936_o.jpg?resize=350%2C200&ssl=1 1x, https:\/\/i0.wp.com\/www.grieta.org.mx\/wp-content\/uploads\/2018\/03\/14524434_1106112876131411_958039263622046936_o.jpg?resize=525%2C300&ssl=1 1.5x, https:\/\/i0.wp.com\/www.grieta.org.mx\/wp-content\/uploads\/2018\/03\/14524434_1106112876131411_958039263622046936_o.jpg?resize=700%2C400&ssl=1 2x"},"classes":[]},{"id":2081,"url":"https:\/\/www.grieta.org.mx\/index.php\/2015\/12\/12\/llega-al-istmo-de-tehuantepec-la-11-caravana-de-madres-migrantes\/","url_meta":{"origin":27782,"position":4},"title":"Llega al Istmo de Tehuantepec la 11 Caravana de Madres Migrantes","author":"grieta","date":"12 diciembre, 2015","format":false,"excerpt":"Quadrat\u00edn, Oaxaca OAXACA, Oax., 12 de diciembre de 2015.- La madrugada de este s\u00e1bado llegaron a Ciudad Ixtepec, en la regi\u00f3n del Istmo de Tehuantepec, las integrantes de la 11 Caravana de Madres Migrantes en Busca de sus Desaparecidos. Provenientes de Honduras, Nicaragua, El Salvador y Guatemala fueron recibidas por\u2026","rel":"","context":"En &quot;CINTILLO&quot;","block_context":{"text":"CINTILLO","link":"https:\/\/www.grieta.org.mx\/index.php\/category\/cintillo\/"},"img":{"alt_text":"","src":"https:\/\/i0.wp.com\/www.grieta.org.mx\/wp-content\/uploads\/2018\/03\/14524434_1106112876131411_958039263622046936_o.jpg?resize=350%2C200&ssl=1","width":350,"height":200,"srcset":"https:\/\/i0.wp.com\/www.grieta.org.mx\/wp-content\/uploads\/2018\/03\/14524434_1106112876131411_958039263622046936_o.jpg?resize=350%2C200&ssl=1 1x, https:\/\/i0.wp.com\/www.grieta.org.mx\/wp-content\/uploads\/2018\/03\/14524434_1106112876131411_958039263622046936_o.jpg?resize=525%2C300&ssl=1 1.5x, https:\/\/i0.wp.com\/www.grieta.org.mx\/wp-content\/uploads\/2018\/03\/14524434_1106112876131411_958039263622046936_o.jpg?resize=700%2C400&ssl=1 2x"},"classes":[]},{"id":29067,"url":"https:\/\/www.grieta.org.mx\/index.php\/2019\/02\/17\/refuerza-ejercito-presencia-en-municipios-de-oaxaca-mientras-se-discute-la-creacion-de-la-guardia-nacional-apoyan-operativos-estatales\/","url_meta":{"origin":27782,"position":5},"title":"Refuerza Ej\u00e9rcito presencia en municipios de Oaxaca; mientras se discute la creaci\u00f3n de la Guardia Nacional apoyan operativos estatales","author":"grieta","date":"17 febrero, 2019","format":false,"excerpt":"Vanguardia.Mx. Por El Universal, Desde diciembre de 2018, tras el arribo al poder del presidente AMLO, el Ej\u00e9rcito Mexicano reforz\u00f3 los municipios de Huajuapan de Le\u00f3n, Juxtlahuaca y Tlaxico. Oaxaca, Oaxaca.- Aunque el proyecto de creaci\u00f3n de la Guardia Nacional a\u00fan est\u00e1 en discusi\u00f3n en el Senado, en Oaxaca el\u2026","rel":"","context":"En &quot;CINTILLO&quot;","block_context":{"text":"CINTILLO","link":"https:\/\/www.grieta.org.mx\/index.php\/category\/cintillo\/"},"img":{"alt_text":"","src":"https:\/\/i0.wp.com\/www.grieta.org.mx\/wp-content\/uploads\/2019\/02\/a03_principalent_id145352.jpg?resize=350%2C200","width":350,"height":200},"classes":[]}],"_links":{"self":[{"href":"https:\/\/www.grieta.org.mx\/index.php\/wp-json\/wp\/v2\/posts\/27782","targetHints":{"allow":["GET"]}}],"collection":[{"href":"https:\/\/www.grieta.org.mx\/index.php\/wp-json\/wp\/v2\/posts"}],"about":[{"href":"https:\/\/www.grieta.org.mx\/index.php\/wp-json\/wp\/v2\/types\/post"}],"author":[{"embeddable":true,"href":"https:\/\/www.grieta.org.mx\/index.php\/wp-json\/wp\/v2\/users\/2"}],"replies":[{"embeddable":true,"href":"https:\/\/www.grieta.org.mx\/index.php\/wp-json\/wp\/v2\/comments?post=27782"}],"version-history":[{"count":1,"href":"https:\/\/www.grieta.org.mx\/index.php\/wp-json\/wp\/v2\/posts\/27782\/revisions"}],"predecessor-version":[{"id":27784,"href":"https:\/\/www.grieta.org.mx\/index.php\/wp-json\/wp\/v2\/posts\/27782\/revisions\/27784"}],"wp:featuredmedia":[{"embeddable":true,"href":"https:\/\/www.grieta.org.mx\/index.php\/wp-json\/wp\/v2\/media\/27783"}],"wp:attachment":[{"href":"https:\/\/www.grieta.org.mx\/index.php\/wp-json\/wp\/v2\/media?parent=27782"}],"wp:term":[{"taxonomy":"category","embeddable":true,"href":"https:\/\/www.grieta.org.mx\/index.php\/wp-json\/wp\/v2\/categories?post=27782"},{"taxonomy":"post_tag","embeddable":true,"href":"https:\/\/www.grieta.org.mx\/index.php\/wp-json\/wp\/v2\/tags?post=27782"}],"curies":[{"name":"wp","href":"https:\/\/api.w.org\/{rel}","templated":true}]}}