{"id":27772,"date":"2018-12-03T12:57:27","date_gmt":"2018-12-03T18:57:27","guid":{"rendered":"http:\/\/www.grieta.org.mx\/?p=27772"},"modified":"2018-12-03T17:02:10","modified_gmt":"2018-12-03T23:02:10","slug":"deporta-eu-3-ninos-oaxaquenos-al-dia","status":"publish","type":"post","link":"https:\/\/www.grieta.org.mx\/index.php\/2018\/12\/03\/deporta-eu-3-ninos-oaxaquenos-al-dia\/","title":{"rendered":"Deporta EU 3 ni\u00f1os oaxaque\u00f1os al d\u00eda"},"content":{"rendered":"<p>Noticias.<\/p>\n<p>Citlalli Luciana,<\/p>\n<p>En promedio tres ni\u00f1as, ni\u00f1os y adolescentes originarios de distintos municipios de Oaxaca intentaron cruzar la frontera hacia Estados Unidos sin la compa\u00f1\u00eda de una persona adulta.<\/p>\n<p>De enero a septiembre de este a\u00f1o, 1 mil 006 menores de edad se repatriaron; 879 viajaban sin compa\u00f1\u00eda, seis ten\u00edan menos de 11 a\u00f1os de acuerdo con datos del Instituto Oaxaque\u00f1o de Atenci\u00f3n al Migrante (IOAM).<\/p>\n<p><img loading=\"lazy\" decoding=\"async\" data-attachment-id=\"27773\" data-permalink=\"https:\/\/www.grieta.org.mx\/index.php\/2018\/12\/03\/deporta-eu-3-ninos-oaxaquenos-al-dia\/image_23_267\/\" data-orig-file=\"https:\/\/www.grieta.org.mx\/wp-content\/uploads\/2018\/12\/image_23_267.jpg\" data-orig-size=\"1144,645\" data-comments-opened=\"0\" data-image-meta=\"{&quot;aperture&quot;:&quot;0&quot;,&quot;credit&quot;:&quot;&quot;,&quot;camera&quot;:&quot;&quot;,&quot;caption&quot;:&quot;&quot;,&quot;created_timestamp&quot;:&quot;0&quot;,&quot;copyright&quot;:&quot;&quot;,&quot;focal_length&quot;:&quot;0&quot;,&quot;iso&quot;:&quot;0&quot;,&quot;shutter_speed&quot;:&quot;0&quot;,&quot;title&quot;:&quot;&quot;,&quot;orientation&quot;:&quot;0&quot;}\" data-image-title=\"image_23_267\" data-image-description=\"\" data-image-caption=\"\" data-medium-file=\"https:\/\/www.grieta.org.mx\/wp-content\/uploads\/2018\/12\/image_23_267-300x169.jpg\" data-large-file=\"https:\/\/www.grieta.org.mx\/wp-content\/uploads\/2018\/12\/image_23_267-1024x577.jpg\" src=\"http:\/\/www.grieta.org.mx\/wp-content\/uploads\/2018\/12\/image_23_267-300x169.jpg\" alt=\"\" width=\"300\" height=\"169\" class=\"aligncenter size-medium wp-image-27773\" srcset=\"https:\/\/www.grieta.org.mx\/wp-content\/uploads\/2018\/12\/image_23_267-300x169.jpg 300w, https:\/\/www.grieta.org.mx\/wp-content\/uploads\/2018\/12\/image_23_267-768x433.jpg 768w, https:\/\/www.grieta.org.mx\/wp-content\/uploads\/2018\/12\/image_23_267-1024x577.jpg 1024w, https:\/\/www.grieta.org.mx\/wp-content\/uploads\/2018\/12\/image_23_267-887x500.jpg 887w, https:\/\/www.grieta.org.mx\/wp-content\/uploads\/2018\/12\/image_23_267.jpg 1144w\" sizes=\"auto, (max-width: 300px) 100vw, 300px\" \/><br \/>\nMenores de edad de diversas nacionalidades, entre ellos oaxaque\u00f1os, viajan solos para reunirse a sus padre que residen en EU.<\/p>\n<p>La pobreza es el principal elemento que lleva a este sector de la poblaci\u00f3n a exponerse en su viaje hacia la Uni\u00f3n Americana. Cuando el padre o la madre deciden migrar es porque requieren cubrir necesidades econ\u00f3micas. Al tiempo y las dificultades para el regreso, hacen que las hijas e hijos busquen reencontrarse y emprenden as\u00ed la traves\u00eda.<\/p>\n<p>Los motivos<\/p>\n<p>Unicef M\u00e9xico precisa tambi\u00e9n que un segundo motivo que orilla a la migraci\u00f3n infantil es el deseo de mejorar su nivel de vida a trav\u00e9s del desempe\u00f1o de un trabajo, pero tambi\u00e9n puede ser por el deseo de escapar de la violencia familiar o de la explotaci\u00f3n sexual.<\/p>\n<p>De acuerdo con la informaci\u00f3n del IOAM en el lapso mencionado, 805 de las personas menores de edad repatriadas eran hombre y 201 mujeres.<\/p>\n<p>Zonas m\u00e1s riesgosas<\/p>\n<p>En ambos casos los riesgos son los mismos y mayores que a\u00f1os atr\u00e1s. La Unicef se\u00f1ala que al recrudecerse los controles migratorios en la frontera de los Estados Unidos el desv\u00edo de flujos migratorios se hace hacia zonas m\u00e1s inseguras para evadirlos y la contrataci\u00f3n m\u00e1s frecuente de traficantes de personas, pone en peligro la vida de la poblaci\u00f3n migrante.<\/p>\n<p>Los ni\u00f1os que deciden cruzar la frontera sin compa\u00f1\u00eda pueden sufrir graves violaciones a su integridad f\u00edsica y a sus derechos humanos que va desde sufrir accidentes (asfixia, deshidrataci\u00f3n, heridas) hasta ser v\u00edctimas de redes del crimen organizado; explotaci\u00f3n sexual o laboral; sufrir maltrato institucional en el momento de la repatriaci\u00f3n o perder la vida en el momento del tr\u00e1nsito y cruce, entre muchas otras cosas.<\/p>\n<p>La poblaci\u00f3n infantil que migra sola, agrega la Unicef, \u201cse encuentran en un estado permanente de violaci\u00f3n de derechos ya que, adem\u00e1s de los riesgos que enfrentan, interrumpen sus estudios regulares, lo cual frena sus posibilidades de desarrollo y, por supuesto, no disfrutan de derechos b\u00e1sicos como el derecho a la alimentaci\u00f3n, a la salud, a vivir en familia, entre otros\u201d.<\/p>\n<p>De acuerdo con la Unidad de Pol\u00edtica Migratoria de la Secretar\u00eda de Gobernaci\u00f3n, los a\u00f1os con m\u00e1s repatriaciones desde M\u00e9xico fueron 2015 y 2016, con 38 mil 514 y 40 mil 114 ni\u00f1os, respectivamente; de los cuales 20 mil 368 y 17 mil 557 viajaban solos.<\/p>\n<p><a href=\"https:\/\/www.nvinoticias.com\/nota\/106231\/deporta-eu-3-ninos-oaxaquenos-al-dia\" rel=\"noopener\" target=\"_blank\">https:\/\/www.nvinoticias.com\/nota\/106231\/deporta-eu-3-ninos-oaxaquenos-al-dia<\/a><\/p>\n","protected":false},"excerpt":{"rendered":"<p>Noticias. Citlalli Luciana, En promedio tres ni\u00f1as, ni\u00f1os y adolescentes originarios de distintos municipios de Oaxaca intentaron cruzar la frontera hacia Estados Unidos sin la compa\u00f1\u00eda de una persona adulta. &hellip; <a href=\"https:\/\/www.grieta.org.mx\/index.php\/2018\/12\/03\/deporta-eu-3-ninos-oaxaquenos-al-dia\/\" class=\"more-link\">Leer m\u00e1s<\/a><\/p>\n","protected":false},"author":2,"featured_media":27773,"comment_status":"closed","ping_status":"closed","sticky":false,"template":"","format":"standard","meta":{"ngg_post_thumbnail":0,"_jetpack_newsletter_access":"","_jetpack_dont_email_post_to_subs":false,"_jetpack_newsletter_tier_id":0,"_jetpack_memberships_contains_paywalled_content":false,"_jetpack_memberships_contains_paid_content":false,"footnotes":""},"categories":[80,1477,2,25,1666],"tags":[],"class_list":["post-27772","post","type-post","status-publish","format-standard","has-post-thumbnail","hentry","category-cintillo","category-la-ninez-en-la-tormenta-en-oaxaca","category-noticias-nacionales","category-oaxaca","category-poblaciones-migrantes-en-oaxaca","entry"],"jetpack_featured_media_url":"https:\/\/www.grieta.org.mx\/wp-content\/uploads\/2018\/12\/image_23_267.jpg","jetpack_sharing_enabled":true,"jetpack_shortlink":"https:\/\/wp.me\/p7ZJR4-7dW","jetpack_likes_enabled":false,"jetpack-related-posts":[{"id":11123,"url":"https:\/\/www.grieta.org.mx\/index.php\/2016\/06\/27\/movilizacion-contra-la-violencia-hacia-las-mujeres-en-oaxaca\/","url_meta":{"origin":27772,"position":0},"title":"Movilizaciones contra la violencia hacia las mujeres en Oaxaca","author":"grieta","date":"27 junio, 2016","format":false,"excerpt":"27\/06\/16. Grupo de mujeres 8 de marzo protestan en \u201cD\u00eda Naranja\u201d por la no violencia P\u00e1gina 3 24\/04\/16. Mujeres y hombres oaxaque\u00f1os marchan nuevamente contra la violencia machista NSS Oaxaca 24\/04\/16. Marchan contra feminicidios en Oaxaca La Jornada","rel":"","context":"En &quot;NOTICIAS NACIONALES&quot;","block_context":{"text":"NOTICIAS NACIONALES","link":"https:\/\/www.grieta.org.mx\/index.php\/category\/noticias-nacionales\/"},"img":{"alt_text":"","src":"https:\/\/i0.wp.com\/www.grieta.org.mx\/wp-content\/uploads\/2018\/03\/14524434_1106112876131411_958039263622046936_o.jpg?resize=350%2C200&ssl=1","width":350,"height":200,"srcset":"https:\/\/i0.wp.com\/www.grieta.org.mx\/wp-content\/uploads\/2018\/03\/14524434_1106112876131411_958039263622046936_o.jpg?resize=350%2C200&ssl=1 1x, https:\/\/i0.wp.com\/www.grieta.org.mx\/wp-content\/uploads\/2018\/03\/14524434_1106112876131411_958039263622046936_o.jpg?resize=525%2C300&ssl=1 1.5x, https:\/\/i0.wp.com\/www.grieta.org.mx\/wp-content\/uploads\/2018\/03\/14524434_1106112876131411_958039263622046936_o.jpg?resize=700%2C400&ssl=1 2x"},"classes":[]},{"id":34461,"url":"https:\/\/www.grieta.org.mx\/index.php\/2019\/06\/06\/expulsa-oaxaca-a-3-ninos-hacia-estados-unidos-al-dia\/","url_meta":{"origin":27772,"position":1},"title":"Expulsa Oaxaca a 3 ni\u00f1os hacia Estados Unidos al d\u00eda","author":"grieta","date":"6 junio, 2019","format":false,"excerpt":"Noticias. Citlalli Luciana, En Oaxaca, una parte de la ni\u00f1ez que habita en zonas de pobreza y marginaci\u00f3n, busca huir de la entidad. De enero a marzo de 2019, en promedio 3.6 ni\u00f1as, ni\u00f1os y adolescentes intentaron diariamente cruzar hacia Estados Unidos, sin \u00e9xito. A pesar de los riesgos a\u2026","rel":"","context":"En &quot;CINTILLO&quot;","block_context":{"text":"CINTILLO","link":"https:\/\/www.grieta.org.mx\/index.php\/category\/cintillo\/"},"img":{"alt_text":"","src":"https:\/\/i0.wp.com\/www.grieta.org.mx\/wp-content\/uploads\/2019\/06\/image_19_99_0.jpg?resize=350%2C200&ssl=1","width":350,"height":200,"srcset":"https:\/\/i0.wp.com\/www.grieta.org.mx\/wp-content\/uploads\/2019\/06\/image_19_99_0.jpg?resize=350%2C200&ssl=1 1x, https:\/\/i0.wp.com\/www.grieta.org.mx\/wp-content\/uploads\/2019\/06\/image_19_99_0.jpg?resize=525%2C300&ssl=1 1.5x, https:\/\/i0.wp.com\/www.grieta.org.mx\/wp-content\/uploads\/2019\/06\/image_19_99_0.jpg?resize=700%2C400&ssl=1 2x, https:\/\/i0.wp.com\/www.grieta.org.mx\/wp-content\/uploads\/2019\/06\/image_19_99_0.jpg?resize=1050%2C600&ssl=1 3x"},"classes":[]},{"id":21370,"url":"https:\/\/www.grieta.org.mx\/index.php\/2016\/09\/10\/la-violencia-ha-cobrado-la-vida-de-ocho-ninos-en-oaxaca\/","url_meta":{"origin":27772,"position":2},"title":"La violencia ha cobrado la vida de ocho ni\u00f1os en Oaxaca","author":"grieta","date":"10 septiembre, 2016","format":false,"excerpt":"Noticias. Yuri Sosa, Oaxaca.-La violencia acentuada en territorio oaxaque\u00f1o, principalmente aquella generada por grupos delictivos, le ha arrebatado la vida a ocho menores de edad en el transcurso de 10 meses; sin embargo, en la entidad no existen leyes que castiguen por la muerte espec\u00edfica de un ni\u00f1o o adolescente.\u2026","rel":"","context":"En &quot;CINTILLO&quot;","block_context":{"text":"CINTILLO","link":"https:\/\/www.grieta.org.mx\/index.php\/category\/cintillo\/"},"img":{"alt_text":"","src":"https:\/\/i0.wp.com\/www.grieta.org.mx\/wp-content\/uploads\/2018\/03\/14524434_1106112876131411_958039263622046936_o.jpg?resize=350%2C200&ssl=1","width":350,"height":200,"srcset":"https:\/\/i0.wp.com\/www.grieta.org.mx\/wp-content\/uploads\/2018\/03\/14524434_1106112876131411_958039263622046936_o.jpg?resize=350%2C200&ssl=1 1x, https:\/\/i0.wp.com\/www.grieta.org.mx\/wp-content\/uploads\/2018\/03\/14524434_1106112876131411_958039263622046936_o.jpg?resize=525%2C300&ssl=1 1.5x, https:\/\/i0.wp.com\/www.grieta.org.mx\/wp-content\/uploads\/2018\/03\/14524434_1106112876131411_958039263622046936_o.jpg?resize=700%2C400&ssl=1 2x"},"classes":[]},{"id":34934,"url":"https:\/\/www.grieta.org.mx\/index.php\/2019\/06\/17\/esclavizan-a-oaxaquenos-en-baja-california\/","url_meta":{"origin":27772,"position":3},"title":"Esclavizan a oaxaque\u00f1os en Baja California","author":"grieta","date":"17 junio, 2019","format":false,"excerpt":"Noticias. Citlalli Luciana, Casuchas construidas con materiales endebles \"cobijan\" a los jornaleros oaxaque\u00f1os. Al menos 45 jornaleros migrantes originarios de Oaxaca viven en condiciones de esclavizaci\u00f3n en Rancho Constituci\u00f3n, ubicado en Baja California. Las personas se encuentran hacinadas en insalubres cuartos de l\u00e1mina, con una paga m\u00ednima y sin seguridad\u2026","rel":"","context":"En &quot;Baja California&quot;","block_context":{"text":"Baja California","link":"https:\/\/www.grieta.org.mx\/index.php\/category\/noticias-nacionales\/baja-california\/"},"img":{"alt_text":"","src":"https:\/\/i0.wp.com\/www.grieta.org.mx\/wp-content\/uploads\/2019\/06\/image_3_469.jpg?resize=350%2C200&ssl=1","width":350,"height":200,"srcset":"https:\/\/i0.wp.com\/www.grieta.org.mx\/wp-content\/uploads\/2019\/06\/image_3_469.jpg?resize=350%2C200&ssl=1 1x, https:\/\/i0.wp.com\/www.grieta.org.mx\/wp-content\/uploads\/2019\/06\/image_3_469.jpg?resize=525%2C300&ssl=1 1.5x, https:\/\/i0.wp.com\/www.grieta.org.mx\/wp-content\/uploads\/2019\/06\/image_3_469.jpg?resize=700%2C400&ssl=1 2x, https:\/\/i0.wp.com\/www.grieta.org.mx\/wp-content\/uploads\/2019\/06\/image_3_469.jpg?resize=1050%2C600&ssl=1 3x"},"classes":[]},{"id":27569,"url":"https:\/\/www.grieta.org.mx\/index.php\/2018\/10\/15\/oaxaca-origen-transito-y-destino-de-la-explotacion-infantil\/","url_meta":{"origin":27772,"position":4},"title":"Oaxaca, origen, tr\u00e1nsito y destino de la explotaci\u00f3n infantil","author":"grieta","date":"15 octubre, 2018","format":false,"excerpt":"Noticias. Miguel Angel, La Fiscal\u00eda General del Estado (FGE) inform\u00f3 el rescate de m\u00e1s de 60 personas v\u00edctimas de trata de personas en su modalidad de explotaci\u00f3n laboral, en el municipio de Santa Mar\u00eda Atzompa, 56 de ellos eran menores de edad. Comercio ambulante, la principal ocupaci\u00f3n de ind\u00edgenas, adolescente\u2026","rel":"","context":"En &quot;CINTILLO&quot;","block_context":{"text":"CINTILLO","link":"https:\/\/www.grieta.org.mx\/index.php\/category\/cintillo\/"},"img":{"alt_text":"","src":"https:\/\/i0.wp.com\/www.grieta.org.mx\/wp-content\/uploads\/2018\/03\/14524434_1106112876131411_958039263622046936_o.jpg?resize=350%2C200&ssl=1","width":350,"height":200,"srcset":"https:\/\/i0.wp.com\/www.grieta.org.mx\/wp-content\/uploads\/2018\/03\/14524434_1106112876131411_958039263622046936_o.jpg?resize=350%2C200&ssl=1 1x, https:\/\/i0.wp.com\/www.grieta.org.mx\/wp-content\/uploads\/2018\/03\/14524434_1106112876131411_958039263622046936_o.jpg?resize=525%2C300&ssl=1 1.5x, https:\/\/i0.wp.com\/www.grieta.org.mx\/wp-content\/uploads\/2018\/03\/14524434_1106112876131411_958039263622046936_o.jpg?resize=700%2C400&ssl=1 2x"},"classes":[]},{"id":27561,"url":"https:\/\/www.grieta.org.mx\/index.php\/2018\/10\/14\/rescatan-a-61-ninos-en-domicilio-de-atzompa-oaxaca\/","url_meta":{"origin":27772,"position":5},"title":"Rescatan a 61 ni\u00f1os en domicilio de Atzompa, Oaxaca","author":"grieta","date":"14 octubre, 2018","format":false,"excerpt":"Noticias. Tom\u00e1s Mart\u00ednez, Nueve personas que podr\u00edan estar implicadas en una red de trata de personas y explotaci\u00f3n infantil fueron asegurados durante la madrugada de ayer por personal de la Agencia Estatal de Investigaciones (AEI) en coordinaci\u00f2n con la polic\u00eca municipal de Santa Mar\u00eda Atzompa, polic\u00eca estatal y la Procuraduyr\u00eca\u2026","rel":"","context":"En &quot;CINTILLO&quot;","block_context":{"text":"CINTILLO","link":"https:\/\/www.grieta.org.mx\/index.php\/category\/cintillo\/"},"img":{"alt_text":"","src":"https:\/\/i0.wp.com\/www.grieta.org.mx\/wp-content\/uploads\/2018\/11\/image_216.jpg?resize=350%2C200&ssl=1","width":350,"height":200,"srcset":"https:\/\/i0.wp.com\/www.grieta.org.mx\/wp-content\/uploads\/2018\/11\/image_216.jpg?resize=350%2C200&ssl=1 1x, https:\/\/i0.wp.com\/www.grieta.org.mx\/wp-content\/uploads\/2018\/11\/image_216.jpg?resize=525%2C300&ssl=1 1.5x, https:\/\/i0.wp.com\/www.grieta.org.mx\/wp-content\/uploads\/2018\/11\/image_216.jpg?resize=700%2C400&ssl=1 2x, https:\/\/i0.wp.com\/www.grieta.org.mx\/wp-content\/uploads\/2018\/11\/image_216.jpg?resize=1050%2C600&ssl=1 3x, https:\/\/i0.wp.com\/www.grieta.org.mx\/wp-content\/uploads\/2018\/11\/image_216.jpg?resize=1400%2C800&ssl=1 4x"},"classes":[]}],"_links":{"self":[{"href":"https:\/\/www.grieta.org.mx\/index.php\/wp-json\/wp\/v2\/posts\/27772","targetHints":{"allow":["GET"]}}],"collection":[{"href":"https:\/\/www.grieta.org.mx\/index.php\/wp-json\/wp\/v2\/posts"}],"about":[{"href":"https:\/\/www.grieta.org.mx\/index.php\/wp-json\/wp\/v2\/types\/post"}],"author":[{"embeddable":true,"href":"https:\/\/www.grieta.org.mx\/index.php\/wp-json\/wp\/v2\/users\/2"}],"replies":[{"embeddable":true,"href":"https:\/\/www.grieta.org.mx\/index.php\/wp-json\/wp\/v2\/comments?post=27772"}],"version-history":[{"count":1,"href":"https:\/\/www.grieta.org.mx\/index.php\/wp-json\/wp\/v2\/posts\/27772\/revisions"}],"predecessor-version":[{"id":27774,"href":"https:\/\/www.grieta.org.mx\/index.php\/wp-json\/wp\/v2\/posts\/27772\/revisions\/27774"}],"wp:featuredmedia":[{"embeddable":true,"href":"https:\/\/www.grieta.org.mx\/index.php\/wp-json\/wp\/v2\/media\/27773"}],"wp:attachment":[{"href":"https:\/\/www.grieta.org.mx\/index.php\/wp-json\/wp\/v2\/media?parent=27772"}],"wp:term":[{"taxonomy":"category","embeddable":true,"href":"https:\/\/www.grieta.org.mx\/index.php\/wp-json\/wp\/v2\/categories?post=27772"},{"taxonomy":"post_tag","embeddable":true,"href":"https:\/\/www.grieta.org.mx\/index.php\/wp-json\/wp\/v2\/tags?post=27772"}],"curies":[{"name":"wp","href":"https:\/\/api.w.org\/{rel}","templated":true}]}}