{"id":27766,"date":"2018-11-30T14:40:41","date_gmt":"2018-11-30T20:40:41","guid":{"rendered":"http:\/\/www.grieta.org.mx\/?p=27766"},"modified":"2018-11-30T14:40:41","modified_gmt":"2018-11-30T20:40:41","slug":"toman-maestros-jubilados-recaudacion-de-rentas-y-oficinas-centrales-del-estado-baja-california","status":"publish","type":"post","link":"https:\/\/www.grieta.org.mx\/index.php\/2018\/11\/30\/toman-maestros-jubilados-recaudacion-de-rentas-y-oficinas-centrales-del-estado-baja-california\/","title":{"rendered":"Toman maestros jubilados Recaudaci\u00f3n de Rentas y Oficinas Centrales del Estado (Baja California)"},"content":{"rendered":"<p><img loading=\"lazy\" decoding=\"async\" data-attachment-id=\"27764\" data-permalink=\"https:\/\/www.grieta.org.mx\/?attachment_id=27764\" data-orig-file=\"https:\/\/www.grieta.org.mx\/wp-content\/uploads\/2018\/11\/captura_de_pantalla_2018-11-30_a_las_10.54.29.png\" data-orig-size=\"660,440\" data-comments-opened=\"0\" data-image-meta=\"{&quot;aperture&quot;:&quot;0&quot;,&quot;credit&quot;:&quot;&quot;,&quot;camera&quot;:&quot;&quot;,&quot;caption&quot;:&quot;&quot;,&quot;created_timestamp&quot;:&quot;0&quot;,&quot;copyright&quot;:&quot;&quot;,&quot;focal_length&quot;:&quot;0&quot;,&quot;iso&quot;:&quot;0&quot;,&quot;shutter_speed&quot;:&quot;0&quot;,&quot;title&quot;:&quot;&quot;,&quot;orientation&quot;:&quot;0&quot;}\" data-image-title=\"captura_de_pantalla_2018-11-30_a_las_10.54.29\" data-image-description=\"\" data-image-caption=\"\" data-medium-file=\"https:\/\/www.grieta.org.mx\/wp-content\/uploads\/2018\/11\/captura_de_pantalla_2018-11-30_a_las_10.54.29-300x200.png\" data-large-file=\"https:\/\/www.grieta.org.mx\/wp-content\/uploads\/2018\/11\/captura_de_pantalla_2018-11-30_a_las_10.54.29.png\" src=\"http:\/\/www.grieta.org.mx\/wp-content\/uploads\/2018\/11\/captura_de_pantalla_2018-11-30_a_las_10.54.29-300x200.png\" alt=\"\" width=\"750\" height=\"250\" class=\"aligncenter size-medium wp-image-27764\" \/><br \/>\nAmbos sindicatos acordaron realizar la toma de edificios simult\u00e1neamente, por lo que el SNTE bloqueo oficinas centrales y el SETE Recaudaci\u00f3n de Rentas. Foto Luis Arellano Sarmiento<\/p>\n<p>Por Luis Arellano Sarmiento<\/p>\n<p>Mexicali, 30 de noviembre.- En protesta a la falta de pago, profesores jubilados encadenaron las oficinas de Recaudaci\u00f3n de Rentas y los edificios del gobierno del estado en los cinco municipios.<br \/>\nEl bloqueo de los edificios se dio desde las seis de la ma\u00f1ana de este viernes 30 de noviembre, impidiendo el acceso de los empleados de las oficinas p\u00fablicas.<\/p>\n<p>La Secretaria General del Sindicato Nacional de Trabajadores de la Educaci\u00f3n (SNTE) Secci\u00f3n 37, Mar\u00eda Luisa Guti\u00e9rrez Santoyo, indic\u00f3 que esta ma\u00f1ana le informaron que el gobierno del estado est\u00e1 buscando una estrategia financiera con los bancos locales y as\u00ed poder pagar el adeudo.<\/p>\n<p>Entre los jubilados y pensionadas de la Secci\u00f3n 37 de SNTE, y los correspondientes al Sindicato Estatal de Trabajadores de la Educaci\u00f3n (SETE), son m\u00e1s de 8 mil empleados en retiro los afectados.<\/p>\n<p>Ambos sindicatos acordaron realizar la toma de edificios simult\u00e1neamente, por lo que el SNTE bloqueo oficinas centrales y el SETE Recaudaci\u00f3n de Rentas.<\/p>\n<p>Adem\u00e1s, a la toma de edificios se sumaron los empleados del Centro de Estudios Cient\u00edficos y Tecnol\u00f3gicos de Baja California (Cecyte), que desde hace una semana no han recibido su sueldo.<\/p>\n<p>Guti\u00e9rrez Santoyo inform\u00f3 que los profesores en activo este d\u00eda permanecer\u00edan en las escuelas con paro de labores, puesto que como cada \u00faltimo viernes de mes los alumnos no acuden a los planteles pues se desarrolla el Consejo T\u00e9cnico Escolar, sesi\u00f3n que no se llevar\u00e1 a cabo. <\/p>\n<p>El pr\u00f3ximo lunes 3 de diciembre es d\u00eda de asueto por lo que esperan se haya resuelto el problema para no interrumpir las clases el martes 4.<\/p>\n<p>Ser\u00e1 hasta el d\u00eda lunes que los profesores decidan cual ser\u00e1 la estrategia de presi\u00f3n para que los jubilados y pensionadas reciban su pago correspondiente al mes de noviembre.<\/p>\n<p>Para el pago de las pensiones y jubilaciones de ambos sindicatos, se requieren m\u00e1s de 300 millones de pesos.<\/p>\n<p><a href=\"http:\/\/jornadabc.mx\/tijuana\/30-11-2018\/toman-maestros-jubilados-recaudacion-de-rentas-y-oficinas-centrales-del-estado\" rel=\"noopener\" target=\"_blank\">http:\/\/jornadabc.mx\/tijuana\/30-11-2018\/toman-maestros-jubilados-recaudacion-de-rentas-y-oficinas-centrales-del-estado<\/a><\/p>\n","protected":false},"excerpt":{"rendered":"<p>Ambos sindicatos acordaron realizar la toma de edificios simult\u00e1neamente, por lo que el SNTE bloqueo oficinas centrales y el SETE Recaudaci\u00f3n de Rentas. Foto Luis Arellano Sarmiento Por Luis Arellano &hellip; <a href=\"https:\/\/www.grieta.org.mx\/index.php\/2018\/11\/30\/toman-maestros-jubilados-recaudacion-de-rentas-y-oficinas-centrales-del-estado-baja-california\/\" class=\"more-link\">Leer m\u00e1s<\/a><\/p>\n","protected":false},"author":2,"featured_media":27764,"comment_status":"closed","ping_status":"closed","sticky":false,"template":"","format":"standard","meta":{"ngg_post_thumbnail":0,"_jetpack_newsletter_access":"","_jetpack_dont_email_post_to_subs":false,"_jetpack_newsletter_tier_id":0,"_jetpack_memberships_contains_paywalled_content":false,"_jetpack_memberships_contains_paid_content":false,"footnotes":""},"categories":[5,80,1207],"tags":[1838,1895],"class_list":["post-27766","post","type-post","status-publish","format-standard","has-post-thumbnail","hentry","category-baja-california","category-cintillo","category-conflictos-laborales-en-baja-california","tag-maestros-jubilados-sin-pago-de-jubilacion","tag-toma-de-edificios-publicos","entry"],"jetpack_featured_media_url":"https:\/\/www.grieta.org.mx\/wp-content\/uploads\/2018\/11\/captura_de_pantalla_2018-11-30_a_las_10.54.29.png","jetpack_sharing_enabled":true,"jetpack_shortlink":"https:\/\/wp.me\/p7ZJR4-7dQ","jetpack_likes_enabled":false,"jetpack-related-posts":[{"id":27982,"url":"https:\/\/www.grieta.org.mx\/index.php\/2019\/01\/03\/burocratas-jubilados-rechazan-pago-parcial-toman-recaudacion-de-rentas-baja-california\/","url_meta":{"origin":27766,"position":0},"title":"Bur\u00f3cratas jubilados rechazan pago parcial; toman Recaudaci\u00f3n de Rentas (Baja California)","author":"grieta","date":"3 enero, 2019","format":false,"excerpt":"El gobierno estatal prometi\u00f3 que la situaci\u00f3n se regularizar\u00eda a final de mes con el pago de la mensualidad de enero, pero los trabajadores retirados advirtieron que aceptar\u00e1n solo si este viernes les saldan diciembre. Foto Luis Arellano Sarmiento POR LUIS ARELLANO SARMIENTO Mexicali, 3 de enero.- Bur\u00f3cratas jubilados rechazaron\u2026","rel":"","context":"En &quot;Baja California&quot;","block_context":{"text":"Baja California","link":"https:\/\/www.grieta.org.mx\/index.php\/category\/noticias-nacionales\/baja-california\/"},"img":{"alt_text":"","src":"https:\/\/i0.wp.com\/www.grieta.org.mx\/wp-content\/uploads\/2019\/01\/burocratas_3.jpg?resize=350%2C200&ssl=1","width":350,"height":200,"srcset":"https:\/\/i0.wp.com\/www.grieta.org.mx\/wp-content\/uploads\/2019\/01\/burocratas_3.jpg?resize=350%2C200&ssl=1 1x, https:\/\/i0.wp.com\/www.grieta.org.mx\/wp-content\/uploads\/2019\/01\/burocratas_3.jpg?resize=525%2C300&ssl=1 1.5x"},"classes":[]},{"id":27480,"url":"https:\/\/www.grieta.org.mx\/index.php\/2018\/11\/04\/continua-paro-laboral-de-maestros-este-lunes-5-de-noviembre-baja-california\/","url_meta":{"origin":27766,"position":1},"title":"Contin\u00faa paro laboral de maestros este lunes 5 de noviembre (Baja California)","author":"grieta","date":"4 noviembre, 2018","format":false,"excerpt":"La lideresa llam\u00f3 a los integrantes de su gremio a estar presentes en los edificios de gobierno de los cinco municipios de Baja California. Foto Luis Arellano Sarmiento Por Luis Arellano Sarmiento Mexicali, 4 de noviembre.- Este lunes 5 de noviembre continuar\u00e1 el paro laboral de los profesores del Sindicato\u2026","rel":"","context":"En &quot;Baja California&quot;","block_context":{"text":"Baja California","link":"https:\/\/www.grieta.org.mx\/index.php\/category\/noticias-nacionales\/baja-california\/"},"img":{"alt_text":"","src":"https:\/\/i0.wp.com\/www.grieta.org.mx\/wp-content\/uploads\/2018\/11\/captura_de_pantalla_2018-11-04_a_las_12.46.38.png?resize=350%2C200&ssl=1","width":350,"height":200,"srcset":"https:\/\/i0.wp.com\/www.grieta.org.mx\/wp-content\/uploads\/2018\/11\/captura_de_pantalla_2018-11-04_a_las_12.46.38.png?resize=350%2C200&ssl=1 1x, https:\/\/i0.wp.com\/www.grieta.org.mx\/wp-content\/uploads\/2018\/11\/captura_de_pantalla_2018-11-04_a_las_12.46.38.png?resize=525%2C300&ssl=1 1.5x"},"classes":[]},{"id":27758,"url":"https:\/\/www.grieta.org.mx\/index.php\/2018\/11\/30\/bc-en-crisis-de-liquidez-se-extiende-la-inconformidad\/","url_meta":{"origin":27766,"position":2},"title":"BC, en crisis de liquidez; se extiende la inconformidad","author":"grieta","date":"30 noviembre, 2018","format":false,"excerpt":"Maestros del Centro de Estudios Cient\u00edficos y Tecnol\u00f3gicos de Baja California pararon labores en protesta porque no les han pagado salarios. Foto Luis Arellano Por Mireya Cu\u00e9llar Tijuana, 30 de noviembre.- El Instituto Estatal Electoral (Ieebc), el Poder Judicial, la Comisi\u00f3n Estatal de los Derechos Humanos (CEDH), 2 mil 300\u2026","rel":"","context":"En &quot;Baja California&quot;","block_context":{"text":"Baja California","link":"https:\/\/www.grieta.org.mx\/index.php\/category\/noticias-nacionales\/baja-california\/"},"img":{"alt_text":"","src":"https:\/\/i0.wp.com\/www.grieta.org.mx\/wp-content\/uploads\/2018\/11\/captura_de_pantalla_2018-11-30_a_las_07.23.28.png?resize=350%2C200&ssl=1","width":350,"height":200,"srcset":"https:\/\/i0.wp.com\/www.grieta.org.mx\/wp-content\/uploads\/2018\/11\/captura_de_pantalla_2018-11-30_a_las_07.23.28.png?resize=350%2C200&ssl=1 1x, https:\/\/i0.wp.com\/www.grieta.org.mx\/wp-content\/uploads\/2018\/11\/captura_de_pantalla_2018-11-30_a_las_07.23.28.png?resize=525%2C300&ssl=1 1.5x"},"classes":[]},{"id":27948,"url":"https:\/\/www.grieta.org.mx\/index.php\/2018\/12\/21\/amagan-burocratas-con-paro-total-de-labores-si-no-les-pagan-maestros-sin-cobrar-aun-baja-california\/","url_meta":{"origin":27766,"position":3},"title":"Amagan bur\u00f3cratas con paro total de labores si no les pagan; maestros, sin cobrar a\u00fan (Baja California)","author":"grieta","date":"21 diciembre, 2018","format":false,"excerpt":"Este viernes, un d\u00eda despu\u00e9s de que venci\u00f3 el plazo legal para recibir el aguinaldo, trabajadores de gobierno sindicalizados suspendieron labores para participar en una \"asamblea informativa\" en todo el estado. Foto Luis Arellano Sarmiento POR LUIS ARELLANO SARMIENTO Mexicali, 21 de diciembre.- Por la falta de pago del aguinaldo\u2026","rel":"","context":"En &quot;Baja California&quot;","block_context":{"text":"Baja California","link":"https:\/\/www.grieta.org.mx\/index.php\/category\/noticias-nacionales\/baja-california\/"},"img":{"alt_text":"","src":"https:\/\/i0.wp.com\/www.grieta.org.mx\/wp-content\/uploads\/2018\/12\/burocratas_2.jpg?resize=350%2C200&ssl=1","width":350,"height":200,"srcset":"https:\/\/i0.wp.com\/www.grieta.org.mx\/wp-content\/uploads\/2018\/12\/burocratas_2.jpg?resize=350%2C200&ssl=1 1x, https:\/\/i0.wp.com\/www.grieta.org.mx\/wp-content\/uploads\/2018\/12\/burocratas_2.jpg?resize=525%2C300&ssl=1 1.5x"},"classes":[]},{"id":27726,"url":"https:\/\/www.grieta.org.mx\/index.php\/2018\/11\/27\/sin-clases-27-mil-alumnos-del-cecyte-bc-por-falta-de-pago-a-docentes\/","url_meta":{"origin":27766,"position":4},"title":"Sin clases, 27 mil alumnos del Cecyte BC por falta de pago a docentes","author":"grieta","date":"27 noviembre, 2018","format":false,"excerpt":"Dirigentes sindicales afirmaron que hay trabajadores que no tienen dinero para llevar comida a su familia y ni siquiera para transportarse, por lo que reclamaron la intervenci\u00f3n del gobernador Francisco Vega para que se resuelva la situaci\u00f3n. Foto Luis Arellano Sarmiento Por Luis Arellano Sarmiento Mexicali, 27 de noviembre.- M\u00e1s\u2026","rel":"","context":"En &quot;Baja California&quot;","block_context":{"text":"Baja California","link":"https:\/\/www.grieta.org.mx\/index.php\/category\/noticias-nacionales\/baja-california\/"},"img":{"alt_text":"","src":"https:\/\/i0.wp.com\/www.grieta.org.mx\/wp-content\/uploads\/2018\/11\/paro_cecyte.jpg?resize=350%2C200&ssl=1","width":350,"height":200,"srcset":"https:\/\/i0.wp.com\/www.grieta.org.mx\/wp-content\/uploads\/2018\/11\/paro_cecyte.jpg?resize=350%2C200&ssl=1 1x, https:\/\/i0.wp.com\/www.grieta.org.mx\/wp-content\/uploads\/2018\/11\/paro_cecyte.jpg?resize=525%2C300&ssl=1 1.5x"},"classes":[]},{"id":27445,"url":"https:\/\/www.grieta.org.mx\/index.php\/2018\/10\/31\/continua-paro-de-labores-de-maestros-en-bc-mil-escuelas-no-tendran-clases\/","url_meta":{"origin":27766,"position":5},"title":"Contin\u00faa paro de labores de maestros en BC; mil escuelas no tendr\u00e1n clases","author":"grieta","date":"31 octubre, 2018","format":false,"excerpt":"Jorge Heras\/ Lindero Norte Mexicali.- Este jueves 1 de noviembre continuar\u00e1 el paro de labores de cerca de 20 mil maestros estatales en protesta por el incumplimiento en el pago de la n\u00f3mina de profesores jubilados. La Secretaria Estatal de la Secci\u00f3n 37 del SNTE, Mar\u00eda Luisa Guti\u00e9rrez Santoyo confirm\u00f3\u2026","rel":"","context":"En &quot;Baja California&quot;","block_context":{"text":"Baja California","link":"https:\/\/www.grieta.org.mx\/index.php\/category\/noticias-nacionales\/baja-california\/"},"img":{"alt_text":"","src":"https:\/\/i0.wp.com\/www.grieta.org.mx\/wp-content\/uploads\/2018\/11\/20181031_0945317990030221122334926.jpg?resize=350%2C200&ssl=1","width":350,"height":200,"srcset":"https:\/\/i0.wp.com\/www.grieta.org.mx\/wp-content\/uploads\/2018\/11\/20181031_0945317990030221122334926.jpg?resize=350%2C200&ssl=1 1x, https:\/\/i0.wp.com\/www.grieta.org.mx\/wp-content\/uploads\/2018\/11\/20181031_0945317990030221122334926.jpg?resize=525%2C300&ssl=1 1.5x"},"classes":[]}],"_links":{"self":[{"href":"https:\/\/www.grieta.org.mx\/index.php\/wp-json\/wp\/v2\/posts\/27766","targetHints":{"allow":["GET"]}}],"collection":[{"href":"https:\/\/www.grieta.org.mx\/index.php\/wp-json\/wp\/v2\/posts"}],"about":[{"href":"https:\/\/www.grieta.org.mx\/index.php\/wp-json\/wp\/v2\/types\/post"}],"author":[{"embeddable":true,"href":"https:\/\/www.grieta.org.mx\/index.php\/wp-json\/wp\/v2\/users\/2"}],"replies":[{"embeddable":true,"href":"https:\/\/www.grieta.org.mx\/index.php\/wp-json\/wp\/v2\/comments?post=27766"}],"version-history":[{"count":1,"href":"https:\/\/www.grieta.org.mx\/index.php\/wp-json\/wp\/v2\/posts\/27766\/revisions"}],"predecessor-version":[{"id":27767,"href":"https:\/\/www.grieta.org.mx\/index.php\/wp-json\/wp\/v2\/posts\/27766\/revisions\/27767"}],"wp:featuredmedia":[{"embeddable":true,"href":"https:\/\/www.grieta.org.mx\/index.php\/wp-json\/wp\/v2\/media\/27764"}],"wp:attachment":[{"href":"https:\/\/www.grieta.org.mx\/index.php\/wp-json\/wp\/v2\/media?parent=27766"}],"wp:term":[{"taxonomy":"category","embeddable":true,"href":"https:\/\/www.grieta.org.mx\/index.php\/wp-json\/wp\/v2\/categories?post=27766"},{"taxonomy":"post_tag","embeddable":true,"href":"https:\/\/www.grieta.org.mx\/index.php\/wp-json\/wp\/v2\/tags?post=27766"}],"curies":[{"name":"wp","href":"https:\/\/api.w.org\/{rel}","templated":true}]}}