{"id":27758,"date":"2018-11-30T14:02:29","date_gmt":"2018-11-30T20:02:29","guid":{"rendered":"http:\/\/www.grieta.org.mx\/?p=27758"},"modified":"2018-11-30T14:06:05","modified_gmt":"2018-11-30T20:06:05","slug":"bc-en-crisis-de-liquidez-se-extiende-la-inconformidad","status":"publish","type":"post","link":"https:\/\/www.grieta.org.mx\/index.php\/2018\/11\/30\/bc-en-crisis-de-liquidez-se-extiende-la-inconformidad\/","title":{"rendered":"BC, en crisis de liquidez; se extiende la inconformidad"},"content":{"rendered":"<p><img loading=\"lazy\" decoding=\"async\" data-attachment-id=\"27759\" data-permalink=\"https:\/\/www.grieta.org.mx\/index.php\/2018\/11\/30\/bc-en-crisis-de-liquidez-se-extiende-la-inconformidad\/captura_de_pantalla_2018-11-30_a_las_07-23-28\/\" data-orig-file=\"https:\/\/www.grieta.org.mx\/wp-content\/uploads\/2018\/11\/captura_de_pantalla_2018-11-30_a_las_07.23.28.png\" data-orig-size=\"660,440\" data-comments-opened=\"0\" data-image-meta=\"{&quot;aperture&quot;:&quot;0&quot;,&quot;credit&quot;:&quot;&quot;,&quot;camera&quot;:&quot;&quot;,&quot;caption&quot;:&quot;&quot;,&quot;created_timestamp&quot;:&quot;0&quot;,&quot;copyright&quot;:&quot;&quot;,&quot;focal_length&quot;:&quot;0&quot;,&quot;iso&quot;:&quot;0&quot;,&quot;shutter_speed&quot;:&quot;0&quot;,&quot;title&quot;:&quot;&quot;,&quot;orientation&quot;:&quot;0&quot;}\" data-image-title=\"captura_de_pantalla_2018-11-30_a_las_07.23.28\" data-image-description=\"\" data-image-caption=\"\" data-medium-file=\"https:\/\/www.grieta.org.mx\/wp-content\/uploads\/2018\/11\/captura_de_pantalla_2018-11-30_a_las_07.23.28-300x200.png\" data-large-file=\"https:\/\/www.grieta.org.mx\/wp-content\/uploads\/2018\/11\/captura_de_pantalla_2018-11-30_a_las_07.23.28.png\" src=\"http:\/\/www.grieta.org.mx\/wp-content\/uploads\/2018\/11\/captura_de_pantalla_2018-11-30_a_las_07.23.28-300x200.png\" alt=\"\" width=\"750\" height=\"250\" class=\"aligncenter size-medium wp-image-27759\" \/><br \/>\nMaestros del Centro de Estudios Cient\u00edficos y Tecnol\u00f3gicos de Baja California pararon labores en protesta porque no les han pagado salarios. Foto Luis Arellano<\/p>\n<p>Por Mireya Cu\u00e9llar<\/p>\n<p>Tijuana, 30 de noviembre.- El Instituto Estatal Electoral (Ieebc), el Poder Judicial, la Comisi\u00f3n Estatal de los Derechos Humanos (CEDH), 2 mil 300 maestros y trabajadores administrativos de los centros de Estudios Cient\u00edficos y Tecnol\u00f3gicos de Baja California (Cecyte) y los 7 mil 200 profesores jubilados son algunos de los afectados por la falta de liquidez del gobierno estatal.<br \/>\nLos jubilados de la secci\u00f3n 37 del Sindicato Nacional de Trabajadores de la Educaci\u00f3n (SNTE) tomaron ayer las oficinas centrales del Instituto de Seguridad y Servicios Sociales de los Trabajadores del Gobierno y los Municipios de Baja California (Issstecali) al enterarse de que este viernes no les pagar\u00e1n la pensi\u00f3n de noviembre.<\/p>\n<p>En octubre hubo un paro general de profesores para exigir al gobierno de Baja California, encabezado por el panista Francisco Vega de Lamadrid, que hiciera los dep\u00f3sitos.<\/p>\n<p>Antes de las ocho de la ma\u00f1ana los maestros jubilados encadenaron las puertas y se apostaron frente a las oficinas de Issstecali; tomaron tambi\u00e9n las sedes en Mexicali, Tijuana, Tecate, Ensenada y Playas de Rosarito.<\/p>\n<p>La secretaria general de la secci\u00f3n 37 del SNTE, Mar\u00eda Luisa Guti\u00e9rrez Santoyo, dijo que hay un desastre financiero en el gobierno de la entidad, pues tampoco han pagado salarios al personal de los Cecyte, del Poder Judicial, del Ieebc y de la CEDH. La n\u00f3mina de los 7 mil 200 profesores jubilados es superior a 280 millones de pesos mensuales, precis\u00f3.<\/p>\n<p>Est\u00e1n cometiendo un il\u00edcito, porque tienen retenidas hasta las cuotas sindicales y las aportaciones de nuestros compa\u00f1eros a los fondos de retiro y defunci\u00f3n, as\u00ed como el dinero de los proveedores. Los compa\u00f1eros pagan seguros de vida y deben a alguna muebler\u00eda; van a tener mala calificaci\u00f3n en el bur\u00f3 de cr\u00e9dito por la irresponsabilidad del gobierno, asever\u00f3 Guti\u00e9rrez Santoyo.<\/p>\n<p>El Ieebc no ha recibido los recursos que por ley le correspond\u00edan este mes: 14 millones 464 mil 463 pesos. De ese monto, 11 millones son prerrogativas de los partidos pol\u00edticos y el resto para gastos de operaci\u00f3n, incluido el pago de salarios a funcionarios y trabajadores.<\/p>\n<p>Fuentes del Ieebc se\u00f1alaron que si el gobierno no deposita la ministraci\u00f3n no podr\u00e1n pagar la pr\u00f3xima quincena.<\/p>\n<p>El \u00f3rgano electoral ya present\u00f3 un recurso legal ante el Tribunal de Justicia Electoral. En su alegato, seg\u00fan el consejero Daniel Garc\u00eda, se\u00f1ala que el gobierno est\u00e1 poniendo en riesgo las elecciones del pr\u00f3ximo a\u00f1o, en las que se renovar\u00e1 la gubernatura.<\/p>\n<p>En conferencia de prensa, el gobernador Francisco Vega rechaz\u00f3 que las finanzas del estado hayan colapsado y nuevamente atribuy\u00f3 los problemas de liquidez al retraso en la entrega de las participaciones federales.<\/p>\n<p>La oficina de prensa de la CEDH confirm\u00f3 que el gobierno estatal le debe dinero, y en los juzgados hay inquietud porque el personal de confianza no recibi\u00f3 el pago de la quincena pasada.<\/p>\n<p>Los afectados en los Cecyte pararon esta semana y dejaron a 27 mil estudiantes sin clases porque no recibieron la catorcena. Jam\u00e1s hab\u00edamos vivido esto, se\u00f1al\u00f3 el delegado sindical del Cecyte Xochimilco, Gustavo Le\u00f3n.<\/p>\n<p>(Con informaci\u00f3n de Antonio Heras, corresponsal)<\/p>\n<p><a href=\"http:\/\/jornadabc.mx\/tijuana\/30-11-2018\/bc-en-crisis-de-liquidez-se-extiende-la-inconformidad\" rel=\"noopener\" target=\"_blank\">http:\/\/jornadabc.mx\/tijuana\/30-11-2018\/bc-en-crisis-de-liquidez-se-extiende-la-inconformidad<\/a><\/p>\n","protected":false},"excerpt":{"rendered":"<p>Maestros del Centro de Estudios Cient\u00edficos y Tecnol\u00f3gicos de Baja California pararon labores en protesta porque no les han pagado salarios. Foto Luis Arellano Por Mireya Cu\u00e9llar Tijuana, 30 de &hellip; <a href=\"https:\/\/www.grieta.org.mx\/index.php\/2018\/11\/30\/bc-en-crisis-de-liquidez-se-extiende-la-inconformidad\/\" class=\"more-link\">Leer m\u00e1s<\/a><\/p>\n","protected":false},"author":2,"featured_media":27759,"comment_status":"closed","ping_status":"closed","sticky":false,"template":"","format":"standard","meta":{"ngg_post_thumbnail":0,"_jetpack_newsletter_access":"","_jetpack_dont_email_post_to_subs":false,"_jetpack_newsletter_tier_id":0,"_jetpack_memberships_contains_paywalled_content":false,"_jetpack_memberships_contains_paid_content":false,"footnotes":""},"categories":[5,80,1207,2],"tags":[],"class_list":["post-27758","post","type-post","status-publish","format-standard","has-post-thumbnail","hentry","category-baja-california","category-cintillo","category-conflictos-laborales-en-baja-california","category-noticias-nacionales","entry"],"jetpack_featured_media_url":"https:\/\/www.grieta.org.mx\/wp-content\/uploads\/2018\/11\/captura_de_pantalla_2018-11-30_a_las_07.23.28.png","jetpack_sharing_enabled":true,"jetpack_shortlink":"https:\/\/wp.me\/p7ZJR4-7dI","jetpack_likes_enabled":false,"jetpack-related-posts":[{"id":27766,"url":"https:\/\/www.grieta.org.mx\/index.php\/2018\/11\/30\/toman-maestros-jubilados-recaudacion-de-rentas-y-oficinas-centrales-del-estado-baja-california\/","url_meta":{"origin":27758,"position":0},"title":"Toman maestros jubilados Recaudaci\u00f3n de Rentas y Oficinas Centrales del Estado (Baja California)","author":"grieta","date":"30 noviembre, 2018","format":false,"excerpt":"Ambos sindicatos acordaron realizar la toma de edificios simult\u00e1neamente, por lo que el SNTE bloqueo oficinas centrales y el SETE Recaudaci\u00f3n de Rentas. Foto Luis Arellano Sarmiento Por Luis Arellano Sarmiento Mexicali, 30 de noviembre.- En protesta a la falta de pago, profesores jubilados encadenaron las oficinas de Recaudaci\u00f3n de\u2026","rel":"","context":"En &quot;Baja California&quot;","block_context":{"text":"Baja California","link":"https:\/\/www.grieta.org.mx\/index.php\/category\/noticias-nacionales\/baja-california\/"},"img":{"alt_text":"","src":"https:\/\/i0.wp.com\/www.grieta.org.mx\/wp-content\/uploads\/2018\/11\/captura_de_pantalla_2018-11-30_a_las_10.54.29.png?resize=350%2C200&ssl=1","width":350,"height":200,"srcset":"https:\/\/i0.wp.com\/www.grieta.org.mx\/wp-content\/uploads\/2018\/11\/captura_de_pantalla_2018-11-30_a_las_10.54.29.png?resize=350%2C200&ssl=1 1x, https:\/\/i0.wp.com\/www.grieta.org.mx\/wp-content\/uploads\/2018\/11\/captura_de_pantalla_2018-11-30_a_las_10.54.29.png?resize=525%2C300&ssl=1 1.5x"},"classes":[]},{"id":27383,"url":"https:\/\/www.grieta.org.mx\/index.php\/2018\/10\/29\/protestaran-maestros-jubilados-por-incumplimiento-de-pago-del-gobierno-de-bc-les-deben-300-mdp\/","url_meta":{"origin":27758,"position":1},"title":"Protestar\u00e1n maestros jubilados por incumplimiento de pago del gobierno de BC; les deben 300 mdp","author":"grieta","date":"29 octubre, 2018","format":false,"excerpt":"Antonio Heras Mexicali.- Maestros y trabajadores de la educaci\u00f3n se manifestar\u00e1n este martes por el anuncio del gobierno de Baja California de no tener dinero para pagar la n\u00f3mina de jubilados. La secretaria de la secci\u00f3n 37 del SNTE, Mar\u00eda Luisa Guti\u00e9rrez Fregoso, convoc\u00f3 a la manifestaci\u00f3n en las instalaciones\u2026","rel":"","context":"En &quot;Baja California&quot;","block_context":{"text":"Baja California","link":"https:\/\/www.grieta.org.mx\/index.php\/category\/noticias-nacionales\/baja-california\/"},"img":{"alt_text":"","src":"https:\/\/i0.wp.com\/www.grieta.org.mx\/wp-content\/uploads\/2018\/10\/images-705112093615532116294.jpg?resize=350%2C200&ssl=1","width":350,"height":200,"srcset":"https:\/\/i0.wp.com\/www.grieta.org.mx\/wp-content\/uploads\/2018\/10\/images-705112093615532116294.jpg?resize=350%2C200&ssl=1 1x, https:\/\/i0.wp.com\/www.grieta.org.mx\/wp-content\/uploads\/2018\/10\/images-705112093615532116294.jpg?resize=525%2C300&ssl=1 1.5x"},"classes":[]},{"id":28376,"url":"https:\/\/www.grieta.org.mx\/index.php\/2019\/01\/13\/lluvia-de-reclamos-contra-gobernador-kiko-vega-baja-california\/","url_meta":{"origin":27758,"position":2},"title":"\u201cLluvia\u201d de reclamos contra gobernador Kiko Vega (Baja California)","author":"grieta","date":"13 enero, 2019","format":false,"excerpt":"Reclamaron al gobernador la falta de pago puntual a maestros activos y jubilados, incluyendo un contingente de profesores del Centro de Estudios Cient\u00edficos y Tecnol\u00f3gicos de Baja California (Cecyte). Foto Luis Arellano Sarmiento POR LUIS ARELLANO SARMIENTO Mexicali, 13 de enero. \u2013 Al cumplirse dos a\u00f1os de las manifestaciones multitudinarias\u2026","rel":"","context":"En &quot;Baja California&quot;","block_context":{"text":"Baja California","link":"https:\/\/www.grieta.org.mx\/index.php\/category\/noticias-nacionales\/baja-california\/"},"img":{"alt_text":"","src":"https:\/\/i0.wp.com\/www.grieta.org.mx\/wp-content\/uploads\/2019\/01\/img_1797.jpg?resize=350%2C200&ssl=1","width":350,"height":200,"srcset":"https:\/\/i0.wp.com\/www.grieta.org.mx\/wp-content\/uploads\/2019\/01\/img_1797.jpg?resize=350%2C200&ssl=1 1x, https:\/\/i0.wp.com\/www.grieta.org.mx\/wp-content\/uploads\/2019\/01\/img_1797.jpg?resize=525%2C300&ssl=1 1.5x"},"classes":[]},{"id":27802,"url":"https:\/\/www.grieta.org.mx\/index.php\/2018\/12\/07\/kiko-ya-paga-o-renuncia-reclaman-maestros-al-gobernador-baja-california\/","url_meta":{"origin":27758,"position":3},"title":"&#8220;\u00a1Kiko, ya paga o renuncia!&#8221;, reclaman maestros al gobernador (Baja California)","author":"grieta","date":"7 diciembre, 2018","format":false,"excerpt":"Advierten que continuar\u00e1n las movilizaciones hasta que se les resuelva la situaci\u00f3n. Foto Secci\u00f3n 37 del SNTE Por Redacci\u00f3n Mexicali, 7 de diciembre.- Con la consigna \"\u00a1Kiko, ya paga o renuncia!\", cientos de maestros integrantes de la Secci\u00f3n 37 del Sindicato Nacional de Trabajadores de la Educaci\u00f3n (SNTE) bloquearon las\u2026","rel":"","context":"En &quot;Baja California&quot;","block_context":{"text":"Baja California","link":"https:\/\/www.grieta.org.mx\/index.php\/category\/noticias-nacionales\/baja-california\/"},"img":{"alt_text":"","src":"https:\/\/i0.wp.com\/www.grieta.org.mx\/wp-content\/uploads\/2018\/12\/manifestacion1.jpg?resize=350%2C200&ssl=1","width":350,"height":200,"srcset":"https:\/\/i0.wp.com\/www.grieta.org.mx\/wp-content\/uploads\/2018\/12\/manifestacion1.jpg?resize=350%2C200&ssl=1 1x, https:\/\/i0.wp.com\/www.grieta.org.mx\/wp-content\/uploads\/2018\/12\/manifestacion1.jpg?resize=525%2C300&ssl=1 1.5x"},"classes":[]},{"id":37864,"url":"https:\/\/www.grieta.org.mx\/index.php\/2019\/08\/12\/detecto-asf-desde-2017-crisis-financiera-para-pago-a-jubilados-de-baja-california\/","url_meta":{"origin":27758,"position":4},"title":"Detect\u00f3 ASF desde 2017 crisis financiera para pago a jubilados de Baja California","author":"grieta","date":"12 agosto, 2019","format":false,"excerpt":"Antonio Heras y Jorge Heras \/ Lindero Norte. Mexicali.- La Auditor\u00eda Superior de la Federaci\u00f3n (ASF) detect\u00f3 desde 2017 la crisis financiera en que se encuentra el sistema de pensiones y jubilaciones de Baja California. La auditor\u00eda advirti\u00f3 que la administraci\u00f3n de Francisco Vega, presidente del Consejo de Administraci\u00f3n del\u2026","rel":"","context":"En &quot;Baja California&quot;","block_context":{"text":"Baja California","link":"https:\/\/www.grieta.org.mx\/index.php\/category\/noticias-nacionales\/baja-california\/"},"img":{"alt_text":"","src":"https:\/\/i0.wp.com\/www.grieta.org.mx\/wp-content\/uploads\/2019\/08\/pensiones-Issstecali.jpeg?resize=350%2C200&ssl=1","width":350,"height":200,"srcset":"https:\/\/i0.wp.com\/www.grieta.org.mx\/wp-content\/uploads\/2019\/08\/pensiones-Issstecali.jpeg?resize=350%2C200&ssl=1 1x, https:\/\/i0.wp.com\/www.grieta.org.mx\/wp-content\/uploads\/2019\/08\/pensiones-Issstecali.jpeg?resize=525%2C300&ssl=1 1.5x, https:\/\/i0.wp.com\/www.grieta.org.mx\/wp-content\/uploads\/2019\/08\/pensiones-Issstecali.jpeg?resize=700%2C400&ssl=1 2x"},"classes":[]},{"id":27799,"url":"https:\/\/www.grieta.org.mx\/index.php\/2018\/12\/07\/pagan-salarios-a-docentes-de-cecyte-clases-se-renuevan-este-lunes-baja-california\/","url_meta":{"origin":27758,"position":5},"title":"Pagan salarios a docentes de Cecyte, clases se renuevan este lunes (Baja California)","author":"grieta","date":"7 diciembre, 2018","format":false,"excerpt":"In\u00e9s Garc\u00eda Ramos El Colegio de Estudios Cient\u00edficos y Tecnol\u00f3gicos de Baja California (Cecyte) inform\u00f3 que tras el pago de dos quincenas a sus empleados, las clases para los alumnos se renovar\u00e1n este lunes 10 de diciembre. Desde el viernes 23 de noviembre, docentes y personal administrativo del Sindicato Poder\u2026","rel":"","context":"En &quot;Baja California&quot;","block_context":{"text":"Baja California","link":"https:\/\/www.grieta.org.mx\/index.php\/category\/noticias-nacionales\/baja-california\/"},"img":{"alt_text":"","src":"https:\/\/i0.wp.com\/www.grieta.org.mx\/wp-content\/uploads\/2018\/12\/WhatsApp-Image-2018-12-07-at-4.45.27-PM-750x500.jpeg?resize=350%2C200&ssl=1","width":350,"height":200,"srcset":"https:\/\/i0.wp.com\/www.grieta.org.mx\/wp-content\/uploads\/2018\/12\/WhatsApp-Image-2018-12-07-at-4.45.27-PM-750x500.jpeg?resize=350%2C200&ssl=1 1x, https:\/\/i0.wp.com\/www.grieta.org.mx\/wp-content\/uploads\/2018\/12\/WhatsApp-Image-2018-12-07-at-4.45.27-PM-750x500.jpeg?resize=525%2C300&ssl=1 1.5x, https:\/\/i0.wp.com\/www.grieta.org.mx\/wp-content\/uploads\/2018\/12\/WhatsApp-Image-2018-12-07-at-4.45.27-PM-750x500.jpeg?resize=700%2C400&ssl=1 2x"},"classes":[]}],"_links":{"self":[{"href":"https:\/\/www.grieta.org.mx\/index.php\/wp-json\/wp\/v2\/posts\/27758","targetHints":{"allow":["GET"]}}],"collection":[{"href":"https:\/\/www.grieta.org.mx\/index.php\/wp-json\/wp\/v2\/posts"}],"about":[{"href":"https:\/\/www.grieta.org.mx\/index.php\/wp-json\/wp\/v2\/types\/post"}],"author":[{"embeddable":true,"href":"https:\/\/www.grieta.org.mx\/index.php\/wp-json\/wp\/v2\/users\/2"}],"replies":[{"embeddable":true,"href":"https:\/\/www.grieta.org.mx\/index.php\/wp-json\/wp\/v2\/comments?post=27758"}],"version-history":[{"count":1,"href":"https:\/\/www.grieta.org.mx\/index.php\/wp-json\/wp\/v2\/posts\/27758\/revisions"}],"predecessor-version":[{"id":27762,"href":"https:\/\/www.grieta.org.mx\/index.php\/wp-json\/wp\/v2\/posts\/27758\/revisions\/27762"}],"wp:featuredmedia":[{"embeddable":true,"href":"https:\/\/www.grieta.org.mx\/index.php\/wp-json\/wp\/v2\/media\/27759"}],"wp:attachment":[{"href":"https:\/\/www.grieta.org.mx\/index.php\/wp-json\/wp\/v2\/media?parent=27758"}],"wp:term":[{"taxonomy":"category","embeddable":true,"href":"https:\/\/www.grieta.org.mx\/index.php\/wp-json\/wp\/v2\/categories?post=27758"},{"taxonomy":"post_tag","embeddable":true,"href":"https:\/\/www.grieta.org.mx\/index.php\/wp-json\/wp\/v2\/tags?post=27758"}],"curies":[{"name":"wp","href":"https:\/\/api.w.org\/{rel}","templated":true}]}}