{"id":27748,"date":"2018-11-13T10:26:44","date_gmt":"2018-11-13T16:26:44","guid":{"rendered":"http:\/\/www.grieta.org.mx\/?p=27748"},"modified":"2018-11-29T10:30:22","modified_gmt":"2018-11-29T16:30:22","slug":"la-voz-de-los-desaparecidos-en-puebla","status":"publish","type":"post","link":"https:\/\/www.grieta.org.mx\/index.php\/2018\/11\/13\/la-voz-de-los-desaparecidos-en-puebla\/","title":{"rendered":"La Voz de los desaparecidos en Puebla"},"content":{"rendered":"<p>Aranzaz\u00fa Ayala Mart\u00ednez \/ Lado B<\/p>\n<p><img loading=\"lazy\" decoding=\"async\" data-attachment-id=\"27747\" data-permalink=\"https:\/\/www.grieta.org.mx\/?attachment_id=27747\" data-orig-file=\"https:\/\/www.grieta.org.mx\/wp-content\/uploads\/2018\/11\/WhatsApp-Image-2018-11-13-at-09.16.26.jpg\" data-orig-size=\"960,1280\" data-comments-opened=\"0\" data-image-meta=\"{&quot;aperture&quot;:&quot;0&quot;,&quot;credit&quot;:&quot;&quot;,&quot;camera&quot;:&quot;&quot;,&quot;caption&quot;:&quot;&quot;,&quot;created_timestamp&quot;:&quot;0&quot;,&quot;copyright&quot;:&quot;&quot;,&quot;focal_length&quot;:&quot;0&quot;,&quot;iso&quot;:&quot;0&quot;,&quot;shutter_speed&quot;:&quot;0&quot;,&quot;title&quot;:&quot;&quot;,&quot;orientation&quot;:&quot;0&quot;}\" data-image-title=\"WhatsApp-Image-2018-11-13-at-09.16.26\" data-image-description=\"\" data-image-caption=\"\" data-medium-file=\"https:\/\/www.grieta.org.mx\/wp-content\/uploads\/2018\/11\/WhatsApp-Image-2018-11-13-at-09.16.26-225x300.jpg\" data-large-file=\"https:\/\/www.grieta.org.mx\/wp-content\/uploads\/2018\/11\/WhatsApp-Image-2018-11-13-at-09.16.26-768x1024.jpg\" src=\"http:\/\/www.grieta.org.mx\/wp-content\/uploads\/2018\/11\/WhatsApp-Image-2018-11-13-at-09.16.26-225x300.jpg\" alt=\"\" width=\"702\" height=\"802\" class=\"aligncenter size-medium wp-image-27747\" \/><\/p>\n<p>El 28 de abril del a\u00f1o pasado Juan de Dios N\u00fa\u00f1ez, originario de Palmar de Bravo, sali\u00f3 con sus amigos Abraham y Vicente, habitantes del municipio Ca\u00f1ada Morelos. Por la noche el joven de 23 a\u00f1os se comunic\u00f3 con su mam\u00e1, Mar\u00eda Luis N\u00fa\u00f1ez y le dijo que hab\u00eda un ret\u00e9n en la carretera que lo llevaba a casa, en el tramo de Tecamachalco a Cuacnopalan pero que no tardaba en llegar. Desde ese d\u00eda los tres j\u00f3venes siguen desaparecidos.<\/p>\n<p>La b\u00fasqueda sin resultados y las numerosas omisiones y trabas por parte de la Fiscal\u00eda General del Estado llevaron a Mar\u00eda Luisa, abogada de profesi\u00f3n, junto con Mar\u00eda Luc\u00eda Linares Gracia, mam\u00e1 de Abraham y Vicente Basurto Linares, a conformar el colectivo \u201cVoz de los desaparecidos en Puebla\u201d, para encontrar a sus familiares y visibilizar el fen\u00f3meno de las desapariciones en la entidad.<\/p>\n<p>La b\u00fasqueda para encontrar a Juan de Dios ha sido, para su mam\u00e1, \u201coscuridad, oscuridad y oscuridad\u201d. Todos estos meses la comunicaci\u00f3n con las autoridades ha sido topar con pared y negativas; la negativa de entregarle la copia de su carpeta de investigaci\u00f3n, la falta de un defensor jur\u00eddico, la negativa de aceptar pruebas que ella misma tuvo que conseguir y aportar, la tardanza de m\u00e1s de un a\u00f1o de entregarle la s\u00e1bana de llamadas, y sobre todo el no buscar a su hijo.<\/p>\n<p>El 30 de agosto, d\u00eda del detenido desaparecido, fue el primer evento que hizo el colectivo que en apenas tres meses ya sum\u00f3 a 13 familias de Puebla, Tehuac\u00e1n, Palmar de Bravo, Tecamachalco, Ca\u00f1ada Morelos, Xicotepec de Ju\u00e1rez y San Andr\u00e9s Cholula. Adem\u00e1s de la asesor\u00eda legal y en tr\u00e1mites, el colectivo se ha convertido para Mar\u00eda Luisa y los dem\u00e1s integrantes en una suerte de familia.<\/p>\n<p>Algunas de las familias se contactaron por redes sociales y se sumaron al colectivo. Mar\u00eda Luis dice que aunque son muchas personas las que buscan a sus desaparecidos, est\u00e1n aislados. Y las manifestaciones o exigencias por separado no hab\u00edan dado resultados; despu\u00e9s de la conformaci\u00f3n del colectivo los familiares tuvieron ya dos reuniones con autoridades de la FGE y algunos avances particulares en sus carpetas de investigaci\u00f3n.<\/p>\n<p>Para Victoria Rosales Camacho, mam\u00e1 de Nadia Guadalupe Morales Rosales, la Voz de los desaparecidos es una compa\u00f1\u00eda mutua y un apoyo permanente. En la segunda manifestaci\u00f3n que hicieron afuera de la FGE el pasado 6 de noviembre, la se\u00f1ora Victoria dijo que con el colectivo ya no va sola a hacer los tr\u00e1mites, siempre hay alguien que vaya con ella y entre familiares se ayudan todo el tiempo.<\/p>\n<p>Desde su creaci\u00f3n el colectivo ha hecho tres eventos p\u00fablicos, el primero cuando se conform\u00f3 y los siguientes afuera de las instalaciones de la FGE, donde se expusieron las fotos de los desaparecidos.<\/p>\n<p>Mar\u00eda Luisa relat\u00f3 que todas las familias tienen en com\u00fan las mismas omisiones, como la falta de asesores jur\u00eddicos, la lentitud en los tr\u00e1mites y en que pr\u00e1cticamente todos los avances los han hecho ellos, con sus propias investigaciones y sus propios medios. El objetivo del colectivo, dijo, es agruparse, ayudar en la b\u00fasqueda, tener informaci\u00f3n efectiva y luchar contra el silencio del gobierno y la constante de atribuir cualquier desaparici\u00f3n a un \u201cajuste de cuentas\u201d o a un \u201cproblema personal\u201d.<\/p>\n<p>Desde 2014 hab\u00eda indicios que se\u00f1alaban que las desapariciones ser\u00edan un polvor\u00edn en el estado de Puebla. Las mismas cifras de la FGE analizadas y contextualizadas por LADO B daban cuenta de un alarmante aumento en las tasas de personas no localizadas. El crecimiento de este fen\u00f3meno que ha marcado tantos estados a nivel nacional ya toc\u00f3 a Puebla, con la conformaci\u00f3n del colectivo \u201cla Voz de los desaparecidos en Puebla\u201d, como una muestra de que no se puede seguir ignorando un problema real: la gente desaparece las autoridades no la est\u00e1n buscando.<\/p>\n<p><strong>M\u00e1s desaparecidos, m\u00e1s silencio<\/strong><\/p>\n<p>Del total de las personas desaparecidas de 2011 al  8 de octubre de 2018, pr\u00e1cticamente la mitad sigue desaparecida. De acuerdo con informaci\u00f3n de la propia FGE en la solicitud de informaci\u00f3n 01140018 con fecha del 8 de octubre, en todo ese lapso de tiempo desaparecieron 4702 personas. De ellas, 2209 segu\u00edan a ese d\u00eda sin ser localizadas, lo que representa el 47%. Los datos oficiales revelan que casi la mitad de la gente que desaparece en Puebla parece que se la tragara la tierra.<\/p>\n<p>A partir de 2015 la tendencia favorable para el hallazgo de personas desaparecidas se revirti\u00f3. Mientras que en 2011, a\u00f1o del inicio de la anterior administraci\u00f3n estatal, la relaci\u00f3n de personas localizadas-no localizadas fue de 61% a 39%, al a\u00f1o siguiente pas\u00f3 de 67% a 33% y para 2013 de 79% a 21%. En 2014 el 80% de los desaparecidos fueron hallados y el 20% permanec\u00edan sin ser localizados.<\/p>\n<p>Sin embargo, al a\u00f1o siguiente las cifras cambiaron: 69% fueron localizados y 31% no, tendencia que se mantuvo para el a\u00f1o siguiente donde apenas 49% se reportaron como localizados y 51%, m\u00e1s de la mitad, segu\u00eda desaparecido. En 2017 el porcentaje de personas encontradas fue de 38% y las a\u00fan desaparecidas representaron 62%. Y de enero a octubre de 2018 apenas 22% de las personas que la FGE registr\u00f3 como no localizadas fue hallada: 78% segu\u00edan desaparecidas hasta hace un mes.<\/p>\n<p>El incremento en las desapariciones de personas pareciera poner en alerta a la sociedad civil pero no a las autoridades. Sin embargo la lucha del colectivo Voz de los desaparecidos ya lleg\u00f3 hasta la Organizaci\u00f3n de las Naciones Unidas, resultando en tres recomendaciones espec\u00edficas para la Fiscal\u00eda General del Estado, que en su momento encabezaba V\u00edctor Carranc\u00e1 Bourget, por los casos de Juan de Dios, Abraham y Vicente.<\/p>\n<p>El Alto Comisionado para los Derechos Humanos de la ONU emiti\u00f3 tres acciones urgentes el 29 de septiembre de 2017, las cuales todav\u00eda siguen abiertas por la falta de claridad y sobre todo porque todav\u00eda se desconoce el paradero de los tres j\u00f3venes. Mar\u00eda Luisa dijo que si bien las instancias internacionales tienen conocimiento ya de ese caso ser\u00e1n las dem\u00e1s familias las que de manera particular emprendan acciones para llevar a nivel nacional e internacional cada uno de los casos de quienes integran el colectivo.<\/p>\n<p><a href=\"https:\/\/ladobe.com.mx\/2018\/11\/la-voz-de-los-desaparecidos-en-puebla\/\">https:\/\/ladobe.com.mx\/2018\/11\/la-voz-de-los-desaparecidos-en-puebla\/<\/a><\/p>\n","protected":false},"excerpt":{"rendered":"<p>Aranzaz\u00fa Ayala Mart\u00ednez \/ Lado B El 28 de abril del a\u00f1o pasado Juan de Dios N\u00fa\u00f1ez, originario de Palmar de Bravo, sali\u00f3 con sus amigos Abraham y Vicente, habitantes &hellip; <a href=\"https:\/\/www.grieta.org.mx\/index.php\/2018\/11\/13\/la-voz-de-los-desaparecidos-en-puebla\/\" class=\"more-link\">Leer m\u00e1s<\/a><\/p>\n","protected":false},"author":2,"featured_media":27747,"comment_status":"closed","ping_status":"closed","sticky":false,"template":"","format":"standard","meta":{"ngg_post_thumbnail":0,"_jetpack_newsletter_access":"","_jetpack_dont_email_post_to_subs":false,"_jetpack_newsletter_tier_id":0,"_jetpack_memberships_contains_paywalled_content":false,"_jetpack_memberships_contains_paid_content":false,"footnotes":""},"categories":[80,87,1045,2,26,83],"tags":[121],"class_list":["post-27748","post","type-post","status-publish","format-standard","has-post-thumbnail","hentry","category-cintillo","category-desaparecidos","category-desaparecidos-en-puebla","category-noticias-nacionales","category-puebla","category-temas-nacionales","tag-desaparecidos","entry"],"jetpack_featured_media_url":"https:\/\/www.grieta.org.mx\/wp-content\/uploads\/2018\/11\/WhatsApp-Image-2018-11-13-at-09.16.26.jpg","jetpack_sharing_enabled":true,"jetpack_shortlink":"https:\/\/wp.me\/p7ZJR4-7dy","jetpack_likes_enabled":false,"jetpack-related-posts":[{"id":32807,"url":"https:\/\/www.grieta.org.mx\/index.php\/2019\/04\/29\/madres-bordan-mural-con-nombre-de-desaparecidos-puebla\/","url_meta":{"origin":27748,"position":0},"title":"Madres bordan mural con nombre de desaparecidos (Puebla)","author":"grieta","date":"29 abril, 2019","format":false,"excerpt":"Kara Castillo \/ Newsweek Como un acto de protesta pac\u00edfica, madres bordaron con hilo verde, el color de la esperanza, el nombre de sus hijos desaparecidos: Michel, Kevin, Juan de Dios, \u00c1ngel, Karina, Ana Mar\u00eda, Diego j\u00f3venes y ni\u00f1os que engrosan la lista de los m\u00e1s de 2 mil casos\u2026","rel":"","context":"En &quot;CINTILLO&quot;","block_context":{"text":"CINTILLO","link":"https:\/\/www.grieta.org.mx\/index.php\/category\/cintillo\/"},"img":{"alt_text":"","src":"https:\/\/i0.wp.com\/www.grieta.org.mx\/wp-content\/uploads\/2019\/05\/02.jpg?resize=350%2C200&ssl=1","width":350,"height":200,"srcset":"https:\/\/i0.wp.com\/www.grieta.org.mx\/wp-content\/uploads\/2019\/05\/02.jpg?resize=350%2C200&ssl=1 1x, https:\/\/i0.wp.com\/www.grieta.org.mx\/wp-content\/uploads\/2019\/05\/02.jpg?resize=525%2C300&ssl=1 1.5x, https:\/\/i0.wp.com\/www.grieta.org.mx\/wp-content\/uploads\/2019\/05\/02.jpg?resize=700%2C400&ssl=1 2x, https:\/\/i0.wp.com\/www.grieta.org.mx\/wp-content\/uploads\/2019\/05\/02.jpg?resize=1050%2C600&ssl=1 3x"},"classes":[]},{"id":45506,"url":"https:\/\/www.grieta.org.mx\/index.php\/2020\/03\/03\/colectivo-de-puebla-si-encontro-a-desaparecidos-tras-intervenir-fosas-clandestinas-en-veracruz\/","url_meta":{"origin":27748,"position":1},"title":"Colectivo de Puebla s\u00ed encontr\u00f3 a desaparecidos tras intervenir fosas clandestinas en Veracruz","author":"Admin","date":"3 marzo, 2020","format":false,"excerpt":"Magarely Hern\u00e1ndez \/ P\u00e1gina Negra Tras intervenir fosas clandestinas en el estado de Veracruz, el colectivo \u201cVoz de los Desaparecidos\u201d de Puebla encontr\u00f3 restos de personas que podr\u00edan ser algunos poblanos buscados desde hace varios meses e incluso a\u00f1os. As\u00ed lo confirm\u00f3 a P\u00c1GINA NEGRA Mar\u00eda Luisa N\u00fa\u00f1ez, vocera del\u2026","rel":"","context":"En &quot;CINTILLO&quot;","block_context":{"text":"CINTILLO","link":"https:\/\/www.grieta.org.mx\/index.php\/category\/cintillo\/"},"img":{"alt_text":"","src":"https:\/\/i0.wp.com\/www.grieta.org.mx\/wp-content\/uploads\/2020\/03\/Captura-de-pantalla-2020-03-04-a-las-12.03.59-p.m..png?resize=350%2C200&ssl=1","width":350,"height":200,"srcset":"https:\/\/i0.wp.com\/www.grieta.org.mx\/wp-content\/uploads\/2020\/03\/Captura-de-pantalla-2020-03-04-a-las-12.03.59-p.m..png?resize=350%2C200&ssl=1 1x, https:\/\/i0.wp.com\/www.grieta.org.mx\/wp-content\/uploads\/2020\/03\/Captura-de-pantalla-2020-03-04-a-las-12.03.59-p.m..png?resize=525%2C300&ssl=1 1.5x"},"classes":[]},{"id":53070,"url":"https:\/\/www.grieta.org.mx\/index.php\/2020\/08\/30\/aun-en-el-confinamiento-siguen-desapariciones-en-puebla\/","url_meta":{"origin":27748,"position":2},"title":"A\u00fan en el confinamiento, siguen desapariciones en Puebla","author":"Admin","date":"30 agosto, 2020","format":false,"excerpt":"Gabriela Hern\u00e1ndez \/ Proceso PUEBLA, Pue. (proceso.com.mx).- En el D\u00eda Internacional del Desaparecido, el Colectivo Voz de los Desaparecidos de Puebla advirti\u00f3 que a\u00fan en el confinamiento se siguen presentando casos de personas no localizadas en esta entidad. Mar\u00eda Luisa N\u00fa\u00f1ez Barojas, representante del colectivo, dijo que de enero a\u2026","rel":"","context":"En &quot;CINTILLO&quot;","block_context":{"text":"CINTILLO","link":"https:\/\/www.grieta.org.mx\/index.php\/category\/cintillo\/"},"img":{"alt_text":"","src":"https:\/\/i0.wp.com\/www.grieta.org.mx\/wp-content\/uploads\/2020\/09\/desaparecidos-puebla-870x522-1.jpg?resize=350%2C200&ssl=1","width":350,"height":200,"srcset":"https:\/\/i0.wp.com\/www.grieta.org.mx\/wp-content\/uploads\/2020\/09\/desaparecidos-puebla-870x522-1.jpg?resize=350%2C200&ssl=1 1x, https:\/\/i0.wp.com\/www.grieta.org.mx\/wp-content\/uploads\/2020\/09\/desaparecidos-puebla-870x522-1.jpg?resize=525%2C300&ssl=1 1.5x, https:\/\/i0.wp.com\/www.grieta.org.mx\/wp-content\/uploads\/2020\/09\/desaparecidos-puebla-870x522-1.jpg?resize=700%2C400&ssl=1 2x"},"classes":[]},{"id":39300,"url":"https:\/\/www.grieta.org.mx\/index.php\/2019\/08\/31\/suman-en-puebla-8-mil-500-desaparecidos\/","url_meta":{"origin":27748,"position":3},"title":"Suman en Puebla 8 mil 500 desaparecidos","author":"Admin","date":"31 agosto, 2019","format":false,"excerpt":"Berenice Mart\u00ednez \/ El Sol de Puebla Puebla ocupa el octavo lugar nacional en desaparici\u00f3n de personas con 8 mil 500 casos registrados en los \u00faltimos ocho a\u00f1os, seg\u00fan las estad\u00edsticas del colectivo La Voz de los Desaparecidos, sin embargo, la Fiscal\u00eda General del Estado (FGE) solo reconoce 2 mil\u2026","rel":"","context":"En &quot;CINTILLO&quot;","block_context":{"text":"CINTILLO","link":"https:\/\/www.grieta.org.mx\/index.php\/category\/cintillo\/"},"img":{"alt_text":"","src":"https:\/\/i0.wp.com\/www.grieta.org.mx\/wp-content\/uploads\/2019\/09\/desaparecidos.jpg?resize=350%2C200&ssl=1","width":350,"height":200,"srcset":"https:\/\/i0.wp.com\/www.grieta.org.mx\/wp-content\/uploads\/2019\/09\/desaparecidos.jpg?resize=350%2C200&ssl=1 1x, https:\/\/i0.wp.com\/www.grieta.org.mx\/wp-content\/uploads\/2019\/09\/desaparecidos.jpg?resize=525%2C300&ssl=1 1.5x, https:\/\/i0.wp.com\/www.grieta.org.mx\/wp-content\/uploads\/2019\/09\/desaparecidos.jpg?resize=700%2C400&ssl=1 2x"},"classes":[]},{"id":26948,"url":"https:\/\/www.grieta.org.mx\/index.php\/2018\/05\/10\/marchan-madres-por-sus-hijos-desaparecidos-en-el-triangulo-rojo-puebla\/","url_meta":{"origin":27748,"position":4},"title":"Marchan madres por sus hijos desaparecidos en el Tri\u00e1ngulo Rojo (Puebla)","author":"grieta","date":"10 mayo, 2018","format":false,"excerpt":"Las madres que han perdido a un hijo en el Tri\u00e1ngulo Rojo saben que en el proceso no s\u00f3lo enfrentan los riesgos de los huachicoleros, sino a autoridades procuradoras de justicia que no trabajan ni tienen con qu\u00e9 hacerlo. En b\u00fasqueda de respuestas han llegado a oficinas como la de\u2026","rel":"","context":"En &quot;Desaparecidos&quot;","block_context":{"text":"Desaparecidos","link":"https:\/\/www.grieta.org.mx\/index.php\/category\/temas-nacionales\/desaparecidos\/"},"img":{"alt_text":"","src":"https:\/\/i0.wp.com\/www.grieta.org.mx\/wp-content\/uploads\/2018\/10\/madres-de-desaparecidos-329181.jpg?resize=350%2C200&ssl=1","width":350,"height":200,"srcset":"https:\/\/i0.wp.com\/www.grieta.org.mx\/wp-content\/uploads\/2018\/10\/madres-de-desaparecidos-329181.jpg?resize=350%2C200&ssl=1 1x, https:\/\/i0.wp.com\/www.grieta.org.mx\/wp-content\/uploads\/2018\/10\/madres-de-desaparecidos-329181.jpg?resize=525%2C300&ssl=1 1.5x"},"classes":[]},{"id":38605,"url":"https:\/\/www.grieta.org.mx\/index.php\/2019\/08\/30\/la-fiscalia-maquilla-las-cifras-la-voz-de-los-desaparecidos-puebla\/","url_meta":{"origin":27748,"position":5},"title":"La Fiscal\u00eda maquilla las cifras: La Voz de los Desaparecidos (Puebla)","author":"Admin","date":"30 agosto, 2019","format":false,"excerpt":"Eduardo Cabrera \/ El Popular En julio pasado, el hallazgo del cad\u00e1ver de un delegado de Gobernaci\u00f3n destap\u00f3 una cruda realidad en Puebla. Autoridades reportaron lo que ser\u00eda la fosa clandestina m\u00e1s grande en el estado, en el que se extrajeron alrededor de 20 cuerpos de un pozo de Huejotzingo.\u2026","rel":"","context":"En &quot;CINTILLO&quot;","block_context":{"text":"CINTILLO","link":"https:\/\/www.grieta.org.mx\/index.php\/category\/cintillo\/"},"img":{"alt_text":"","src":"https:\/\/i0.wp.com\/www.grieta.org.mx\/wp-content\/uploads\/2019\/08\/1f3c8ffddc44a3340711855811e6134e_nota_685x411_thumb.png?resize=350%2C200&ssl=1","width":350,"height":200,"srcset":"https:\/\/i0.wp.com\/www.grieta.org.mx\/wp-content\/uploads\/2019\/08\/1f3c8ffddc44a3340711855811e6134e_nota_685x411_thumb.png?resize=350%2C200&ssl=1 1x, https:\/\/i0.wp.com\/www.grieta.org.mx\/wp-content\/uploads\/2019\/08\/1f3c8ffddc44a3340711855811e6134e_nota_685x411_thumb.png?resize=525%2C300&ssl=1 1.5x"},"classes":[]}],"_links":{"self":[{"href":"https:\/\/www.grieta.org.mx\/index.php\/wp-json\/wp\/v2\/posts\/27748","targetHints":{"allow":["GET"]}}],"collection":[{"href":"https:\/\/www.grieta.org.mx\/index.php\/wp-json\/wp\/v2\/posts"}],"about":[{"href":"https:\/\/www.grieta.org.mx\/index.php\/wp-json\/wp\/v2\/types\/post"}],"author":[{"embeddable":true,"href":"https:\/\/www.grieta.org.mx\/index.php\/wp-json\/wp\/v2\/users\/2"}],"replies":[{"embeddable":true,"href":"https:\/\/www.grieta.org.mx\/index.php\/wp-json\/wp\/v2\/comments?post=27748"}],"version-history":[{"count":1,"href":"https:\/\/www.grieta.org.mx\/index.php\/wp-json\/wp\/v2\/posts\/27748\/revisions"}],"predecessor-version":[{"id":27750,"href":"https:\/\/www.grieta.org.mx\/index.php\/wp-json\/wp\/v2\/posts\/27748\/revisions\/27750"}],"wp:featuredmedia":[{"embeddable":true,"href":"https:\/\/www.grieta.org.mx\/index.php\/wp-json\/wp\/v2\/media\/27747"}],"wp:attachment":[{"href":"https:\/\/www.grieta.org.mx\/index.php\/wp-json\/wp\/v2\/media?parent=27748"}],"wp:term":[{"taxonomy":"category","embeddable":true,"href":"https:\/\/www.grieta.org.mx\/index.php\/wp-json\/wp\/v2\/categories?post=27748"},{"taxonomy":"post_tag","embeddable":true,"href":"https:\/\/www.grieta.org.mx\/index.php\/wp-json\/wp\/v2\/tags?post=27748"}],"curies":[{"name":"wp","href":"https:\/\/api.w.org\/{rel}","templated":true}]}}