{"id":27736,"date":"2018-11-22T10:02:57","date_gmt":"2018-11-22T16:02:57","guid":{"rendered":"http:\/\/www.grieta.org.mx\/?p=27736"},"modified":"2018-11-29T10:06:15","modified_gmt":"2018-11-29T16:06:15","slug":"mueren-ninos-en-puebla-por-agua-contaminada","status":"publish","type":"post","link":"https:\/\/www.grieta.org.mx\/index.php\/2018\/11\/22\/mueren-ninos-en-puebla-por-agua-contaminada\/","title":{"rendered":"Mueren ni\u00f1os en Puebla por agua contaminada"},"content":{"rendered":"<p>Alba Espejel \/ El Popular<\/p>\n<p><img loading=\"lazy\" decoding=\"async\" data-attachment-id=\"27737\" data-permalink=\"https:\/\/www.grieta.org.mx\/index.php\/2018\/11\/22\/mueren-ninos-en-puebla-por-agua-contaminada\/captura-de-pantalla-2018-11-29-10-02-11\/\" data-orig-file=\"https:\/\/www.grieta.org.mx\/wp-content\/uploads\/2018\/11\/Captura-de-pantalla-2018-11-29-10.02.11.png\" data-orig-size=\"983,597\" data-comments-opened=\"0\" data-image-meta=\"{&quot;aperture&quot;:&quot;0&quot;,&quot;credit&quot;:&quot;&quot;,&quot;camera&quot;:&quot;&quot;,&quot;caption&quot;:&quot;&quot;,&quot;created_timestamp&quot;:&quot;0&quot;,&quot;copyright&quot;:&quot;&quot;,&quot;focal_length&quot;:&quot;0&quot;,&quot;iso&quot;:&quot;0&quot;,&quot;shutter_speed&quot;:&quot;0&quot;,&quot;title&quot;:&quot;&quot;,&quot;orientation&quot;:&quot;0&quot;}\" data-image-title=\"Captura de pantalla 2018-11-29 10.02.11\" data-image-description=\"\" data-image-caption=\"\" data-medium-file=\"https:\/\/www.grieta.org.mx\/wp-content\/uploads\/2018\/11\/Captura-de-pantalla-2018-11-29-10.02.11-300x182.png\" data-large-file=\"https:\/\/www.grieta.org.mx\/wp-content\/uploads\/2018\/11\/Captura-de-pantalla-2018-11-29-10.02.11.png\" src=\"http:\/\/www.grieta.org.mx\/wp-content\/uploads\/2018\/11\/Captura-de-pantalla-2018-11-29-10.02.11-300x182.png\" alt=\"\" width=\"702\" height=\"468\" class=\"aligncenter size-medium wp-image-27737\" \/><\/p>\n<p>Violeta Trinidad, directora ejecutiva de la organizaci\u00f3n Dale la Cara al Atoyac AC, inform\u00f3 que de acuerdo con cifras de la Comisi\u00f3n Nacional del Agua (Conagua), Puebla tiene el primer lugar en mortandad infantil por el contacto del agua contaminada; dijo que hay varios contaminantes en los alimentos diarios y que el Atoyac tiene metales pesados lo que ha generado un estr\u00e9s h\u00eddrico, es decir, que por la contaminaci\u00f3n no se puede ocupar este l\u00edquido.<\/p>\n<p>\u201cHemos tenido v\u00ednculo con la academia con otras asociaciones civiles y, por supuesto, nos hemos enfocado en generar pol\u00edticas p\u00fablicas, para no ser una asociaci\u00f3n impositiva sino propositiva. Sin embargo, despu\u00e9s de nueve a\u00f1os de lucha nos hemos dado cuenta de que el incumplimiento de la ley nos est\u00e1 afectando a todos los poblanos, por la contaminaci\u00f3n del r\u00edo. Nos dimos cuenta que va mucho m\u00e1s all\u00e1 de la contaminaci\u00f3n, hay corrupci\u00f3n, y es un tema de salud\u201d, coment\u00f3.<\/p>\n<p>Explic\u00f3 que, con base en muestreos, han registrado que el agua ya pas\u00f3 los l\u00edmites que establecen las normas mexicanas oficiales; no obstante, los cultivos se siguen regando con dicha agua y posteriormente las hortalizas se comercializan. Explic\u00f3 que Puebla ha llegado al grado de buscar nuevas fuentes de agua debido a que las de la zona est\u00e1n contaminadas.\u201d Ahora tienen que excavar mucho m\u00e1s profundo y esto cuesta mucho dinero, el agua es un derecho, pero al final de cuentas los servicios se tienen que pagar, somos usuarios\u201d, agreg\u00f3.<\/p>\n<p>Con anterioridad la organizaci\u00f3n inform\u00f3 que la entidad poblana ten\u00eda un d\u00e9ficit en plantas de tratamiento, de los 217 municipios s\u00f3lo 34 aplican alg\u00fan tipo de tratamiento en el agua, lo que hab\u00eda generado m\u00e1s de 50 contaminantes provenientes del R\u00edo Atoyac.<\/p>\n<p><a href=\"https:\/\/www.elpopular.mx\/2018\/11\/22\/local\/mueren-ninos-en-puebla-por-agua-contaminada-193993\">https:\/\/www.elpopular.mx\/2018\/11\/22\/local\/mueren-ninos-en-puebla-por-agua-contaminada-193993<\/a><\/p>\n","protected":false},"excerpt":{"rendered":"<p>Alba Espejel \/ El Popular Violeta Trinidad, directora ejecutiva de la organizaci\u00f3n Dale la Cara al Atoyac AC, inform\u00f3 que de acuerdo con cifras de la Comisi\u00f3n Nacional del Agua &hellip; <a href=\"https:\/\/www.grieta.org.mx\/index.php\/2018\/11\/22\/mueren-ninos-en-puebla-por-agua-contaminada\/\" class=\"more-link\">Leer m\u00e1s<\/a><\/p>\n","protected":false},"author":2,"featured_media":27737,"comment_status":"closed","ping_status":"closed","sticky":false,"template":"","format":"standard","meta":{"ngg_post_thumbnail":0,"_jetpack_newsletter_access":"","_jetpack_dont_email_post_to_subs":false,"_jetpack_newsletter_tier_id":0,"_jetpack_memberships_contains_paywalled_content":false,"_jetpack_memberships_contains_paid_content":false,"footnotes":""},"categories":[80,1255,2,26],"tags":[425,1435],"class_list":["post-27736","post","type-post","status-publish","format-standard","has-post-thumbnail","hentry","category-cintillo","category-contaminacion-del-agua-por-industria-en-puebla","category-noticias-nacionales","category-puebla","tag-contaminacion-agua","tag-violencia-contra-ninos-y-ninas","entry"],"jetpack_featured_media_url":"https:\/\/www.grieta.org.mx\/wp-content\/uploads\/2018\/11\/Captura-de-pantalla-2018-11-29-10.02.11.png","jetpack_sharing_enabled":true,"jetpack_shortlink":"https:\/\/wp.me\/p7ZJR4-7dm","jetpack_likes_enabled":false,"jetpack-related-posts":[{"id":39913,"url":"https:\/\/www.grieta.org.mx\/index.php\/2019\/10\/01\/contaminacion-del-atoyac-por-corrupcion-en-puebla\/","url_meta":{"origin":27736,"position":0},"title":"Contaminaci\u00f3n del Atoyac, por corrupci\u00f3n en Puebla","author":"Admin","date":"1 octubre, 2019","format":false,"excerpt":"Redacci\u00f3n \/ El Popular Entre 2013 y 2017, el gobierno federal destin\u00f3 m\u00e1s de 940 millones de pesos para la instalaci\u00f3n de 16 plantas de tratamiento de agua en Puebla y Tlaxcala; sin embargo, esto ha propiciado casos de desv\u00edo de dinero y complejos construidos, pero sin entrar en operaciones\u2026","rel":"","context":"En &quot;CINTILLO&quot;","block_context":{"text":"CINTILLO","link":"https:\/\/www.grieta.org.mx\/index.php\/category\/cintillo\/"},"img":{"alt_text":"","src":"https:\/\/i0.wp.com\/www.grieta.org.mx\/wp-content\/uploads\/2019\/10\/efe4127836c64d4186b054b5aa0f69a1_nota_685x411_thumb.jpg?resize=350%2C200&ssl=1","width":350,"height":200,"srcset":"https:\/\/i0.wp.com\/www.grieta.org.mx\/wp-content\/uploads\/2019\/10\/efe4127836c64d4186b054b5aa0f69a1_nota_685x411_thumb.jpg?resize=350%2C200&ssl=1 1x, https:\/\/i0.wp.com\/www.grieta.org.mx\/wp-content\/uploads\/2019\/10\/efe4127836c64d4186b054b5aa0f69a1_nota_685x411_thumb.jpg?resize=525%2C300&ssl=1 1.5x"},"classes":[]},{"id":41390,"url":"https:\/\/www.grieta.org.mx\/index.php\/2019\/11\/20\/poblanos-enferman-por-agua-contaminada\/","url_meta":{"origin":27736,"position":1},"title":"Poblanos enferman por agua contaminada","author":"Admin","date":"20 noviembre, 2019","format":false,"excerpt":"Puebla. La contaminaci\u00f3n que generan las empresas de autopartes y textiles instaladas entre los municipios de Juan C. Bonilla y Huejotzingo es una realidad fuera de control. Producto de las descargas residuales que incumplen las normas de Semarnat y Conagua, los efectos nocivos ya son evidentes. El agua para consumo\u2026","rel":"","context":"En &quot;CINTILLO&quot;","block_context":{"text":"CINTILLO","link":"https:\/\/www.grieta.org.mx\/index.php\/category\/cintillo\/"},"img":{"alt_text":"","src":"https:\/\/i0.wp.com\/www.grieta.org.mx\/wp-content\/uploads\/2019\/11\/Captura-de-pantalla-2019-11-21-12.03.08.png?resize=350%2C200&ssl=1","width":350,"height":200,"srcset":"https:\/\/i0.wp.com\/www.grieta.org.mx\/wp-content\/uploads\/2019\/11\/Captura-de-pantalla-2019-11-21-12.03.08.png?resize=350%2C200&ssl=1 1x, https:\/\/i0.wp.com\/www.grieta.org.mx\/wp-content\/uploads\/2019\/11\/Captura-de-pantalla-2019-11-21-12.03.08.png?resize=525%2C300&ssl=1 1.5x, https:\/\/i0.wp.com\/www.grieta.org.mx\/wp-content\/uploads\/2019\/11\/Captura-de-pantalla-2019-11-21-12.03.08.png?resize=700%2C400&ssl=1 2x, https:\/\/i0.wp.com\/www.grieta.org.mx\/wp-content\/uploads\/2019\/11\/Captura-de-pantalla-2019-11-21-12.03.08.png?resize=1050%2C600&ssl=1 3x"},"classes":[]},{"id":12257,"url":"https:\/\/www.grieta.org.mx\/index.php\/2016\/07\/25\/danos-ambientales-por-industria-maquiladora-en-puebla\/","url_meta":{"origin":27736,"position":2},"title":"Contaminaci\u00f3n del agua por industria maquiladora en Puebla","author":"grieta","date":"25 julio, 2016","format":false,"excerpt":"26\/07\/16. No funcionan 20 plantas de tratamiento de aguas residuales en Puebla: Conagua Contraparte 18\/07\/16. R\u00edo Atoyac: responsabilidad compartida o corrupci\u00f3n ininterrumpida (Puebla) e-consulta 11\/05\/16. Lavander\u00eda contamina r\u00edo y tierras en comunidad de Huejotzingo (Puebla) Municipios Puebla","rel":"","context":"En &quot;NOTICIAS NACIONALES&quot;","block_context":{"text":"NOTICIAS NACIONALES","link":"https:\/\/www.grieta.org.mx\/index.php\/category\/noticias-nacionales\/"},"img":{"alt_text":"","src":"https:\/\/i0.wp.com\/www.grieta.org.mx\/wp-content\/uploads\/2018\/03\/14524434_1106112876131411_958039263622046936_o.jpg?resize=350%2C200&ssl=1","width":350,"height":200,"srcset":"https:\/\/i0.wp.com\/www.grieta.org.mx\/wp-content\/uploads\/2018\/03\/14524434_1106112876131411_958039263622046936_o.jpg?resize=350%2C200&ssl=1 1x, https:\/\/i0.wp.com\/www.grieta.org.mx\/wp-content\/uploads\/2018\/03\/14524434_1106112876131411_958039263622046936_o.jpg?resize=525%2C300&ssl=1 1.5x, https:\/\/i0.wp.com\/www.grieta.org.mx\/wp-content\/uploads\/2018\/03\/14524434_1106112876131411_958039263622046936_o.jpg?resize=700%2C400&ssl=1 2x"},"classes":[]},{"id":43431,"url":"https:\/\/www.grieta.org.mx\/index.php\/2020\/01\/22\/desechos-industriales-vertidos-en-rio-atoyac-llevan-muerte-a-tlaxcala-y-puebla\/","url_meta":{"origin":27736,"position":3},"title":"Desechos industriales vertidos en R\u00edo Atoyac llevan muerte a Tlaxcala y Puebla","author":"Admin","date":"22 enero, 2020","format":false,"excerpt":"Redacci\u00f3n \/ La Verdad Poblados de Tlaxcala y Puebla, se han envuelto en contaminantes, luego de que, el R\u00edo Atoyac, corriente fluvial que atraviesa ambos estados, lleva la muerte a los seres vivos con los que se cruza a su paso. R\u00edo Atoyac mata todo a su paso Las que\u2026","rel":"","context":"En &quot;CINTILLO&quot;","block_context":{"text":"CINTILLO","link":"https:\/\/www.grieta.org.mx\/index.php\/category\/cintillo\/"},"img":{"alt_text":"","src":"https:\/\/i0.wp.com\/www.grieta.org.mx\/wp-content\/uploads\/2020\/01\/Captura-de-pantalla-2020-01-24-a-las-1.25.49-p.m..png?resize=350%2C200&ssl=1","width":350,"height":200,"srcset":"https:\/\/i0.wp.com\/www.grieta.org.mx\/wp-content\/uploads\/2020\/01\/Captura-de-pantalla-2020-01-24-a-las-1.25.49-p.m..png?resize=350%2C200&ssl=1 1x, https:\/\/i0.wp.com\/www.grieta.org.mx\/wp-content\/uploads\/2020\/01\/Captura-de-pantalla-2020-01-24-a-las-1.25.49-p.m..png?resize=525%2C300&ssl=1 1.5x"},"classes":[]},{"id":41362,"url":"https:\/\/www.grieta.org.mx\/index.php\/2019\/10\/20\/contaminacion-en-rio-atoyac-deja-mas-de-25-mil-muertos-puebla-y-tlaxcala\/","url_meta":{"origin":27736,"position":4},"title":"Contaminaci\u00f3n en r\u00edo Atoyac deja m\u00e1s de 25 mil muertos (Puebla y Tlaxcala)","author":"Admin","date":"20 octubre, 2019","format":false,"excerpt":"Redacci\u00f3n \/ Milenio digital PUEBLA.- A lo largo de su vida, Isabel Cano Flores no solo vio morir al r\u00edo Atoyac, tambi\u00e9n sufri\u00f3 la muerte de una de sus hijas a causa de c\u00e1ncer en la sangre que adquiri\u00f3 por la exposici\u00f3n a t\u00f3xicos como el benceno, plomo y ars\u00e9nico\u2026","rel":"","context":"En &quot;CINTILLO&quot;","block_context":{"text":"CINTILLO","link":"https:\/\/www.grieta.org.mx\/index.php\/category\/cintillo\/"},"img":{"alt_text":"","src":"https:\/\/i0.wp.com\/www.grieta.org.mx\/wp-content\/uploads\/2019\/11\/rio-atoyac-andres-lobato_0_28_640_398.jpg?resize=350%2C200&ssl=1","width":350,"height":200,"srcset":"https:\/\/i0.wp.com\/www.grieta.org.mx\/wp-content\/uploads\/2019\/11\/rio-atoyac-andres-lobato_0_28_640_398.jpg?resize=350%2C200&ssl=1 1x, https:\/\/i0.wp.com\/www.grieta.org.mx\/wp-content\/uploads\/2019\/11\/rio-atoyac-andres-lobato_0_28_640_398.jpg?resize=525%2C300&ssl=1 1.5x, https:\/\/i0.wp.com\/www.grieta.org.mx\/wp-content\/uploads\/2019\/11\/rio-atoyac-andres-lobato_0_28_640_398.jpg?resize=700%2C400&ssl=1 2x"},"classes":[]},{"id":36681,"url":"https:\/\/www.grieta.org.mx\/index.php\/2019\/07\/18\/contaminacion-afecta-salud-en-michicayucan-puebla\/","url_meta":{"origin":27736,"position":5},"title":"Contaminaci\u00f3n afecta salud en Michicayucan (Puebla)","author":"Admin","date":"18 julio, 2019","format":false,"excerpt":"Juan Ascencio \/ El Popular Habitantes de la comunidad de Michicayucan, perteneciente al municipio de Tlatlauquitepec, denunciaron la contaminaci\u00f3n que sufre el r\u00edo que atraviesa por esta zona. Se\u00f1alaron que los desechos provienen de Zaragoza, pues descarga en este afluente aguas negras e infecta el caudal. Los vecinos de la\u2026","rel":"","context":"En &quot;CINTILLO&quot;","block_context":{"text":"CINTILLO","link":"https:\/\/www.grieta.org.mx\/index.php\/category\/cintillo\/"},"img":{"alt_text":"","src":"https:\/\/i0.wp.com\/www.grieta.org.mx\/wp-content\/uploads\/2019\/07\/contaminacion-afecta-salud-en-michicayucan-78e55a536a8f5f882f768a6c2ade7cd1.png?resize=350%2C200&ssl=1","width":350,"height":200,"srcset":"https:\/\/i0.wp.com\/www.grieta.org.mx\/wp-content\/uploads\/2019\/07\/contaminacion-afecta-salud-en-michicayucan-78e55a536a8f5f882f768a6c2ade7cd1.png?resize=350%2C200&ssl=1 1x, https:\/\/i0.wp.com\/www.grieta.org.mx\/wp-content\/uploads\/2019\/07\/contaminacion-afecta-salud-en-michicayucan-78e55a536a8f5f882f768a6c2ade7cd1.png?resize=525%2C300&ssl=1 1.5x, https:\/\/i0.wp.com\/www.grieta.org.mx\/wp-content\/uploads\/2019\/07\/contaminacion-afecta-salud-en-michicayucan-78e55a536a8f5f882f768a6c2ade7cd1.png?resize=700%2C400&ssl=1 2x"},"classes":[]}],"_links":{"self":[{"href":"https:\/\/www.grieta.org.mx\/index.php\/wp-json\/wp\/v2\/posts\/27736","targetHints":{"allow":["GET"]}}],"collection":[{"href":"https:\/\/www.grieta.org.mx\/index.php\/wp-json\/wp\/v2\/posts"}],"about":[{"href":"https:\/\/www.grieta.org.mx\/index.php\/wp-json\/wp\/v2\/types\/post"}],"author":[{"embeddable":true,"href":"https:\/\/www.grieta.org.mx\/index.php\/wp-json\/wp\/v2\/users\/2"}],"replies":[{"embeddable":true,"href":"https:\/\/www.grieta.org.mx\/index.php\/wp-json\/wp\/v2\/comments?post=27736"}],"version-history":[{"count":1,"href":"https:\/\/www.grieta.org.mx\/index.php\/wp-json\/wp\/v2\/posts\/27736\/revisions"}],"predecessor-version":[{"id":27738,"href":"https:\/\/www.grieta.org.mx\/index.php\/wp-json\/wp\/v2\/posts\/27736\/revisions\/27738"}],"wp:featuredmedia":[{"embeddable":true,"href":"https:\/\/www.grieta.org.mx\/index.php\/wp-json\/wp\/v2\/media\/27737"}],"wp:attachment":[{"href":"https:\/\/www.grieta.org.mx\/index.php\/wp-json\/wp\/v2\/media?parent=27736"}],"wp:term":[{"taxonomy":"category","embeddable":true,"href":"https:\/\/www.grieta.org.mx\/index.php\/wp-json\/wp\/v2\/categories?post=27736"},{"taxonomy":"post_tag","embeddable":true,"href":"https:\/\/www.grieta.org.mx\/index.php\/wp-json\/wp\/v2\/tags?post=27736"}],"curies":[{"name":"wp","href":"https:\/\/api.w.org\/{rel}","templated":true}]}}