{"id":27730,"date":"2018-11-22T16:44:35","date_gmt":"2018-11-22T22:44:35","guid":{"rendered":"http:\/\/www.grieta.org.mx\/?p=27730"},"modified":"2018-11-28T16:49:02","modified_gmt":"2018-11-28T22:49:02","slug":"pueblos-de-la-cuenca-del-papaloapan-rechazan-megaproyectos-mineros-e-hidroelectricos-oaxaca","status":"publish","type":"post","link":"https:\/\/www.grieta.org.mx\/index.php\/2018\/11\/22\/pueblos-de-la-cuenca-del-papaloapan-rechazan-megaproyectos-mineros-e-hidroelectricos-oaxaca\/","title":{"rendered":"Pueblos de la Cuenca del Papaloapan rechazan megaproyectos mineros e hidroel\u00e9ctricos (Oaxaca)"},"content":{"rendered":"<p>Proceso.<\/p>\n<p>Pedro Mat\u00edas,<\/p>\n<p><img loading=\"lazy\" decoding=\"async\" data-attachment-id=\"27731\" data-permalink=\"https:\/\/www.grieta.org.mx\/index.php\/2018\/11\/22\/pueblos-de-la-cuenca-del-papaloapan-rechazan-megaproyectos-mineros-e-hidroelectricos-oaxaca\/estados-8-1\/\" data-orig-file=\"https:\/\/www.grieta.org.mx\/wp-content\/uploads\/2018\/11\/estados-8-1.jpg\" data-orig-size=\"702,367\" data-comments-opened=\"0\" data-image-meta=\"{&quot;aperture&quot;:&quot;0&quot;,&quot;credit&quot;:&quot;&quot;,&quot;camera&quot;:&quot;&quot;,&quot;caption&quot;:&quot;&quot;,&quot;created_timestamp&quot;:&quot;0&quot;,&quot;copyright&quot;:&quot;&quot;,&quot;focal_length&quot;:&quot;0&quot;,&quot;iso&quot;:&quot;0&quot;,&quot;shutter_speed&quot;:&quot;0&quot;,&quot;title&quot;:&quot;&quot;,&quot;orientation&quot;:&quot;0&quot;}\" data-image-title=\"estados-8-1\" data-image-description=\"\" data-image-caption=\"\" data-medium-file=\"https:\/\/www.grieta.org.mx\/wp-content\/uploads\/2018\/11\/estados-8-1-300x157.jpg\" data-large-file=\"https:\/\/www.grieta.org.mx\/wp-content\/uploads\/2018\/11\/estados-8-1.jpg\" src=\"http:\/\/www.grieta.org.mx\/wp-content\/uploads\/2018\/11\/estados-8-1-300x157.jpg\" alt=\"\" width=\"300\" height=\"157\" class=\"aligncenter size-medium wp-image-27731\" srcset=\"https:\/\/www.grieta.org.mx\/wp-content\/uploads\/2018\/11\/estados-8-1-300x157.jpg 300w, https:\/\/www.grieta.org.mx\/wp-content\/uploads\/2018\/11\/estados-8-1.jpg 702w\" sizes=\"auto, (max-width: 300px) 100vw, 300px\" \/><\/p>\n<p>Oaxaca, Oax. (apro).- La Asamblea de Pueblos Originarios en Defensa del Territorio de la Cuenca del Papaloapan rechazaron todo tipo de megaproyectos, la iniciativa de ley para el desarrollo agrario y las consultas que promueve el presidente electo Andr\u00e9s Manuel L\u00f3pez Obrador porque \u201chay antecedentes de lo que han sufrido nuestros pueblos con los despojos\u201d.<\/p>\n<p>Juan Roque P\u00e9rez, de la regi\u00f3n de la Chinantla afirm\u00f3 \u201cno queremos ning\u00fan tipo de megaproyectos porque atentar\u00eda contra la vida de los pueblos originarios zapoteco, mixe y chinanteco y no creemos en las consultas, lo \u00fanico que queremos es que respeten nuestras tierras y territorios, no pedimos gran cosa, sino que respeten nuestra decisi\u00f3n y nuestra forma de vida\u201d.<\/p>\n<p>Expuso que alrededor de 30 comunidades se declararon en asamblea permanente y guardianes para \u201cimpedir la destrucci\u00f3n de nuestros territorios por las imposiciones de proyectos y megaproyectos que en diversas regiones ind\u00edgenas del pa\u00eds est\u00e1n imponiendo a sangre y fuego los gobiernos federales y estatales\u201d.<\/p>\n<p>\u201cLa Chinantla siempre ha sido el foco rojo y un im\u00e1n para las empresas transnacionales porque hay una riqueza natural atractiva porque cuenta con agua, yacimientos mineros, hidrocarburos y bosques, pero los pueblos saben que \u201cvivimos una guerra de despojo para la acumulaci\u00f3n de la riqueza en unas cuantas manos, desde nuestros pueblos podemos mirar que para el futuro solo nos ofrecen la muerte\u201d.<\/p>\n<p>El ejidatario Fernando Hern\u00e1ndez manifest\u00f3 su preocupaci\u00f3n dado que, en San Vicente Arroyo Jabal\u00ed, perteneciente al municipio de Santiago Jocotepec, se realizaron estudios para la explotaci\u00f3n minera, sin embargo, el pueblo determin\u00f3 clausurar el estudio en el 2008.<\/p>\n<p>Ahora podr\u00eda reactivarse ese proyecto minero luego que el gobierno federal y estatal impusieron las zonas econ\u00f3micas especiales porque \u201cel gobierno no ha dejado de ver a este pueblo como una zona econ\u00f3mica. Desconocemos que empresa es solo sabemos que es extranjera. El pueblo rechaz\u00f3 ese megaproyecto y acord\u00f3 clausurar la exploraci\u00f3n\u201d.<\/p>\n<p>A su vez, Gerardo L\u00f3pez Cervantes, denunci\u00f3 que en la cuenca del Papaloapan, precisamente en el r\u00edo Cajonos en inmediaciones de Ayotzintepec se pretende construir una hidroel\u00e9ctrica y otras m\u00e1s en donde confluyen los r\u00edo Cajonos y el r\u00edo Mojarra, rumbo al rinc\u00f3n bajo, seg\u00fan han explicado trabajadores de la Comisi\u00f3n Federal de Electricidad.<\/p>\n<p>Entonces, \u201ccon las nuevas zonas econ\u00f3micas especiales si nos van a afectar por eso decimos no a los megaproyectos, a las presas, a las mineras y a la autopista o todo lo que piensan construir\u201d.<\/p>\n<p>En una conferencia de prensa declararon que \u201clas autoridades municipales y agrarias de las comunidades de la Cuenca del Papaloapan nos declaramos en asamblea permanente, porque permanente es la guerra del despojo\u201d.<\/p>\n<p>Y agregaron que \u201cno aceptamos, ni aceptaremos ning\u00fan megaproyecto porque atentan contra la vida de nuestra madre tierra y todos los que en ella habitamos; declaramos que nuestro no, es rotundo, definitivo, innegociable e irreconciliable\u201d.<\/p>\n<p>Finalmente destacaron que rechazan la iniciativa de Ley para el desarrollo agrario, ya que es una nueva reforma estructural neoliberal que convalida el poner la producci\u00f3n de hidrocarburos, de energ\u00eda el\u00e9ctrica y minera por encima de cualquier otra, y porque adem\u00e1s de dar continuidad a la reforma salinista, es la continuaci\u00f3n de las reformas impulsadas por el r\u00e9gimen saliente\u201d.<\/p>\n<p><a href=\"https:\/\/www.proceso.com.mx\/560741\/pueblos-de-la-cuenca-del-papaloapan-rechazan-megaproyectos-mineros-e-hidroelectricos\" rel=\"noopener\" target=\"_blank\">https:\/\/www.proceso.com.mx\/560741\/pueblos-de-la-cuenca-del-papaloapan-rechazan-megaproyectos-mineros-e-hidroelectricos<\/a><\/p>\n","protected":false},"excerpt":{"rendered":"<p>Proceso. Pedro Mat\u00edas, Oaxaca, Oax. (apro).- La Asamblea de Pueblos Originarios en Defensa del Territorio de la Cuenca del Papaloapan rechazaron todo tipo de megaproyectos, la iniciativa de ley para &hellip; <a href=\"https:\/\/www.grieta.org.mx\/index.php\/2018\/11\/22\/pueblos-de-la-cuenca-del-papaloapan-rechazan-megaproyectos-mineros-e-hidroelectricos-oaxaca\/\" class=\"more-link\">Leer m\u00e1s<\/a><\/p>\n","protected":false},"author":2,"featured_media":27731,"comment_status":"closed","ping_status":"closed","sticky":false,"template":"","format":"standard","meta":{"ngg_post_thumbnail":0,"_jetpack_newsletter_access":"","_jetpack_dont_email_post_to_subs":false,"_jetpack_newsletter_tier_id":0,"_jetpack_memberships_contains_paywalled_content":false,"_jetpack_memberships_contains_paid_content":false,"footnotes":""},"categories":[80,1357,1358,2,25],"tags":[],"class_list":["post-27730","post","type-post","status-publish","format-standard","has-post-thumbnail","hentry","category-cintillo","category-conflictos-mineros-en-oaxaca","category-conflictos-por-megaproyectos-en-oaxaca","category-noticias-nacionales","category-oaxaca","entry"],"jetpack_featured_media_url":"https:\/\/www.grieta.org.mx\/wp-content\/uploads\/2018\/11\/estados-8-1.jpg","jetpack_sharing_enabled":true,"jetpack_shortlink":"https:\/\/wp.me\/p7ZJR4-7dg","jetpack_likes_enabled":false,"jetpack-related-posts":[{"id":54118,"url":"https:\/\/www.grieta.org.mx\/index.php\/2020\/10\/12\/cancelacion-de-megaproyectos-de-muerte-piden-pueblos-originarios-de-oaxaca\/","url_meta":{"origin":27730,"position":0},"title":"Cancelaci\u00f3n de megaproyectos de muerte piden pueblos originarios de Oaxaca","author":"grieta","date":"12 octubre, 2020","format":false,"excerpt":"P\u00e1gina 3 \/ Pedro Mat\u00edas. Consideran que \u201cno basta un perd\u00f3n\u201d sino que debe traducirse en eliminaci\u00f3n de leyes que amparan despojo de sus territorios \u201cAdvierten: \u201cmientras no haya leyes justas que respeten nuestros pueblos, no habr\u00e1 paz para el gobierno\u201d OAXACA, Oax. (pagina3.mx).- Comunidades y Pueblos Ind\u00edgenas exigieron al\u2026","rel":"","context":"En &quot;CINTILLO&quot;","block_context":{"text":"CINTILLO","link":"https:\/\/www.grieta.org.mx\/index.php\/category\/cintillo\/"},"img":{"alt_text":"","src":"https:\/\/i0.wp.com\/www.grieta.org.mx\/wp-content\/uploads\/2020\/10\/1.png?resize=350%2C200&ssl=1","width":350,"height":200,"srcset":"https:\/\/i0.wp.com\/www.grieta.org.mx\/wp-content\/uploads\/2020\/10\/1.png?resize=350%2C200&ssl=1 1x, https:\/\/i0.wp.com\/www.grieta.org.mx\/wp-content\/uploads\/2020\/10\/1.png?resize=525%2C300&ssl=1 1.5x"},"classes":[]},{"id":60148,"url":"https:\/\/www.grieta.org.mx\/index.php\/2021\/06\/25\/pueblos-en-resistencia-a-megaproyectos-se-reunen-en-oaxaca\/","url_meta":{"origin":27730,"position":1},"title":"Pueblos en resistencia a megaproyectos se re\u00fanen en Oaxaca","author":"grieta","date":"25 junio, 2021","format":false,"excerpt":"Avispa Midia \/ Sare Frabes. Pueblos en resistencia a megaproyectos se re\u00fanen en Oaxaca. El pasado s\u00e1bado (19), representantes de diversos pueblos y colectividades fueron recibidos en la comunidad de El Rebollero, perteneciente al municipio de San Pablo Cuatro Venados, Oaxaca. Este territorio est\u00e1 en resistencia y en alerta por\u2026","rel":"","context":"En &quot;CINTILLO&quot;","block_context":{"text":"CINTILLO","link":"https:\/\/www.grieta.org.mx\/index.php\/category\/cintillo\/"},"img":{"alt_text":"","src":"https:\/\/i0.wp.com\/www.grieta.org.mx\/wp-content\/uploads\/2021\/06\/B.jpeg?resize=350%2C200&ssl=1","width":350,"height":200,"srcset":"https:\/\/i0.wp.com\/www.grieta.org.mx\/wp-content\/uploads\/2021\/06\/B.jpeg?resize=350%2C200&ssl=1 1x, https:\/\/i0.wp.com\/www.grieta.org.mx\/wp-content\/uploads\/2021\/06\/B.jpeg?resize=525%2C300&ssl=1 1.5x, https:\/\/i0.wp.com\/www.grieta.org.mx\/wp-content\/uploads\/2021\/06\/B.jpeg?resize=700%2C400&ssl=1 2x, https:\/\/i0.wp.com\/www.grieta.org.mx\/wp-content\/uploads\/2021\/06\/B.jpeg?resize=1050%2C600&ssl=1 3x"},"classes":[]},{"id":49868,"url":"https:\/\/www.grieta.org.mx\/index.php\/2020\/05\/22\/en-plena-pandemia-se-queda-sin-consultas-medicas-comunidad-indigena-en-la-cuenca-del-papaloapan-oaxaca\/","url_meta":{"origin":27730,"position":2},"title":"En plena pandemia, se queda sin consultas m\u00e9dicas comunidad ind\u00edgena en la Cuenca del Papaloapan  (Oaxaca)","author":"grieta","date":"22 mayo, 2020","format":false,"excerpt":"P\u00e1gina 3 \/ Corresponsal\u00eda. Tuxtepec, Oax.- La Unidad M\u00e9dica de del Instituto Mexicano del Seguro Social (IMSS) de la comunidad Cerro Concha, perteneciente al municipio de Santa Mar\u00eda Jacatepec, en la Cuenca del Papaloapan, se qued\u00f3 sin consultas m\u00e9dicas porque el personal encargado fue mandado a cuarentena. Lo anterior, como\u2026","rel":"","context":"En &quot;CINTILLO&quot;","block_context":{"text":"CINTILLO","link":"https:\/\/www.grieta.org.mx\/index.php\/category\/cintillo\/"},"img":{"alt_text":"","src":"https:\/\/i0.wp.com\/www.grieta.org.mx\/wp-content\/uploads\/2018\/03\/14524434_1106112876131411_958039263622046936_o.jpg?resize=350%2C200&ssl=1","width":350,"height":200,"srcset":"https:\/\/i0.wp.com\/www.grieta.org.mx\/wp-content\/uploads\/2018\/03\/14524434_1106112876131411_958039263622046936_o.jpg?resize=350%2C200&ssl=1 1x, https:\/\/i0.wp.com\/www.grieta.org.mx\/wp-content\/uploads\/2018\/03\/14524434_1106112876131411_958039263622046936_o.jpg?resize=525%2C300&ssl=1 1.5x, https:\/\/i0.wp.com\/www.grieta.org.mx\/wp-content\/uploads\/2018\/03\/14524434_1106112876131411_958039263622046936_o.jpg?resize=700%2C400&ssl=1 2x"},"classes":[]},{"id":40074,"url":"https:\/\/www.grieta.org.mx\/index.php\/2019\/10\/08\/resistencias-en-oaxaca-se-suman-a-jornada-global-samir-flores-vive\/","url_meta":{"origin":27730,"position":3},"title":"Resistencias en Oaxaca se suman a jornada global Samir Flores Vive","author":"grieta","date":"8 octubre, 2019","format":false,"excerpt":"Avispa Midia \/ Rafael E. Lozano Conferencia de prensa Oaxaca, 7 de oct. Foto: Rafael E Lozano\/Avispa Midia Autoridades de los pueblos ind\u00edgenas de Santa Catarina Lachatao y de Magdalena Teitipac junto a organizaciones y colectivos de Oaxaca anunciaron este lunes 7 de octubre, en conferencia de prensa, que se\u2026","rel":"","context":"En &quot;CINTILLO&quot;","block_context":{"text":"CINTILLO","link":"https:\/\/www.grieta.org.mx\/index.php\/category\/cintillo\/"},"img":{"alt_text":"","src":"https:\/\/i0.wp.com\/www.grieta.org.mx\/wp-content\/uploads\/2019\/10\/Jornada-Samir-Flores-Vive-Oaxaca.jpg?resize=350%2C200&ssl=1","width":350,"height":200,"srcset":"https:\/\/i0.wp.com\/www.grieta.org.mx\/wp-content\/uploads\/2019\/10\/Jornada-Samir-Flores-Vive-Oaxaca.jpg?resize=350%2C200&ssl=1 1x, https:\/\/i0.wp.com\/www.grieta.org.mx\/wp-content\/uploads\/2019\/10\/Jornada-Samir-Flores-Vive-Oaxaca.jpg?resize=525%2C300&ssl=1 1.5x, https:\/\/i0.wp.com\/www.grieta.org.mx\/wp-content\/uploads\/2019\/10\/Jornada-Samir-Flores-Vive-Oaxaca.jpg?resize=700%2C400&ssl=1 2x"},"classes":[]},{"id":72174,"url":"https:\/\/www.grieta.org.mx\/index.php\/2025\/08\/11\/pueblos-indigenas-del-istmo-de-tehuantepec-refuerzan-su-lucha-contra-megaproyectos-extractivistas-oaxaca\/","url_meta":{"origin":27730,"position":4},"title":"Pueblos ind\u00edgenas del Istmo de Tehuantepec refuerzan su lucha contra megaproyectos extractivistas (Oaxaca)","author":"grieta","date":"11 agosto, 2025","format":false,"excerpt":"Imagen: Somos el Medio Comunidades chontales, zapotecas e ikoots denunciaron que megaproyectos como el Corredor Interoce\u00e1nico y la miner\u00eda violan sus derechos colectivos mientras anuncian nuevas estrategias de resistencia territorial. Redacci\u00f3n \/ @Somoselmedio Ciudad de M\u00e9xico, 11 de agosto 2025.- Con un llamado urgente a la unidad de los pueblos\u2026","rel":"","context":"En &quot;5. Istmo&quot;","block_context":{"text":"5. Istmo","link":"https:\/\/www.grieta.org.mx\/index.php\/category\/espejos-de-la-resistencia\/5-istmo\/"},"img":{"alt_text":"","src":"https:\/\/i0.wp.com\/www.grieta.org.mx\/wp-content\/uploads\/2025\/08\/529219594_1183510233813309_6588029443724338084_n.webp?resize=350%2C200&ssl=1","width":350,"height":200,"srcset":"https:\/\/i0.wp.com\/www.grieta.org.mx\/wp-content\/uploads\/2025\/08\/529219594_1183510233813309_6588029443724338084_n.webp?resize=350%2C200&ssl=1 1x, https:\/\/i0.wp.com\/www.grieta.org.mx\/wp-content\/uploads\/2025\/08\/529219594_1183510233813309_6588029443724338084_n.webp?resize=525%2C300&ssl=1 1.5x, https:\/\/i0.wp.com\/www.grieta.org.mx\/wp-content\/uploads\/2025\/08\/529219594_1183510233813309_6588029443724338084_n.webp?resize=700%2C400&ssl=1 2x, https:\/\/i0.wp.com\/www.grieta.org.mx\/wp-content\/uploads\/2025\/08\/529219594_1183510233813309_6588029443724338084_n.webp?resize=1050%2C600&ssl=1 3x, https:\/\/i0.wp.com\/www.grieta.org.mx\/wp-content\/uploads\/2025\/08\/529219594_1183510233813309_6588029443724338084_n.webp?resize=1400%2C800&ssl=1 4x"},"classes":[]},{"id":152,"url":"https:\/\/www.grieta.org.mx\/index.php\/2015\/11\/17\/gobierno-intenta-relanzar-14-megaproyectos-en-pueblos-indigenas-de-oaxaca\/","url_meta":{"origin":27730,"position":5},"title":"Gobierno intenta relanzar 14 megaproyectos en pueblos ind\u00edgenas de Oaxaca","author":"grieta","date":"17 noviembre, 2015","format":false,"excerpt":"P\u00e1gina 3. Pedro Mat\u00edas, Oaxaca.- Comunidades de la Costa y Sierra Sur alzaron su voz para denunciar que el gobierno federal y estatal intentan \u201crelanzar\u201d 14 proyectos hidroel\u00e9ctricos y mineros en su regi\u00f3n, al tiempo que refrendaron su decisi\u00f3n de organizarse para defender sus territorios ind\u00edgenas. En el Foro Regional\u2026","rel":"","context":"En &quot;CINTILLO&quot;","block_context":{"text":"CINTILLO","link":"https:\/\/www.grieta.org.mx\/index.php\/category\/cintillo\/"},"img":{"alt_text":"","src":"https:\/\/i0.wp.com\/www.grieta.org.mx\/wp-content\/uploads\/2018\/03\/14524434_1106112876131411_958039263622046936_o.jpg?resize=350%2C200&ssl=1","width":350,"height":200,"srcset":"https:\/\/i0.wp.com\/www.grieta.org.mx\/wp-content\/uploads\/2018\/03\/14524434_1106112876131411_958039263622046936_o.jpg?resize=350%2C200&ssl=1 1x, https:\/\/i0.wp.com\/www.grieta.org.mx\/wp-content\/uploads\/2018\/03\/14524434_1106112876131411_958039263622046936_o.jpg?resize=525%2C300&ssl=1 1.5x, https:\/\/i0.wp.com\/www.grieta.org.mx\/wp-content\/uploads\/2018\/03\/14524434_1106112876131411_958039263622046936_o.jpg?resize=700%2C400&ssl=1 2x"},"classes":[]}],"_links":{"self":[{"href":"https:\/\/www.grieta.org.mx\/index.php\/wp-json\/wp\/v2\/posts\/27730","targetHints":{"allow":["GET"]}}],"collection":[{"href":"https:\/\/www.grieta.org.mx\/index.php\/wp-json\/wp\/v2\/posts"}],"about":[{"href":"https:\/\/www.grieta.org.mx\/index.php\/wp-json\/wp\/v2\/types\/post"}],"author":[{"embeddable":true,"href":"https:\/\/www.grieta.org.mx\/index.php\/wp-json\/wp\/v2\/users\/2"}],"replies":[{"embeddable":true,"href":"https:\/\/www.grieta.org.mx\/index.php\/wp-json\/wp\/v2\/comments?post=27730"}],"version-history":[{"count":1,"href":"https:\/\/www.grieta.org.mx\/index.php\/wp-json\/wp\/v2\/posts\/27730\/revisions"}],"predecessor-version":[{"id":27732,"href":"https:\/\/www.grieta.org.mx\/index.php\/wp-json\/wp\/v2\/posts\/27730\/revisions\/27732"}],"wp:featuredmedia":[{"embeddable":true,"href":"https:\/\/www.grieta.org.mx\/index.php\/wp-json\/wp\/v2\/media\/27731"}],"wp:attachment":[{"href":"https:\/\/www.grieta.org.mx\/index.php\/wp-json\/wp\/v2\/media?parent=27730"}],"wp:term":[{"taxonomy":"category","embeddable":true,"href":"https:\/\/www.grieta.org.mx\/index.php\/wp-json\/wp\/v2\/categories?post=27730"},{"taxonomy":"post_tag","embeddable":true,"href":"https:\/\/www.grieta.org.mx\/index.php\/wp-json\/wp\/v2\/tags?post=27730"}],"curies":[{"name":"wp","href":"https:\/\/api.w.org\/{rel}","templated":true}]}}