{"id":27637,"date":"2018-11-19T11:27:16","date_gmt":"2018-11-19T17:27:16","guid":{"rendered":"http:\/\/www.grieta.org.mx\/?p=27637"},"modified":"2018-12-29T00:17:11","modified_gmt":"2018-12-29T06:17:11","slug":"invitacion-a-la-celebracion-del-25-aniversario-del-alzamiento-zapatista-y-a-un-encuentro-de-redes","status":"publish","type":"post","link":"https:\/\/www.grieta.org.mx\/index.php\/2018\/11\/19\/invitacion-a-la-celebracion-del-25-aniversario-del-alzamiento-zapatista-y-a-un-encuentro-de-redes\/","title":{"rendered":"Invitaci\u00f3n a la celebraci\u00f3n del 25 Aniversario del Alzamiento Zapatista y a un Encuentro de Redes"},"content":{"rendered":"<p><img loading=\"lazy\" decoding=\"async\" data-attachment-id=\"24779\" data-permalink=\"https:\/\/www.grieta.org.mx\/index.php\/2018\/07\/17\/desmiente-el-ejercito-zapatista-de-liberacion-nacional-contacto-alguno-con-amlo-comunicado-del-ccri-cg-del-ezln\/marcha-ezln-san-cristobal\/\" data-orig-file=\"https:\/\/www.grieta.org.mx\/wp-content\/uploads\/2018\/07\/ezln-1.jpg\" data-orig-size=\"1200,800\" data-comments-opened=\"0\" data-image-meta=\"{&quot;aperture&quot;:&quot;0&quot;,&quot;credit&quot;:&quot;VICTOR CAMACHO&quot;,&quot;camera&quot;:&quot;&quot;,&quot;caption&quot;:&quot;Bases de apoyo del EZLN marcharon en silencio en la ciudad de San Cristobal de las Casas, Chiapas, este 21 de diciembre del 2012. La Jornada\/\/Victor Camacho&quot;,&quot;created_timestamp&quot;:&quot;1356048000&quot;,&quot;copyright&quot;:&quot;VICTOR CAMACHO&quot;,&quot;focal_length&quot;:&quot;0&quot;,&quot;iso&quot;:&quot;0&quot;,&quot;shutter_speed&quot;:&quot;0&quot;,&quot;title&quot;:&quot;MARCHA EZLN SAN CRISTOBAL&quot;,&quot;orientation&quot;:&quot;0&quot;}\" data-image-title=\"MARCHA EZLN SAN CRISTOBAL\" data-image-description=\"\" data-image-caption=\"\" data-medium-file=\"https:\/\/www.grieta.org.mx\/wp-content\/uploads\/2018\/07\/ezln-1-300x200.jpg\" data-large-file=\"https:\/\/www.grieta.org.mx\/wp-content\/uploads\/2018\/07\/ezln-1-1024x683.jpg\" class=\" wp-image-24779\" src=\"http:\/\/www.grieta.org.mx\/wp-content\/uploads\/2018\/07\/ezln-1-300x200.jpg\" alt=\"\" width=\"671\" height=\"447\" srcset=\"https:\/\/www.grieta.org.mx\/wp-content\/uploads\/2018\/07\/ezln-1-300x200.jpg 300w, https:\/\/www.grieta.org.mx\/wp-content\/uploads\/2018\/07\/ezln-1-768x512.jpg 768w, https:\/\/www.grieta.org.mx\/wp-content\/uploads\/2018\/07\/ezln-1-1024x683.jpg 1024w, https:\/\/www.grieta.org.mx\/wp-content\/uploads\/2018\/07\/ezln-1-750x500.jpg 750w, https:\/\/www.grieta.org.mx\/wp-content\/uploads\/2018\/07\/ezln-1.jpg 1200w\" sizes=\"auto, (max-width: 671px) 100vw, 671px\" \/><\/p>\n<p>&nbsp;<\/p>\n<p style=\"text-align: center;\">Invitaci\u00f3n a la celebraci\u00f3n del 25 Aniversario del Alzamiento Zapatista<br \/>\ny a un Encuentro de Redes<\/p>\n<p style=\"text-align: center;\">EJ\u00c9RCITO ZAPATISTA DE LIBERACI\u00d3N NACIONAL.<br \/>\nM\u00c9XICO.<\/p>\n<p>&nbsp;<\/p>\n<p>17 de noviembre del 2018.<\/p>\n<p>A l@s individu@s, grupos, colectivos y organizaciones de las Redes de Apoyo al CIG:<br \/>\nA las Redes de Resistencia y Rebeld\u00eda o como se llamen:<br \/>\nA la Sexta Nacional e Internacional:<\/p>\n<p>Considerando que:<\/p>\n<p>Es madrugada.<\/p>\n<p>Considerando que:<\/p>\n<p>Hace fr\u00edo.<\/p>\n<p>Considerando que:<\/p>\n<p>En esa bisagra del tiempo, donde no es d\u00eda ni noche, ni dentro ni fuera, ni sombra ni luz, usted se descubre sin sue\u00f1o, en esa inc\u00f3moda vigilia que le hace vulnerable a los recuerdos, la memoria punzante de lo hecho y lo deshecho, la larga cuenta de las omisiones, la breve de lo realizado.<\/p>\n<p>Considerando que<\/p>\n<p>Usted se pregunta, no sin raz\u00f3n, a qu\u00e9 viene todo eso\u2026<\/p>\n<p>Porque usted est\u00e1 todav\u00eda tratando de asimilar ese \u201c<em>Todo es imposible la v\u00edspera<\/em>\u201d, que escucha-lee en ese desconcertante nano-mini-micro metraje del autodenominado \u201ccine para leer\u201d.\u00a0 Un filme (?) 30 a\u00f1os enlatado (literal: en una lata de sardinas) y presentado en aquel cine imposible, signado por un igualmente desconcertante escarabajo con \u00ednfulas de andante caballero, y cuyo t\u00edtulo (de la pel\u00edcula, se entiende): \u201cLa 69 ley de la dial\u00e9ctica\u201d tampoco es muy racional.\u00a0 Una pel\u00edcula sin imagen ni sonido, y compuesta por una sola frase.\u00a0 Dejando todo el peso a la imaginaci\u00f3n de quien atiende a su \u00bfproyecci\u00f3n?<\/p>\n<p>En fin, todo parece absurdo aqu\u00ed\u2026 \u00bfaqu\u00ed?, \u00bfd\u00f3nde diablos est\u00e1?\u00a0 Pero tampoco tiene mucho tiempo para ubicarse, porque le apuran:<\/p>\n<p>\u201c<em>Vamos pues<\/em>\u201d, le dice la ni\u00f1a.<\/p>\n<p>Usted piensa que ya puede esperar cualquier cosa\u2026 pero al fin salen de la absurda sala de ese cine imposible, siempre de la mano de la ni\u00f1a.\u00a0 Aunque ahora le rodea a usted una banda de infantes donde, es evidente, son mayor\u00eda las f\u00e9minas, con sus naguas y blusas de colores, sus prensa-pelo in\u00fatiles en esos cabellos desordenados.<\/p>\n<p>Empiezan a caminar remontando el declive natural de la monta\u00f1a.<\/p>\n<p>Piedras, algo de lodo, la niebla, el camino, siempre el camino.<\/p>\n<p>Usted ahora intuye que, desde el pie del muro apenas manchado por carteles y grafitis desgastados, ha recorrido una especie de espiral.\u00a0 Como si el sendero trazado le llevara hacia dentro de un caracol\u2026 o hacia afuera.\u00a0 Cada paso una estaci\u00f3n.\u00a0 Lo mismo la falsa felicidad de la feliz familia feliz, que la simulaci\u00f3n de la Gran Final, que la provocaci\u00f3n de la pantalla como un puente imposible.<\/p>\n<p>Y el muro omnipresente, indestructible, incuestionable, insisti\u00e9ndole en que est\u00e1 prohibido pensar.\u00a0 Que todo est\u00e1 hecho ya.\u00a0 Que s\u00f3lo le queda acomodarse como sea y en donde pueda.\u00a0 Que la eternidad es eso, eterna.\u00a0 El presente cambia, pero su l\u00f3gica fr\u00edvola y superficial permanece.\u00a0 Es imposible otra cosa.\u00a0 Es m\u00e1s, es imposible que usted piense, imagine, sue\u00f1e, que no es imposible otra cosa.<\/p>\n<p>Caminan.\u00a0 Usted hace memoria:<\/p>\n<p>La ni\u00f1a pregunt\u00f3 si lloran las pel\u00edculas que nadie mira, que no es sino otra forma de preguntar por los dolores y las rabias ignorados \u2013el muro imponiendo la ceguera y la sordera hacia lo otro-.\u00a0 \u00bfA qui\u00e9n se le ocurre preguntar eso?\u00a0 S\u00ed, eso y otras cosas.\u00a0 Por ejemplo, cuestionar la existencia del muro.\u00a0 El muro.\u00a0 Ahora usted lo mira con atenci\u00f3n.\u00a0 Tan alto como alcanza su vista o su larga vistas.\u00a0\u00a0 Tan extenso que ni vale la pena medirlo, -\u00bfpara qu\u00e9?-.\u00a0 Su s\u00f3lida construcci\u00f3n.\u00a0 Su apariencia impecable\u2026 bueno, no tanto\u2026<\/p>\n<p>Tomando un poco de distancia, el muro se llena tanto de grafitis como de grietas. Las m\u00e1s de las veces sin que se puedan diferenciar unas de otros.\u00a0 Como si la solidez del muro dependiera de la vista corta.\u00a0 Porque para poder leer esa gran pinta que le hiere la rugosa fachada, hay que tomar suficiente distancia.<\/p>\n<p><em>\u00a0 \u201cAunque el camino ser\u00e1 largo\u2026\u00a0 aqu\u00ed seguiremos\u201d<\/em>, le dice la ni\u00f1a que dice la pinta en el muro que no dice nada, mudo, resignado a que los sucesivos administradores manden cuadrillas de trabajadores contra ese grafiti para borrarlo, taparlo, silenciarlo, exterminarlo.<\/p>\n<p>\u201c<em>No la hab\u00eda visto<\/em>\u201d, se disculpa usted.<\/p>\n<p>\u201c<em>De por s\u00ed, todav\u00eda<\/em>\u201d, le responde la ni\u00f1a, y agrega: \u201c<em>pero aqu\u00ed seguiremos<\/em>\u201d.<\/p>\n<p><em>\u00bfQu\u00e9 tanta distancia se necesita para mirar eso?<\/em>\u00a0 Usted cree que s\u00f3lo lo pens\u00f3, pero la ni\u00f1a le responde:\u00a0 \u201c<em>Lejos<\/em>\u201d.<\/p>\n<p><em>\u00bfPero c\u00f3mo cu\u00e1nto?<\/em>, insiste usted.<\/p>\n<p>\u201c<em>Como m\u00e1s de 500 a\u00f1os<\/em>\u201d, le dice la ni\u00f1a sonriendo con malicia.<\/p>\n<p>Y como no queriendo, un rap acompasa los pasos de esa pandilla de infantes que le acompa\u00f1a:<\/p>\n<p>&nbsp;<\/p>\n<p><em>Llegamos de tan lejos<br \/>\n<\/em><em>En todos sentidos, tan lejos<br \/>\n<\/em><em>En silencio llevamos una fuerza<br \/>\n<\/em><em>Tan lejos, cada uno tiene la carga de su camino.<\/em><\/p>\n<p><em>Cantando la luz en las ruinas de un mundo quemado. (*)<\/em><\/p>\n<p>&nbsp;<\/p>\n<p>Ese sonido, \u00bfviene de dentro o de fuera?\u00a0 \u00bfEs \u00e9sa la banda sonora de \u00e9ste su viaje anacr\u00f3nico, absurdo, irremediable?<\/p>\n<p style=\"text-align: center;\"><strong>-*-<\/strong><\/p>\n<p>\u00a0 Ahora usted, un poco por verg\u00fcenza y un mucho por curiosidad, pone m\u00e1s atenci\u00f3n a esos grafitis.<\/p>\n<p>Uno all\u00e1, se ve que de factura reciente, se\u00f1ala, con letras compactas y apresuradas:<\/p>\n<p>\u201c<em>Lecciones elementales de Econom\u00eda Pol\u00edtica:<\/em><\/p>\n<p><em>Uno.- El capital no sabe leer, no atiende a las redes sociales, la prensa, las encuestas, los votos, las consultas, los videos, los programas de gobierno, las buenas o malas intenciones, las lecciones de moral, las leyes, la raz\u00f3n.\u00a0 El capital s\u00f3lo sabe sumar, restar, multiplicar, dividir, calcular porcentajes, tasas de inter\u00e9s, probabilidades.<\/em><\/p>\n<p><em>Dos.- El capital s\u00f3lo atiende a la ganancia, la mayor y la m\u00e1s r\u00e1pida.\u00a0 Como los depredadores, el capital tiene buen olfato para la sangre y la destrucci\u00f3n, porque significan paga, mucha paga.\u00a0 La guerra es un negocio, el mejor.<\/em><\/p>\n<p><em>Tres.- El capital tiene sus propios jueces, polic\u00edas y ejecutores.\u00a0 En el mundo del muro esos inquisidores se llaman \u201cmercados\u201d.<\/em><\/p>\n<p><em>Cuatro.- Los mercados son los sabuesos del gran cazador: el capital.\u00a0 En el mundo del muro, el capital es dios y los mercados sus ap\u00f3stoles.\u00a0 Sus feligreses son las polic\u00edas, los ej\u00e9rcitos, las c\u00e1rceles, las fosas comunes, el limbo de las desapariciones forzadas.<\/em><\/p>\n<p><em>Cinco.- Al capital no se le doma, educa, reforma, somete.\u00a0 Se le obedece\u2026 o se le destruye.<\/em><\/p>\n<p><em>Seis.- Ergo, lo que este mundo necesita son herejes, brujas escarlatas, magos, hechiceras.\u00a0 Con la pesada carga de su pecado original, la rebeld\u00eda, el muro ser\u00e1 destruido.<\/em><\/p>\n<p><em>Siete.- A\u00fan as\u00ed, seguir\u00e1 pendiente lo que sigue: si, como sucesor, se levanta otro muro; o si, en su lugar, se abrir\u00e1n las puertas y ventanas, los puentes que el mundo necesita y merece.\u201d<\/em><\/p>\n<p>Siguen los grafitis, las grietas, y ese continuo sube y baja por lomas, valles, quebradas.\u00a0 El caracol retray\u00e9ndose hacia su centro.\u00a0 Poblados, peque\u00f1os, m\u00e1s peque\u00f1os, unas cuantas casas asom\u00e1ndose a la carretera.<\/p>\n<p>Un letrero advierte: \u201c<em>Est\u00e1 usted en territorio zapatista.\u00a0 Aqu\u00ed el pueblo manda y el gobierno obedece<\/em>\u201d.<\/p>\n<p>Y usted se pregunta:<\/p>\n<p>&nbsp;<\/p>\n<p>\u00bfQu\u00e9 es lo que mantiene viva a esta gente si ha tenido, y tiene, todo en contra?\u00a0 \u00bfNo son acaso los eternos perdedores, los que yacen mientras otros levantan sus gobiernos, sus museos, sus estatuas, sus \u201ctriunfos hist\u00f3ricos\u201d?\u00a0 \u00bfNo son los damnificados de todas las cat\u00e1strofes, la carne de ca\u00f1\u00f3n de todas las revoluciones que se hacen para \u201csalvarlos\u201d de s\u00ed mismos? \u00bfLos extranjeros en la tierra que les vio nacer?\u00a0 \u00bfEl objeto de burlas, desprecios, limosnas, caridades, programas de gobierno, proyectos \u201csustentables\u201d, directrices, proclamas y programas revolucionarios?\u00a0 \u00bfNo son los analfabetos irremediables a los que hay que educar, dirigir, ordenar, mandar, sojuzgar, doblegar, dominar, <em>c-i-v-i-l-i-z-a-r<\/em>?<\/p>\n<p>\u00bfPor qu\u00e9 no obedecen cuando se les dice lo que deben decir y c\u00f3mo decirlo; lo que deben mirar y c\u00f3mo; lo que deben pensar y no; lo que deben ser y dejar de ser?<\/p>\n<p>\u00bfY por qu\u00e9 no bajan la mirada frente a todas esas amenazas \u2013las que les prometen aniquilaci\u00f3n o salvaci\u00f3n, es lo mismo-?<\/p>\n<p>\u00bfY por qu\u00e9 sonr\u00eden?<\/p>\n<p>\u00bfY por qu\u00e9 a usted le ponen, de gu\u00eda, a una banda de infantes ind\u00edgenas?<\/p>\n<p>\u00bfY a d\u00f3nde le llevan ahora, despu\u00e9s de este viaje tortuoso a lo largo del muro? \u00bfLe llevan a lo que hizo posible esas risas infantiles, es decir, esas vidas?\u00a0 Unas letras responden: \u201c<em>Y miren lo que son las cosas, para que nos vieran, nos tapamos el rostro; para que nos nombraran, nos negamos el nombre; apostamos el presente para tener futuro; y para vivir\u2026 morimos<\/em>\u201d.<\/p>\n<p>\u00bfQu\u00e9 es lo que construyen aqu\u00ed?<\/p>\n<p>\u00bfD\u00f3nde est\u00e1 la desaz\u00f3n, la angustia, la derrota, la amargura de saberse inferiores?<\/p>\n<p>\u00bfY por qu\u00e9 esa obsesi\u00f3n por la tierra, por defenderla, por cuidarla, por guardarla?<\/p>\n<p>\u00bfY por qu\u00e9 los bailes, la bulla, la m\u00fasica, los colores, el ir y venir de miradas, ese empe\u00f1o en las ciencias y las artes, esos modos y ni modos?<\/p>\n<p>\u00bfNo se dan cuenta de que perdieron?<\/p>\n<p>Un momento, \u00bfperdieron?\u00a0 \u00bfQui\u00e9nes?\u00a0 No esta gente, es claro.<\/p>\n<p>\u201c<em>Aqu\u00ed seguiremos<\/em>\u201d, ratifica el grafiti que la realidad ara\u00f1a en el muro.<\/p>\n<p style=\"text-align: center;\"><strong>-*-<\/strong><\/p>\n<p>\u00a0 Y aqu\u00ed est\u00e1 usted, con un pie en una realidad y el otro en otra, -la que se levanta en las monta\u00f1as del sureste mexicano con la inquietante bandera de la libertad-.<\/p>\n<p>La que construyen estas personas tan peque\u00f1as, tan normales, tan gente, tan como cualquier otro, otra,\u00a0<strong><em>otroa<\/em><\/strong>.<\/p>\n<p>Tan sin precio y tan invaluables.<\/p>\n<p>\u201cComunidades zapatistas\u201d se llaman, se autodenominan, se saben.<\/p>\n<p>Y entonces, sin darse apenas cuenta, est\u00e1 usted frente a un letrero que parece viejo, o nuevo, o sin tiempo:<\/p>\n<h3 style=\"text-align: center;\"><strong><em>Bienvenid@s a La Realidad.<\/em><\/strong><\/h3>\n<p style=\"text-align: center;\"><strong>-*-<\/strong><\/p>\n<p>Considerando lo anteriormente expuesto (es decir, durante los \u00faltimos 25 a\u00f1os), se invita a la Sexta Nacional e Internacional, al Congreso Nacional Ind\u00edgena, al Concejo Ind\u00edgena de Gobierno, y a quienes apoyaron, apoyan y apoyar\u00e1n al CNI y al CIG, a:<\/p>\n<p>Primero.- Un Encuentro de Redes de Resistencia y Rebeld\u00eda, de Apoyo al CIG, o como se llamen.\u00a0 A realizarse en el Centro \u201cHuellas de Memoria. <em>Subcomandante Insurgente Pedro<\/em> <em>cumpli\u00f3<\/em>\u201d, (en tierra recuperada en las inmediaciones del poblado Guadalupe Tepeyac, MAREZ San Pedro de Michoac\u00e1n\u201d) a celebrarse los d\u00edas del 26 al 30 de diciembre de este a\u00f1o del 2018, con el siguiente temario:<\/p>\n<p>.- Resultado de la consulta interna derivada del encuentro del mes de agosto 2018.<br \/>\n.- An\u00e1lisis y valoraci\u00f3n de la situaci\u00f3n actual de sus mundos.<br \/>\n.- \u00bfQu\u00e9 sigue?<\/p>\n<p>Llegada y registro. 26 diciembre de 2018.<br \/>\nMesas de an\u00e1lisis y discusi\u00f3n. 27, 28 y 29 diciembre 2018.<br \/>\nClausura: 30 diciembre 2018.<\/p>\n<p>El correo para el registro como participante en el encuentro es:<\/p>\n<p>&nbsp;<\/p>\n<p style=\"text-align: center;\">redesdic18@enlacezapatista.org.mx<\/p>\n<p>&nbsp;<\/p>\n<p>Segundo.- La celebraci\u00f3n del 25 aniversario del inicio de la guerra contra el olvido: 31 de diciembre del 2018 y 1 de enero del 2019, en La Realidad zapatista, sede del caracol \u201cMadre de los caracoles del mar de nuestro sue\u00f1os\u201d, zona Selva Fronteriza.<\/p>\n<p>El correo para registrarse como asistente a la celebraci\u00f3n del 25 aniversario del alzamiento zapatista es:<\/p>\n<p>&nbsp;<\/p>\n<p style=\"text-align: center;\">aniversario25@enlacezapatista.org.mx<\/p>\n<p>&nbsp;<\/p>\n<p>Les esperamos, porque, aunque el camino ser\u00e1 largo, aqu\u00ed seguiremos.<\/p>\n<p>&nbsp;<\/p>\n<p style=\"text-align: center;\">Desde las monta\u00f1as del Sureste Mexicano.<\/p>\n<p>&nbsp;<\/p>\n<p style=\"text-align: center;\">Subcomandante Insurgente Mois\u00e9s.\u00a0\u00a0\u00a0\u00a0\u00a0\u00a0\u00a0\u00a0\u00a0\u00a0\u00a0\u00a0\u00a0\u00a0\u00a0\u00a0\u00a0\u00a0\u00a0\u00a0\u00a0 Subcomandante Insurgente Galeano.<\/p>\n<p>&nbsp;<\/p>\n<p>M\u00e9xico, a 17 d\u00edas del mes de noviembre del a\u00f1o 2018.<\/p>\n<p>(*) Keny Arkana. \u201c<em>Lejos<\/em>\u201d, en <em>L\u2019esquisse 3.<\/em><\/p>\n<p>&nbsp;<\/p>\n<p>&nbsp;<\/p>\n<p><a href=\"http:\/\/enlacezapatista.ezln.org.mx\/2018\/11\/17\/invitacion-a-la-celebracion-del-25-aniversario-del-alzamiento-zapatista-y-a-un-encuentro-de-redes\/\" target=\"_blank\" rel=\"noopener\">http:\/\/enlacezapatista.ezln.org.mx\/2018\/11\/17\/invitacion-a-la-celebracion-del-25-aniversario-del-alzamiento-zapatista-y-a-un-encuentro-de-redes\/<\/a><\/p>\n","protected":false},"excerpt":{"rendered":"<p>&nbsp; Invitaci\u00f3n a la celebraci\u00f3n del 25 Aniversario del Alzamiento Zapatista y a un Encuentro de Redes EJ\u00c9RCITO ZAPATISTA DE LIBERACI\u00d3N NACIONAL. M\u00c9XICO. &nbsp; 17 de noviembre del 2018. A &hellip; <a href=\"https:\/\/www.grieta.org.mx\/index.php\/2018\/11\/19\/invitacion-a-la-celebracion-del-25-aniversario-del-alzamiento-zapatista-y-a-un-encuentro-de-redes\/\" class=\"more-link\">Leer m\u00e1s<\/a><\/p>\n","protected":false},"author":2,"featured_media":24779,"comment_status":"closed","ping_status":"closed","sticky":false,"template":"","format":"standard","meta":{"ngg_post_thumbnail":0,"_jetpack_newsletter_access":"","_jetpack_dont_email_post_to_subs":false,"_jetpack_newsletter_tier_id":0,"_jetpack_memberships_contains_paywalled_content":false,"_jetpack_memberships_contains_paid_content":false,"footnotes":""},"categories":[80,74,1910,907],"tags":[1884,1883,1732,466,1882],"class_list":["post-27637","post","type-post","status-publish","format-standard","has-post-thumbnail","hentry","category-cintillo","category-ezln","category-encuentro-de-redes-de-resistencia-y-rebeldia-y-25-aniversario","category-ezln-2","tag-alzamiento","tag-aniversario","tag-encuentro-de-redes","tag-ezln","tag-redes","entry"],"jetpack_featured_media_url":"https:\/\/www.grieta.org.mx\/wp-content\/uploads\/2018\/07\/ezln-1.jpg","jetpack_sharing_enabled":true,"jetpack_shortlink":"https:\/\/wp.me\/p7ZJR4-7bL","jetpack_likes_enabled":false,"jetpack-related-posts":[{"id":27956,"url":"https:\/\/www.grieta.org.mx\/index.php\/2018\/12\/28\/chiapas-aunque-el-camino-sera-largo-aqui-seguiremos-ezln-25-aniversario\/","url_meta":{"origin":27637,"position":0},"title":"Chiapas: \u201cAunque el camino ser\u00e1 largo, aqu\u00ed seguiremos\u201d, EZLN 25 aniversario.","author":"grieta","date":"28 diciembre, 2018","format":false,"excerpt":"Publicado por: POZOL COLECTIVO Chiapas, M\u00e9xico. 28 de diciembre. En el Centro Zapatista: \u201cHuellas de Memoria. Subcomandante Insurgente Pedro cumpli\u00f3\u201d, (en tierra recuperada en las inmediaciones del poblado Guadalupe Tepeyac, MAREZ San Pedro de Michoac\u00e1n\u201d), se lleva a cabo del 26 al 30 de diciembre el \u201cEncuentro de Redes de\u2026","rel":"","context":"En &quot;CINTILLO&quot;","block_context":{"text":"CINTILLO","link":"https:\/\/www.grieta.org.mx\/index.php\/category\/cintillo\/"},"img":{"alt_text":"","src":"https:\/\/i0.wp.com\/www.grieta.org.mx\/wp-content\/uploads\/2018\/12\/encuentro25aniv.jpg?resize=350%2C200","width":350,"height":200,"srcset":"https:\/\/i0.wp.com\/www.grieta.org.mx\/wp-content\/uploads\/2018\/12\/encuentro25aniv.jpg?resize=350%2C200 1x, https:\/\/i0.wp.com\/www.grieta.org.mx\/wp-content\/uploads\/2018\/12\/encuentro25aniv.jpg?resize=525%2C300 1.5x, https:\/\/i0.wp.com\/www.grieta.org.mx\/wp-content\/uploads\/2018\/12\/encuentro25aniv.jpg?resize=700%2C400 2x"},"classes":[]},{"id":28214,"url":"https:\/\/www.grieta.org.mx\/index.php\/2019\/01\/04\/vista-aerea-del-despliegue-de-las-tropas-zapatistas-31-de-diciembre-de-2018\/","url_meta":{"origin":27637,"position":1},"title":"Vista a\u00e9rea del despliegue de las tropas zapatistas, 31 de diciembre de 2018","author":"grieta","date":"4 enero, 2019","format":false,"excerpt":"Vista a\u00e9rea parcial del despliegue que, el d\u00eda 31 de diciembre del 2018, realiz\u00f3 parte de las tropas zapatistas pertenecientes a la 21\u00b0 Divisi\u00f3n de Infanter\u00eda Zapatista (la misma que hace 25 a\u00f1os tom\u00f3 las cabeceras municipales de Altamirano, Oxchuc, Huixt\u00e1n, Chanal, Ocosingo, Las Margaritas y San Crist\u00f3bal de las\u2026","rel":"","context":"En &quot;CINTILLO&quot;","block_context":{"text":"CINTILLO","link":"https:\/\/www.grieta.org.mx\/index.php\/category\/cintillo\/"},"img":{"alt_text":"","src":"https:\/\/i0.wp.com\/www.grieta.org.mx\/wp-content\/uploads\/2019\/01\/alzamiento.jpg?resize=350%2C200&ssl=1","width":350,"height":200,"srcset":"https:\/\/i0.wp.com\/www.grieta.org.mx\/wp-content\/uploads\/2019\/01\/alzamiento.jpg?resize=350%2C200&ssl=1 1x, https:\/\/i0.wp.com\/www.grieta.org.mx\/wp-content\/uploads\/2019\/01\/alzamiento.jpg?resize=525%2C300&ssl=1 1.5x, https:\/\/i0.wp.com\/www.grieta.org.mx\/wp-content\/uploads\/2019\/01\/alzamiento.jpg?resize=700%2C400&ssl=1 2x"},"classes":[]},{"id":27983,"url":"https:\/\/www.grieta.org.mx\/index.php\/2019\/01\/02\/comunicado-del-congreso-nacional-indigena-y-el-concejo-indigena-de-gobierno-por-el-25-aniversario-del-levantamiento-armado-del-ejercito-zapatista-de-liberacion-nacional\/","url_meta":{"origin":27637,"position":2},"title":"COMUNICADO DEL CONGRESO NACIONAL IND\u00cdGENA Y EL CONCEJO IND\u00cdGENA DE GOBIERNO POR EL 25 ANIVERSARIO DEL LEVANTAMIENTO ARMADO DEL EJ\u00c9RCITO ZAPATISTA DE LIBERACI\u00d3N NACIONAL","author":"grieta","date":"2 enero, 2019","format":false,"excerpt":"Al Ej\u00e9rcito Zapatista de Liberaci\u00f3n Nacional A las Redes de Apoyo al CIG A las Redes de Resistencia y Rebeld\u00eda Al pueblo de M\u00e9xico A los pueblos del mundo A los medios de comunicaci\u00f3n Los pueblos, naciones y tribus que conformamos el Congreso Nacional Ind\u00edgena y el Concejo Ind\u00edgena de\u2026","rel":"","context":"En &quot;CIG&quot;","block_context":{"text":"CIG","link":"https:\/\/www.grieta.org.mx\/index.php\/category\/cig\/"},"img":{"alt_text":"","src":"https:\/\/i0.wp.com\/www.grieta.org.mx\/wp-content\/uploads\/2019\/01\/IMG-20190102-WA0027.jpg?resize=350%2C200&ssl=1","width":350,"height":200,"srcset":"https:\/\/i0.wp.com\/www.grieta.org.mx\/wp-content\/uploads\/2019\/01\/IMG-20190102-WA0027.jpg?resize=350%2C200&ssl=1 1x, https:\/\/i0.wp.com\/www.grieta.org.mx\/wp-content\/uploads\/2019\/01\/IMG-20190102-WA0027.jpg?resize=525%2C300&ssl=1 1.5x"},"classes":[]},{"id":41244,"url":"https:\/\/www.grieta.org.mx\/index.php\/2019\/11\/17\/celebracion-del-36-aniversario-del-ezln-en-la-ciudad-de-mexico\/","url_meta":{"origin":27637,"position":3},"title":"Celebraci\u00f3n del 36 aniversario del EZLN en la Ciudad de M\u00e9xico","author":"grieta","date":"17 noviembre, 2019","format":false,"excerpt":"Colectivo Grieta 17 de noviembre del 2019 \u201c[\u2026] la noche se ha adelantado debajo de los grandes \u00e1rboles y, ayudados por l\u00e1mparas de mano, estos hombres y mujeres ponen techo de pl\u00e1stico con un cord\u00f3n como travesa\u00f1o, amarran sus hamacas, buscan le\u00f1a seca y, prendi\u00e9ndole fuego a una bolsita de\u2026","rel":"","context":"En &quot;CINTILLO&quot;","block_context":{"text":"CINTILLO","link":"https:\/\/www.grieta.org.mx\/index.php\/category\/cintillo\/"},"img":{"alt_text":"","src":"https:\/\/i0.wp.com\/www.grieta.org.mx\/wp-content\/uploads\/2019\/11\/IMG_4138-2.jpg?resize=350%2C200&ssl=1","width":350,"height":200,"srcset":"https:\/\/i0.wp.com\/www.grieta.org.mx\/wp-content\/uploads\/2019\/11\/IMG_4138-2.jpg?resize=350%2C200&ssl=1 1x, https:\/\/i0.wp.com\/www.grieta.org.mx\/wp-content\/uploads\/2019\/11\/IMG_4138-2.jpg?resize=525%2C300&ssl=1 1.5x, https:\/\/i0.wp.com\/www.grieta.org.mx\/wp-content\/uploads\/2019\/11\/IMG_4138-2.jpg?resize=700%2C400&ssl=1 2x, https:\/\/i0.wp.com\/www.grieta.org.mx\/wp-content\/uploads\/2019\/11\/IMG_4138-2.jpg?resize=1050%2C600&ssl=1 3x, https:\/\/i0.wp.com\/www.grieta.org.mx\/wp-content\/uploads\/2019\/11\/IMG_4138-2.jpg?resize=1400%2C800&ssl=1 4x"},"classes":[]},{"id":71220,"url":"https:\/\/www.grieta.org.mx\/index.php\/2025\/03\/06\/rebel-y-revel-arte-convocatoria-zapatista-al-encuentro-de-arte-rebeldia-y-resistencia-hacia-el-dia-despues\/","url_meta":{"origin":27637,"position":4},"title":"(REBEL Y REVEL) ARTE: CONVOCATORIA ZAPATISTA AL ENCUENTRO DE ARTE, REBELD\u00cdA Y RESISTENCIA HACIA EL D\u00cdA DESPU\u00c9S","author":"grieta","date":"6 marzo, 2025","format":false,"excerpt":"CONVOCATORIA ZAPATISTA AL ENCUENTRO DE ARTE, REBELD\u00cdA Y RESISTENCIA HACIA EL D\u00cdA DESPU\u00c9S. Marzo del 2025. Las Asambleas de Colectivos de Gobiernos Aut\u00f3nomos Zapatistas (ACEGAZ), las comunidades zapatistas y el EZLN convocan a artistas de Teatro, Danza, Gr\u00e1fica, M\u00fasica, Escultura y Literatura de M\u00e9xico y el Mundo al encuentro con\u2026","rel":"","context":"En &quot;CINTILLO&quot;","block_context":{"text":"CINTILLO","link":"https:\/\/www.grieta.org.mx\/index.php\/category\/cintillo\/"},"img":{"alt_text":"","src":"https:\/\/i0.wp.com\/www.grieta.org.mx\/wp-content\/uploads\/2025\/03\/convoc.png?resize=350%2C200&ssl=1","width":350,"height":200,"srcset":"https:\/\/i0.wp.com\/www.grieta.org.mx\/wp-content\/uploads\/2025\/03\/convoc.png?resize=350%2C200&ssl=1 1x, https:\/\/i0.wp.com\/www.grieta.org.mx\/wp-content\/uploads\/2025\/03\/convoc.png?resize=525%2C300&ssl=1 1.5x, https:\/\/i0.wp.com\/www.grieta.org.mx\/wp-content\/uploads\/2025\/03\/convoc.png?resize=700%2C400&ssl=1 2x"},"classes":[]},{"id":61128,"url":"https:\/\/www.grieta.org.mx\/index.php\/2021\/08\/15\/421-madrid-marcha\/","url_meta":{"origin":27637,"position":5},"title":"&#8220;No nos conquistaron&#8221;: La marcha y la palabra de la Brigada zapatista en Madrid,  13 de agosto (VIDEO)","author":"grieta","date":"15 agosto, 2021","format":false,"excerpt":"VOCESENLUCHA En medio de la Gira por la Vida, el Escuadr\u00f3n 421 del Ej\u00e9rcito Zapatista de Liberaci\u00f3n Nacional, #EZLN, llega a Madrid a 500 a\u00f1os de la invasi\u00f3n de Tenochtitl\u00e1n por parte del imperio espa\u00f1ol. En un evento hist\u00f3rico, el 13 de agosto de 2021 caminamos desde la Puerta del\u2026","rel":"","context":"En &quot;CINTILLO&quot;","block_context":{"text":"CINTILLO","link":"https:\/\/www.grieta.org.mx\/index.php\/category\/cintillo\/"},"img":{"alt_text":"","src":"https:\/\/i0.wp.com\/www.grieta.org.mx\/wp-content\/uploads\/2021\/08\/421-Madrid-13-08-MG_8073.jpg?resize=350%2C200&ssl=1","width":350,"height":200,"srcset":"https:\/\/i0.wp.com\/www.grieta.org.mx\/wp-content\/uploads\/2021\/08\/421-Madrid-13-08-MG_8073.jpg?resize=350%2C200&ssl=1 1x, https:\/\/i0.wp.com\/www.grieta.org.mx\/wp-content\/uploads\/2021\/08\/421-Madrid-13-08-MG_8073.jpg?resize=525%2C300&ssl=1 1.5x, https:\/\/i0.wp.com\/www.grieta.org.mx\/wp-content\/uploads\/2021\/08\/421-Madrid-13-08-MG_8073.jpg?resize=700%2C400&ssl=1 2x"},"classes":[]}],"_links":{"self":[{"href":"https:\/\/www.grieta.org.mx\/index.php\/wp-json\/wp\/v2\/posts\/27637","targetHints":{"allow":["GET"]}}],"collection":[{"href":"https:\/\/www.grieta.org.mx\/index.php\/wp-json\/wp\/v2\/posts"}],"about":[{"href":"https:\/\/www.grieta.org.mx\/index.php\/wp-json\/wp\/v2\/types\/post"}],"author":[{"embeddable":true,"href":"https:\/\/www.grieta.org.mx\/index.php\/wp-json\/wp\/v2\/users\/2"}],"replies":[{"embeddable":true,"href":"https:\/\/www.grieta.org.mx\/index.php\/wp-json\/wp\/v2\/comments?post=27637"}],"version-history":[{"count":1,"href":"https:\/\/www.grieta.org.mx\/index.php\/wp-json\/wp\/v2\/posts\/27637\/revisions"}],"predecessor-version":[{"id":27640,"href":"https:\/\/www.grieta.org.mx\/index.php\/wp-json\/wp\/v2\/posts\/27637\/revisions\/27640"}],"wp:featuredmedia":[{"embeddable":true,"href":"https:\/\/www.grieta.org.mx\/index.php\/wp-json\/wp\/v2\/media\/24779"}],"wp:attachment":[{"href":"https:\/\/www.grieta.org.mx\/index.php\/wp-json\/wp\/v2\/media?parent=27637"}],"wp:term":[{"taxonomy":"category","embeddable":true,"href":"https:\/\/www.grieta.org.mx\/index.php\/wp-json\/wp\/v2\/categories?post=27637"},{"taxonomy":"post_tag","embeddable":true,"href":"https:\/\/www.grieta.org.mx\/index.php\/wp-json\/wp\/v2\/tags?post=27637"}],"curies":[{"name":"wp","href":"https:\/\/api.w.org\/{rel}","templated":true}]}}