{"id":2763,"date":"2015-05-19T12:57:38","date_gmt":"2015-05-19T12:57:38","guid":{"rendered":"http:\/\/50.22.11.12\/~grietaor\/?p=2763"},"modified":"2016-03-13T13:06:51","modified_gmt":"2016-03-13T13:06:51","slug":"jornaleros-agricolas-en-colima","status":"publish","type":"post","link":"https:\/\/www.grieta.org.mx\/index.php\/2015\/05\/19\/jornaleros-agricolas-en-colima\/","title":{"rendered":"Jornaleros agr\u00edcolas en Colima"},"content":{"rendered":"<p><strong>19\/05\/15. <\/strong><a href=\"http:\/\/grieta.org.mx\/index.php\/2015\/05\/19\/iniciojornaleros-jornaleros-agricolas-en-colima-explotados-y-sin-nadie-que-los-defienda\/\" >Jornaleros agr\u00edcolas en Colima: explotados y sin nadie que los defienda<\/a><br \/><em>Diario Avanzada<\/em><br  \/><\/p>\n<p><strong>23\/04\/15. <\/strong><a href=\"http:\/\/grieta.org.mx\/index.php\/2015\/04\/23\/consiente-colima-explotacion-de-jornaleros-mixtecos\/\" >\u2018Consiente\u2019 Colima explotaci\u00f3n de jornaleros mixtecos<\/a><br \/><em>Diario Avanzada<\/em><br  \/><\/p>\n<p><strong>31\/03\/15. <\/strong><a href=\"http:\/\/grieta.org.mx\/index.php\/2015\/03\/31\/colima-entre-los-18-estados-donde-se-explota-a-los-jornaleros-agricolas-fiob\/\" >Colima, entre los 18 estados donde se explota a los jornaleros agr\u00edcolas: FIOB<\/a><br \/><em>Diario Avanzada<\/em><br  \/><\/p>\n","protected":false},"excerpt":{"rendered":"<p>19\/05\/15. Jornaleros agr\u00edcolas en Colima: explotados y sin nadie que los defiendaDiario Avanzada 23\/04\/15. \u2018Consiente\u2019 Colima explotaci\u00f3n de jornaleros mixtecosDiario Avanzada 31\/03\/15. Colima, entre los 18 estados donde se explota &hellip; <a href=\"https:\/\/www.grieta.org.mx\/index.php\/2015\/05\/19\/jornaleros-agricolas-en-colima\/\" class=\"more-link\">Leer m\u00e1s<\/a><\/p>\n","protected":false},"author":2,"featured_media":21928,"comment_status":"closed","ping_status":"open","sticky":false,"template":"","format":"standard","meta":{"ngg_post_thumbnail":0,"_jetpack_newsletter_access":"","_jetpack_dont_email_post_to_subs":false,"_jetpack_newsletter_tier_id":0,"_jetpack_memberships_contains_paywalled_content":false,"_jetpack_memberships_contains_paid_content":false,"footnotes":""},"categories":[13,85,2],"tags":[],"class_list":["post-2763","post","type-post","status-publish","format-standard","has-post-thumbnail","hentry","category-colima","category-jornaleros","category-noticias-nacionales","entry"],"jetpack_featured_media_url":"https:\/\/www.grieta.org.mx\/wp-content\/uploads\/2018\/03\/14524434_1106112876131411_958039263622046936_o.jpg","jetpack_sharing_enabled":true,"jetpack_shortlink":"https:\/\/wp.me\/p7ZJR4-Iz","jetpack_likes_enabled":false,"jetpack-related-posts":[{"id":2761,"url":"https:\/\/www.grieta.org.mx\/index.php\/2015\/05\/19\/iniciojornaleros-jornaleros-agricolas-en-colima-explotados-y-sin-nadie-que-los-defienda\/","url_meta":{"origin":2763,"position":0},"title":"Jornaleros agr\u00edcolas en Colima: explotados y sin nadie que los defienda","author":"grieta","date":"19 mayo, 2015","format":false,"excerpt":"Heidi de Le\u00f3n Guti\u00e9rrez Diario Avanzada Publicado: 19 Mayo 2015 El Frente Ind\u00edgena de Organizaciones Binacionales (FIOB) denunci\u00f3 que en 18 estados del pa\u00eds, entre ellos Colima, los jornaleros agr\u00edcolas viven en condiciones de vulnerabilidad y constante violaci\u00f3n a sus derechos fundamentales Colima, M\u00e9xico. Avanzada (19 de mayo de 2015).-\u2026","rel":"","context":"En &quot;CINTILLO&quot;","block_context":{"text":"CINTILLO","link":"https:\/\/www.grieta.org.mx\/index.php\/category\/cintillo\/"},"img":{"alt_text":"","src":"https:\/\/i0.wp.com\/www.grieta.org.mx\/wp-content\/uploads\/2018\/03\/14524434_1106112876131411_958039263622046936_o.jpg?resize=350%2C200&ssl=1","width":350,"height":200,"srcset":"https:\/\/i0.wp.com\/www.grieta.org.mx\/wp-content\/uploads\/2018\/03\/14524434_1106112876131411_958039263622046936_o.jpg?resize=350%2C200&ssl=1 1x, https:\/\/i0.wp.com\/www.grieta.org.mx\/wp-content\/uploads\/2018\/03\/14524434_1106112876131411_958039263622046936_o.jpg?resize=525%2C300&ssl=1 1.5x, https:\/\/i0.wp.com\/www.grieta.org.mx\/wp-content\/uploads\/2018\/03\/14524434_1106112876131411_958039263622046936_o.jpg?resize=700%2C400&ssl=1 2x"},"classes":[]},{"id":2770,"url":"https:\/\/www.grieta.org.mx\/index.php\/2015\/03\/31\/colima-entre-los-18-estados-donde-se-explota-a-los-jornaleros-agricolas-fiob\/","url_meta":{"origin":2763,"position":1},"title":"Colima, entre los 18 estados donde se explota a los jornaleros agr\u00edcolas: FIOB","author":"grieta","date":"31 marzo, 2015","format":false,"excerpt":"\u201cColima, M\u00e9xico. Avanzada (31 de marzo de 2015).- El Frente Ind\u00edgena de Organizaciones Binacionales (FIOB) denunci\u00f3 que en 18 estados del pa\u00eds, entre ellos Colima, Sinaloa, Sonora, Baja California, Jalisco y Nayarit, los jornaleros agr\u00edcolas viven en condiciones de vulnerabilidad y constante violaci\u00f3n a sus derechos fundamentales. \u201cSin que hasta\u2026","rel":"","context":"En &quot;CINTILLO&quot;","block_context":{"text":"CINTILLO","link":"https:\/\/www.grieta.org.mx\/index.php\/category\/cintillo\/"},"img":{"alt_text":"","src":"https:\/\/i0.wp.com\/www.grieta.org.mx\/wp-content\/uploads\/2018\/03\/14524434_1106112876131411_958039263622046936_o.jpg?resize=350%2C200&ssl=1","width":350,"height":200,"srcset":"https:\/\/i0.wp.com\/www.grieta.org.mx\/wp-content\/uploads\/2018\/03\/14524434_1106112876131411_958039263622046936_o.jpg?resize=350%2C200&ssl=1 1x, https:\/\/i0.wp.com\/www.grieta.org.mx\/wp-content\/uploads\/2018\/03\/14524434_1106112876131411_958039263622046936_o.jpg?resize=525%2C300&ssl=1 1.5x, https:\/\/i0.wp.com\/www.grieta.org.mx\/wp-content\/uploads\/2018\/03\/14524434_1106112876131411_958039263622046936_o.jpg?resize=700%2C400&ssl=1 2x"},"classes":[]},{"id":2767,"url":"https:\/\/www.grieta.org.mx\/index.php\/2015\/04\/23\/consiente-colima-explotacion-de-jornaleros-mixtecos\/","url_meta":{"origin":2763,"position":2},"title":"\u2018Consiente\u2019 Colima explotaci\u00f3n de jornaleros mixtecos","author":"grieta","date":"23 abril, 2015","format":false,"excerpt":"Escrito por Mart\u00edn Aquino Diario Avanzada Colima, M\u00e9xico (23 abril 2015).- En el Estado de Colima persiste la explotaci\u00f3n de jornaleros mixtecos que son tra\u00eddos de Guerrero. Unos 100 ind\u00edgenas guerrerenses, entre ellos al menos 15 menores de edad, laboran en condiciones precarias y con sueldos \u00ednfimos en campos aleda\u00f1os\u2026","rel":"","context":"En &quot;CINTILLO&quot;","block_context":{"text":"CINTILLO","link":"https:\/\/www.grieta.org.mx\/index.php\/category\/cintillo\/"},"img":{"alt_text":"","src":"https:\/\/i0.wp.com\/www.grieta.org.mx\/wp-content\/uploads\/2018\/03\/14524434_1106112876131411_958039263622046936_o.jpg?resize=350%2C200&ssl=1","width":350,"height":200,"srcset":"https:\/\/i0.wp.com\/www.grieta.org.mx\/wp-content\/uploads\/2018\/03\/14524434_1106112876131411_958039263622046936_o.jpg?resize=350%2C200&ssl=1 1x, https:\/\/i0.wp.com\/www.grieta.org.mx\/wp-content\/uploads\/2018\/03\/14524434_1106112876131411_958039263622046936_o.jpg?resize=525%2C300&ssl=1 1.5x, https:\/\/i0.wp.com\/www.grieta.org.mx\/wp-content\/uploads\/2018\/03\/14524434_1106112876131411_958039263622046936_o.jpg?resize=700%2C400&ssl=1 2x"},"classes":[]},{"id":4223,"url":"https:\/\/www.grieta.org.mx\/index.php\/2015\/04\/14\/denuncian-abusos-a-jornaleros-agricolas\/","url_meta":{"origin":2763,"position":3},"title":"Denuncian abusos a jornaleros agr\u00edcolas","author":"grieta","date":"14 abril, 2015","format":false,"excerpt":"Redacci\u00f3n\/El Sol de Nayarit Los denunciantes precisaron que en Nayarit los casos se dan con mayor frecuencia en municipios de la zona norte del estado. Ante instancias nacionales, defensores de los derechos de los jornaleros agr\u00edcolas denunciaron la explotaci\u00f3n generalizada a la que son sometidos los ind\u00edgenas que cada a\u00f1o\u2026","rel":"","context":"En &quot;CINTILLO&quot;","block_context":{"text":"CINTILLO","link":"https:\/\/www.grieta.org.mx\/index.php\/category\/cintillo\/"},"img":{"alt_text":"","src":"https:\/\/i0.wp.com\/www.grieta.org.mx\/wp-content\/uploads\/2018\/03\/14524434_1106112876131411_958039263622046936_o.jpg?resize=350%2C200&ssl=1","width":350,"height":200,"srcset":"https:\/\/i0.wp.com\/www.grieta.org.mx\/wp-content\/uploads\/2018\/03\/14524434_1106112876131411_958039263622046936_o.jpg?resize=350%2C200&ssl=1 1x, https:\/\/i0.wp.com\/www.grieta.org.mx\/wp-content\/uploads\/2018\/03\/14524434_1106112876131411_958039263622046936_o.jpg?resize=525%2C300&ssl=1 1.5x, https:\/\/i0.wp.com\/www.grieta.org.mx\/wp-content\/uploads\/2018\/03\/14524434_1106112876131411_958039263622046936_o.jpg?resize=700%2C400&ssl=1 2x"},"classes":[]},{"id":53254,"url":"https:\/\/www.grieta.org.mx\/index.php\/2020\/09\/08\/camioneta-con-trabajadores-del-campo-cae-a-un-canal-murio-nino-de-5-anos-otro-esta-desaparecido-colima\/","url_meta":{"origin":2763,"position":4},"title":"Camioneta con trabajadores del campo cae a un canal; muri\u00f3 ni\u00f1o de 5 a\u00f1os, otro est\u00e1 desaparecido (Colima)","author":"grieta","date":"8 septiembre, 2020","format":false,"excerpt":"Foto: Luis Rosales Redacci\u00f3n \/ Diario Avanzada Colima, M\u00e9xico, Avanzada (07\/09\/2020).- Un menor de cinco a\u00f1os de edad muri\u00f3 y otro m\u00e1s se encuentra desaparecido, porque la camioneta en la que viajaban junto con otros ni\u00f1os trabajadores del campo, se volc\u00f3 en un canal de agua. Los hechos ocurrieron en\u2026","rel":"","context":"En &quot;CINTILLO&quot;","block_context":{"text":"CINTILLO","link":"https:\/\/www.grieta.org.mx\/index.php\/category\/cintillo\/"},"img":{"alt_text":"","src":"https:\/\/i0.wp.com\/www.grieta.org.mx\/wp-content\/uploads\/2020\/09\/image-50.png?resize=350%2C200&ssl=1","width":350,"height":200,"srcset":"https:\/\/i0.wp.com\/www.grieta.org.mx\/wp-content\/uploads\/2020\/09\/image-50.png?resize=350%2C200&ssl=1 1x, https:\/\/i0.wp.com\/www.grieta.org.mx\/wp-content\/uploads\/2020\/09\/image-50.png?resize=525%2C300&ssl=1 1.5x, https:\/\/i0.wp.com\/www.grieta.org.mx\/wp-content\/uploads\/2020\/09\/image-50.png?resize=700%2C400&ssl=1 2x"},"classes":[]},{"id":4224,"url":"https:\/\/www.grieta.org.mx\/index.php\/2015\/04\/14\/jornaleros-agricolas-en-nayarit\/","url_meta":{"origin":2763,"position":5},"title":"Jornaleros agr\u00edcolas en Nayarit","author":"grieta","date":"14 abril, 2015","format":false,"excerpt":"14\/04\/15. Denuncian abusos a jornaleros agr\u00edcolas El sol de Nayarit","rel":"","context":"En &quot;Jornaleros&quot;","block_context":{"text":"Jornaleros","link":"https:\/\/www.grieta.org.mx\/index.php\/category\/temas-nacionales\/jornaleros\/"},"img":{"alt_text":"","src":"https:\/\/i0.wp.com\/www.grieta.org.mx\/wp-content\/uploads\/2018\/03\/14524434_1106112876131411_958039263622046936_o.jpg?resize=350%2C200&ssl=1","width":350,"height":200,"srcset":"https:\/\/i0.wp.com\/www.grieta.org.mx\/wp-content\/uploads\/2018\/03\/14524434_1106112876131411_958039263622046936_o.jpg?resize=350%2C200&ssl=1 1x, https:\/\/i0.wp.com\/www.grieta.org.mx\/wp-content\/uploads\/2018\/03\/14524434_1106112876131411_958039263622046936_o.jpg?resize=525%2C300&ssl=1 1.5x, https:\/\/i0.wp.com\/www.grieta.org.mx\/wp-content\/uploads\/2018\/03\/14524434_1106112876131411_958039263622046936_o.jpg?resize=700%2C400&ssl=1 2x"},"classes":[]}],"_links":{"self":[{"href":"https:\/\/www.grieta.org.mx\/index.php\/wp-json\/wp\/v2\/posts\/2763","targetHints":{"allow":["GET"]}}],"collection":[{"href":"https:\/\/www.grieta.org.mx\/index.php\/wp-json\/wp\/v2\/posts"}],"about":[{"href":"https:\/\/www.grieta.org.mx\/index.php\/wp-json\/wp\/v2\/types\/post"}],"author":[{"embeddable":true,"href":"https:\/\/www.grieta.org.mx\/index.php\/wp-json\/wp\/v2\/users\/2"}],"replies":[{"embeddable":true,"href":"https:\/\/www.grieta.org.mx\/index.php\/wp-json\/wp\/v2\/comments?post=2763"}],"version-history":[{"count":1,"href":"https:\/\/www.grieta.org.mx\/index.php\/wp-json\/wp\/v2\/posts\/2763\/revisions"}],"predecessor-version":[{"id":2772,"href":"https:\/\/www.grieta.org.mx\/index.php\/wp-json\/wp\/v2\/posts\/2763\/revisions\/2772"}],"wp:featuredmedia":[{"embeddable":true,"href":"https:\/\/www.grieta.org.mx\/index.php\/wp-json\/wp\/v2\/media\/21928"}],"wp:attachment":[{"href":"https:\/\/www.grieta.org.mx\/index.php\/wp-json\/wp\/v2\/media?parent=2763"}],"wp:term":[{"taxonomy":"category","embeddable":true,"href":"https:\/\/www.grieta.org.mx\/index.php\/wp-json\/wp\/v2\/categories?post=2763"},{"taxonomy":"post_tag","embeddable":true,"href":"https:\/\/www.grieta.org.mx\/index.php\/wp-json\/wp\/v2\/tags?post=2763"}],"curies":[{"name":"wp","href":"https:\/\/api.w.org\/{rel}","templated":true}]}}