{"id":27618,"date":"2018-11-12T21:36:06","date_gmt":"2018-11-13T03:36:06","guid":{"rendered":"http:\/\/www.grieta.org.mx\/?p=27618"},"modified":"2018-11-16T21:40:46","modified_gmt":"2018-11-17T03:40:46","slug":"formalizan-incremento-a-la-tarifa-del-camion-en-mexicali-costara-15-50-pesos-baja-california","status":"publish","type":"post","link":"https:\/\/www.grieta.org.mx\/index.php\/2018\/11\/12\/formalizan-incremento-a-la-tarifa-del-camion-en-mexicali-costara-15-50-pesos-baja-california\/","title":{"rendered":"Formalizan incremento a la tarifa del cami\u00f3n en Mexicali, costar\u00e1 15.50 pesos (Baja California)"},"content":{"rendered":"<p><img loading=\"lazy\" decoding=\"async\" data-attachment-id=\"27619\" data-permalink=\"https:\/\/www.grieta.org.mx\/index.php\/2018\/11\/12\/formalizan-incremento-a-la-tarifa-del-camion-en-mexicali-costara-15-50-pesos-baja-california\/whatsapp-image-2018-11-12-at-1-41-23-pm-750x500\/\" data-orig-file=\"https:\/\/www.grieta.org.mx\/wp-content\/uploads\/2018\/11\/WhatsApp-Image-2018-11-12-at-1.41.23-PM-750x500.jpeg\" data-orig-size=\"750,500\" data-comments-opened=\"0\" data-image-meta=\"{&quot;aperture&quot;:&quot;0&quot;,&quot;credit&quot;:&quot;&quot;,&quot;camera&quot;:&quot;&quot;,&quot;caption&quot;:&quot;&quot;,&quot;created_timestamp&quot;:&quot;0&quot;,&quot;copyright&quot;:&quot;&quot;,&quot;focal_length&quot;:&quot;0&quot;,&quot;iso&quot;:&quot;0&quot;,&quot;shutter_speed&quot;:&quot;0&quot;,&quot;title&quot;:&quot;&quot;,&quot;orientation&quot;:&quot;0&quot;}\" data-image-title=\"WhatsApp-Image-2018-11-12-at-1.41.23-PM-750&amp;#215;500\" data-image-description=\"\" data-image-caption=\"\" data-medium-file=\"https:\/\/www.grieta.org.mx\/wp-content\/uploads\/2018\/11\/WhatsApp-Image-2018-11-12-at-1.41.23-PM-750x500-300x200.jpeg\" data-large-file=\"https:\/\/www.grieta.org.mx\/wp-content\/uploads\/2018\/11\/WhatsApp-Image-2018-11-12-at-1.41.23-PM-750x500.jpeg\" class=\"aligncenter size-full wp-image-27619\" src=\"http:\/\/www.grieta.org.mx\/wp-content\/uploads\/2018\/11\/WhatsApp-Image-2018-11-12-at-1.41.23-PM-750x500.jpeg\" alt=\"\" width=\"750\" height=\"500\" srcset=\"https:\/\/www.grieta.org.mx\/wp-content\/uploads\/2018\/11\/WhatsApp-Image-2018-11-12-at-1.41.23-PM-750x500.jpeg 750w, https:\/\/www.grieta.org.mx\/wp-content\/uploads\/2018\/11\/WhatsApp-Image-2018-11-12-at-1.41.23-PM-750x500-300x200.jpeg 300w\" sizes=\"auto, (max-width: 750px) 100vw, 750px\" \/><\/p>\n<p>Eduardo Villa Lugo<\/p>\n<p>Luego de siete meses del anuncio, el Ayuntamiento de Mexicali inform\u00f3 que a partir del 15 de diciembre entrar\u00e1 en efecto el incremento a la tarifa del transporte que subir\u00e1 de 13 a 15.50 pesos, dejando la posibilidad abierta a que en un periodo de dos a\u00f1os pueda volver a incrementar.<\/p>\n<p>Lo anterior fue dado a conocer por el alcalde Gustavo S\u00e1nchez V\u00e1zquez, en una conferencia de prensa en la que estuvo acompa\u00f1ado de funcionarios municipales y representantes del sector transportista y empresarial, donde anunciaron que a mediados de diciembre se estar\u00eda materializando.<\/p>\n<p>S\u00e1nchez V\u00e1zquez coment\u00f3 que era parte del compromiso del Ayuntamiento con los transportistas, luego que cumplieran con una serie de requisitos que van desde la instalaci\u00f3n de equipo para la lectora de credenciales, hasta el compromiso de cobrar a mitad de precio el trasbordo en cualquier punto del municipio.<\/p>\n<p>Seg\u00fan referido por el presidente municipal, los 11 concesionarios se comprometieron tambi\u00e9n a mejorar las condiciones del transporte y s\u00f3lo este a\u00f1o compraron 28 unidades nuevas, lo que supera el compromiso realizado de 20.<\/p>\n<p>En la atenci\u00f3n a medios donde s\u00f3lo habl\u00f3 el primer edil, se\u00f1al\u00f3 que tambi\u00e9n que se entregar\u00e1n m\u00e1s de 60 mil credenciales sin costo alguno para los usuarios regulares y los que decidan utilizarlo a ra\u00edz de estos ajustes.<\/p>\n<p>Cada credencial tendr\u00e1 100 pesos para uso en el transporte p\u00fablico y ser\u00e1 recargable en diversos puntos como Plaza Nuevo Mexicali, Sendero, Centro C\u00edvico, Cachanilla, UABC, entre otros sitios de gran concurrencia. Por este apoyo el Ayuntamiento desembolsar\u00e1 la cantidad de 2 millones de pesos.<\/p>\n<p><a href=\"http:\/\/zetatijuana.com\/2018\/11\/formalizan-incremento-a-la-tarifa-del-camion-en-mexicali-costara-15-50-pesos\/\" rel=\"noopener\" target=\"_blank\">http:\/\/zetatijuana.com\/2018\/11\/formalizan-incremento-a-la-tarifa-del-camion-en-mexicali-costara-15-50-pesos\/<\/a><\/p>\n","protected":false},"excerpt":{"rendered":"<p>Eduardo Villa Lugo Luego de siete meses del anuncio, el Ayuntamiento de Mexicali inform\u00f3 que a partir del 15 de diciembre entrar\u00e1 en efecto el incremento a la tarifa del &hellip; <a href=\"https:\/\/www.grieta.org.mx\/index.php\/2018\/11\/12\/formalizan-incremento-a-la-tarifa-del-camion-en-mexicali-costara-15-50-pesos-baja-california\/\" class=\"more-link\">Leer m\u00e1s<\/a><\/p>\n","protected":false},"author":2,"featured_media":27619,"comment_status":"closed","ping_status":"closed","sticky":false,"template":"","format":"standard","meta":{"ngg_post_thumbnail":0,"_jetpack_newsletter_access":"","_jetpack_dont_email_post_to_subs":false,"_jetpack_newsletter_tier_id":0,"_jetpack_memberships_contains_paywalled_content":false,"_jetpack_memberships_contains_paid_content":false,"footnotes":""},"categories":[5,80,1067,2],"tags":[],"class_list":["post-27618","post","type-post","status-publish","format-standard","has-post-thumbnail","hentry","category-baja-california","category-cintillo","category-incremento-del-costo-de-la-vida-en-baja-california","category-noticias-nacionales","entry"],"jetpack_featured_media_url":"https:\/\/www.grieta.org.mx\/wp-content\/uploads\/2018\/11\/WhatsApp-Image-2018-11-12-at-1.41.23-PM-750x500.jpeg","jetpack_sharing_enabled":true,"jetpack_shortlink":"https:\/\/wp.me\/p7ZJR4-7bs","jetpack_likes_enabled":false,"jetpack-related-posts":[{"id":25557,"url":"https:\/\/www.grieta.org.mx\/index.php\/2018\/08\/14\/a-partir-de-octubre-el-aumento-de-2-50-pesos-en-la-tarifa-de-transporte-publico-en-mexicali-baja-california\/","url_meta":{"origin":27618,"position":0},"title":"A partir de octubre el aumento de  2.50 pesos en la tarifa de transporte p\u00fablico en Mexicali (Baja California)","author":"grieta","date":"14 agosto, 2018","format":false,"excerpt":"*Revela SIMUTRA que transportistas han cumplido con los acuerdos, que est\u00e1n por concluir la revisi\u00f3n de la operatividad *En tres a\u00f1os la tarifa del transporte p\u00fablico de la capital se increment\u00f3 4.50 pesos. Jorge Heras \/ Lindero Norte Mexicali.- A punto de concluir la revisi\u00f3n de los 4 puntos que\u2026","rel":"","context":"En &quot;Baja California&quot;","block_context":{"text":"Baja California","link":"https:\/\/www.grieta.org.mx\/index.php\/category\/noticias-nacionales\/baja-california\/"},"img":{"alt_text":"","src":"https:\/\/i0.wp.com\/www.grieta.org.mx\/wp-content\/uploads\/2018\/08\/camiones-transporte.jpg?resize=350%2C200&ssl=1","width":350,"height":200,"srcset":"https:\/\/i0.wp.com\/www.grieta.org.mx\/wp-content\/uploads\/2018\/08\/camiones-transporte.jpg?resize=350%2C200&ssl=1 1x, https:\/\/i0.wp.com\/www.grieta.org.mx\/wp-content\/uploads\/2018\/08\/camiones-transporte.jpg?resize=525%2C300&ssl=1 1.5x"},"classes":[]},{"id":22240,"url":"https:\/\/www.grieta.org.mx\/index.php\/2018\/03\/24\/incrementan-20-tarifa-de-transporte-en-mexicali-15-50-costara-el-pasaje-mas-caro-del-pais\/","url_meta":{"origin":27618,"position":1},"title":"Incrementan 20% tarifa de transporte en Mexicali; 15.50 costar\u00e1 el pasaje m\u00e1s caro del pa\u00eds","author":"grieta","date":"24 marzo, 2018","format":false,"excerpt":"*En tres a\u00f1os la tarifa del transporte p\u00fablico de la capital se increment\u00f3 4.50 pesos. *Cabildo justifica aumento como parte de la modernizaci\u00f3n del transporte y sostienen que hay una reducci\u00f3n. *\u201dNo es un cheque en blanco\u2026 el aumento se puede revertir\u201d, advierte alcalde Jorge Heras Jorge Heras \/ Lindero\u2026","rel":"","context":"En &quot;Baja California&quot;","block_context":{"text":"Baja California","link":"https:\/\/www.grieta.org.mx\/index.php\/category\/noticias-nacionales\/baja-california\/"},"img":{"alt_text":"","src":"https:\/\/i0.wp.com\/www.grieta.org.mx\/wp-content\/uploads\/2018\/03\/20180323_172646608963735.jpg?resize=350%2C200&ssl=1","width":350,"height":200,"srcset":"https:\/\/i0.wp.com\/www.grieta.org.mx\/wp-content\/uploads\/2018\/03\/20180323_172646608963735.jpg?resize=350%2C200&ssl=1 1x, https:\/\/i0.wp.com\/www.grieta.org.mx\/wp-content\/uploads\/2018\/03\/20180323_172646608963735.jpg?resize=525%2C300&ssl=1 1.5x"},"classes":[]},{"id":22340,"url":"https:\/\/www.grieta.org.mx\/index.php\/2018\/03\/18\/toman-instalaciones-de-pemex-en-mexicali\/","url_meta":{"origin":27618,"position":2},"title":"Toman instalaciones de Pemex, en Mexicali","author":"grieta","date":"18 marzo, 2018","format":false,"excerpt":"Cristian Torres Un grupo de alrededor de 30 personas tomaron la terminal de almacenamiento y reparto de Pemex en Mexicali, mejor conocida como La Rosita por su ubicaci\u00f3n a unos 10 kil\u00f3metros de la ciudad de Mexicali. Los manifestantes exigen que se homologue el precio de la gasolina al igual\u2026","rel":"","context":"En &quot;Baja California&quot;","block_context":{"text":"Baja California","link":"https:\/\/www.grieta.org.mx\/index.php\/category\/noticias-nacionales\/baja-california\/"},"img":{"alt_text":"","src":"https:\/\/i0.wp.com\/www.grieta.org.mx\/wp-content\/uploads\/2018\/03\/2D588482-46E3-4F22-9E96-2DE8BE3C961B-750x500.jpeg?resize=350%2C200&ssl=1","width":350,"height":200,"srcset":"https:\/\/i0.wp.com\/www.grieta.org.mx\/wp-content\/uploads\/2018\/03\/2D588482-46E3-4F22-9E96-2DE8BE3C961B-750x500.jpeg?resize=350%2C200&ssl=1 1x, https:\/\/i0.wp.com\/www.grieta.org.mx\/wp-content\/uploads\/2018\/03\/2D588482-46E3-4F22-9E96-2DE8BE3C961B-750x500.jpeg?resize=525%2C300&ssl=1 1.5x, https:\/\/i0.wp.com\/www.grieta.org.mx\/wp-content\/uploads\/2018\/03\/2D588482-46E3-4F22-9E96-2DE8BE3C961B-750x500.jpeg?resize=700%2C400&ssl=1 2x"},"classes":[]},{"id":42592,"url":"https:\/\/www.grieta.org.mx\/index.php\/2019\/12\/23\/edomex-tendra-en-2020-la-tarifa-de-transporte-publico-mas-cara-de-mexico\/","url_meta":{"origin":27618,"position":3},"title":"Edomex tendr\u00e1 en 2020 la tarifa de transporte p\u00fablico m\u00e1s cara de M\u00e9xico","author":"grieta","date":"23 diciembre, 2019","format":false,"excerpt":"Alma R\u00edos \/ El Gr\u00e1fico \u00a0 En 23 estados de la Rep\u00fablica la tarifa est\u00e1 por debajo de los 10.00 pesos. La m\u00e1s barata de 6 pesos y la tiene la Ciudad de M\u00e9xico TOLUCA.- A partir del pr\u00f3ximo primero de enero, el estado de M\u00e9xico tendr\u00e1 la tarifa del\u2026","rel":"","context":"En &quot;CINTILLO&quot;","block_context":{"text":"CINTILLO","link":"https:\/\/www.grieta.org.mx\/index.php\/category\/cintillo\/"},"img":{"alt_text":"","src":"https:\/\/i0.wp.com\/www.grieta.org.mx\/wp-content\/uploads\/2019\/12\/Edomex-tendr%C3%A1-en-2020-la-tarifa-de-transporte-p%C3%BAblico-m%C3%A1s-cara-de-edomex-dic.jpg?resize=350%2C200","width":350,"height":200},"classes":[]},{"id":21107,"url":"https:\/\/www.grieta.org.mx\/index.php\/2016\/09\/07\/incremento-de-precencia-militar-en-baja-california\/","url_meta":{"origin":27618,"position":4},"title":"Incremento de actividad de fuerzas represivas en Baja California","author":"grieta","date":"7 septiembre, 2016","format":false,"excerpt":"03\/09\/16. Realiza Ej\u00e9rcito Mexicano labor social en Mexicali La Jornada Baja California 03\/09\/16. Apoyo de Sedena es vital para frenar violencia: Kiko El Sol de Tijuana 02\/09\/16. Tijuana y Mexicali, entre los 50 municipios m\u00e1s violentos del pa\u00eds La Jornada Baja California 01\/09\/16. No hay muro que inhiba la coordinaci\u00f3n\u2026","rel":"","context":"En &quot;Baja California&quot;","block_context":{"text":"Baja California","link":"https:\/\/www.grieta.org.mx\/index.php\/category\/noticias-nacionales\/baja-california\/"},"img":{"alt_text":"","src":"https:\/\/i0.wp.com\/www.grieta.org.mx\/wp-content\/uploads\/2018\/03\/14524434_1106112876131411_958039263622046936_o.jpg?resize=350%2C200&ssl=1","width":350,"height":200,"srcset":"https:\/\/i0.wp.com\/www.grieta.org.mx\/wp-content\/uploads\/2018\/03\/14524434_1106112876131411_958039263622046936_o.jpg?resize=350%2C200&ssl=1 1x, https:\/\/i0.wp.com\/www.grieta.org.mx\/wp-content\/uploads\/2018\/03\/14524434_1106112876131411_958039263622046936_o.jpg?resize=525%2C300&ssl=1 1.5x, https:\/\/i0.wp.com\/www.grieta.org.mx\/wp-content\/uploads\/2018\/03\/14524434_1106112876131411_958039263622046936_o.jpg?resize=700%2C400&ssl=1 2x"},"classes":[]},{"id":28376,"url":"https:\/\/www.grieta.org.mx\/index.php\/2019\/01\/13\/lluvia-de-reclamos-contra-gobernador-kiko-vega-baja-california\/","url_meta":{"origin":27618,"position":5},"title":"\u201cLluvia\u201d de reclamos contra gobernador Kiko Vega (Baja California)","author":"grieta","date":"13 enero, 2019","format":false,"excerpt":"Reclamaron al gobernador la falta de pago puntual a maestros activos y jubilados, incluyendo un contingente de profesores del Centro de Estudios Cient\u00edficos y Tecnol\u00f3gicos de Baja California (Cecyte). Foto Luis Arellano Sarmiento POR LUIS ARELLANO SARMIENTO Mexicali, 13 de enero. \u2013 Al cumplirse dos a\u00f1os de las manifestaciones multitudinarias\u2026","rel":"","context":"En &quot;Baja California&quot;","block_context":{"text":"Baja California","link":"https:\/\/www.grieta.org.mx\/index.php\/category\/noticias-nacionales\/baja-california\/"},"img":{"alt_text":"","src":"https:\/\/i0.wp.com\/www.grieta.org.mx\/wp-content\/uploads\/2019\/01\/img_1797.jpg?resize=350%2C200&ssl=1","width":350,"height":200,"srcset":"https:\/\/i0.wp.com\/www.grieta.org.mx\/wp-content\/uploads\/2019\/01\/img_1797.jpg?resize=350%2C200&ssl=1 1x, https:\/\/i0.wp.com\/www.grieta.org.mx\/wp-content\/uploads\/2019\/01\/img_1797.jpg?resize=525%2C300&ssl=1 1.5x"},"classes":[]}],"_links":{"self":[{"href":"https:\/\/www.grieta.org.mx\/index.php\/wp-json\/wp\/v2\/posts\/27618","targetHints":{"allow":["GET"]}}],"collection":[{"href":"https:\/\/www.grieta.org.mx\/index.php\/wp-json\/wp\/v2\/posts"}],"about":[{"href":"https:\/\/www.grieta.org.mx\/index.php\/wp-json\/wp\/v2\/types\/post"}],"author":[{"embeddable":true,"href":"https:\/\/www.grieta.org.mx\/index.php\/wp-json\/wp\/v2\/users\/2"}],"replies":[{"embeddable":true,"href":"https:\/\/www.grieta.org.mx\/index.php\/wp-json\/wp\/v2\/comments?post=27618"}],"version-history":[{"count":1,"href":"https:\/\/www.grieta.org.mx\/index.php\/wp-json\/wp\/v2\/posts\/27618\/revisions"}],"predecessor-version":[{"id":27620,"href":"https:\/\/www.grieta.org.mx\/index.php\/wp-json\/wp\/v2\/posts\/27618\/revisions\/27620"}],"wp:featuredmedia":[{"embeddable":true,"href":"https:\/\/www.grieta.org.mx\/index.php\/wp-json\/wp\/v2\/media\/27619"}],"wp:attachment":[{"href":"https:\/\/www.grieta.org.mx\/index.php\/wp-json\/wp\/v2\/media?parent=27618"}],"wp:term":[{"taxonomy":"category","embeddable":true,"href":"https:\/\/www.grieta.org.mx\/index.php\/wp-json\/wp\/v2\/categories?post=27618"},{"taxonomy":"post_tag","embeddable":true,"href":"https:\/\/www.grieta.org.mx\/index.php\/wp-json\/wp\/v2\/tags?post=27618"}],"curies":[{"name":"wp","href":"https:\/\/api.w.org\/{rel}","templated":true}]}}