{"id":27614,"date":"2018-11-16T21:24:44","date_gmt":"2018-11-17T03:24:44","guid":{"rendered":"http:\/\/www.grieta.org.mx\/?p=27614"},"modified":"2018-11-16T21:24:44","modified_gmt":"2018-11-17T03:24:44","slug":"crece-la-concentracion-de-migrantes-centroamericanos-en-tijuana-y-mexicali-llenan-albergues-y-refugios-en-bc","status":"publish","type":"post","link":"https:\/\/www.grieta.org.mx\/index.php\/2018\/11\/16\/crece-la-concentracion-de-migrantes-centroamericanos-en-tijuana-y-mexicali-llenan-albergues-y-refugios-en-bc\/","title":{"rendered":"Crece la concentraci\u00f3n de migrantes centroamericanos en Tijuana y Mexicali; llenan albergues y refugios en BC"},"content":{"rendered":"<p><img decoding=\"async\" data-attachment-id=\"27615\" data-permalink=\"https:\/\/www.grieta.org.mx\/index.php\/2018\/11\/16\/crece-la-concentracion-de-migrantes-centroamericanos-en-tijuana-y-mexicali-llenan-albergues-y-refugios-en-bc\/20181116_0940434234066610610159544\/\" data-orig-file=\"https:\/\/www.grieta.org.mx\/wp-content\/uploads\/2018\/11\/20181116_0940434234066610610159544.jpg\" data-orig-size=\"585,439\" data-comments-opened=\"0\" data-image-meta=\"{&quot;aperture&quot;:&quot;0&quot;,&quot;credit&quot;:&quot;&quot;,&quot;camera&quot;:&quot;&quot;,&quot;caption&quot;:&quot;&quot;,&quot;created_timestamp&quot;:&quot;0&quot;,&quot;copyright&quot;:&quot;&quot;,&quot;focal_length&quot;:&quot;0&quot;,&quot;iso&quot;:&quot;0&quot;,&quot;shutter_speed&quot;:&quot;0&quot;,&quot;title&quot;:&quot;&quot;,&quot;orientation&quot;:&quot;0&quot;}\" data-image-title=\"20181116_0940434234066610610159544\" data-image-description=\"\" data-image-caption=\"\" data-medium-file=\"https:\/\/www.grieta.org.mx\/wp-content\/uploads\/2018\/11\/20181116_0940434234066610610159544-300x225.jpg\" data-large-file=\"https:\/\/www.grieta.org.mx\/wp-content\/uploads\/2018\/11\/20181116_0940434234066610610159544.jpg\" class=\"aligncenter size-full wp-image-27615\" src=\"http:\/\/www.grieta.org.mx\/wp-content\/uploads\/2018\/11\/20181116_0940434234066610610159544.jpg\" alt=\"\" width=\"100%\" srcset=\"https:\/\/www.grieta.org.mx\/wp-content\/uploads\/2018\/11\/20181116_0940434234066610610159544.jpg 585w, https:\/\/www.grieta.org.mx\/wp-content\/uploads\/2018\/11\/20181116_0940434234066610610159544-300x225.jpg 300w\" sizes=\"(max-width: 585px) 100vw, 585px\" \/><\/p>\n<p>Antonio Heras<\/p>\n<p>Mexicali.- En las ciudades fronterizas de Baja California se concentraron 4 mil 757 migrantes pertenecientes a la Caravana del Migrante, de los cuales 3 mil 223 hondure\u00f1os, salvadore\u00f1os y guatemaltecos se encuentran en Tijuana y mil 534 en Mexicali.<\/p>\n<p>La mayor parte de los migrantes que permanecen en Mexicali se debe a que los camiones que los trasladaron desde Sonora los dejaron en el centro de esta ciudad fronteriza por lo que fueron albergados en el Hotel del Migrante, el centro Covina, el Centro Alfa y Omega, entre otros.<\/p>\n<p>Sin precisar cifras exactas, aun existen autobuses que trasladan a un mayor n\u00famero de migrantes por las carreteras de Sinaloa y Sonora con miras a llegar a la ciudad de Tijuana para tramitar su petici\u00f3n de asilo pol\u00edtico en Estados Unidos.<\/p>\n<p>Ante la presencia de centroamericanos en la capital de Baja California, el gobierno de Estados Unidos moviliz\u00f3 a tropas de la Guardia Nacional para mantener vigilados las Garitas Internacionales y el muro fronterizo de Calexico, California. Durante la ma\u00f1ana de este viernes se registr\u00f3 un desplazamiento militar allende la frontera.<\/p>\n<p>Aduanas y Protecci\u00f3n Fronteriza de Estados Unidos tienen en su poder 2 mil 600 solicitudes de asilo pol\u00edtico de migrantes centroamericanos que se encuentran en Tijuana, aunque no todos pertenecen a la Caravana del Migrante. Tambi\u00e9n incluye a mexicanos desplazados por la violencia en Guerrero y Michoac\u00e1n.<\/p>\n<p>Las fechas de atenci\u00f3n de esta lista se ampl\u00eda a dos semanas para que las autoridades migratorias realicen las entrevistas en el puerto fronterizo de San Ysidro por lo que se estima que los primeros migrantes que llegaron a la frontera permanecer\u00e1n al menos 15 d\u00edas en Tijuana.<br \/>\nEn esta ciudad fronteriza, el alcalde Juan Manuel Gastelum pidi\u00f3 la intervenci\u00f3n del gobierno federal para apoyar con recursos el flujo mifratorio que se registra en Tijuana y precis\u00f3 que la intenci\u00f3n de solicitar la aplicaci\u00f3n del art\u00edculo 33 es para aquellos migrantes que violen la ley.<\/p>\n<p>El gobierno municipal dio a conocer que en estos cinco d\u00edas se han detenido a siete personas por diversos actividades violatorias de la ley; dos hondure\u00f1os por causar alboroto en Playas de Tijuana, tres m\u00e1s por consumir mariguana afuera del Albergue Benito Ju\u00e1rez de la zona norte y a otros dos que fueron sorprendidos en un picadero de Camino Verde, entre los que se encontraba un guatemalteco con antecedentes penales y deportado varias veces de Estados Unidos.<\/p>\n<p>En tanto, la comunidad LGTBI de Tijuana se\u00f1alaron a uno de los dirigentes de este grupo de centroamericanos de la diversidad sexual que lleg\u00f3 el domingo a una casa de Playas de Tijuana y ahora se encuentra en el albergue El Caracol.<\/p>\n<p>Acusaron que este hombre conocido como \u201cLa Pitaya\u201d ha venido en varias ocasiones a Tijuana con j\u00f3venes de esa comunidad a la que enga\u00f1a para decirles que tienen todo arreglado para su cruce a Estados Unidos pero terminan en la deportaci\u00f3n.<\/p>\n<p>En el Refugio Temporal Benito Ju\u00e1rez fueron albergados 2 mil 008 migrantes de la caravana, dijo el secretario Mario Osuna. Mientras el delegado de la Zona Centro, Genaro L\u00f3pez, reconoci\u00f3 que al menos un centenar durmieron en las inmediaciones del albergue por no \u201caceptar las reglas como el no consumir bebidas alcoh\u00f3licas\u201d<\/p>\n<p><a href=\"https:\/\/linderonorte.com\/2018\/11\/16\/crece-la-concentracion-de-migrantes-centroamericanos-en-tijuana-y-mexicali-llenan-albergues-y-refugios-en-bc\/\" rel=\"noopener\" target=\"_blank\">https:\/\/linderonorte.com\/2018\/11\/16\/crece-la-concentracion-de-migrantes-centroamericanos-en-tijuana-y-mexicali-llenan-albergues-y-refugios-en-bc\/<\/a><\/p>\n","protected":false},"excerpt":{"rendered":"<p>Antonio Heras Mexicali.- En las ciudades fronterizas de Baja California se concentraron 4 mil 757 migrantes pertenecientes a la Caravana del Migrante, de los cuales 3 mil 223 hondure\u00f1os, salvadore\u00f1os &hellip; <a href=\"https:\/\/www.grieta.org.mx\/index.php\/2018\/11\/16\/crece-la-concentracion-de-migrantes-centroamericanos-en-tijuana-y-mexicali-llenan-albergues-y-refugios-en-bc\/\" class=\"more-link\">Leer m\u00e1s<\/a><\/p>\n","protected":false},"author":2,"featured_media":27615,"comment_status":"closed","ping_status":"closed","sticky":false,"template":"","format":"standard","meta":{"ngg_post_thumbnail":0,"_jetpack_newsletter_access":"","_jetpack_dont_email_post_to_subs":false,"_jetpack_newsletter_tier_id":0,"_jetpack_memberships_contains_paywalled_content":false,"_jetpack_memberships_contains_paid_content":false,"footnotes":""},"categories":[5,80,1166,2],"tags":[1871],"class_list":["post-27614","post","type-post","status-publish","format-standard","has-post-thumbnail","hentry","category-baja-california","category-cintillo","category-muros-y-poblaciones-migrantes-en-baja-california","category-noticias-nacionales","tag-caravana-de-migrantes-centroamericanos","entry"],"jetpack_featured_media_url":"https:\/\/www.grieta.org.mx\/wp-content\/uploads\/2018\/11\/20181116_0940434234066610610159544.jpg","jetpack_sharing_enabled":true,"jetpack_shortlink":"https:\/\/wp.me\/p7ZJR4-7bo","jetpack_likes_enabled":false,"jetpack-related-posts":[{"id":27645,"url":"https:\/\/www.grieta.org.mx\/index.php\/2018\/11\/19\/llegan-mil-500-integrantes-de-la-caravana-del-migrante-al-centro-de-mexicali-baja-california\/","url_meta":{"origin":27614,"position":0},"title":"Llegan mil 500 integrantes de la caravana del migrante al centro de Mexicali (Baja California)","author":"grieta","date":"19 noviembre, 2018","format":false,"excerpt":"Antonio Heras Mexicali.-Un contingente de mil 500 migrantes, la mayoria hondure\u00f1os, llegaron al centro de Mexicali donde anunciaron que permaneceran dos dias. Integrantes de la Caravana del Migrante arribaron a esta frontera durante el domingo donde permanecieron en un albergue improvisado en la colonia Abasolo en el Valle de Mexicali.\u2026","rel":"","context":"En &quot;Baja California&quot;","block_context":{"text":"Baja California","link":"https:\/\/www.grieta.org.mx\/index.php\/category\/noticias-nacionales\/baja-california\/"},"img":{"alt_text":"","src":"https:\/\/i0.wp.com\/www.grieta.org.mx\/wp-content\/uploads\/2018\/11\/img-20181119-wa00227479176288765151818.jpg?resize=350%2C200&ssl=1","width":350,"height":200,"srcset":"https:\/\/i0.wp.com\/www.grieta.org.mx\/wp-content\/uploads\/2018\/11\/img-20181119-wa00227479176288765151818.jpg?resize=350%2C200&ssl=1 1x, https:\/\/i0.wp.com\/www.grieta.org.mx\/wp-content\/uploads\/2018\/11\/img-20181119-wa00227479176288765151818.jpg?resize=525%2C300&ssl=1 1.5x"},"classes":[]},{"id":30360,"url":"https:\/\/www.grieta.org.mx\/index.php\/2019\/03\/07\/hay-en-baja-california-mil-250-centroamericanos-de-la-tercera-caravana-de-migrantes\/","url_meta":{"origin":27614,"position":1},"title":"Hay en Baja California mil 250 centroamericanos de la tercera caravana de migrantes","author":"grieta","date":"7 marzo, 2019","format":false,"excerpt":"Lindero Norte. Antonio Heras, Mexicali.- En el nuevo \u00e9xodo de centroamericanos a la frontera noroeste de M\u00e9xico se reportan mil 250 migrantes que solicitar\u00e1n asilo pol\u00edtico al gobierno de Estados Unidos. En Mexicali se encuentran 900 personas y 350 en Tijuana Durante este mi\u00e9rcoles llegaron a Mexicali 357 integrantes de\u2026","rel":"","context":"En &quot;Baja California&quot;","block_context":{"text":"Baja California","link":"https:\/\/www.grieta.org.mx\/index.php\/category\/noticias-nacionales\/baja-california\/"},"img":{"alt_text":"","src":"https:\/\/i0.wp.com\/www.grieta.org.mx\/wp-content\/uploads\/2018\/03\/14524434_1106112876131411_958039263622046936_o.jpg?resize=350%2C200&ssl=1","width":350,"height":200,"srcset":"https:\/\/i0.wp.com\/www.grieta.org.mx\/wp-content\/uploads\/2018\/03\/14524434_1106112876131411_958039263622046936_o.jpg?resize=350%2C200&ssl=1 1x, https:\/\/i0.wp.com\/www.grieta.org.mx\/wp-content\/uploads\/2018\/03\/14524434_1106112876131411_958039263622046936_o.jpg?resize=525%2C300&ssl=1 1.5x, https:\/\/i0.wp.com\/www.grieta.org.mx\/wp-content\/uploads\/2018\/03\/14524434_1106112876131411_958039263622046936_o.jpg?resize=700%2C400&ssl=1 2x"},"classes":[]},{"id":31144,"url":"https:\/\/www.grieta.org.mx\/index.php\/2019\/03\/21\/continua-exodo-de-migrantes-centroamericanos-a-mexicali-baja-california\/","url_meta":{"origin":27614,"position":2},"title":"Contin\u00faa \u00e9xodo de migrantes centroamericanos a Mexicali (Baja California)","author":"grieta","date":"21 marzo, 2019","format":false,"excerpt":"Lindero Norte. Antonio Heras Mexicali.- Varios grupos de centroamericanos de la Caravana del Migrante han llegado a los albergues de Mexicali durante los \u00faltimos tres d\u00edas, de acuerdo a la Direcci\u00f3n de Atenci\u00f3n del Migrante del gobierno de Baja California. En estos dias arribaron a esta ciudad fronteriza 200 hombres,\u2026","rel":"","context":"En &quot;Baja California&quot;","block_context":{"text":"Baja California","link":"https:\/\/www.grieta.org.mx\/index.php\/category\/noticias-nacionales\/baja-california\/"},"img":{"alt_text":"","src":"https:\/\/i0.wp.com\/www.grieta.org.mx\/wp-content\/uploads\/2018\/03\/14524434_1106112876131411_958039263622046936_o.jpg?resize=350%2C200&ssl=1","width":350,"height":200,"srcset":"https:\/\/i0.wp.com\/www.grieta.org.mx\/wp-content\/uploads\/2018\/03\/14524434_1106112876131411_958039263622046936_o.jpg?resize=350%2C200&ssl=1 1x, https:\/\/i0.wp.com\/www.grieta.org.mx\/wp-content\/uploads\/2018\/03\/14524434_1106112876131411_958039263622046936_o.jpg?resize=525%2C300&ssl=1 1.5x, https:\/\/i0.wp.com\/www.grieta.org.mx\/wp-content\/uploads\/2018\/03\/14524434_1106112876131411_958039263622046936_o.jpg?resize=700%2C400&ssl=1 2x"},"classes":[]},{"id":30357,"url":"https:\/\/www.grieta.org.mx\/index.php\/2019\/03\/06\/arriba-grupo-de-400-migrantes-a-mexicali-38-son-ninos-baja-california\/","url_meta":{"origin":27614,"position":3},"title":"Arriba grupo de 400 migrantes a Mexicali; 38 son ni\u00f1os (Baja California)","author":"grieta","date":"6 marzo, 2019","format":false,"excerpt":"Zeta Tijuana. Eduardo Villa Lugo, Un grupo de alrededor de 400 centroamericanos arrib\u00f3 a Mexicali la madrugada de este mi\u00e9rcoles, confirm\u00f3 el director de Atenci\u00f3n a Migrantes, Gustavo Magallanes Cort\u00e9s. El funcionario indic\u00f3 que el grupo est\u00e1 conformado por 223 hombres, con 96 mujeres y un total de 38 ni\u00f1os,\u2026","rel":"","context":"En &quot;Baja California&quot;","block_context":{"text":"Baja California","link":"https:\/\/www.grieta.org.mx\/index.php\/category\/noticias-nacionales\/baja-california\/"},"img":{"alt_text":"","src":"https:\/\/i0.wp.com\/www.grieta.org.mx\/wp-content\/uploads\/2019\/03\/migrantes-4.jpg?resize=350%2C200&ssl=1","width":350,"height":200,"srcset":"https:\/\/i0.wp.com\/www.grieta.org.mx\/wp-content\/uploads\/2019\/03\/migrantes-4.jpg?resize=350%2C200&ssl=1 1x, https:\/\/i0.wp.com\/www.grieta.org.mx\/wp-content\/uploads\/2019\/03\/migrantes-4.jpg?resize=525%2C300&ssl=1 1.5x"},"classes":[]},{"id":27604,"url":"https:\/\/www.grieta.org.mx\/index.php\/2018\/11\/16\/mas-de-2-mil-migrantes-en-tijuana-en-espera-de-asilo-politico-en-eu\/","url_meta":{"origin":27614,"position":4},"title":"M\u00e1s de 2 mil migrantes en Tijuana en espera de asilo pol\u00edtico en EU","author":"grieta","date":"16 noviembre, 2018","format":false,"excerpt":"Antonio Heras \/ Lindero Norte Mientras que en Mexicali empiezan a quedarse migrantes a descansar antes de llegar a su destino, Tijuana amaneci\u00f3 con m\u00e1s de 2 mil hombres y mujeres, adem\u00e1s de saturaci\u00f3n de espacios en los albergues instalados por autoridades locales y organizaciones de la sociedad civil. El\u2026","rel":"","context":"En &quot;Baja California&quot;","block_context":{"text":"Baja California","link":"https:\/\/www.grieta.org.mx\/index.php\/category\/noticias-nacionales\/baja-california\/"},"img":{"alt_text":"","src":"https:\/\/i0.wp.com\/www.grieta.org.mx\/wp-content\/uploads\/2018\/11\/images-31379977364878600886.jpg?resize=350%2C200&ssl=1","width":350,"height":200,"srcset":"https:\/\/i0.wp.com\/www.grieta.org.mx\/wp-content\/uploads\/2018\/11\/images-31379977364878600886.jpg?resize=350%2C200&ssl=1 1x, https:\/\/i0.wp.com\/www.grieta.org.mx\/wp-content\/uploads\/2018\/11\/images-31379977364878600886.jpg?resize=525%2C300&ssl=1 1.5x"},"classes":[]},{"id":29314,"url":"https:\/\/www.grieta.org.mx\/index.php\/2019\/02\/20\/arriban-a-tijuana-integrantes-de-tercera-caravana-migrante-baja-california\/","url_meta":{"origin":27614,"position":5},"title":"Arriban a Tijuana integrantes de tercera caravana migrante (Baja California)","author":"grieta","date":"20 febrero, 2019","format":false,"excerpt":"Zeta Tijuana. Manuel Ayala, Foto: cortes\u00eda\/33 migrantes centroamericanos arribaron este d\u00eda a Tijuana procedente de Piedras Negras. Procedentes de Piedras Negras, Coahuila, integrantes de la tercera caravana migrante arribaron esta ma\u00f1ana a Tijuana, con el prop\u00f3sito de solicitar asilo a las autoridades migratorias de Estados Unidos. El Instituto Nacional de\u2026","rel":"","context":"En &quot;Baja California&quot;","block_context":{"text":"Baja California","link":"https:\/\/www.grieta.org.mx\/index.php\/category\/noticias-nacionales\/baja-california\/"},"img":{"alt_text":"","src":"https:\/\/i0.wp.com\/www.grieta.org.mx\/wp-content\/uploads\/2019\/02\/m.jpeg?resize=350%2C200&ssl=1","width":350,"height":200,"srcset":"https:\/\/i0.wp.com\/www.grieta.org.mx\/wp-content\/uploads\/2019\/02\/m.jpeg?resize=350%2C200&ssl=1 1x, https:\/\/i0.wp.com\/www.grieta.org.mx\/wp-content\/uploads\/2019\/02\/m.jpeg?resize=525%2C300&ssl=1 1.5x, https:\/\/i0.wp.com\/www.grieta.org.mx\/wp-content\/uploads\/2019\/02\/m.jpeg?resize=700%2C400&ssl=1 2x"},"classes":[]}],"_links":{"self":[{"href":"https:\/\/www.grieta.org.mx\/index.php\/wp-json\/wp\/v2\/posts\/27614","targetHints":{"allow":["GET"]}}],"collection":[{"href":"https:\/\/www.grieta.org.mx\/index.php\/wp-json\/wp\/v2\/posts"}],"about":[{"href":"https:\/\/www.grieta.org.mx\/index.php\/wp-json\/wp\/v2\/types\/post"}],"author":[{"embeddable":true,"href":"https:\/\/www.grieta.org.mx\/index.php\/wp-json\/wp\/v2\/users\/2"}],"replies":[{"embeddable":true,"href":"https:\/\/www.grieta.org.mx\/index.php\/wp-json\/wp\/v2\/comments?post=27614"}],"version-history":[{"count":1,"href":"https:\/\/www.grieta.org.mx\/index.php\/wp-json\/wp\/v2\/posts\/27614\/revisions"}],"predecessor-version":[{"id":27616,"href":"https:\/\/www.grieta.org.mx\/index.php\/wp-json\/wp\/v2\/posts\/27614\/revisions\/27616"}],"wp:featuredmedia":[{"embeddable":true,"href":"https:\/\/www.grieta.org.mx\/index.php\/wp-json\/wp\/v2\/media\/27615"}],"wp:attachment":[{"href":"https:\/\/www.grieta.org.mx\/index.php\/wp-json\/wp\/v2\/media?parent=27614"}],"wp:term":[{"taxonomy":"category","embeddable":true,"href":"https:\/\/www.grieta.org.mx\/index.php\/wp-json\/wp\/v2\/categories?post=27614"},{"taxonomy":"post_tag","embeddable":true,"href":"https:\/\/www.grieta.org.mx\/index.php\/wp-json\/wp\/v2\/tags?post=27614"}],"curies":[{"name":"wp","href":"https:\/\/api.w.org\/{rel}","templated":true}]}}