{"id":2761,"date":"2015-05-19T12:54:37","date_gmt":"2015-05-19T12:54:37","guid":{"rendered":"http:\/\/50.22.11.12\/~grietaor\/?p=2761"},"modified":"2016-03-13T13:00:04","modified_gmt":"2016-03-13T13:00:04","slug":"iniciojornaleros-jornaleros-agricolas-en-colima-explotados-y-sin-nadie-que-los-defienda","status":"publish","type":"post","link":"https:\/\/www.grieta.org.mx\/index.php\/2015\/05\/19\/iniciojornaleros-jornaleros-agricolas-en-colima-explotados-y-sin-nadie-que-los-defienda\/","title":{"rendered":"Jornaleros agr\u00edcolas en Colima: explotados y sin nadie que los defienda"},"content":{"rendered":"<p>Heidi de Le\u00f3n Guti\u00e9rrez<br \/>\nDiario Avanzada<br \/>\nPublicado: 19 Mayo 2015<\/p>\n<p>El Frente Ind\u00edgena de Organizaciones Binacionales (FIOB) denunci\u00f3 que en 18 estados del pa\u00eds, entre ellos Colima, los jornaleros agr\u00edcolas viven en condiciones de vulnerabilidad y constante violaci\u00f3n a sus derechos fundamentales<\/p>\n<p>Colima, M\u00e9xico. Avanzada (19 de mayo de 2015).- Son los m\u00e1s pobres de los pobres; invisibles para la autoridad aunque sean transportados de lunes a s\u00e1bado y a veces los domingos por las carreteras colimenses. Los jornaleros agr\u00edcolas en la mayor\u00eda de los casos no tienen prestaciones que marca la ley a pesar del riesgo constante en el que desarrollan su trabajo.<\/p>\n<p>No tienen una voz que, como en San Quint\u00edn, exija mejores condiciones de vida: en Colima los derechos de los jornaleros agr\u00edcolas han sido violentados por patrones, autoridades que toleran la explotaci\u00f3n de la que son v\u00edctimas estos trabajadores.<\/p>\n<p>Este martes, antes de que el sol mostrara su poder\u00edo, cinco trabajadores del campo murieron cuando el autob\u00fas en el que eran transportados cay\u00f3 a un barranco despu\u00e9s de que se qued\u00f3 sin frenos.<\/p>\n<p>Otros siete trabajadores est\u00e1n heridos y fueron trasladados de emergencia a una de las cl\u00ednicas del Seguro Social para su atenci\u00f3n. Los campesinos proven\u00edan de la comunidad ind\u00edgena de Suchitl\u00e1n en el municipio de Comala.<\/p>\n<p>No es la primera vez que en Colima sucede una tragedia donde los protagonistas son los campesinos: el pasado 23 de marzo, la Secretar\u00eda del Trabajo a nivel federal inform\u00f3 que 49 jornaleros agr\u00edcolas mixtecos, entre ellos 13 menores de edad, fueron rescatados de un campo pepinero donde eran explotados.<\/p>\n<p>Ninguna autoridad local ni representante popular condenaron el hecho de manera en\u00e9rgica, por el contrario, guardaron silencio como pidiendo que este asunto quedara en el olvido.<\/p>\n<p>Ese 23 de marzo, Navarrete Prida resalt\u00f3 que los inspectores instruyeron adem\u00e1s 64 medidas de aplicaci\u00f3n y correcci\u00f3n, as\u00ed como la restricci\u00f3n (suspensi\u00f3n) de actividades en el predio ubicado en el camino hacia el Mirador de Colima, Ejido El Diezmo, sin n\u00famero.<\/p>\n<p>Durante la diligencia se encontraron en la zona de labores y l\u00ednea de carga y log\u00edstica a menores de edad, quienes aleccionados pretend\u00edan hacer creer a la autoridad que s\u00f3lo acompa\u00f1aban a sus padres e incluso refer\u00edan tener edades diferentes a la reales.<\/p>\n<p>Ante este hecho, el Frente Ind\u00edgena de Organizaciones Binacionales (FIOB) denunci\u00f3 que en 18 estados del pa\u00eds, entre ellos Colima, Sinaloa, Sonora, Baja California, Jalisco y Nayarit, los jornaleros agr\u00edcolas viven en condiciones de vulnerabilidad y constante violaci\u00f3n a sus derechos fundamentales.<\/p>\n<p>\u201cSin que hasta la fecha la autoridad haya desarrollado mecanismos de vigilancia, control y protecci\u00f3n adecuados\u201d.<\/p>\n<p>El FIOB se\u00f1al\u00f3 que la explotaci\u00f3n laboral afecta a m\u00e1s de 2 millones de Jornaleros Agr\u00edcolas y por lo menos en 18 estados se ha detectado esta problem\u00e1tica, sin que la autoridad reaccione para garantizarles los derechos laborales y humanos a los afectados.<\/p>\n<p><a href=\"http:\/\/www.diarioavanzada.com.mx\/index.php\/especiales\/12571-jornaleros-agricolas-en-colima-explotados-y-sin-nadie-que-los-defienda\" target=\"_blank\">http:\/\/www.diarioavanzada.com.mx\/index.php\/especiales\/12571-jornaleros-agricolas-en-colima-explotados-y-sin-nadie-que-los-defienda<\/a><\/p>\n","protected":false},"excerpt":{"rendered":"<p>Heidi de Le\u00f3n Guti\u00e9rrez Diario Avanzada Publicado: 19 Mayo 2015 El Frente Ind\u00edgena de Organizaciones Binacionales (FIOB) denunci\u00f3 que en 18 estados del pa\u00eds, entre ellos Colima, los jornaleros agr\u00edcolas &hellip; <a href=\"https:\/\/www.grieta.org.mx\/index.php\/2015\/05\/19\/iniciojornaleros-jornaleros-agricolas-en-colima-explotados-y-sin-nadie-que-los-defienda\/\" class=\"more-link\">Leer m\u00e1s<\/a><\/p>\n","protected":false},"author":2,"featured_media":21928,"comment_status":"closed","ping_status":"open","sticky":false,"template":"","format":"standard","meta":{"ngg_post_thumbnail":0,"_jetpack_newsletter_access":"","_jetpack_dont_email_post_to_subs":false,"_jetpack_newsletter_tier_id":0,"_jetpack_memberships_contains_paywalled_content":false,"_jetpack_memberships_contains_paid_content":false,"footnotes":""},"categories":[80,108],"tags":[204],"class_list":["post-2761","post","type-post","status-publish","format-standard","has-post-thumbnail","hentry","category-cintillo","category-colima","tag-jornaleros","entry"],"jetpack_featured_media_url":"https:\/\/www.grieta.org.mx\/wp-content\/uploads\/2018\/03\/14524434_1106112876131411_958039263622046936_o.jpg","jetpack_sharing_enabled":true,"jetpack_shortlink":"https:\/\/wp.me\/p7ZJR4-Ix","jetpack_likes_enabled":false,"jetpack-related-posts":[{"id":2763,"url":"https:\/\/www.grieta.org.mx\/index.php\/2015\/05\/19\/jornaleros-agricolas-en-colima\/","url_meta":{"origin":2761,"position":0},"title":"Jornaleros agr\u00edcolas en Colima","author":"grieta","date":"19 mayo, 2015","format":false,"excerpt":"19\/05\/15. Jornaleros agr\u00edcolas en Colima: explotados y sin nadie que los defiendaDiario Avanzada 23\/04\/15. \u2018Consiente\u2019 Colima explotaci\u00f3n de jornaleros mixtecosDiario Avanzada 31\/03\/15. Colima, entre los 18 estados donde se explota a los jornaleros agr\u00edcolas: FIOBDiario Avanzada","rel":"","context":"En &quot;Colima&quot;","block_context":{"text":"Colima","link":"https:\/\/www.grieta.org.mx\/index.php\/category\/noticias-nacionales\/colima\/"},"img":{"alt_text":"","src":"https:\/\/i0.wp.com\/www.grieta.org.mx\/wp-content\/uploads\/2018\/03\/14524434_1106112876131411_958039263622046936_o.jpg?resize=350%2C200&ssl=1","width":350,"height":200,"srcset":"https:\/\/i0.wp.com\/www.grieta.org.mx\/wp-content\/uploads\/2018\/03\/14524434_1106112876131411_958039263622046936_o.jpg?resize=350%2C200&ssl=1 1x, https:\/\/i0.wp.com\/www.grieta.org.mx\/wp-content\/uploads\/2018\/03\/14524434_1106112876131411_958039263622046936_o.jpg?resize=525%2C300&ssl=1 1.5x, https:\/\/i0.wp.com\/www.grieta.org.mx\/wp-content\/uploads\/2018\/03\/14524434_1106112876131411_958039263622046936_o.jpg?resize=700%2C400&ssl=1 2x"},"classes":[]},{"id":2770,"url":"https:\/\/www.grieta.org.mx\/index.php\/2015\/03\/31\/colima-entre-los-18-estados-donde-se-explota-a-los-jornaleros-agricolas-fiob\/","url_meta":{"origin":2761,"position":1},"title":"Colima, entre los 18 estados donde se explota a los jornaleros agr\u00edcolas: FIOB","author":"grieta","date":"31 marzo, 2015","format":false,"excerpt":"\u201cColima, M\u00e9xico. Avanzada (31 de marzo de 2015).- El Frente Ind\u00edgena de Organizaciones Binacionales (FIOB) denunci\u00f3 que en 18 estados del pa\u00eds, entre ellos Colima, Sinaloa, Sonora, Baja California, Jalisco y Nayarit, los jornaleros agr\u00edcolas viven en condiciones de vulnerabilidad y constante violaci\u00f3n a sus derechos fundamentales. \u201cSin que hasta\u2026","rel":"","context":"En &quot;CINTILLO&quot;","block_context":{"text":"CINTILLO","link":"https:\/\/www.grieta.org.mx\/index.php\/category\/cintillo\/"},"img":{"alt_text":"","src":"https:\/\/i0.wp.com\/www.grieta.org.mx\/wp-content\/uploads\/2018\/03\/14524434_1106112876131411_958039263622046936_o.jpg?resize=350%2C200&ssl=1","width":350,"height":200,"srcset":"https:\/\/i0.wp.com\/www.grieta.org.mx\/wp-content\/uploads\/2018\/03\/14524434_1106112876131411_958039263622046936_o.jpg?resize=350%2C200&ssl=1 1x, https:\/\/i0.wp.com\/www.grieta.org.mx\/wp-content\/uploads\/2018\/03\/14524434_1106112876131411_958039263622046936_o.jpg?resize=525%2C300&ssl=1 1.5x, https:\/\/i0.wp.com\/www.grieta.org.mx\/wp-content\/uploads\/2018\/03\/14524434_1106112876131411_958039263622046936_o.jpg?resize=700%2C400&ssl=1 2x"},"classes":[]},{"id":4223,"url":"https:\/\/www.grieta.org.mx\/index.php\/2015\/04\/14\/denuncian-abusos-a-jornaleros-agricolas\/","url_meta":{"origin":2761,"position":2},"title":"Denuncian abusos a jornaleros agr\u00edcolas","author":"grieta","date":"14 abril, 2015","format":false,"excerpt":"Redacci\u00f3n\/El Sol de Nayarit Los denunciantes precisaron que en Nayarit los casos se dan con mayor frecuencia en municipios de la zona norte del estado. Ante instancias nacionales, defensores de los derechos de los jornaleros agr\u00edcolas denunciaron la explotaci\u00f3n generalizada a la que son sometidos los ind\u00edgenas que cada a\u00f1o\u2026","rel":"","context":"En &quot;CINTILLO&quot;","block_context":{"text":"CINTILLO","link":"https:\/\/www.grieta.org.mx\/index.php\/category\/cintillo\/"},"img":{"alt_text":"","src":"https:\/\/i0.wp.com\/www.grieta.org.mx\/wp-content\/uploads\/2018\/03\/14524434_1106112876131411_958039263622046936_o.jpg?resize=350%2C200&ssl=1","width":350,"height":200,"srcset":"https:\/\/i0.wp.com\/www.grieta.org.mx\/wp-content\/uploads\/2018\/03\/14524434_1106112876131411_958039263622046936_o.jpg?resize=350%2C200&ssl=1 1x, https:\/\/i0.wp.com\/www.grieta.org.mx\/wp-content\/uploads\/2018\/03\/14524434_1106112876131411_958039263622046936_o.jpg?resize=525%2C300&ssl=1 1.5x, https:\/\/i0.wp.com\/www.grieta.org.mx\/wp-content\/uploads\/2018\/03\/14524434_1106112876131411_958039263622046936_o.jpg?resize=700%2C400&ssl=1 2x"},"classes":[]},{"id":9369,"url":"https:\/\/www.grieta.org.mx\/index.php\/2015\/04\/02\/jornaleros-de-san-quintin-resistencia-social-contra-la-esclavitud-moderna\/","url_meta":{"origin":2761,"position":3},"title":"Jornaleros de San Quint\u00edn: resistencia social contra la esclavitud moderna","author":"grieta","date":"2 abril, 2015","format":false,"excerpt":"Guillermo Castillo Ram\u00edrez Una sociedad que trata a los trabajadores y los migrantes como objetos, es una sociedad enferma. \u2014Consigna de una manifestaci\u00f3n pro-migrantes Si no nos organizamos y defendemos nosotros, nadie lo va a hacer. \u2014Testimonio de un migrante jornalero. Frente al desd\u00e9n, la movilizaci\u00f3n El martes 17 de\u2026","rel":"","context":"En &quot;CINTILLO&quot;","block_context":{"text":"CINTILLO","link":"https:\/\/www.grieta.org.mx\/index.php\/category\/cintillo\/"},"img":{"alt_text":"","src":"https:\/\/i0.wp.com\/www.grieta.org.mx\/wp-content\/uploads\/2018\/03\/14524434_1106112876131411_958039263622046936_o.jpg?resize=350%2C200&ssl=1","width":350,"height":200,"srcset":"https:\/\/i0.wp.com\/www.grieta.org.mx\/wp-content\/uploads\/2018\/03\/14524434_1106112876131411_958039263622046936_o.jpg?resize=350%2C200&ssl=1 1x, https:\/\/i0.wp.com\/www.grieta.org.mx\/wp-content\/uploads\/2018\/03\/14524434_1106112876131411_958039263622046936_o.jpg?resize=525%2C300&ssl=1 1.5x, https:\/\/i0.wp.com\/www.grieta.org.mx\/wp-content\/uploads\/2018\/03\/14524434_1106112876131411_958039263622046936_o.jpg?resize=700%2C400&ssl=1 2x"},"classes":[]},{"id":2767,"url":"https:\/\/www.grieta.org.mx\/index.php\/2015\/04\/23\/consiente-colima-explotacion-de-jornaleros-mixtecos\/","url_meta":{"origin":2761,"position":4},"title":"\u2018Consiente\u2019 Colima explotaci\u00f3n de jornaleros mixtecos","author":"grieta","date":"23 abril, 2015","format":false,"excerpt":"Escrito por Mart\u00edn Aquino Diario Avanzada Colima, M\u00e9xico (23 abril 2015).- En el Estado de Colima persiste la explotaci\u00f3n de jornaleros mixtecos que son tra\u00eddos de Guerrero. Unos 100 ind\u00edgenas guerrerenses, entre ellos al menos 15 menores de edad, laboran en condiciones precarias y con sueldos \u00ednfimos en campos aleda\u00f1os\u2026","rel":"","context":"En &quot;CINTILLO&quot;","block_context":{"text":"CINTILLO","link":"https:\/\/www.grieta.org.mx\/index.php\/category\/cintillo\/"},"img":{"alt_text":"","src":"https:\/\/i0.wp.com\/www.grieta.org.mx\/wp-content\/uploads\/2018\/03\/14524434_1106112876131411_958039263622046936_o.jpg?resize=350%2C200&ssl=1","width":350,"height":200,"srcset":"https:\/\/i0.wp.com\/www.grieta.org.mx\/wp-content\/uploads\/2018\/03\/14524434_1106112876131411_958039263622046936_o.jpg?resize=350%2C200&ssl=1 1x, https:\/\/i0.wp.com\/www.grieta.org.mx\/wp-content\/uploads\/2018\/03\/14524434_1106112876131411_958039263622046936_o.jpg?resize=525%2C300&ssl=1 1.5x, https:\/\/i0.wp.com\/www.grieta.org.mx\/wp-content\/uploads\/2018\/03\/14524434_1106112876131411_958039263622046936_o.jpg?resize=700%2C400&ssl=1 2x"},"classes":[]},{"id":16499,"url":"https:\/\/www.grieta.org.mx\/index.php\/2015\/03\/25\/fresnillo-foco-rojo-para-jornaleros-agricolas-secretaria-del-trabajo\/","url_meta":{"origin":2761,"position":5},"title":"Fresnillo \u201cfoco rojo\u201d para jornaleros agr\u00edcolas: Secretar\u00eda del Trabajo","author":"grieta","date":"25 marzo, 2015","format":false,"excerpt":"Por: RAQUEL OLLAQUINDIA marzo 25, 2015 ? Fresnillo es un \u201cfoco rojo\u201d para este tipo de trabajadores, advierte Gilberto Zapata ? En El Mineral tienen dif\u00edciles condiciones laborales y de vivienda; hay presencia del crimen El delegado de la Secretar\u00eda del Trabajo y Previsi\u00f3n Social (STPS) en Zacatecas, Gilberto Zapata\u2026","rel":"","context":"En &quot;CINTILLO&quot;","block_context":{"text":"CINTILLO","link":"https:\/\/www.grieta.org.mx\/index.php\/category\/cintillo\/"},"img":{"alt_text":"","src":"https:\/\/i0.wp.com\/www.grieta.org.mx\/wp-content\/uploads\/2018\/03\/14524434_1106112876131411_958039263622046936_o.jpg?resize=350%2C200&ssl=1","width":350,"height":200,"srcset":"https:\/\/i0.wp.com\/www.grieta.org.mx\/wp-content\/uploads\/2018\/03\/14524434_1106112876131411_958039263622046936_o.jpg?resize=350%2C200&ssl=1 1x, https:\/\/i0.wp.com\/www.grieta.org.mx\/wp-content\/uploads\/2018\/03\/14524434_1106112876131411_958039263622046936_o.jpg?resize=525%2C300&ssl=1 1.5x, https:\/\/i0.wp.com\/www.grieta.org.mx\/wp-content\/uploads\/2018\/03\/14524434_1106112876131411_958039263622046936_o.jpg?resize=700%2C400&ssl=1 2x"},"classes":[]}],"_links":{"self":[{"href":"https:\/\/www.grieta.org.mx\/index.php\/wp-json\/wp\/v2\/posts\/2761","targetHints":{"allow":["GET"]}}],"collection":[{"href":"https:\/\/www.grieta.org.mx\/index.php\/wp-json\/wp\/v2\/posts"}],"about":[{"href":"https:\/\/www.grieta.org.mx\/index.php\/wp-json\/wp\/v2\/types\/post"}],"author":[{"embeddable":true,"href":"https:\/\/www.grieta.org.mx\/index.php\/wp-json\/wp\/v2\/users\/2"}],"replies":[{"embeddable":true,"href":"https:\/\/www.grieta.org.mx\/index.php\/wp-json\/wp\/v2\/comments?post=2761"}],"version-history":[{"count":1,"href":"https:\/\/www.grieta.org.mx\/index.php\/wp-json\/wp\/v2\/posts\/2761\/revisions"}],"predecessor-version":[{"id":2766,"href":"https:\/\/www.grieta.org.mx\/index.php\/wp-json\/wp\/v2\/posts\/2761\/revisions\/2766"}],"wp:featuredmedia":[{"embeddable":true,"href":"https:\/\/www.grieta.org.mx\/index.php\/wp-json\/wp\/v2\/media\/21928"}],"wp:attachment":[{"href":"https:\/\/www.grieta.org.mx\/index.php\/wp-json\/wp\/v2\/media?parent=2761"}],"wp:term":[{"taxonomy":"category","embeddable":true,"href":"https:\/\/www.grieta.org.mx\/index.php\/wp-json\/wp\/v2\/categories?post=2761"},{"taxonomy":"post_tag","embeddable":true,"href":"https:\/\/www.grieta.org.mx\/index.php\/wp-json\/wp\/v2\/tags?post=2761"}],"curies":[{"name":"wp","href":"https:\/\/api.w.org\/{rel}","templated":true}]}}