{"id":27590,"date":"2018-11-11T14:00:44","date_gmt":"2018-11-11T20:00:44","guid":{"rendered":"http:\/\/www.grieta.org.mx\/?p=27590"},"modified":"2019-05-09T17:19:03","modified_gmt":"2019-05-09T22:19:03","slug":"luego-de-las-detenciones-manifestantes-en-colinas-del-rio-reiteran-su-exigencia-de-parar-la-obra-aguascalientes","status":"publish","type":"post","link":"https:\/\/www.grieta.org.mx\/index.php\/2018\/11\/11\/luego-de-las-detenciones-manifestantes-en-colinas-del-rio-reiteran-su-exigencia-de-parar-la-obra-aguascalientes\/","title":{"rendered":"Luego de las detenciones, manifestantes en colinas del r\u00edo reiteran su exigencia de parar la obra (Aguascalientes)"},"content":{"rendered":"<p><img loading=\"lazy\" decoding=\"async\" data-attachment-id=\"27591\" data-permalink=\"https:\/\/www.grieta.org.mx\/index.php\/2018\/11\/11\/luego-de-las-detenciones-manifestantes-en-colinas-del-rio-reiteran-su-exigencia-de-parar-la-obra-aguascalientes\/44893325705_eff9800413_z\/\" data-orig-file=\"https:\/\/www.grieta.org.mx\/wp-content\/uploads\/2018\/11\/44893325705_eff9800413_z.jpg\" data-orig-size=\"640,427\" data-comments-opened=\"0\" data-image-meta=\"{&quot;aperture&quot;:&quot;0&quot;,&quot;credit&quot;:&quot;&quot;,&quot;camera&quot;:&quot;&quot;,&quot;caption&quot;:&quot;&quot;,&quot;created_timestamp&quot;:&quot;0&quot;,&quot;copyright&quot;:&quot;&quot;,&quot;focal_length&quot;:&quot;0&quot;,&quot;iso&quot;:&quot;0&quot;,&quot;shutter_speed&quot;:&quot;0&quot;,&quot;title&quot;:&quot;&quot;,&quot;orientation&quot;:&quot;0&quot;}\" data-image-title=\"44893325705_eff9800413_z\" data-image-description=\"\" data-image-caption=\"\" data-medium-file=\"https:\/\/www.grieta.org.mx\/wp-content\/uploads\/2018\/11\/44893325705_eff9800413_z-300x200.jpg\" data-large-file=\"https:\/\/www.grieta.org.mx\/wp-content\/uploads\/2018\/11\/44893325705_eff9800413_z.jpg\" class=\"aligncenter size-medium wp-image-27591\" src=\"http:\/\/www.grieta.org.mx\/wp-content\/uploads\/2018\/11\/44893325705_eff9800413_z-300x200.jpg\" alt=\"\" width=\"600\" height=\"400\" srcset=\"https:\/\/www.grieta.org.mx\/wp-content\/uploads\/2018\/11\/44893325705_eff9800413_z-300x200.jpg 300w, https:\/\/www.grieta.org.mx\/wp-content\/uploads\/2018\/11\/44893325705_eff9800413_z.jpg 640w\" sizes=\"auto, (max-width: 600px) 100vw, 600px\" \/><\/p>\n<p>Claudia Rodr\u00edguez Loera\/ LJA<\/p>\n<blockquote><p>Adem\u00e1s de una disculpa p\u00fablica por detenciones a j\u00f3venes<br \/>\nPresentar\u00e1n queja formal ante la CDHEA<\/p><\/blockquote>\n<p>Los integrantes de las organizaciones civiles y vecinos del fraccionamiento Colinas de R\u00edo continuar\u00e1n con la exigencia al gobierno estatal de que cancele la construcci\u00f3n de la obra del paso a desnivel en segundo anillo poniente, adem\u00e1s de que piden una disculpa p\u00fablica por las detenciones de j\u00f3venes realizadas la madrugada de ayer.<\/p>\n<p>En rueda de prensa, representantes de varios de los colectivos ambientalistas participantes en la manifestaci\u00f3n presentaron un manifiesto en que exigen que no se planten m\u00e1s especies ex\u00f3ticas en banquetas, camellones y espacios p\u00fablicos; consolidaci\u00f3n de las masas forestales para recuperar el acu\u00edfero y no m\u00e1s obras a favor del autom\u00f3vil y s\u00ed favorecer la movilidad de transporte no motorizado.<\/p>\n<p>Dijeron no estar en contra del progreso ni del desarrollo y s\u00ed de lo que consideran una injusticia el que se atrevan a jugar con la vida vegetal del estado y no escuchen a la ciudadan\u00eda que se manifiesta de forma pac\u00edfica y dispuestos al di\u00e1logo cara a cara con la administraci\u00f3n estatal, lo cual no ha sucedido; por eso que decidieron mostrar su inconformidad con el plant\u00f3n en los camellones donde se construir\u00e1 el paso a desnivel.<\/p>\n<p>Aseveraron que la madrugada de ayer se manifestaron al menos medio centenar de ciudadanos, entre comerciantes, vecinos y ambientalistas, con el objetivo de que el gobierno estatal detenga la obra, y aunque cada uno tiene intereses distintos en esta lucha, ya sea por sus comercios, plusval\u00eda de sus propiedades o por cuestiones ambientales, todos est\u00e1n de acuerdo en que no se debe desarrollar esta infraestructura,\u201cqueremos dialogar y ser parte del desarrollo del estado\u201d, expuso Anish L\u00f3pez de Colectivo Ciclista.<\/p>\n<p>La abogada Paulina Romo, quien lleva los casos de los j\u00f3venes detenidos, manifest\u00f3 que al momento de ir en su apoyo se le neg\u00f3 la informaci\u00f3n a ella y a los familiares, y fue hasta las nueve de la ma\u00f1ana cuando comenzaron a realizar el papeleo. Se\u00f1al\u00f3 que eran las tres de la tarde y ninguno hab\u00eda tenido acceso a un ba\u00f1o digno, no les dieron agua ni comida, ni atenci\u00f3n m\u00e9dica a los lesionados ni a una chica que sufre de migra\u00f1a y otro m\u00e1s con hipertensi\u00f3n.<\/p>\n<p>\u201cExigimos que se esclarezcan los hechos, adem\u00e1s de que las provocaciones no fueron del segundo grupo detenido y no hab\u00eda motivo para que se les detuviera en el C4 ni bajo las condiciones que estuvieron (\u2026) resulta importante destacar que no importa si hubo una tendencia pol\u00edtica o provocaci\u00f3n pues en ninguna circunstancia se justifica la violencia con la que actuaron los polic\u00edas y no se deben permitir ese tipo de abusos\u201d, subray\u00f3 la abogada.<\/p>\n<p>En la rueda de prensa se inform\u00f3 de c\u00f3mo iban liberando a los j\u00f3venes en el C4 de manera paulatina, hasta quedar tres de los 20 detenidos hasta ese momento, luego de que se determin\u00f3 que no hab\u00eda elementos suficientes para continuar con una carpeta de investigaci\u00f3n, ya que el delito por el que se les pretend\u00eda responsabilizar fue resistencia de particulares, a pesar de que a\u00fan no iniciaban la construcci\u00f3n de las obras y estaban en el camell\u00f3n \u201ccomiendo leche y pan\u201d, cuando lleg\u00f3 la polic\u00eda a amedrentarlos.<\/p>\n<p>Denunci\u00f3 la p\u00e9rdida de dinero, bolsas y aparatos propiedad de los manifestantes luego de las detenciones, sin que se respondan por ello ni el Ministerio P\u00fablico ni los polic\u00edas municipales; esto, aunado al trato que recibieron los j\u00f3venes, la falta de informaci\u00f3n y a que no se les dio el derecho a una llamada telef\u00f3nica, ser\u00e1 parte de la denuncia que presentar\u00e1n ante la Comisi\u00f3n de Derechos Humanos del Estado de Aguascalientes (CDHEA).<\/p>\n<p>La \u00faltima informaci\u00f3n que se desprendi\u00f3 al respecto es que los tres j\u00f3venes que a\u00fan est\u00e1n detenidos de nombre Rodrigo Haro, Rodrigo Ibarra y Cristian Mu\u00f1oz podr\u00edan ser liberados hasta despu\u00e9s de 48 horas, con el argumento de que continuar\u00edan las investigaciones, seg\u00fan inform\u00f3 el otro abogado de los j\u00f3venes, Wilfrido Salazar, quien se\u00f1al\u00f3 que no existe ning\u00fan fundamento para ello.<\/p>\n<p><a href=\"http:\/\/www.lja.mx\/2018\/11\/luego-de-las-detenciones-manifestantes-en-colinas-del-rio-reiteran-su-exigencia-de-parar-la-obra\/\" target=\"_blank\" rel=\"noopener noreferrer\">http:\/\/www.lja.mx\/2018\/11\/luego-de-las-detenciones-manifestantes-en-colinas-del-rio-reiteran-su-exigencia-de-parar-la-obra\/<\/a><\/p>\n","protected":false},"excerpt":{"rendered":"<p>Claudia Rodr\u00edguez Loera\/ LJA Adem\u00e1s de una disculpa p\u00fablica por detenciones a j\u00f3venes Presentar\u00e1n queja formal ante la CDHEA Los integrantes de las organizaciones civiles y vecinos del fraccionamiento Colinas &hellip; <a href=\"https:\/\/www.grieta.org.mx\/index.php\/2018\/11\/11\/luego-de-las-detenciones-manifestantes-en-colinas-del-rio-reiteran-su-exigencia-de-parar-la-obra-aguascalientes\/\" class=\"more-link\">Leer m\u00e1s<\/a><\/p>\n","protected":false},"author":2,"featured_media":27591,"comment_status":"closed","ping_status":"closed","sticky":false,"template":"","format":"standard","meta":{"ngg_post_thumbnail":0,"_jetpack_newsletter_access":"","_jetpack_dont_email_post_to_subs":false,"_jetpack_newsletter_tier_id":0,"_jetpack_memberships_contains_paywalled_content":false,"_jetpack_memberships_contains_paid_content":false,"footnotes":""},"categories":[4,80,1869,2],"tags":[459,1689,231,1832],"class_list":["post-27590","post","type-post","status-publish","format-standard","has-post-thumbnail","hentry","category-aguascalientes","category-cintillo","category-conflictos-ambientales-en-aguascalientes","category-noticias-nacionales","tag-ataques-a-defensores-ambientales","tag-danos-ambientales","tag-defensores-ambientales","tag-violencia-contra-defensores-del-medio-ambiente","entry"],"jetpack_featured_media_url":"https:\/\/www.grieta.org.mx\/wp-content\/uploads\/2018\/11\/44893325705_eff9800413_z.jpg","jetpack_sharing_enabled":true,"jetpack_shortlink":"https:\/\/wp.me\/p7ZJR4-7b0","jetpack_likes_enabled":false,"jetpack-related-posts":[{"id":27588,"url":"https:\/\/www.grieta.org.mx\/index.php\/2018\/11\/10\/granaderos-desalojan-y-detienen-a-20-ambientalistas-en-aguascalientes\/","url_meta":{"origin":27590,"position":0},"title":"Granaderos desalojan y detienen a 20 ambientalistas en Aguascalientes","author":"grieta","date":"10 noviembre, 2018","format":false,"excerpt":"X\u00f3chitl \u00c1lvarez\/ EL UNIVERSAL Aguascalientes.- Las primeras horas de este s\u00e1bado, granaderos de la Secretar\u00eda de Seguridad P\u00fablica del estado desalojaron y detuvieron a vecinos y ambientalistas que manten\u00edan un plant\u00f3n en la Avenida Aguascalientes, en la colonia Colinas del R\u00edo, quienes se manifestaban en contra de la construcci\u00f3n de\u2026","rel":"","context":"En &quot;Aguascalientes&quot;","block_context":{"text":"Aguascalientes","link":"https:\/\/www.grieta.org.mx\/index.php\/category\/noticias-nacionales\/aguascalientes\/"},"img":{"alt_text":"","src":"https:\/\/i0.wp.com\/www.grieta.org.mx\/wp-content\/uploads\/2018\/03\/14524434_1106112876131411_958039263622046936_o.jpg?resize=350%2C200&ssl=1","width":350,"height":200,"srcset":"https:\/\/i0.wp.com\/www.grieta.org.mx\/wp-content\/uploads\/2018\/03\/14524434_1106112876131411_958039263622046936_o.jpg?resize=350%2C200&ssl=1 1x, https:\/\/i0.wp.com\/www.grieta.org.mx\/wp-content\/uploads\/2018\/03\/14524434_1106112876131411_958039263622046936_o.jpg?resize=525%2C300&ssl=1 1.5x, https:\/\/i0.wp.com\/www.grieta.org.mx\/wp-content\/uploads\/2018\/03\/14524434_1106112876131411_958039263622046936_o.jpg?resize=700%2C400&ssl=1 2x"},"classes":[]},{"id":7611,"url":"https:\/\/www.grieta.org.mx\/index.php\/2015\/12\/12\/sonora-primer-lugar-en-agresiones-a-defensores-y-defensoras-ambientales\/","url_meta":{"origin":27590,"position":1},"title":"Sonora, primer lugar en agresiones a defensores y defensoras ambientales","author":"grieta","date":"12 diciembre, 2015","format":false,"excerpt":"Un total de 109 casos de agresiones a defensores y defensoras ambientales registradas durante 13 meses en M\u00e9xico, evidencia de un alarmante aumento respecto a a\u00f1os anteriores, megaproyectos figuran en conflictos. En el contexto de represi\u00f3n y criminalizaci\u00f3n de la protesta social en M\u00e9xico, el activismo ambiental es uno de\u2026","rel":"","context":"En &quot;CINTILLO&quot;","block_context":{"text":"CINTILLO","link":"https:\/\/www.grieta.org.mx\/index.php\/category\/cintillo\/"},"img":{"alt_text":"","src":"https:\/\/i0.wp.com\/www.grieta.org.mx\/wp-content\/uploads\/2018\/03\/14524434_1106112876131411_958039263622046936_o.jpg?resize=350%2C200&ssl=1","width":350,"height":200,"srcset":"https:\/\/i0.wp.com\/www.grieta.org.mx\/wp-content\/uploads\/2018\/03\/14524434_1106112876131411_958039263622046936_o.jpg?resize=350%2C200&ssl=1 1x, https:\/\/i0.wp.com\/www.grieta.org.mx\/wp-content\/uploads\/2018\/03\/14524434_1106112876131411_958039263622046936_o.jpg?resize=525%2C300&ssl=1 1.5x, https:\/\/i0.wp.com\/www.grieta.org.mx\/wp-content\/uploads\/2018\/03\/14524434_1106112876131411_958039263622046936_o.jpg?resize=700%2C400&ssl=1 2x"},"classes":[]},{"id":5611,"url":"https:\/\/www.grieta.org.mx\/index.php\/2016\/01\/26\/conflictos-ambientales-debido-a-parques-eolicos-en-aguascalientes\/","url_meta":{"origin":27590,"position":2},"title":"Conflictos ambientales debido a parques e\u00f3licos en Aguascalientes","author":"grieta","date":"26 enero, 2016","format":false,"excerpt":"26\/01\/16. Niega Semarnat permiso para construcci\u00f3n de parque e\u00f3lico en Aguascalientes La Jornada Aguascalientes 10\/01\/16. Autoriza Semarnat parque e\u00f3lico a cuatro kil\u00f3metros de \u00e1rea natural protegida La Jornada Aguascalientes","rel":"","context":"En &quot;Aguascalientes&quot;","block_context":{"text":"Aguascalientes","link":"https:\/\/www.grieta.org.mx\/index.php\/category\/noticias-nacionales\/aguascalientes\/"},"img":{"alt_text":"","src":"https:\/\/i0.wp.com\/www.grieta.org.mx\/wp-content\/uploads\/2018\/03\/14524434_1106112876131411_958039263622046936_o.jpg?resize=350%2C200&ssl=1","width":350,"height":200,"srcset":"https:\/\/i0.wp.com\/www.grieta.org.mx\/wp-content\/uploads\/2018\/03\/14524434_1106112876131411_958039263622046936_o.jpg?resize=350%2C200&ssl=1 1x, https:\/\/i0.wp.com\/www.grieta.org.mx\/wp-content\/uploads\/2018\/03\/14524434_1106112876131411_958039263622046936_o.jpg?resize=525%2C300&ssl=1 1.5x, https:\/\/i0.wp.com\/www.grieta.org.mx\/wp-content\/uploads\/2018\/03\/14524434_1106112876131411_958039263622046936_o.jpg?resize=700%2C400&ssl=1 2x"},"classes":[]},{"id":6525,"url":"https:\/\/www.grieta.org.mx\/index.php\/2015\/06\/05\/danos-ambientales-por-megaproyecto-carretero-en-aguascalientes\/","url_meta":{"origin":27590,"position":3},"title":"Da\u00f1os ambientales por megaproyecto carretero en Aguascalientes","author":"grieta","date":"5 junio, 2015","format":false,"excerpt":"05\/06\/15. Rechazan construcci\u00f3n de la carretera en Sierra Fr\u00eda Heraldo Aguascalientes 20\/05\/15. S\u00ed habr\u00e1 carretera en la Sierra Fr\u00eda Heraldo Aguascalientes 13\/10\/14. Avanza sin freno el deterioro de la Sierra Fr\u00eda: Ortega Heraldo Aguascalientes","rel":"","context":"En &quot;Aguascalientes&quot;","block_context":{"text":"Aguascalientes","link":"https:\/\/www.grieta.org.mx\/index.php\/category\/noticias-nacionales\/aguascalientes\/"},"img":{"alt_text":"","src":"https:\/\/i0.wp.com\/www.grieta.org.mx\/wp-content\/uploads\/2018\/03\/14524434_1106112876131411_958039263622046936_o.jpg?resize=350%2C200&ssl=1","width":350,"height":200,"srcset":"https:\/\/i0.wp.com\/www.grieta.org.mx\/wp-content\/uploads\/2018\/03\/14524434_1106112876131411_958039263622046936_o.jpg?resize=350%2C200&ssl=1 1x, https:\/\/i0.wp.com\/www.grieta.org.mx\/wp-content\/uploads\/2018\/03\/14524434_1106112876131411_958039263622046936_o.jpg?resize=525%2C300&ssl=1 1.5x, https:\/\/i0.wp.com\/www.grieta.org.mx\/wp-content\/uploads\/2018\/03\/14524434_1106112876131411_958039263622046936_o.jpg?resize=700%2C400&ssl=1 2x"},"classes":[]},{"id":6677,"url":"https:\/\/www.grieta.org.mx\/index.php\/2015\/06\/05\/rechazan-construccion-de-la-carretera-en-sierra-fria\/","url_meta":{"origin":27590,"position":4},"title":"Rechazan construcci\u00f3n de la carretera en Sierra Fr\u00eda","author":"grieta","date":"5 junio, 2015","format":false,"excerpt":"Redacci\u00f3n El Heraldo, Aguascalientes. Catorce organizaciones civiles dedicadas a la protecci\u00f3n del medio ambiente se re\u00fanen para mostrarse en contra de la construcci\u00f3n de 47 kil\u00f3metros de carretera y la correcci\u00f3n de 14 curvas en la Sierra Fr\u00eda. Argumentan que dicha obra presentada ante Semarnat carece de un diagn\u00f3stico y\u2026","rel":"","context":"En &quot;aguascalientes&quot;","block_context":{"text":"aguascalientes","link":"https:\/\/www.grieta.org.mx\/index.php\/category\/aguascalientes\/"},"img":{"alt_text":"","src":"https:\/\/i0.wp.com\/www.grieta.org.mx\/wp-content\/uploads\/2018\/03\/14524434_1106112876131411_958039263622046936_o.jpg?resize=350%2C200&ssl=1","width":350,"height":200,"srcset":"https:\/\/i0.wp.com\/www.grieta.org.mx\/wp-content\/uploads\/2018\/03\/14524434_1106112876131411_958039263622046936_o.jpg?resize=350%2C200&ssl=1 1x, https:\/\/i0.wp.com\/www.grieta.org.mx\/wp-content\/uploads\/2018\/03\/14524434_1106112876131411_958039263622046936_o.jpg?resize=525%2C300&ssl=1 1.5x, https:\/\/i0.wp.com\/www.grieta.org.mx\/wp-content\/uploads\/2018\/03\/14524434_1106112876131411_958039263622046936_o.jpg?resize=700%2C400&ssl=1 2x"},"classes":[]},{"id":2014,"url":"https:\/\/www.grieta.org.mx\/index.php\/2016\/01\/09\/colima-quinto-lugar-nacional-en-ataques-contra-ambientalistas-cemda\/","url_meta":{"origin":27590,"position":5},"title":"Colima, quinto lugar nacional en ataques contra ambientalistas: Cemda","author":"grieta","date":"9 enero, 2016","format":false,"excerpt":"Colima, M\u00e9xico, Avanzada (09\/01\/2016).- Con ocho casos registrados, el estado de Colima ocupa el quinto lugar nacional en agresiones contra activistas defensores del medio ambiente, revela el \u201cInforme sobre la situaci\u00f3n de los defensores ambientales 2015\u201d, elaborado por el Centro Mexicano de Derecho Ambiental (Cemda). En el primer lugar se\u2026","rel":"","context":"En &quot;CINTILLO&quot;","block_context":{"text":"CINTILLO","link":"https:\/\/www.grieta.org.mx\/index.php\/category\/cintillo\/"},"img":{"alt_text":"","src":"https:\/\/i0.wp.com\/www.grieta.org.mx\/wp-content\/uploads\/2018\/03\/14524434_1106112876131411_958039263622046936_o.jpg?resize=350%2C200&ssl=1","width":350,"height":200,"srcset":"https:\/\/i0.wp.com\/www.grieta.org.mx\/wp-content\/uploads\/2018\/03\/14524434_1106112876131411_958039263622046936_o.jpg?resize=350%2C200&ssl=1 1x, https:\/\/i0.wp.com\/www.grieta.org.mx\/wp-content\/uploads\/2018\/03\/14524434_1106112876131411_958039263622046936_o.jpg?resize=525%2C300&ssl=1 1.5x, https:\/\/i0.wp.com\/www.grieta.org.mx\/wp-content\/uploads\/2018\/03\/14524434_1106112876131411_958039263622046936_o.jpg?resize=700%2C400&ssl=1 2x"},"classes":[]}],"_links":{"self":[{"href":"https:\/\/www.grieta.org.mx\/index.php\/wp-json\/wp\/v2\/posts\/27590","targetHints":{"allow":["GET"]}}],"collection":[{"href":"https:\/\/www.grieta.org.mx\/index.php\/wp-json\/wp\/v2\/posts"}],"about":[{"href":"https:\/\/www.grieta.org.mx\/index.php\/wp-json\/wp\/v2\/types\/post"}],"author":[{"embeddable":true,"href":"https:\/\/www.grieta.org.mx\/index.php\/wp-json\/wp\/v2\/users\/2"}],"replies":[{"embeddable":true,"href":"https:\/\/www.grieta.org.mx\/index.php\/wp-json\/wp\/v2\/comments?post=27590"}],"version-history":[{"count":1,"href":"https:\/\/www.grieta.org.mx\/index.php\/wp-json\/wp\/v2\/posts\/27590\/revisions"}],"predecessor-version":[{"id":33235,"href":"https:\/\/www.grieta.org.mx\/index.php\/wp-json\/wp\/v2\/posts\/27590\/revisions\/33235"}],"wp:featuredmedia":[{"embeddable":true,"href":"https:\/\/www.grieta.org.mx\/index.php\/wp-json\/wp\/v2\/media\/27591"}],"wp:attachment":[{"href":"https:\/\/www.grieta.org.mx\/index.php\/wp-json\/wp\/v2\/media?parent=27590"}],"wp:term":[{"taxonomy":"category","embeddable":true,"href":"https:\/\/www.grieta.org.mx\/index.php\/wp-json\/wp\/v2\/categories?post=27590"},{"taxonomy":"post_tag","embeddable":true,"href":"https:\/\/www.grieta.org.mx\/index.php\/wp-json\/wp\/v2\/tags?post=27590"}],"curies":[{"name":"wp","href":"https:\/\/api.w.org\/{rel}","templated":true}]}}